{"id":44183,"date":"2020-07-07T17:37:17","date_gmt":"2020-07-07T20:37:17","guid":{"rendered":"http:\/\/www.noticiasradioreflejos.com.ar\/noticias\/?p=44183"},"modified":"2020-07-07T17:37:17","modified_gmt":"2020-07-07T20:37:17","slug":"madre-de-facundo-astudillo-castro-denuncio-desaparicion-forzada-de-persona-en-la-justicia-federal","status":"publish","type":"post","link":"https:\/\/www.noticiasradioreflejos.com.ar\/2021\/madre-de-facundo-astudillo-castro-denuncio-desaparicion-forzada-de-persona-en-la-justicia-federal\/","title":{"rendered":"Madre de Facundo Astudillo Castro denunci\u00f3 desaparici\u00f3n forzada de persona en la Justicia Federal"},"content":{"rendered":"<p>La madre de Facundo Astudillo Castro, el joven de 22 a\u00f1os buscado desde el pasado 30 de abril tras salir de la localidad bonaerense de Pedro Luro, en el partido de Villarino, radic\u00f3 una denuncia en la Justicia Federal por desaparici\u00f3n forzada de persona.<!--more--><br \/>\nLa madre del muchacho, Cristina Castro, a trav\u00e9s de sus abogados, Leandro Aparicio y Luciano Peretto, present\u00f3 la denuncia ante la Fiscal\u00eda Federal de Bah\u00eda Blanca a cargo de Santiago Ulpiano Mart\u00ednez.<\/p>\n<p>\u00abPresentamos una denuncia en la Justicia Federal por una desaparici\u00f3n forzada de personas porque quien por \u00faltima vez lo vieron con vida fueron polic\u00edas y las explicaciones que dieron no son convincentes\u00bb, se\u00f1al\u00f3 hoy a T\u00e9lam Aparicio.<\/p>\n<p>\u00abAdem\u00e1s, las explicaciones que dieron fueron contradictorias y se chocan con otras pruebas recabadas por la querella en el expediente por distintas circunstancias que all\u00ed pasaron\u00bb, expres\u00f3.<\/p>\n<p>El letrado dijo tambi\u00e9n que \u00abla justicia provincial se tiene que declarar incompetente y que esta investigaci\u00f3n no tiene que ser llevada a cabo por la Polic\u00eda de la provincia de Buenos Aires por la sospecha que tenemos respecto a eso\u00bb.<\/p>\n<p>\u00abComo en tantas otras causas se tiene que investigar con otras fuerzas\u00bb, dijo Aparicio al afirmar que \u00abest\u00e1n mal investigando, desinformando, con pistas falsas donde dijeron que se lo habr\u00eda visto vendiendo frutas y no hay ning\u00fan dato que avale eso\u00bb.<\/p>\n<p>En tanto, desde la Fiscal\u00eda General de Bah\u00eda Blanca se indic\u00f3 hoy que el fiscal Rodolfo de Luc\u00eda, a cargo de la Unidad Funcional de Instrucci\u00f3n 20, lleva adelante la causa por la cual se radic\u00f3 una denuncia por el paradero de Astudillo Castro, quien hab\u00eda salido a dedo desde Pedro Luro con destino a la casa de su exnovia, el pasado 30 de abril.<\/p>\n<p>\u00abEn la causa se document\u00f3 la salida del joven de la localidad de Pedro Luro el 30 de abril y parte de su trayecto hacia Bah\u00eda Blanca mediante dos controles policiales, donde se lo identific\u00f3\u00bb, indicaron.<\/p>\n<p>En ese contexto, las fuentes se\u00f1alaron que \u00abuno de ellos fue en cercan\u00edas de Mayor Buratovich y el otro en inmediaciones de Teniente Origone\u00bb, al se\u00f1alar que \u00abunos 20 d\u00edas despu\u00e9s el joven habr\u00eda sido visto en Bah\u00eda Blanca por una persona que afirm\u00f3 haberlo saludado ya que lo conoc\u00eda\u00bb.<\/p>\n<p>\u00abHasta el momento no se descarta ninguna hip\u00f3tesis y se est\u00e1n tomando medidas de prueba y varios testimonios para dar con el paradero del muchacho\u00bb, agregaron.<\/p>\n<p>Seg\u00fan la denuncia por paradero radicada en la comisar\u00eda de Pedro Luro, al momento de ausentarse el joven, de 1,60 metros de altura, delgado, cabello corto oscuro, ojos marrones y tez trigue\u00f1a, vest\u00eda pantal\u00f3n jogging y campera deportiva color negros, zapatillas azules y mochila marca Wilson de color azul con letras blancas.<\/p>\n<p>Por \u00faltimo, se indic\u00f3 que cualquier dato sobre el joven se puede brindar al 911, al tel\u00e9fono 0291-5084407.<\/p>\n","protected":false},"excerpt":{"rendered":"<p>La madre de Facundo Astudillo Castro, el joven de 22 a\u00f1os buscado desde el pasado 30 de abril tras salir de la localidad bonaerense de Pedro Luro, en el partido de Villarino, radic\u00f3 una denuncia en la Justicia Federal por desaparici\u00f3n forzada de persona.<\/p>\n","protected":false},"author":3,"featured_media":0,"comment_status":"closed","ping_status":"open","sticky":false,"template":"","format":"standard","meta":{"footnotes":""},"categories":[29],"tags":[],"class_list":["post-44183","post","type-post","status-publish","format-standard","hentry","category-policiales"],"yoast_head":"<!-- This site is optimized with the Yoast SEO plugin v25.9 - https:\/\/yoast.com\/wordpress\/plugins\/seo\/ -->\n<title>Madre de Facundo Astudillo Castro denunci\u00f3 desaparici\u00f3n forzada de persona en la Justicia Federal - Noticias Radio Reflejos<\/title>\n<meta name=\"robots\" content=\"index, follow, max-snippet:-1, max-image-preview:large, max-video-preview:-1\" \/>\n<link rel=\"canonical\" href=\"https:\/\/www.noticiasradioreflejos.com.ar\/2021\/madre-de-facundo-astudillo-castro-denuncio-desaparicion-forzada-de-persona-en-la-justicia-federal\/\" \/>\n<meta property=\"og:locale\" content=\"es_ES\" \/>\n<meta property=\"og:type\" content=\"article\" \/>\n<meta property=\"og:title\" content=\"Madre de Facundo Astudillo Castro denunci\u00f3 desaparici\u00f3n forzada de persona en la Justicia Federal - Noticias Radio Reflejos\" \/>\n<meta property=\"og:description\" content=\"La madre de Facundo Astudillo Castro, el joven de 22 a\u00f1os buscado desde el pasado 30 de abril tras salir de la localidad bonaerense de Pedro Luro, en el partido de Villarino, radic\u00f3 una denuncia en la Justicia Federal por desaparici\u00f3n forzada de persona.\" \/>\n<meta property=\"og:url\" content=\"https:\/\/www.noticiasradioreflejos.com.ar\/2021\/madre-de-facundo-astudillo-castro-denuncio-desaparicion-forzada-de-persona-en-la-justicia-federal\/\" \/>\n<meta property=\"og:site_name\" content=\"Noticias Radio Reflejos\" \/>\n<meta property=\"article:published_time\" content=\"2020-07-07T20:37:17+00:00\" \/>\n<meta property=\"og:image\" content=\"https:\/\/www.noticiasradioreflejos.com.ar\/2021\/wp-content\/uploads\/2021\/07\/logosol300x200.png\" \/>\n\t<meta property=\"og:image:width\" content=\"300\" \/>\n\t<meta property=\"og:image:height\" content=\"200\" \/>\n\t<meta property=\"og:image:type\" content=\"image\/png\" \/>\n<meta name=\"author\" content=\"Arnaldo Botto\" \/>\n<meta name=\"twitter:card\" content=\"summary_large_image\" \/>\n<script type=\"application\/ld+json\" class=\"yoast-schema-graph\">{\"@context\":\"https:\/\/schema.org\",\"@graph\":[{\"@type\":\"WebPage\",\"@id\":\"https:\/\/www.noticiasradioreflejos.com.ar\/2021\/madre-de-facundo-astudillo-castro-denuncio-desaparicion-forzada-de-persona-en-la-justicia-federal\/\",\"url\":\"https:\/\/www.noticiasradioreflejos.com.ar\/2021\/madre-de-facundo-astudillo-castro-denuncio-desaparicion-forzada-de-persona-en-la-justicia-federal\/\",\"name\":\"Madre de Facundo Astudillo Castro denunci\u00f3 desaparici\u00f3n forzada de persona en la Justicia Federal - Noticias Radio Reflejos\",\"isPartOf\":{\"@id\":\"https:\/\/www.noticiasradioreflejos.com.ar\/2021\/#website\"},\"datePublished\":\"2020-07-07T20:37:17+00:00\",\"author\":{\"@id\":\"https:\/\/www.noticiasradioreflejos.com.ar\/2021\/#\/schema\/person\/ad82545263dcc5ec0996818884fd5fb1\"},\"breadcrumb\":{\"@id\":\"https:\/\/www.noticiasradioreflejos.com.ar\/2021\/madre-de-facundo-astudillo-castro-denuncio-desaparicion-forzada-de-persona-en-la-justicia-federal\/#breadcrumb\"},\"inLanguage\":\"es\",\"potentialAction\":[{\"@type\":\"ReadAction\",\"target\":[\"https:\/\/www.noticiasradioreflejos.com.ar\/2021\/madre-de-facundo-astudillo-castro-denuncio-desaparicion-forzada-de-persona-en-la-justicia-federal\/\"]}]},{\"@type\":\"BreadcrumbList\",\"@id\":\"https:\/\/www.noticiasradioreflejos.com.ar\/2021\/madre-de-facundo-astudillo-castro-denuncio-desaparicion-forzada-de-persona-en-la-justicia-federal\/#breadcrumb\",\"itemListElement\":[{\"@type\":\"ListItem\",\"position\":1,\"name\":\"Portada\",\"item\":\"https:\/\/www.noticiasradioreflejos.com.ar\/2021\/\"},{\"@type\":\"ListItem\",\"position\":2,\"name\":\"Madre de Facundo Astudillo Castro denunci\u00f3 desaparici\u00f3n forzada de persona en la Justicia Federal\"}]},{\"@type\":\"WebSite\",\"@id\":\"https:\/\/www.noticiasradioreflejos.com.ar\/2021\/#website\",\"url\":\"https:\/\/www.noticiasradioreflejos.com.ar\/2021\/\",\"name\":\"Noticias Radio Reflejos\",\"description\":\"Las noticias de mi comarca\",\"potentialAction\":[{\"@type\":\"SearchAction\",\"target\":{\"@type\":\"EntryPoint\",\"urlTemplate\":\"https:\/\/www.noticiasradioreflejos.com.ar\/2021\/?s={search_term_string}\"},\"query-input\":{\"@type\":\"PropertyValueSpecification\",\"valueRequired\":true,\"valueName\":\"search_term_string\"}}],\"inLanguage\":\"es\"},{\"@type\":\"Person\",\"@id\":\"https:\/\/www.noticiasradioreflejos.com.ar\/2021\/#\/schema\/person\/ad82545263dcc5ec0996818884fd5fb1\",\"name\":\"Arnaldo Botto\",\"image\":{\"@type\":\"ImageObject\",\"inLanguage\":\"es\",\"@id\":\"https:\/\/www.noticiasradioreflejos.com.ar\/2021\/#\/schema\/person\/image\/\",\"url\":\"https:\/\/secure.gravatar.com\/avatar\/55cb5e37c1efa326397366e6974cb338056df65cb50e7d64d1cf314e87504837?s=96&d=mm&r=g\",\"contentUrl\":\"https:\/\/secure.gravatar.com\/avatar\/55cb5e37c1efa326397366e6974cb338056df65cb50e7d64d1cf314e87504837?s=96&d=mm&r=g\",\"caption\":\"Arnaldo Botto\"},\"url\":\"https:\/\/www.noticiasradioreflejos.com.ar\/2021\/author\/arnaldo\/\"}]}<\/script>\n<!-- \/ Yoast SEO plugin. -->","yoast_head_json":{"title":"Madre de Facundo Astudillo Castro denunci\u00f3 desaparici\u00f3n forzada de persona en la Justicia Federal - Noticias Radio Reflejos","robots":{"index":"index","follow":"follow","max-snippet":"max-snippet:-1","max-image-preview":"max-image-preview:large","max-video-preview":"max-video-preview:-1"},"canonical":"https:\/\/www.noticiasradioreflejos.com.ar\/2021\/madre-de-facundo-astudillo-castro-denuncio-desaparicion-forzada-de-persona-en-la-justicia-federal\/","og_locale":"es_ES","og_type":"article","og_title":"Madre de Facundo Astudillo Castro denunci\u00f3 desaparici\u00f3n forzada de persona en la Justicia Federal - Noticias Radio Reflejos","og_description":"La madre de Facundo Astudillo Castro, el joven de 22 a\u00f1os buscado desde el pasado 30 de abril tras salir de la localidad bonaerense de Pedro Luro, en el partido de Villarino, radic\u00f3 una denuncia en la Justicia Federal por desaparici\u00f3n forzada de persona.","og_url":"https:\/\/www.noticiasradioreflejos.com.ar\/2021\/madre-de-facundo-astudillo-castro-denuncio-desaparicion-forzada-de-persona-en-la-justicia-federal\/","og_site_name":"Noticias Radio Reflejos","article_published_time":"2020-07-07T20:37:17+00:00","og_image":[{"width":300,"height":200,"url":"https:\/\/www.noticiasradioreflejos.com.ar\/2021\/wp-content\/uploads\/2021\/07\/logosol300x200.png","type":"image\/png"}],"author":"Arnaldo Botto","twitter_card":"summary_large_image","schema":{"@context":"https:\/\/schema.org","@graph":[{"@type":"WebPage","@id":"https:\/\/www.noticiasradioreflejos.com.ar\/2021\/madre-de-facundo-astudillo-castro-denuncio-desaparicion-forzada-de-persona-en-la-justicia-federal\/","url":"https:\/\/www.noticiasradioreflejos.com.ar\/2021\/madre-de-facundo-astudillo-castro-denuncio-desaparicion-forzada-de-persona-en-la-justicia-federal\/","name":"Madre de Facundo Astudillo Castro denunci\u00f3 desaparici\u00f3n forzada de persona en la Justicia Federal - Noticias Radio Reflejos","isPartOf":{"@id":"https:\/\/www.noticiasradioreflejos.com.ar\/2021\/#website"},"datePublished":"2020-07-07T20:37:17+00:00","author":{"@id":"https:\/\/www.noticiasradioreflejos.com.ar\/2021\/#\/schema\/person\/ad82545263dcc5ec0996818884fd5fb1"},"breadcrumb":{"@id":"https:\/\/www.noticiasradioreflejos.com.ar\/2021\/madre-de-facundo-astudillo-castro-denuncio-desaparicion-forzada-de-persona-en-la-justicia-federal\/#breadcrumb"},"inLanguage":"es","potentialAction":[{"@type":"ReadAction","target":["https:\/\/www.noticiasradioreflejos.com.ar\/2021\/madre-de-facundo-astudillo-castro-denuncio-desaparicion-forzada-de-persona-en-la-justicia-federal\/"]}]},{"@type":"BreadcrumbList","@id":"https:\/\/www.noticiasradioreflejos.com.ar\/2021\/madre-de-facundo-astudillo-castro-denuncio-desaparicion-forzada-de-persona-en-la-justicia-federal\/#breadcrumb","itemListElement":[{"@type":"ListItem","position":1,"name":"Portada","item":"https:\/\/www.noticiasradioreflejos.com.ar\/2021\/"},{"@type":"ListItem","position":2,"name":"Madre de Facundo Astudillo Castro denunci\u00f3 desaparici\u00f3n forzada de persona en la Justicia Federal"}]},{"@type":"WebSite","@id":"https:\/\/www.noticiasradioreflejos.com.ar\/2021\/#website","url":"https:\/\/www.noticiasradioreflejos.com.ar\/2021\/","name":"Noticias Radio Reflejos","description":"Las noticias de mi comarca","potentialAction":[{"@type":"SearchAction","target":{"@type":"EntryPoint","urlTemplate":"https:\/\/www.noticiasradioreflejos.com.ar\/2021\/?s={search_term_string}"},"query-input":{"@type":"PropertyValueSpecification","valueRequired":true,"valueName":"search_term_string"}}],"inLanguage":"es"},{"@type":"Person","@id":"https:\/\/www.noticiasradioreflejos.com.ar\/2021\/#\/schema\/person\/ad82545263dcc5ec0996818884fd5fb1","name":"Arnaldo Botto","image":{"@type":"ImageObject","inLanguage":"es","@id":"https:\/\/www.noticiasradioreflejos.com.ar\/2021\/#\/schema\/person\/image\/","url":"https:\/\/secure.gravatar.com\/avatar\/55cb5e37c1efa326397366e6974cb338056df65cb50e7d64d1cf314e87504837?s=96&d=mm&r=g","contentUrl":"https:\/\/secure.gravatar.com\/avatar\/55cb5e37c1efa326397366e6974cb338056df65cb50e7d64d1cf314e87504837?s=96&d=mm&r=g","caption":"Arnaldo Botto"},"url":"https:\/\/www.noticiasradioreflejos.com.ar\/2021\/author\/arnaldo\/"}]}},"_links":{"self":[{"href":"https:\/\/www.noticiasradioreflejos.com.ar\/2021\/wp-json\/wp\/v2\/posts\/44183","targetHints":{"allow":["GET"]}}],"collection":[{"href":"https:\/\/www.noticiasradioreflejos.com.ar\/2021\/wp-json\/wp\/v2\/posts"}],"about":[{"href":"https:\/\/www.noticiasradioreflejos.com.ar\/2021\/wp-json\/wp\/v2\/types\/post"}],"author":[{"embeddable":true,"href":"https:\/\/www.noticiasradioreflejos.com.ar\/2021\/wp-json\/wp\/v2\/users\/3"}],"replies":[{"embeddable":true,"href":"https:\/\/www.noticiasradioreflejos.com.ar\/2021\/wp-json\/wp\/v2\/comments?post=44183"}],"version-history":[{"count":0,"href":"https:\/\/www.noticiasradioreflejos.com.ar\/2021\/wp-json\/wp\/v2\/posts\/44183\/revisions"}],"wp:attachment":[{"href":"https:\/\/www.noticiasradioreflejos.com.ar\/2021\/wp-json\/wp\/v2\/media?parent=44183"}],"wp:term":[{"taxonomy":"category","embeddable":true,"href":"https:\/\/www.noticiasradioreflejos.com.ar\/2021\/wp-json\/wp\/v2\/categories?post=44183"},{"taxonomy":"post_tag","embeddable":true,"href":"https:\/\/www.noticiasradioreflejos.com.ar\/2021\/wp-json\/wp\/v2\/tags?post=44183"}],"curies":[{"name":"wp","href":"https:\/\/api.w.org\/{rel}","templated":true}]}}