{"id":44158,"date":"2020-07-07T08:53:14","date_gmt":"2020-07-07T11:53:14","guid":{"rendered":"http:\/\/www.noticiasradioreflejos.com.ar\/noticias\/?p=44158"},"modified":"2020-07-07T08:53:14","modified_gmt":"2020-07-07T11:53:14","slug":"calendario-de-pagos-de-anses-para-este-martes-7-de-julio","status":"publish","type":"post","link":"https:\/\/www.noticiasradioreflejos.com.ar\/2021\/calendario-de-pagos-de-anses-para-este-martes-7-de-julio\/","title":{"rendered":"Calendario de pagos de ANSES para este martes 7 de julio"},"content":{"rendered":"<p>La ANSES recuerda que defini\u00f3 no pagar prestaciones los feriados del 9 y 10 de julio, con el objetivo de no saturar el servicio de cajeros autom\u00e1ticos, de acuerdo a las medidas de higiene y distanciamiento vigentes por la pandemia. El dinero depositado en d\u00edas previos se mantendr\u00e1 en la cuenta de cada uno de los beneficiarios.<!--more--><\/p>\n<p><strong><br \/>\nBeneficiarios del Ingreso Familiar de Emergencia<\/strong><br \/>\nHoy cobran el Ingreso Familiar de Emergencia (IFE) las personas que validaron su CBU en el aplicativo del sitio web de la ANSES, en el primer pago eligieron otra modalidad de cobro y sus documentos terminan en 3.<br \/>\nPara consultar la fecha de cobro, deber\u00e1n ingresar en www.anses.gob.ar, secci\u00f3n Ingreso Familiar de Emergencia.<\/p>\n<p> <strong>Titulares de Pensiones No Contributivas<\/strong><br \/>\nLas sucursales bancarias habilitadas atender\u00e1n por ventanilla solo a los titulares de Pensiones No Contributivas (PNC) que deban cobrar su haber de julio con documentos terminados en 8 y 9.<br \/>\nEn este sentido, si bien estas personas no tienen que solicitar turno previo para cobrar este beneficio, deben acercarse a la sucursal bancaria \u00fanicamente en la fecha asignada. Cabe recordar que los haberes permanecer\u00e1n depositados en sus cuentas.<\/p>\n","protected":false},"excerpt":{"rendered":"<p>La ANSES recuerda que defini\u00f3 no pagar prestaciones los feriados del 9 y 10 de julio, con el objetivo de no saturar el servicio de cajeros autom\u00e1ticos, de acuerdo a las medidas de higiene y distanciamiento vigentes por la pandemia. El dinero depositado en d\u00edas previos se mantendr\u00e1 en la cuenta de cada uno de [&hellip;]<\/p>\n","protected":false},"author":3,"featured_media":0,"comment_status":"closed","ping_status":"open","sticky":false,"template":"","format":"standard","meta":{"footnotes":""},"categories":[36],"tags":[],"class_list":["post-44158","post","type-post","status-publish","format-standard","hentry","category-economia"],"yoast_head":"<!-- This site is optimized with the Yoast SEO plugin v25.9 - https:\/\/yoast.com\/wordpress\/plugins\/seo\/ -->\n<title>Calendario de pagos de ANSES para este martes 7 de julio - Noticias Radio Reflejos<\/title>\n<meta name=\"robots\" content=\"index, follow, max-snippet:-1, max-image-preview:large, max-video-preview:-1\" \/>\n<link rel=\"canonical\" href=\"https:\/\/www.noticiasradioreflejos.com.ar\/2021\/calendario-de-pagos-de-anses-para-este-martes-7-de-julio\/\" \/>\n<meta property=\"og:locale\" content=\"es_ES\" \/>\n<meta property=\"og:type\" content=\"article\" \/>\n<meta property=\"og:title\" content=\"Calendario de pagos de ANSES para este martes 7 de julio - Noticias Radio Reflejos\" \/>\n<meta property=\"og:description\" content=\"La ANSES recuerda que defini\u00f3 no pagar prestaciones los feriados del 9 y 10 de julio, con el objetivo de no saturar el servicio de cajeros autom\u00e1ticos, de acuerdo a las medidas de higiene y distanciamiento vigentes por la pandemia. El dinero depositado en d\u00edas previos se mantendr\u00e1 en la cuenta de cada uno de [&hellip;]\" \/>\n<meta property=\"og:url\" content=\"https:\/\/www.noticiasradioreflejos.com.ar\/2021\/calendario-de-pagos-de-anses-para-este-martes-7-de-julio\/\" \/>\n<meta property=\"og:site_name\" content=\"Noticias Radio Reflejos\" \/>\n<meta property=\"article:published_time\" content=\"2020-07-07T11:53:14+00:00\" \/>\n<meta property=\"og:image\" content=\"https:\/\/www.noticiasradioreflejos.com.ar\/2021\/wp-content\/uploads\/2021\/07\/logosol300x200.png\" \/>\n\t<meta property=\"og:image:width\" content=\"300\" \/>\n\t<meta property=\"og:image:height\" content=\"200\" \/>\n\t<meta property=\"og:image:type\" content=\"image\/png\" \/>\n<meta name=\"author\" content=\"Arnaldo Botto\" \/>\n<meta name=\"twitter:card\" content=\"summary_large_image\" \/>\n<script type=\"application\/ld+json\" class=\"yoast-schema-graph\">{\"@context\":\"https:\/\/schema.org\",\"@graph\":[{\"@type\":\"WebPage\",\"@id\":\"https:\/\/www.noticiasradioreflejos.com.ar\/2021\/calendario-de-pagos-de-anses-para-este-martes-7-de-julio\/\",\"url\":\"https:\/\/www.noticiasradioreflejos.com.ar\/2021\/calendario-de-pagos-de-anses-para-este-martes-7-de-julio\/\",\"name\":\"Calendario de pagos de ANSES para este martes 7 de julio - Noticias Radio Reflejos\",\"isPartOf\":{\"@id\":\"https:\/\/www.noticiasradioreflejos.com.ar\/2021\/#website\"},\"datePublished\":\"2020-07-07T11:53:14+00:00\",\"author\":{\"@id\":\"https:\/\/www.noticiasradioreflejos.com.ar\/2021\/#\/schema\/person\/ad82545263dcc5ec0996818884fd5fb1\"},\"breadcrumb\":{\"@id\":\"https:\/\/www.noticiasradioreflejos.com.ar\/2021\/calendario-de-pagos-de-anses-para-este-martes-7-de-julio\/#breadcrumb\"},\"inLanguage\":\"es\",\"potentialAction\":[{\"@type\":\"ReadAction\",\"target\":[\"https:\/\/www.noticiasradioreflejos.com.ar\/2021\/calendario-de-pagos-de-anses-para-este-martes-7-de-julio\/\"]}]},{\"@type\":\"BreadcrumbList\",\"@id\":\"https:\/\/www.noticiasradioreflejos.com.ar\/2021\/calendario-de-pagos-de-anses-para-este-martes-7-de-julio\/#breadcrumb\",\"itemListElement\":[{\"@type\":\"ListItem\",\"position\":1,\"name\":\"Portada\",\"item\":\"https:\/\/www.noticiasradioreflejos.com.ar\/2021\/\"},{\"@type\":\"ListItem\",\"position\":2,\"name\":\"Calendario de pagos de ANSES para este martes 7 de julio\"}]},{\"@type\":\"WebSite\",\"@id\":\"https:\/\/www.noticiasradioreflejos.com.ar\/2021\/#website\",\"url\":\"https:\/\/www.noticiasradioreflejos.com.ar\/2021\/\",\"name\":\"Noticias Radio Reflejos\",\"description\":\"Las noticias de mi comarca\",\"potentialAction\":[{\"@type\":\"SearchAction\",\"target\":{\"@type\":\"EntryPoint\",\"urlTemplate\":\"https:\/\/www.noticiasradioreflejos.com.ar\/2021\/?s={search_term_string}\"},\"query-input\":{\"@type\":\"PropertyValueSpecification\",\"valueRequired\":true,\"valueName\":\"search_term_string\"}}],\"inLanguage\":\"es\"},{\"@type\":\"Person\",\"@id\":\"https:\/\/www.noticiasradioreflejos.com.ar\/2021\/#\/schema\/person\/ad82545263dcc5ec0996818884fd5fb1\",\"name\":\"Arnaldo Botto\",\"image\":{\"@type\":\"ImageObject\",\"inLanguage\":\"es\",\"@id\":\"https:\/\/www.noticiasradioreflejos.com.ar\/2021\/#\/schema\/person\/image\/\",\"url\":\"https:\/\/secure.gravatar.com\/avatar\/55cb5e37c1efa326397366e6974cb338056df65cb50e7d64d1cf314e87504837?s=96&d=mm&r=g\",\"contentUrl\":\"https:\/\/secure.gravatar.com\/avatar\/55cb5e37c1efa326397366e6974cb338056df65cb50e7d64d1cf314e87504837?s=96&d=mm&r=g\",\"caption\":\"Arnaldo Botto\"},\"url\":\"https:\/\/www.noticiasradioreflejos.com.ar\/2021\/author\/arnaldo\/\"}]}<\/script>\n<!-- \/ Yoast SEO plugin. -->","yoast_head_json":{"title":"Calendario de pagos de ANSES para este martes 7 de julio - Noticias Radio Reflejos","robots":{"index":"index","follow":"follow","max-snippet":"max-snippet:-1","max-image-preview":"max-image-preview:large","max-video-preview":"max-video-preview:-1"},"canonical":"https:\/\/www.noticiasradioreflejos.com.ar\/2021\/calendario-de-pagos-de-anses-para-este-martes-7-de-julio\/","og_locale":"es_ES","og_type":"article","og_title":"Calendario de pagos de ANSES para este martes 7 de julio - Noticias Radio Reflejos","og_description":"La ANSES recuerda que defini\u00f3 no pagar prestaciones los feriados del 9 y 10 de julio, con el objetivo de no saturar el servicio de cajeros autom\u00e1ticos, de acuerdo a las medidas de higiene y distanciamiento vigentes por la pandemia. El dinero depositado en d\u00edas previos se mantendr\u00e1 en la cuenta de cada uno de [&hellip;]","og_url":"https:\/\/www.noticiasradioreflejos.com.ar\/2021\/calendario-de-pagos-de-anses-para-este-martes-7-de-julio\/","og_site_name":"Noticias Radio Reflejos","article_published_time":"2020-07-07T11:53:14+00:00","og_image":[{"width":300,"height":200,"url":"https:\/\/www.noticiasradioreflejos.com.ar\/2021\/wp-content\/uploads\/2021\/07\/logosol300x200.png","type":"image\/png"}],"author":"Arnaldo Botto","twitter_card":"summary_large_image","schema":{"@context":"https:\/\/schema.org","@graph":[{"@type":"WebPage","@id":"https:\/\/www.noticiasradioreflejos.com.ar\/2021\/calendario-de-pagos-de-anses-para-este-martes-7-de-julio\/","url":"https:\/\/www.noticiasradioreflejos.com.ar\/2021\/calendario-de-pagos-de-anses-para-este-martes-7-de-julio\/","name":"Calendario de pagos de ANSES para este martes 7 de julio - Noticias Radio Reflejos","isPartOf":{"@id":"https:\/\/www.noticiasradioreflejos.com.ar\/2021\/#website"},"datePublished":"2020-07-07T11:53:14+00:00","author":{"@id":"https:\/\/www.noticiasradioreflejos.com.ar\/2021\/#\/schema\/person\/ad82545263dcc5ec0996818884fd5fb1"},"breadcrumb":{"@id":"https:\/\/www.noticiasradioreflejos.com.ar\/2021\/calendario-de-pagos-de-anses-para-este-martes-7-de-julio\/#breadcrumb"},"inLanguage":"es","potentialAction":[{"@type":"ReadAction","target":["https:\/\/www.noticiasradioreflejos.com.ar\/2021\/calendario-de-pagos-de-anses-para-este-martes-7-de-julio\/"]}]},{"@type":"BreadcrumbList","@id":"https:\/\/www.noticiasradioreflejos.com.ar\/2021\/calendario-de-pagos-de-anses-para-este-martes-7-de-julio\/#breadcrumb","itemListElement":[{"@type":"ListItem","position":1,"name":"Portada","item":"https:\/\/www.noticiasradioreflejos.com.ar\/2021\/"},{"@type":"ListItem","position":2,"name":"Calendario de pagos de ANSES para este martes 7 de julio"}]},{"@type":"WebSite","@id":"https:\/\/www.noticiasradioreflejos.com.ar\/2021\/#website","url":"https:\/\/www.noticiasradioreflejos.com.ar\/2021\/","name":"Noticias Radio Reflejos","description":"Las noticias de mi comarca","potentialAction":[{"@type":"SearchAction","target":{"@type":"EntryPoint","urlTemplate":"https:\/\/www.noticiasradioreflejos.com.ar\/2021\/?s={search_term_string}"},"query-input":{"@type":"PropertyValueSpecification","valueRequired":true,"valueName":"search_term_string"}}],"inLanguage":"es"},{"@type":"Person","@id":"https:\/\/www.noticiasradioreflejos.com.ar\/2021\/#\/schema\/person\/ad82545263dcc5ec0996818884fd5fb1","name":"Arnaldo Botto","image":{"@type":"ImageObject","inLanguage":"es","@id":"https:\/\/www.noticiasradioreflejos.com.ar\/2021\/#\/schema\/person\/image\/","url":"https:\/\/secure.gravatar.com\/avatar\/55cb5e37c1efa326397366e6974cb338056df65cb50e7d64d1cf314e87504837?s=96&d=mm&r=g","contentUrl":"https:\/\/secure.gravatar.com\/avatar\/55cb5e37c1efa326397366e6974cb338056df65cb50e7d64d1cf314e87504837?s=96&d=mm&r=g","caption":"Arnaldo Botto"},"url":"https:\/\/www.noticiasradioreflejos.com.ar\/2021\/author\/arnaldo\/"}]}},"_links":{"self":[{"href":"https:\/\/www.noticiasradioreflejos.com.ar\/2021\/wp-json\/wp\/v2\/posts\/44158","targetHints":{"allow":["GET"]}}],"collection":[{"href":"https:\/\/www.noticiasradioreflejos.com.ar\/2021\/wp-json\/wp\/v2\/posts"}],"about":[{"href":"https:\/\/www.noticiasradioreflejos.com.ar\/2021\/wp-json\/wp\/v2\/types\/post"}],"author":[{"embeddable":true,"href":"https:\/\/www.noticiasradioreflejos.com.ar\/2021\/wp-json\/wp\/v2\/users\/3"}],"replies":[{"embeddable":true,"href":"https:\/\/www.noticiasradioreflejos.com.ar\/2021\/wp-json\/wp\/v2\/comments?post=44158"}],"version-history":[{"count":0,"href":"https:\/\/www.noticiasradioreflejos.com.ar\/2021\/wp-json\/wp\/v2\/posts\/44158\/revisions"}],"wp:attachment":[{"href":"https:\/\/www.noticiasradioreflejos.com.ar\/2021\/wp-json\/wp\/v2\/media?parent=44158"}],"wp:term":[{"taxonomy":"category","embeddable":true,"href":"https:\/\/www.noticiasradioreflejos.com.ar\/2021\/wp-json\/wp\/v2\/categories?post=44158"},{"taxonomy":"post_tag","embeddable":true,"href":"https:\/\/www.noticiasradioreflejos.com.ar\/2021\/wp-json\/wp\/v2\/tags?post=44158"}],"curies":[{"name":"wp","href":"https:\/\/api.w.org\/{rel}","templated":true}]}}