{"id":44037,"date":"2020-07-03T23:26:49","date_gmt":"2020-07-04T02:26:49","guid":{"rendered":"http:\/\/www.noticiasradioreflejos.com.ar\/noticias\/?p=44037"},"modified":"2020-07-03T23:26:49","modified_gmt":"2020-07-04T02:26:49","slug":"bahia-blanca-registro-un-record-de-13-casos-de-coronavirus-en-el-dia","status":"publish","type":"post","link":"https:\/\/www.noticiasradioreflejos.com.ar\/2021\/bahia-blanca-registro-un-record-de-13-casos-de-coronavirus-en-el-dia\/","title":{"rendered":"Bah\u00eda Blanca registr\u00f3 un r\u00e9cord de 13 casos de coronavirus en el dia"},"content":{"rendered":"<p>As\u00ed lo indicaron fuentes municipales en el \u00faltimo reporte emitido por el \u00e1rea de Epidemiolog\u00eda. El tiempo de duplicaci\u00f3n de casos se aceler\u00f3 a 12 d\u00edas.<!--more--><\/p>\n<p>Bah\u00eda Blanca lleg\u00f3 a los 137 infectados, dejando atr\u00e1s r\u00e1pidamente los 124 contabilizados hasta ayer por la noche. Estas cifras fueron difundidas por el \u00e1rea de Epidemiolog\u00eda municipal.<\/p>\n<p>En el detalle, se dieron 13 nuevos casos positivos en las \u00faltimas 24 horas. Lamentablemente ninguno de los 40 que hasta ayer permanec\u00edan activos logr\u00f3 recuperarse; estirando por ende el n\u00famero de personas que a\u00fan padecen la enfermedad a 53.<\/p>\n<p>De igual forma el n\u00famero de curados se fren\u00f3 en 78, lo mismo que los fallecidos, que en la ciudad suman 6. Uno de los datos m\u00e1s significativos volvi\u00f3 a generarse con el tiempo de duplicaci\u00f3n de casos.<\/p>\n<p>El jueves esa marca estaba en los 17 d\u00edas, pero a ra\u00edz de todos estos nuevos contagios, la brecha se achic\u00f3 significativamente a los 12. De todas maneras la ocupaci\u00f3n de camas por COVID-19 sigue siendo baja.<br \/>\nSeg\u00fan pudo saber la redacci\u00f3n de LA BR\u00daJULA 24, en lo que respecta a terapias intensivas destinadas al coronavirus, hay 3 pacientes en el Hospital Municipal y 1 en el Privado del Sur.<\/p>\n","protected":false},"excerpt":{"rendered":"<p>As\u00ed lo indicaron fuentes municipales en el \u00faltimo reporte emitido por el \u00e1rea de Epidemiolog\u00eda. El tiempo de duplicaci\u00f3n de casos se aceler\u00f3 a 12 d\u00edas.<\/p>\n","protected":false},"author":3,"featured_media":0,"comment_status":"closed","ping_status":"open","sticky":false,"template":"","format":"standard","meta":{"footnotes":""},"categories":[30],"tags":[],"class_list":["post-44037","post","type-post","status-publish","format-standard","hentry","category-salud"],"yoast_head":"<!-- This site is optimized with the Yoast SEO plugin v25.9 - https:\/\/yoast.com\/wordpress\/plugins\/seo\/ -->\n<title>Bah\u00eda Blanca registr\u00f3 un r\u00e9cord de 13 casos de coronavirus en el dia - Noticias Radio Reflejos<\/title>\n<meta name=\"robots\" content=\"index, follow, max-snippet:-1, max-image-preview:large, max-video-preview:-1\" \/>\n<link rel=\"canonical\" href=\"https:\/\/www.noticiasradioreflejos.com.ar\/2021\/bahia-blanca-registro-un-record-de-13-casos-de-coronavirus-en-el-dia\/\" \/>\n<meta property=\"og:locale\" content=\"es_ES\" \/>\n<meta property=\"og:type\" content=\"article\" \/>\n<meta property=\"og:title\" content=\"Bah\u00eda Blanca registr\u00f3 un r\u00e9cord de 13 casos de coronavirus en el dia - Noticias Radio Reflejos\" \/>\n<meta property=\"og:description\" content=\"As\u00ed lo indicaron fuentes municipales en el \u00faltimo reporte emitido por el \u00e1rea de Epidemiolog\u00eda. El tiempo de duplicaci\u00f3n de casos se aceler\u00f3 a 12 d\u00edas.\" \/>\n<meta property=\"og:url\" content=\"https:\/\/www.noticiasradioreflejos.com.ar\/2021\/bahia-blanca-registro-un-record-de-13-casos-de-coronavirus-en-el-dia\/\" \/>\n<meta property=\"og:site_name\" content=\"Noticias Radio Reflejos\" \/>\n<meta property=\"article:published_time\" content=\"2020-07-04T02:26:49+00:00\" \/>\n<meta property=\"og:image\" content=\"https:\/\/www.noticiasradioreflejos.com.ar\/2021\/wp-content\/uploads\/2021\/07\/logosol300x200.png\" \/>\n\t<meta property=\"og:image:width\" content=\"300\" \/>\n\t<meta property=\"og:image:height\" content=\"200\" \/>\n\t<meta property=\"og:image:type\" content=\"image\/png\" \/>\n<meta name=\"author\" content=\"Arnaldo Botto\" \/>\n<meta name=\"twitter:card\" content=\"summary_large_image\" \/>\n<script type=\"application\/ld+json\" class=\"yoast-schema-graph\">{\"@context\":\"https:\/\/schema.org\",\"@graph\":[{\"@type\":\"WebPage\",\"@id\":\"https:\/\/www.noticiasradioreflejos.com.ar\/2021\/bahia-blanca-registro-un-record-de-13-casos-de-coronavirus-en-el-dia\/\",\"url\":\"https:\/\/www.noticiasradioreflejos.com.ar\/2021\/bahia-blanca-registro-un-record-de-13-casos-de-coronavirus-en-el-dia\/\",\"name\":\"Bah\u00eda Blanca registr\u00f3 un r\u00e9cord de 13 casos de coronavirus en el dia - Noticias Radio Reflejos\",\"isPartOf\":{\"@id\":\"https:\/\/www.noticiasradioreflejos.com.ar\/2021\/#website\"},\"datePublished\":\"2020-07-04T02:26:49+00:00\",\"author\":{\"@id\":\"https:\/\/www.noticiasradioreflejos.com.ar\/2021\/#\/schema\/person\/ad82545263dcc5ec0996818884fd5fb1\"},\"breadcrumb\":{\"@id\":\"https:\/\/www.noticiasradioreflejos.com.ar\/2021\/bahia-blanca-registro-un-record-de-13-casos-de-coronavirus-en-el-dia\/#breadcrumb\"},\"inLanguage\":\"es\",\"potentialAction\":[{\"@type\":\"ReadAction\",\"target\":[\"https:\/\/www.noticiasradioreflejos.com.ar\/2021\/bahia-blanca-registro-un-record-de-13-casos-de-coronavirus-en-el-dia\/\"]}]},{\"@type\":\"BreadcrumbList\",\"@id\":\"https:\/\/www.noticiasradioreflejos.com.ar\/2021\/bahia-blanca-registro-un-record-de-13-casos-de-coronavirus-en-el-dia\/#breadcrumb\",\"itemListElement\":[{\"@type\":\"ListItem\",\"position\":1,\"name\":\"Portada\",\"item\":\"https:\/\/www.noticiasradioreflejos.com.ar\/2021\/\"},{\"@type\":\"ListItem\",\"position\":2,\"name\":\"Bah\u00eda Blanca registr\u00f3 un r\u00e9cord de 13 casos de coronavirus en el dia\"}]},{\"@type\":\"WebSite\",\"@id\":\"https:\/\/www.noticiasradioreflejos.com.ar\/2021\/#website\",\"url\":\"https:\/\/www.noticiasradioreflejos.com.ar\/2021\/\",\"name\":\"Noticias Radio Reflejos\",\"description\":\"Las noticias de mi comarca\",\"potentialAction\":[{\"@type\":\"SearchAction\",\"target\":{\"@type\":\"EntryPoint\",\"urlTemplate\":\"https:\/\/www.noticiasradioreflejos.com.ar\/2021\/?s={search_term_string}\"},\"query-input\":{\"@type\":\"PropertyValueSpecification\",\"valueRequired\":true,\"valueName\":\"search_term_string\"}}],\"inLanguage\":\"es\"},{\"@type\":\"Person\",\"@id\":\"https:\/\/www.noticiasradioreflejos.com.ar\/2021\/#\/schema\/person\/ad82545263dcc5ec0996818884fd5fb1\",\"name\":\"Arnaldo Botto\",\"image\":{\"@type\":\"ImageObject\",\"inLanguage\":\"es\",\"@id\":\"https:\/\/www.noticiasradioreflejos.com.ar\/2021\/#\/schema\/person\/image\/\",\"url\":\"https:\/\/secure.gravatar.com\/avatar\/55cb5e37c1efa326397366e6974cb338056df65cb50e7d64d1cf314e87504837?s=96&d=mm&r=g\",\"contentUrl\":\"https:\/\/secure.gravatar.com\/avatar\/55cb5e37c1efa326397366e6974cb338056df65cb50e7d64d1cf314e87504837?s=96&d=mm&r=g\",\"caption\":\"Arnaldo Botto\"},\"url\":\"https:\/\/www.noticiasradioreflejos.com.ar\/2021\/author\/arnaldo\/\"}]}<\/script>\n<!-- \/ Yoast SEO plugin. -->","yoast_head_json":{"title":"Bah\u00eda Blanca registr\u00f3 un r\u00e9cord de 13 casos de coronavirus en el dia - Noticias Radio Reflejos","robots":{"index":"index","follow":"follow","max-snippet":"max-snippet:-1","max-image-preview":"max-image-preview:large","max-video-preview":"max-video-preview:-1"},"canonical":"https:\/\/www.noticiasradioreflejos.com.ar\/2021\/bahia-blanca-registro-un-record-de-13-casos-de-coronavirus-en-el-dia\/","og_locale":"es_ES","og_type":"article","og_title":"Bah\u00eda Blanca registr\u00f3 un r\u00e9cord de 13 casos de coronavirus en el dia - Noticias Radio Reflejos","og_description":"As\u00ed lo indicaron fuentes municipales en el \u00faltimo reporte emitido por el \u00e1rea de Epidemiolog\u00eda. El tiempo de duplicaci\u00f3n de casos se aceler\u00f3 a 12 d\u00edas.","og_url":"https:\/\/www.noticiasradioreflejos.com.ar\/2021\/bahia-blanca-registro-un-record-de-13-casos-de-coronavirus-en-el-dia\/","og_site_name":"Noticias Radio Reflejos","article_published_time":"2020-07-04T02:26:49+00:00","og_image":[{"width":300,"height":200,"url":"https:\/\/www.noticiasradioreflejos.com.ar\/2021\/wp-content\/uploads\/2021\/07\/logosol300x200.png","type":"image\/png"}],"author":"Arnaldo Botto","twitter_card":"summary_large_image","schema":{"@context":"https:\/\/schema.org","@graph":[{"@type":"WebPage","@id":"https:\/\/www.noticiasradioreflejos.com.ar\/2021\/bahia-blanca-registro-un-record-de-13-casos-de-coronavirus-en-el-dia\/","url":"https:\/\/www.noticiasradioreflejos.com.ar\/2021\/bahia-blanca-registro-un-record-de-13-casos-de-coronavirus-en-el-dia\/","name":"Bah\u00eda Blanca registr\u00f3 un r\u00e9cord de 13 casos de coronavirus en el dia - Noticias Radio Reflejos","isPartOf":{"@id":"https:\/\/www.noticiasradioreflejos.com.ar\/2021\/#website"},"datePublished":"2020-07-04T02:26:49+00:00","author":{"@id":"https:\/\/www.noticiasradioreflejos.com.ar\/2021\/#\/schema\/person\/ad82545263dcc5ec0996818884fd5fb1"},"breadcrumb":{"@id":"https:\/\/www.noticiasradioreflejos.com.ar\/2021\/bahia-blanca-registro-un-record-de-13-casos-de-coronavirus-en-el-dia\/#breadcrumb"},"inLanguage":"es","potentialAction":[{"@type":"ReadAction","target":["https:\/\/www.noticiasradioreflejos.com.ar\/2021\/bahia-blanca-registro-un-record-de-13-casos-de-coronavirus-en-el-dia\/"]}]},{"@type":"BreadcrumbList","@id":"https:\/\/www.noticiasradioreflejos.com.ar\/2021\/bahia-blanca-registro-un-record-de-13-casos-de-coronavirus-en-el-dia\/#breadcrumb","itemListElement":[{"@type":"ListItem","position":1,"name":"Portada","item":"https:\/\/www.noticiasradioreflejos.com.ar\/2021\/"},{"@type":"ListItem","position":2,"name":"Bah\u00eda Blanca registr\u00f3 un r\u00e9cord de 13 casos de coronavirus en el dia"}]},{"@type":"WebSite","@id":"https:\/\/www.noticiasradioreflejos.com.ar\/2021\/#website","url":"https:\/\/www.noticiasradioreflejos.com.ar\/2021\/","name":"Noticias Radio Reflejos","description":"Las noticias de mi comarca","potentialAction":[{"@type":"SearchAction","target":{"@type":"EntryPoint","urlTemplate":"https:\/\/www.noticiasradioreflejos.com.ar\/2021\/?s={search_term_string}"},"query-input":{"@type":"PropertyValueSpecification","valueRequired":true,"valueName":"search_term_string"}}],"inLanguage":"es"},{"@type":"Person","@id":"https:\/\/www.noticiasradioreflejos.com.ar\/2021\/#\/schema\/person\/ad82545263dcc5ec0996818884fd5fb1","name":"Arnaldo Botto","image":{"@type":"ImageObject","inLanguage":"es","@id":"https:\/\/www.noticiasradioreflejos.com.ar\/2021\/#\/schema\/person\/image\/","url":"https:\/\/secure.gravatar.com\/avatar\/55cb5e37c1efa326397366e6974cb338056df65cb50e7d64d1cf314e87504837?s=96&d=mm&r=g","contentUrl":"https:\/\/secure.gravatar.com\/avatar\/55cb5e37c1efa326397366e6974cb338056df65cb50e7d64d1cf314e87504837?s=96&d=mm&r=g","caption":"Arnaldo Botto"},"url":"https:\/\/www.noticiasradioreflejos.com.ar\/2021\/author\/arnaldo\/"}]}},"_links":{"self":[{"href":"https:\/\/www.noticiasradioreflejos.com.ar\/2021\/wp-json\/wp\/v2\/posts\/44037","targetHints":{"allow":["GET"]}}],"collection":[{"href":"https:\/\/www.noticiasradioreflejos.com.ar\/2021\/wp-json\/wp\/v2\/posts"}],"about":[{"href":"https:\/\/www.noticiasradioreflejos.com.ar\/2021\/wp-json\/wp\/v2\/types\/post"}],"author":[{"embeddable":true,"href":"https:\/\/www.noticiasradioreflejos.com.ar\/2021\/wp-json\/wp\/v2\/users\/3"}],"replies":[{"embeddable":true,"href":"https:\/\/www.noticiasradioreflejos.com.ar\/2021\/wp-json\/wp\/v2\/comments?post=44037"}],"version-history":[{"count":0,"href":"https:\/\/www.noticiasradioreflejos.com.ar\/2021\/wp-json\/wp\/v2\/posts\/44037\/revisions"}],"wp:attachment":[{"href":"https:\/\/www.noticiasradioreflejos.com.ar\/2021\/wp-json\/wp\/v2\/media?parent=44037"}],"wp:term":[{"taxonomy":"category","embeddable":true,"href":"https:\/\/www.noticiasradioreflejos.com.ar\/2021\/wp-json\/wp\/v2\/categories?post=44037"},{"taxonomy":"post_tag","embeddable":true,"href":"https:\/\/www.noticiasradioreflejos.com.ar\/2021\/wp-json\/wp\/v2\/tags?post=44037"}],"curies":[{"name":"wp","href":"https:\/\/api.w.org\/{rel}","templated":true}]}}