{"id":44034,"date":"2020-07-03T21:21:02","date_gmt":"2020-07-04T00:21:02","guid":{"rendered":"http:\/\/www.noticiasradioreflejos.com.ar\/noticias\/?p=44034"},"modified":"2020-07-03T21:21:02","modified_gmt":"2020-07-04T00:21:02","slug":"piden-que-se-aparte-a-la-policia-en-la-causa-que-investiga-la-desaparicion-de-un-joven-en-villarino","status":"publish","type":"post","link":"https:\/\/www.noticiasradioreflejos.com.ar\/2021\/piden-que-se-aparte-a-la-policia-en-la-causa-que-investiga-la-desaparicion-de-un-joven-en-villarino\/","title":{"rendered":"Piden que se aparte a la polic\u00eda en la causa que investiga la desaparici\u00f3n de un joven en Villarino"},"content":{"rendered":"<p>La Comisi\u00f3n Provincial por la Memoria (CPM) se presentar\u00e1 como querellante institucional en la causa que investiga la desaparici\u00f3n de un joven de 22 a\u00f1os, en la localidad bonaerense de Pedro Luro, partido de Villarino, y ya pidi\u00f3 que la Polic\u00eda sea apartada de la causa que tramita en la justicia provincial.<br \/>\n<!--more--><\/p>\n<p>El muchacho desaparecido fue identificado como Facundo Astudillo Castro, quien el 30 de abril emprendi\u00f3 un viaje \u00aba dedo\u00bb de Pedro Luro a Bah\u00eda Blanca, con el fin de ver a su ex pareja, pero nunca lleg\u00f3.<\/p>\n<p>Seg\u00fan precis\u00f3 un comunicado de la CPM, recientemente tres testigos declararon haber visto al joven ese mismo d\u00eda, cuando era subido a un patrullero en la localidad de Mayor Buratovich, en el sudoeste de la provincia.<\/p>\n<p>La familia denunci\u00f3 irregularidades en la investigaci\u00f3n por \u00abaveriguaci\u00f3n de paradero\u00bb, contradicciones en las declaraciones de los polic\u00edas y realiz\u00f3 una denuncia penal ante la justicia federal por desaparici\u00f3n forzada.<\/p>\n<p>\u00abEl \u00faltimo de los testimonios policiales es el m\u00e1s contradictorio: primero declar\u00f3 que una camioneta lo levant\u00f3 y sali\u00f3 en direcci\u00f3n a Bah\u00eda Blanca; cuatro d\u00edas despu\u00e9s, cambi\u00f3 su testimonio y dijo que, en realidad, se fue caminando\u00bb, detall\u00f3 la misiva.<\/p>\n<p>La CPM tom\u00f3 conocimiento del caso por los organismos de derechos humanos de la regi\u00f3n que vienen acompa\u00f1ando a la familia y reclamando la aparici\u00f3n con vida de Facundo.<\/p>\n<p>\u00abEn car\u00e1cter de Mecanismo Local de Prevenci\u00f3n de la Tortura, y tal como lo faculta la ley, la CPM se present\u00f3 como querellante institucional en la causa federal que investiga la desaparici\u00f3n forzada. Y realizar\u00e1 presentaciones ante organismos internacionales de derechos humanos\u00bb, sostuvo el organismo.<\/p>\n<p>Al mismo tiempo, la CPM envi\u00f3 una nota al Ministerio de Seguridad de Naci\u00f3n notificando el hecho y a la fiscal\u00eda para requerir el cumplimiento de la Resoluci\u00f3n 1930 y ordenar el inmediato apartamiento de la Polic\u00eda Bonaerense en las diligencias investigativas que se realizan en el marco de la causa por \u00abaveriguaci\u00f3n de paradero\u00bb, en tr\u00e1mite ante la fiscal\u00eda de Villarino.<\/p>\n","protected":false},"excerpt":{"rendered":"<p>La Comisi\u00f3n Provincial por la Memoria (CPM) se presentar\u00e1 como querellante institucional en la causa que investiga la desaparici\u00f3n de un joven de 22 a\u00f1os, en la localidad bonaerense de Pedro Luro, partido de Villarino, y ya pidi\u00f3 que la Polic\u00eda sea apartada de la causa que tramita en la justicia provincial.<\/p>\n","protected":false},"author":3,"featured_media":0,"comment_status":"closed","ping_status":"open","sticky":false,"template":"","format":"standard","meta":{"footnotes":""},"categories":[26],"tags":[],"class_list":["post-44034","post","type-post","status-publish","format-standard","hentry","category-sociedad"],"yoast_head":"<!-- This site is optimized with the Yoast SEO plugin v25.9 - https:\/\/yoast.com\/wordpress\/plugins\/seo\/ -->\n<title>Piden que se aparte a la polic\u00eda en la causa que investiga la desaparici\u00f3n de un joven en Villarino - Noticias Radio Reflejos<\/title>\n<meta name=\"robots\" content=\"index, follow, max-snippet:-1, max-image-preview:large, max-video-preview:-1\" \/>\n<link rel=\"canonical\" href=\"https:\/\/www.noticiasradioreflejos.com.ar\/2021\/piden-que-se-aparte-a-la-policia-en-la-causa-que-investiga-la-desaparicion-de-un-joven-en-villarino\/\" \/>\n<meta property=\"og:locale\" content=\"es_ES\" \/>\n<meta property=\"og:type\" content=\"article\" \/>\n<meta property=\"og:title\" content=\"Piden que se aparte a la polic\u00eda en la causa que investiga la desaparici\u00f3n de un joven en Villarino - Noticias Radio Reflejos\" \/>\n<meta property=\"og:description\" content=\"La Comisi\u00f3n Provincial por la Memoria (CPM) se presentar\u00e1 como querellante institucional en la causa que investiga la desaparici\u00f3n de un joven de 22 a\u00f1os, en la localidad bonaerense de Pedro Luro, partido de Villarino, y ya pidi\u00f3 que la Polic\u00eda sea apartada de la causa que tramita en la justicia provincial.\" \/>\n<meta property=\"og:url\" content=\"https:\/\/www.noticiasradioreflejos.com.ar\/2021\/piden-que-se-aparte-a-la-policia-en-la-causa-que-investiga-la-desaparicion-de-un-joven-en-villarino\/\" \/>\n<meta property=\"og:site_name\" content=\"Noticias Radio Reflejos\" \/>\n<meta property=\"article:published_time\" content=\"2020-07-04T00:21:02+00:00\" \/>\n<meta property=\"og:image\" content=\"https:\/\/www.noticiasradioreflejos.com.ar\/2021\/wp-content\/uploads\/2021\/07\/logosol300x200.png\" \/>\n\t<meta property=\"og:image:width\" content=\"300\" \/>\n\t<meta property=\"og:image:height\" content=\"200\" \/>\n\t<meta property=\"og:image:type\" content=\"image\/png\" \/>\n<meta name=\"author\" content=\"Arnaldo Botto\" \/>\n<meta name=\"twitter:card\" content=\"summary_large_image\" \/>\n<script type=\"application\/ld+json\" class=\"yoast-schema-graph\">{\"@context\":\"https:\/\/schema.org\",\"@graph\":[{\"@type\":\"WebPage\",\"@id\":\"https:\/\/www.noticiasradioreflejos.com.ar\/2021\/piden-que-se-aparte-a-la-policia-en-la-causa-que-investiga-la-desaparicion-de-un-joven-en-villarino\/\",\"url\":\"https:\/\/www.noticiasradioreflejos.com.ar\/2021\/piden-que-se-aparte-a-la-policia-en-la-causa-que-investiga-la-desaparicion-de-un-joven-en-villarino\/\",\"name\":\"Piden que se aparte a la polic\u00eda en la causa que investiga la desaparici\u00f3n de un joven en Villarino - Noticias Radio Reflejos\",\"isPartOf\":{\"@id\":\"https:\/\/www.noticiasradioreflejos.com.ar\/2021\/#website\"},\"datePublished\":\"2020-07-04T00:21:02+00:00\",\"author\":{\"@id\":\"https:\/\/www.noticiasradioreflejos.com.ar\/2021\/#\/schema\/person\/ad82545263dcc5ec0996818884fd5fb1\"},\"breadcrumb\":{\"@id\":\"https:\/\/www.noticiasradioreflejos.com.ar\/2021\/piden-que-se-aparte-a-la-policia-en-la-causa-que-investiga-la-desaparicion-de-un-joven-en-villarino\/#breadcrumb\"},\"inLanguage\":\"es\",\"potentialAction\":[{\"@type\":\"ReadAction\",\"target\":[\"https:\/\/www.noticiasradioreflejos.com.ar\/2021\/piden-que-se-aparte-a-la-policia-en-la-causa-que-investiga-la-desaparicion-de-un-joven-en-villarino\/\"]}]},{\"@type\":\"BreadcrumbList\",\"@id\":\"https:\/\/www.noticiasradioreflejos.com.ar\/2021\/piden-que-se-aparte-a-la-policia-en-la-causa-que-investiga-la-desaparicion-de-un-joven-en-villarino\/#breadcrumb\",\"itemListElement\":[{\"@type\":\"ListItem\",\"position\":1,\"name\":\"Portada\",\"item\":\"https:\/\/www.noticiasradioreflejos.com.ar\/2021\/\"},{\"@type\":\"ListItem\",\"position\":2,\"name\":\"Piden que se aparte a la polic\u00eda en la causa que investiga la desaparici\u00f3n de un joven en Villarino\"}]},{\"@type\":\"WebSite\",\"@id\":\"https:\/\/www.noticiasradioreflejos.com.ar\/2021\/#website\",\"url\":\"https:\/\/www.noticiasradioreflejos.com.ar\/2021\/\",\"name\":\"Noticias Radio Reflejos\",\"description\":\"Las noticias de mi comarca\",\"potentialAction\":[{\"@type\":\"SearchAction\",\"target\":{\"@type\":\"EntryPoint\",\"urlTemplate\":\"https:\/\/www.noticiasradioreflejos.com.ar\/2021\/?s={search_term_string}\"},\"query-input\":{\"@type\":\"PropertyValueSpecification\",\"valueRequired\":true,\"valueName\":\"search_term_string\"}}],\"inLanguage\":\"es\"},{\"@type\":\"Person\",\"@id\":\"https:\/\/www.noticiasradioreflejos.com.ar\/2021\/#\/schema\/person\/ad82545263dcc5ec0996818884fd5fb1\",\"name\":\"Arnaldo Botto\",\"image\":{\"@type\":\"ImageObject\",\"inLanguage\":\"es\",\"@id\":\"https:\/\/www.noticiasradioreflejos.com.ar\/2021\/#\/schema\/person\/image\/\",\"url\":\"https:\/\/secure.gravatar.com\/avatar\/55cb5e37c1efa326397366e6974cb338056df65cb50e7d64d1cf314e87504837?s=96&d=mm&r=g\",\"contentUrl\":\"https:\/\/secure.gravatar.com\/avatar\/55cb5e37c1efa326397366e6974cb338056df65cb50e7d64d1cf314e87504837?s=96&d=mm&r=g\",\"caption\":\"Arnaldo Botto\"},\"url\":\"https:\/\/www.noticiasradioreflejos.com.ar\/2021\/author\/arnaldo\/\"}]}<\/script>\n<!-- \/ Yoast SEO plugin. -->","yoast_head_json":{"title":"Piden que se aparte a la polic\u00eda en la causa que investiga la desaparici\u00f3n de un joven en Villarino - Noticias Radio Reflejos","robots":{"index":"index","follow":"follow","max-snippet":"max-snippet:-1","max-image-preview":"max-image-preview:large","max-video-preview":"max-video-preview:-1"},"canonical":"https:\/\/www.noticiasradioreflejos.com.ar\/2021\/piden-que-se-aparte-a-la-policia-en-la-causa-que-investiga-la-desaparicion-de-un-joven-en-villarino\/","og_locale":"es_ES","og_type":"article","og_title":"Piden que se aparte a la polic\u00eda en la causa que investiga la desaparici\u00f3n de un joven en Villarino - Noticias Radio Reflejos","og_description":"La Comisi\u00f3n Provincial por la Memoria (CPM) se presentar\u00e1 como querellante institucional en la causa que investiga la desaparici\u00f3n de un joven de 22 a\u00f1os, en la localidad bonaerense de Pedro Luro, partido de Villarino, y ya pidi\u00f3 que la Polic\u00eda sea apartada de la causa que tramita en la justicia provincial.","og_url":"https:\/\/www.noticiasradioreflejos.com.ar\/2021\/piden-que-se-aparte-a-la-policia-en-la-causa-que-investiga-la-desaparicion-de-un-joven-en-villarino\/","og_site_name":"Noticias Radio Reflejos","article_published_time":"2020-07-04T00:21:02+00:00","og_image":[{"width":300,"height":200,"url":"https:\/\/www.noticiasradioreflejos.com.ar\/2021\/wp-content\/uploads\/2021\/07\/logosol300x200.png","type":"image\/png"}],"author":"Arnaldo Botto","twitter_card":"summary_large_image","schema":{"@context":"https:\/\/schema.org","@graph":[{"@type":"WebPage","@id":"https:\/\/www.noticiasradioreflejos.com.ar\/2021\/piden-que-se-aparte-a-la-policia-en-la-causa-que-investiga-la-desaparicion-de-un-joven-en-villarino\/","url":"https:\/\/www.noticiasradioreflejos.com.ar\/2021\/piden-que-se-aparte-a-la-policia-en-la-causa-que-investiga-la-desaparicion-de-un-joven-en-villarino\/","name":"Piden que se aparte a la polic\u00eda en la causa que investiga la desaparici\u00f3n de un joven en Villarino - Noticias Radio Reflejos","isPartOf":{"@id":"https:\/\/www.noticiasradioreflejos.com.ar\/2021\/#website"},"datePublished":"2020-07-04T00:21:02+00:00","author":{"@id":"https:\/\/www.noticiasradioreflejos.com.ar\/2021\/#\/schema\/person\/ad82545263dcc5ec0996818884fd5fb1"},"breadcrumb":{"@id":"https:\/\/www.noticiasradioreflejos.com.ar\/2021\/piden-que-se-aparte-a-la-policia-en-la-causa-que-investiga-la-desaparicion-de-un-joven-en-villarino\/#breadcrumb"},"inLanguage":"es","potentialAction":[{"@type":"ReadAction","target":["https:\/\/www.noticiasradioreflejos.com.ar\/2021\/piden-que-se-aparte-a-la-policia-en-la-causa-que-investiga-la-desaparicion-de-un-joven-en-villarino\/"]}]},{"@type":"BreadcrumbList","@id":"https:\/\/www.noticiasradioreflejos.com.ar\/2021\/piden-que-se-aparte-a-la-policia-en-la-causa-que-investiga-la-desaparicion-de-un-joven-en-villarino\/#breadcrumb","itemListElement":[{"@type":"ListItem","position":1,"name":"Portada","item":"https:\/\/www.noticiasradioreflejos.com.ar\/2021\/"},{"@type":"ListItem","position":2,"name":"Piden que se aparte a la polic\u00eda en la causa que investiga la desaparici\u00f3n de un joven en Villarino"}]},{"@type":"WebSite","@id":"https:\/\/www.noticiasradioreflejos.com.ar\/2021\/#website","url":"https:\/\/www.noticiasradioreflejos.com.ar\/2021\/","name":"Noticias Radio Reflejos","description":"Las noticias de mi comarca","potentialAction":[{"@type":"SearchAction","target":{"@type":"EntryPoint","urlTemplate":"https:\/\/www.noticiasradioreflejos.com.ar\/2021\/?s={search_term_string}"},"query-input":{"@type":"PropertyValueSpecification","valueRequired":true,"valueName":"search_term_string"}}],"inLanguage":"es"},{"@type":"Person","@id":"https:\/\/www.noticiasradioreflejos.com.ar\/2021\/#\/schema\/person\/ad82545263dcc5ec0996818884fd5fb1","name":"Arnaldo Botto","image":{"@type":"ImageObject","inLanguage":"es","@id":"https:\/\/www.noticiasradioreflejos.com.ar\/2021\/#\/schema\/person\/image\/","url":"https:\/\/secure.gravatar.com\/avatar\/55cb5e37c1efa326397366e6974cb338056df65cb50e7d64d1cf314e87504837?s=96&d=mm&r=g","contentUrl":"https:\/\/secure.gravatar.com\/avatar\/55cb5e37c1efa326397366e6974cb338056df65cb50e7d64d1cf314e87504837?s=96&d=mm&r=g","caption":"Arnaldo Botto"},"url":"https:\/\/www.noticiasradioreflejos.com.ar\/2021\/author\/arnaldo\/"}]}},"_links":{"self":[{"href":"https:\/\/www.noticiasradioreflejos.com.ar\/2021\/wp-json\/wp\/v2\/posts\/44034","targetHints":{"allow":["GET"]}}],"collection":[{"href":"https:\/\/www.noticiasradioreflejos.com.ar\/2021\/wp-json\/wp\/v2\/posts"}],"about":[{"href":"https:\/\/www.noticiasradioreflejos.com.ar\/2021\/wp-json\/wp\/v2\/types\/post"}],"author":[{"embeddable":true,"href":"https:\/\/www.noticiasradioreflejos.com.ar\/2021\/wp-json\/wp\/v2\/users\/3"}],"replies":[{"embeddable":true,"href":"https:\/\/www.noticiasradioreflejos.com.ar\/2021\/wp-json\/wp\/v2\/comments?post=44034"}],"version-history":[{"count":0,"href":"https:\/\/www.noticiasradioreflejos.com.ar\/2021\/wp-json\/wp\/v2\/posts\/44034\/revisions"}],"wp:attachment":[{"href":"https:\/\/www.noticiasradioreflejos.com.ar\/2021\/wp-json\/wp\/v2\/media?parent=44034"}],"wp:term":[{"taxonomy":"category","embeddable":true,"href":"https:\/\/www.noticiasradioreflejos.com.ar\/2021\/wp-json\/wp\/v2\/categories?post=44034"},{"taxonomy":"post_tag","embeddable":true,"href":"https:\/\/www.noticiasradioreflejos.com.ar\/2021\/wp-json\/wp\/v2\/tags?post=44034"}],"curies":[{"name":"wp","href":"https:\/\/api.w.org\/{rel}","templated":true}]}}