{"id":44032,"date":"2020-07-03T20:59:05","date_gmt":"2020-07-03T23:59:05","guid":{"rendered":"http:\/\/www.noticiasradioreflejos.com.ar\/noticias\/?p=44032"},"modified":"2020-07-03T20:59:05","modified_gmt":"2020-07-03T23:59:05","slug":"el-inprotur-y-la-camara-argentina-de-turismo-se-reunieron-con-vistas-a-la-reapertura-de-la-actividad","status":"publish","type":"post","link":"https:\/\/www.noticiasradioreflejos.com.ar\/2021\/el-inprotur-y-la-camara-argentina-de-turismo-se-reunieron-con-vistas-a-la-reapertura-de-la-actividad\/","title":{"rendered":"El Inprotur y la C\u00e1mara Argentina de Turismo se reunieron con vistas a la reapertura de la actividad."},"content":{"rendered":"<p>El Instituto Nacional de Promoci\u00f3n Tur\u00edstica (Inprotur) y la C\u00e1mara Argentina de Turismo (CAT) mantuvieron esta semana dos encuentros virtuales, en los que repasaron las actividades realizadas durante la cuarentena y compartieron las propuestas a futuro para trabajar de manera conjunta, informaron hoy ambas partes.<!--more--><\/p>\n<p>Entre lo actuado en los \u00faltimos 100 d\u00edas figuraron la campa\u00f1a #viajadesdetucasaa, las webinars y los Informes de coyuntura, entre otras actividades.<\/p>\n<p>La CAT precis\u00f3 que \u00abel objetivo fue dar a conocer los lineamientos generales de la promoci\u00f3n tur\u00edstica internacional de cara al futuro, en el marco de la recuperaci\u00f3n del sector turismo, en la etapa pos Covid-19\u00bb.<\/p>\n<p>Las reuniones de ambos equipos fueron encabezadas por el secretario ejecutivo del Inprotur, Ricardo Sosa, y el presidente de la CAT, Aldo El\u00edas.<\/p>\n<p>El funcionario del Ministerio de Turismo y Deportes sostuvo que \u00abes muy importante el trabajo en equipo con la CAT porque nos permite llegar al sector privado y, as\u00ed, lograr m\u00e1s y mejores resultados para el turismo argentino\u00bb.<\/p>\n<p>\u00abLa reuni\u00f3n fue muy productiva, en la cual expusimos una amplia agenda de trabajo com\u00fan para desarrollar\u201d, sostuvo Sosa, y agreg\u00f3: \u201cDebemos caminar a un mismo ritmo, con los mismos objetivos y metas, para ser m\u00e1s eficientes\u201d.<\/p>\n<p>El\u00edas agradeci\u00f3 la presentaci\u00f3n brindada por el Inprotur y propuso el armado de una agenda de trabajo en com\u00fan -articulada entre la Comisi\u00f3n de Promoci\u00f3n de la CAT y el Inprotur- para afianzar la labor de cada departamento y potenciar la promoci\u00f3n del pa\u00eds en el mundo.<\/p>\n<p>El presidente de la CAT felicit\u00f3 a Sosa por esta iniciativa \u00abque permiti\u00f3 tomar clara referencia del trabajo que se est\u00e1 llevando adelante desde el Instituto\u00bb.<\/p>\n","protected":false},"excerpt":{"rendered":"<p>El Instituto Nacional de Promoci\u00f3n Tur\u00edstica (Inprotur) y la C\u00e1mara Argentina de Turismo (CAT) mantuvieron esta semana dos encuentros virtuales, en los que repasaron las actividades realizadas durante la cuarentena y compartieron las propuestas a futuro para trabajar de manera conjunta, informaron hoy ambas partes.<\/p>\n","protected":false},"author":3,"featured_media":40651,"comment_status":"closed","ping_status":"open","sticky":false,"template":"","format":"standard","meta":{"footnotes":""},"categories":[33],"tags":[],"class_list":["post-44032","post","type-post","status-publish","format-standard","has-post-thumbnail","hentry","category-turismo"],"yoast_head":"<!-- This site is optimized with the Yoast SEO plugin v25.9 - https:\/\/yoast.com\/wordpress\/plugins\/seo\/ -->\n<title>El Inprotur y la C\u00e1mara Argentina de Turismo se reunieron con vistas a la reapertura de la actividad. - Noticias Radio Reflejos<\/title>\n<meta name=\"robots\" content=\"index, follow, max-snippet:-1, max-image-preview:large, max-video-preview:-1\" \/>\n<link rel=\"canonical\" href=\"https:\/\/www.noticiasradioreflejos.com.ar\/2021\/el-inprotur-y-la-camara-argentina-de-turismo-se-reunieron-con-vistas-a-la-reapertura-de-la-actividad\/\" \/>\n<meta property=\"og:locale\" content=\"es_ES\" \/>\n<meta property=\"og:type\" content=\"article\" \/>\n<meta property=\"og:title\" content=\"El Inprotur y la C\u00e1mara Argentina de Turismo se reunieron con vistas a la reapertura de la actividad. - Noticias Radio Reflejos\" \/>\n<meta property=\"og:description\" content=\"El Instituto Nacional de Promoci\u00f3n Tur\u00edstica (Inprotur) y la C\u00e1mara Argentina de Turismo (CAT) mantuvieron esta semana dos encuentros virtuales, en los que repasaron las actividades realizadas durante la cuarentena y compartieron las propuestas a futuro para trabajar de manera conjunta, informaron hoy ambas partes.\" \/>\n<meta property=\"og:url\" content=\"https:\/\/www.noticiasradioreflejos.com.ar\/2021\/el-inprotur-y-la-camara-argentina-de-turismo-se-reunieron-con-vistas-a-la-reapertura-de-la-actividad\/\" \/>\n<meta property=\"og:site_name\" content=\"Noticias Radio Reflejos\" \/>\n<meta property=\"article:published_time\" content=\"2020-07-03T23:59:05+00:00\" \/>\n<meta property=\"og:image\" content=\"https:\/\/www.noticiasradioreflejos.com.ar\/2021\/wp-content\/uploads\/2020\/04\/ribera.png\" \/>\n\t<meta property=\"og:image:width\" content=\"500\" \/>\n\t<meta property=\"og:image:height\" content=\"333\" \/>\n\t<meta property=\"og:image:type\" content=\"image\/png\" \/>\n<meta name=\"author\" content=\"Arnaldo Botto\" \/>\n<meta name=\"twitter:card\" content=\"summary_large_image\" \/>\n<script type=\"application\/ld+json\" class=\"yoast-schema-graph\">{\"@context\":\"https:\/\/schema.org\",\"@graph\":[{\"@type\":\"WebPage\",\"@id\":\"https:\/\/www.noticiasradioreflejos.com.ar\/2021\/el-inprotur-y-la-camara-argentina-de-turismo-se-reunieron-con-vistas-a-la-reapertura-de-la-actividad\/\",\"url\":\"https:\/\/www.noticiasradioreflejos.com.ar\/2021\/el-inprotur-y-la-camara-argentina-de-turismo-se-reunieron-con-vistas-a-la-reapertura-de-la-actividad\/\",\"name\":\"El Inprotur y la C\u00e1mara Argentina de Turismo se reunieron con vistas a la reapertura de la actividad. - Noticias Radio Reflejos\",\"isPartOf\":{\"@id\":\"https:\/\/www.noticiasradioreflejos.com.ar\/2021\/#website\"},\"primaryImageOfPage\":{\"@id\":\"https:\/\/www.noticiasradioreflejos.com.ar\/2021\/el-inprotur-y-la-camara-argentina-de-turismo-se-reunieron-con-vistas-a-la-reapertura-de-la-actividad\/#primaryimage\"},\"image\":{\"@id\":\"https:\/\/www.noticiasradioreflejos.com.ar\/2021\/el-inprotur-y-la-camara-argentina-de-turismo-se-reunieron-con-vistas-a-la-reapertura-de-la-actividad\/#primaryimage\"},\"thumbnailUrl\":\"https:\/\/www.noticiasradioreflejos.com.ar\/2021\/wp-content\/uploads\/2020\/04\/ribera.png\",\"datePublished\":\"2020-07-03T23:59:05+00:00\",\"author\":{\"@id\":\"https:\/\/www.noticiasradioreflejos.com.ar\/2021\/#\/schema\/person\/ad82545263dcc5ec0996818884fd5fb1\"},\"breadcrumb\":{\"@id\":\"https:\/\/www.noticiasradioreflejos.com.ar\/2021\/el-inprotur-y-la-camara-argentina-de-turismo-se-reunieron-con-vistas-a-la-reapertura-de-la-actividad\/#breadcrumb\"},\"inLanguage\":\"es\",\"potentialAction\":[{\"@type\":\"ReadAction\",\"target\":[\"https:\/\/www.noticiasradioreflejos.com.ar\/2021\/el-inprotur-y-la-camara-argentina-de-turismo-se-reunieron-con-vistas-a-la-reapertura-de-la-actividad\/\"]}]},{\"@type\":\"ImageObject\",\"inLanguage\":\"es\",\"@id\":\"https:\/\/www.noticiasradioreflejos.com.ar\/2021\/el-inprotur-y-la-camara-argentina-de-turismo-se-reunieron-con-vistas-a-la-reapertura-de-la-actividad\/#primaryimage\",\"url\":\"https:\/\/www.noticiasradioreflejos.com.ar\/2021\/wp-content\/uploads\/2020\/04\/ribera.png\",\"contentUrl\":\"https:\/\/www.noticiasradioreflejos.com.ar\/2021\/wp-content\/uploads\/2020\/04\/ribera.png\",\"width\":500,\"height\":333},{\"@type\":\"BreadcrumbList\",\"@id\":\"https:\/\/www.noticiasradioreflejos.com.ar\/2021\/el-inprotur-y-la-camara-argentina-de-turismo-se-reunieron-con-vistas-a-la-reapertura-de-la-actividad\/#breadcrumb\",\"itemListElement\":[{\"@type\":\"ListItem\",\"position\":1,\"name\":\"Portada\",\"item\":\"https:\/\/www.noticiasradioreflejos.com.ar\/2021\/\"},{\"@type\":\"ListItem\",\"position\":2,\"name\":\"El Inprotur y la C\u00e1mara Argentina de Turismo se reunieron con vistas a la reapertura de la actividad.\"}]},{\"@type\":\"WebSite\",\"@id\":\"https:\/\/www.noticiasradioreflejos.com.ar\/2021\/#website\",\"url\":\"https:\/\/www.noticiasradioreflejos.com.ar\/2021\/\",\"name\":\"Noticias Radio Reflejos\",\"description\":\"Las noticias de mi comarca\",\"potentialAction\":[{\"@type\":\"SearchAction\",\"target\":{\"@type\":\"EntryPoint\",\"urlTemplate\":\"https:\/\/www.noticiasradioreflejos.com.ar\/2021\/?s={search_term_string}\"},\"query-input\":{\"@type\":\"PropertyValueSpecification\",\"valueRequired\":true,\"valueName\":\"search_term_string\"}}],\"inLanguage\":\"es\"},{\"@type\":\"Person\",\"@id\":\"https:\/\/www.noticiasradioreflejos.com.ar\/2021\/#\/schema\/person\/ad82545263dcc5ec0996818884fd5fb1\",\"name\":\"Arnaldo Botto\",\"image\":{\"@type\":\"ImageObject\",\"inLanguage\":\"es\",\"@id\":\"https:\/\/www.noticiasradioreflejos.com.ar\/2021\/#\/schema\/person\/image\/\",\"url\":\"https:\/\/secure.gravatar.com\/avatar\/55cb5e37c1efa326397366e6974cb338056df65cb50e7d64d1cf314e87504837?s=96&d=mm&r=g\",\"contentUrl\":\"https:\/\/secure.gravatar.com\/avatar\/55cb5e37c1efa326397366e6974cb338056df65cb50e7d64d1cf314e87504837?s=96&d=mm&r=g\",\"caption\":\"Arnaldo Botto\"},\"url\":\"https:\/\/www.noticiasradioreflejos.com.ar\/2021\/author\/arnaldo\/\"}]}<\/script>\n<!-- \/ Yoast SEO plugin. -->","yoast_head_json":{"title":"El Inprotur y la C\u00e1mara Argentina de Turismo se reunieron con vistas a la reapertura de la actividad. - Noticias Radio Reflejos","robots":{"index":"index","follow":"follow","max-snippet":"max-snippet:-1","max-image-preview":"max-image-preview:large","max-video-preview":"max-video-preview:-1"},"canonical":"https:\/\/www.noticiasradioreflejos.com.ar\/2021\/el-inprotur-y-la-camara-argentina-de-turismo-se-reunieron-con-vistas-a-la-reapertura-de-la-actividad\/","og_locale":"es_ES","og_type":"article","og_title":"El Inprotur y la C\u00e1mara Argentina de Turismo se reunieron con vistas a la reapertura de la actividad. - Noticias Radio Reflejos","og_description":"El Instituto Nacional de Promoci\u00f3n Tur\u00edstica (Inprotur) y la C\u00e1mara Argentina de Turismo (CAT) mantuvieron esta semana dos encuentros virtuales, en los que repasaron las actividades realizadas durante la cuarentena y compartieron las propuestas a futuro para trabajar de manera conjunta, informaron hoy ambas partes.","og_url":"https:\/\/www.noticiasradioreflejos.com.ar\/2021\/el-inprotur-y-la-camara-argentina-de-turismo-se-reunieron-con-vistas-a-la-reapertura-de-la-actividad\/","og_site_name":"Noticias Radio Reflejos","article_published_time":"2020-07-03T23:59:05+00:00","og_image":[{"width":500,"height":333,"url":"https:\/\/www.noticiasradioreflejos.com.ar\/2021\/wp-content\/uploads\/2020\/04\/ribera.png","type":"image\/png"}],"author":"Arnaldo Botto","twitter_card":"summary_large_image","schema":{"@context":"https:\/\/schema.org","@graph":[{"@type":"WebPage","@id":"https:\/\/www.noticiasradioreflejos.com.ar\/2021\/el-inprotur-y-la-camara-argentina-de-turismo-se-reunieron-con-vistas-a-la-reapertura-de-la-actividad\/","url":"https:\/\/www.noticiasradioreflejos.com.ar\/2021\/el-inprotur-y-la-camara-argentina-de-turismo-se-reunieron-con-vistas-a-la-reapertura-de-la-actividad\/","name":"El Inprotur y la C\u00e1mara Argentina de Turismo se reunieron con vistas a la reapertura de la actividad. - Noticias Radio Reflejos","isPartOf":{"@id":"https:\/\/www.noticiasradioreflejos.com.ar\/2021\/#website"},"primaryImageOfPage":{"@id":"https:\/\/www.noticiasradioreflejos.com.ar\/2021\/el-inprotur-y-la-camara-argentina-de-turismo-se-reunieron-con-vistas-a-la-reapertura-de-la-actividad\/#primaryimage"},"image":{"@id":"https:\/\/www.noticiasradioreflejos.com.ar\/2021\/el-inprotur-y-la-camara-argentina-de-turismo-se-reunieron-con-vistas-a-la-reapertura-de-la-actividad\/#primaryimage"},"thumbnailUrl":"https:\/\/www.noticiasradioreflejos.com.ar\/2021\/wp-content\/uploads\/2020\/04\/ribera.png","datePublished":"2020-07-03T23:59:05+00:00","author":{"@id":"https:\/\/www.noticiasradioreflejos.com.ar\/2021\/#\/schema\/person\/ad82545263dcc5ec0996818884fd5fb1"},"breadcrumb":{"@id":"https:\/\/www.noticiasradioreflejos.com.ar\/2021\/el-inprotur-y-la-camara-argentina-de-turismo-se-reunieron-con-vistas-a-la-reapertura-de-la-actividad\/#breadcrumb"},"inLanguage":"es","potentialAction":[{"@type":"ReadAction","target":["https:\/\/www.noticiasradioreflejos.com.ar\/2021\/el-inprotur-y-la-camara-argentina-de-turismo-se-reunieron-con-vistas-a-la-reapertura-de-la-actividad\/"]}]},{"@type":"ImageObject","inLanguage":"es","@id":"https:\/\/www.noticiasradioreflejos.com.ar\/2021\/el-inprotur-y-la-camara-argentina-de-turismo-se-reunieron-con-vistas-a-la-reapertura-de-la-actividad\/#primaryimage","url":"https:\/\/www.noticiasradioreflejos.com.ar\/2021\/wp-content\/uploads\/2020\/04\/ribera.png","contentUrl":"https:\/\/www.noticiasradioreflejos.com.ar\/2021\/wp-content\/uploads\/2020\/04\/ribera.png","width":500,"height":333},{"@type":"BreadcrumbList","@id":"https:\/\/www.noticiasradioreflejos.com.ar\/2021\/el-inprotur-y-la-camara-argentina-de-turismo-se-reunieron-con-vistas-a-la-reapertura-de-la-actividad\/#breadcrumb","itemListElement":[{"@type":"ListItem","position":1,"name":"Portada","item":"https:\/\/www.noticiasradioreflejos.com.ar\/2021\/"},{"@type":"ListItem","position":2,"name":"El Inprotur y la C\u00e1mara Argentina de Turismo se reunieron con vistas a la reapertura de la actividad."}]},{"@type":"WebSite","@id":"https:\/\/www.noticiasradioreflejos.com.ar\/2021\/#website","url":"https:\/\/www.noticiasradioreflejos.com.ar\/2021\/","name":"Noticias Radio Reflejos","description":"Las noticias de mi comarca","potentialAction":[{"@type":"SearchAction","target":{"@type":"EntryPoint","urlTemplate":"https:\/\/www.noticiasradioreflejos.com.ar\/2021\/?s={search_term_string}"},"query-input":{"@type":"PropertyValueSpecification","valueRequired":true,"valueName":"search_term_string"}}],"inLanguage":"es"},{"@type":"Person","@id":"https:\/\/www.noticiasradioreflejos.com.ar\/2021\/#\/schema\/person\/ad82545263dcc5ec0996818884fd5fb1","name":"Arnaldo Botto","image":{"@type":"ImageObject","inLanguage":"es","@id":"https:\/\/www.noticiasradioreflejos.com.ar\/2021\/#\/schema\/person\/image\/","url":"https:\/\/secure.gravatar.com\/avatar\/55cb5e37c1efa326397366e6974cb338056df65cb50e7d64d1cf314e87504837?s=96&d=mm&r=g","contentUrl":"https:\/\/secure.gravatar.com\/avatar\/55cb5e37c1efa326397366e6974cb338056df65cb50e7d64d1cf314e87504837?s=96&d=mm&r=g","caption":"Arnaldo Botto"},"url":"https:\/\/www.noticiasradioreflejos.com.ar\/2021\/author\/arnaldo\/"}]}},"_links":{"self":[{"href":"https:\/\/www.noticiasradioreflejos.com.ar\/2021\/wp-json\/wp\/v2\/posts\/44032","targetHints":{"allow":["GET"]}}],"collection":[{"href":"https:\/\/www.noticiasradioreflejos.com.ar\/2021\/wp-json\/wp\/v2\/posts"}],"about":[{"href":"https:\/\/www.noticiasradioreflejos.com.ar\/2021\/wp-json\/wp\/v2\/types\/post"}],"author":[{"embeddable":true,"href":"https:\/\/www.noticiasradioreflejos.com.ar\/2021\/wp-json\/wp\/v2\/users\/3"}],"replies":[{"embeddable":true,"href":"https:\/\/www.noticiasradioreflejos.com.ar\/2021\/wp-json\/wp\/v2\/comments?post=44032"}],"version-history":[{"count":0,"href":"https:\/\/www.noticiasradioreflejos.com.ar\/2021\/wp-json\/wp\/v2\/posts\/44032\/revisions"}],"wp:featuredmedia":[{"embeddable":true,"href":"https:\/\/www.noticiasradioreflejos.com.ar\/2021\/wp-json\/wp\/v2\/media\/40651"}],"wp:attachment":[{"href":"https:\/\/www.noticiasradioreflejos.com.ar\/2021\/wp-json\/wp\/v2\/media?parent=44032"}],"wp:term":[{"taxonomy":"category","embeddable":true,"href":"https:\/\/www.noticiasradioreflejos.com.ar\/2021\/wp-json\/wp\/v2\/categories?post=44032"},{"taxonomy":"post_tag","embeddable":true,"href":"https:\/\/www.noticiasradioreflejos.com.ar\/2021\/wp-json\/wp\/v2\/tags?post=44032"}],"curies":[{"name":"wp","href":"https:\/\/api.w.org\/{rel}","templated":true}]}}