{"id":44030,"date":"2020-07-03T20:54:46","date_gmt":"2020-07-03T23:54:46","guid":{"rendered":"http:\/\/www.noticiasradioreflejos.com.ar\/noticias\/?p=44030"},"modified":"2020-07-03T20:54:46","modified_gmt":"2020-07-03T23:54:46","slug":"un-total-de-52-muertos-y-2-845-contagiados-mientras-se-analizan-resultados-de-las-nuevas-medidas","status":"publish","type":"post","link":"https:\/\/www.noticiasradioreflejos.com.ar\/2021\/un-total-de-52-muertos-y-2-845-contagiados-mientras-se-analizan-resultados-de-las-nuevas-medidas\/","title":{"rendered":"Un total de 52 muertos y 2.845 contagiados, mientras se analizan resultados de las nuevas medidas"},"content":{"rendered":"<p>Cincuenta y dos personas murieron, en un nuevo pico de decesos, y 2.845 fueron diagnosticadas con coronavirus en las \u00faltimas 24 horas en Argentina, mientras el presidente Alberto Fern\u00e1ndez analiz\u00f3 con el Jefe de Gobierno porte\u00f1o, Horacio Rodr\u00edguez Larreta, la marcha de la nueva fase del aislamiento estricto en la Ciudad de Buenos Aires.<!--more--><\/p>\n<p>Por su parte, el gobernador de la provincia de Buenos Aires, Axel Kicillof, evalu\u00f3 que el acatamiento a la nueva etapa \u00abest\u00e1 siendo alto\u00bb, luego de mantener una videoconferencia con 35 intendentes del \u00c1rea Metropolitana de Buenos Aires (AMBA).<\/p>\n<p>En tanto, con el n\u00famero de fallecidos informados esta noche, el total de decesos ascendi\u00f3 a 1.437 y la de contagios a 72.786.<\/p>\n<p>La cartera sanitaria agreg\u00f3 que son 620 los internados en unidades de terapia intensiva, con un porcentaje de ocupaci\u00f3n de camas de adultos de 51% en el pa\u00eds y del 56,3% en el AMBA.<\/p>\n<p>Hoy se registraron en la provincia de Buenos Aires 1.849 casos; en la Ciudad de Buenos Aires, 835; en Catamarca 1 (por primera vez desde el inicio de la pandemia); en Chaco, 37; en Chubut 12; en C\u00f3rdoba, 8; en Entre R\u00edos, 11; en Jujuy, 20; en La Rioja 3; Mendoza, 3; en Neuqu\u00e9n, 28; en R\u00edo Negro, 23; en Salta, 8; en Santa Fe, 5; y en Tucum\u00e1n, 2.<\/p>\n<p>Esta tarde, el presidente se reuni\u00f3 en la quinta de Olivos con Rodr\u00edguez Larreta, para analizar la marcha de la nueva fase del aislamiento estricto por la pandemia en la Ciudad de Buenos Aires con el foco puesto en el cumplimiento de los permisos de circulaci\u00f3n y la evaluaci\u00f3n de la tasa de contagiosidad del virus.<\/p>\n<p>Seg\u00fan informaron fuentes oficiales porte\u00f1as a T\u00e9lam, Fern\u00e1ndez y Larreta estuvieron reunidos durante unos 40 minutos a solas y repasaron los \u00abn\u00fameros de la primera semana\u00bb de la nueva etapa de la cuarentena, que la Ciudad comparte con el Conurbano bonaerense.<\/p>\n<p>Kicillof, en tanto, asegur\u00f3 que el acatamiento a la nueva etapa del aislamiento estricto en el AMBA por el coronavirus \u00abest\u00e1 siendo alto\u00bb y agradeci\u00f3 a los bonaerenses \u00abque comprendieron la gravedad de la situaci\u00f3n\u00bb.<\/p>\n<p>\u00abEl acatamiento de este nuevo per\u00edodo de aislamiento preventivo est\u00e1 siendo alto, hubo un gran avance de los y las bonaerenses en la comprensi\u00f3n de la gravedad de la situaci\u00f3n y el avance de los contagios\u00bb, sostuvo.<\/p>\n<p>En la videoconferencia con los intendentes Kicillof realiz\u00f3 un balance de los primeros d\u00edas de la etapa de aislamiento social, preventivo y obligatorio que rige hasta el 17 de Julio, inform\u00f3 la gobernaci\u00f3n.<\/p>\n<p>El mandatario bonaerense dijo a los jefes comunales que \u00ablo m\u00e1s importante es que voluntariamente la ciudadan\u00eda tom\u00f3 conciencia de que la mejor decisi\u00f3n es cuidarse y quedarse en casa\u00bb.<\/p>\n<p>En horas de la ma\u00f1ana, la secretaria de Acceso a la Salud, Carla Vizzotti, se\u00f1al\u00f3 que el 92,7% de las personas atendidas en unidades de cuidados cr\u00edticos se encuentran en sanatorios de la Ciudad y la provincia de Buenos Aires.<\/p>\n<p>Vizzotti se refiri\u00f3 a las cuatro \u00e1reas del pa\u00eds en las que rige el Aislamiento Social, Preventivo y Obligatorio (el AMBA, Chaco, el departamento de Roca en R\u00edo Negro y la ciudad de Neuqu\u00e9n con su conglomerado urbano), y dijo que se \u00abdeben intensificar las medidas\u00bb para \u00abgenerar acciones de detecci\u00f3n precoz\u00bb y para \u00abcuidar a las personas que tienen la infecci\u00f3n\u00bb.<\/p>\n<p>En ese sentido, coment\u00f3 que el plan Detectar est\u00e1 activo \u00aben los seis barrios populares de la ciudad de Buenos Aires\u00bb, mientras que en otros 12 barrios est\u00e1 el \u00abDetectar m\u00f3vil\u00bb donde se busca a casos sospechosos \u00abcasa por casa\u00bb.<\/p>\n<p>En el plano internacional, el coronavirus sigue haciendo estragos en Estados Unidos, Brasil y otros pa\u00edses de Am\u00e9rica, mientras Europa contin\u00faa con los planes de reapertura econ\u00f3mica, pero se mantiene en alerta a cualquier foco o rebrote.<\/p>\n<p>Estados Unidos, el pa\u00eds m\u00e1s afectado del mundo por la Covid-19, registr\u00f3 m\u00e1s de 53.000 nuevos casos y super\u00f3 los 600 muertos en las \u00faltimas 24 horas, alcanzando un total de 2,78 millones de contagiados y 129.227 decesos desde el inicio de la pandemia, seg\u00fan la \u00faltima actualizaci\u00f3n de las cifras de la Universidad Johns Hopkins (JHU).<\/p>\n<p>Por su parte, M\u00e9xico super\u00f3 a Espa\u00f1a en el n\u00famero de muertes y se posiciona en el sexto lugar en mortalidad por la enfermedad con 29.189 casos.<\/p>\n<p>El pa\u00eds azteca alcanz\u00f3 los 238.511 contagios y hoy super\u00f3 a Ir\u00e1n, que con 235.429 es el und\u00e9cimo pa\u00eds con mayor n\u00famero de infectados, pese a que se refleja una \u00abtendencia de desaceleraci\u00f3n de la transmisi\u00f3n\u00bb, seg\u00fan sostuvo el director de Epidemiolog\u00eda del Gobierno, Jos\u00e9 Luis Alom\u00eda, inform\u00f3 la agencia de noticias EFE.<\/p>\n<p>No obstante, Am\u00e9rica sigue liderando los mayores casos de infectados en el mundo.<\/p>\n<p>Estados Unidos es secundado por Brasil, pa\u00eds que anoche notific\u00f3 48.105 nuevos enfermos, y cuyo total ascendi\u00f3 a 1.496.858, mientras que el n\u00famero de fallecidos alcanz\u00f3 los 61.884 (1.252 nuevos), seg\u00fan el balance del Ministerio de Salud.<\/p>\n","protected":false},"excerpt":{"rendered":"<p>Cincuenta y dos personas murieron, en un nuevo pico de decesos, y 2.845 fueron diagnosticadas con coronavirus en las \u00faltimas 24 horas en Argentina, mientras el presidente Alberto Fern\u00e1ndez analiz\u00f3 con el Jefe de Gobierno porte\u00f1o, Horacio Rodr\u00edguez Larreta, la marcha de la nueva fase del aislamiento estricto en la Ciudad de Buenos Aires.<\/p>\n","protected":false},"author":3,"featured_media":0,"comment_status":"closed","ping_status":"open","sticky":false,"template":"","format":"standard","meta":{"footnotes":""},"categories":[30],"tags":[],"class_list":["post-44030","post","type-post","status-publish","format-standard","hentry","category-salud"],"yoast_head":"<!-- This site is optimized with the Yoast SEO plugin v25.9 - https:\/\/yoast.com\/wordpress\/plugins\/seo\/ -->\n<title>Un total de 52 muertos y 2.845 contagiados, mientras se analizan resultados de las nuevas medidas - Noticias Radio Reflejos<\/title>\n<meta name=\"robots\" content=\"index, follow, max-snippet:-1, max-image-preview:large, max-video-preview:-1\" \/>\n<link rel=\"canonical\" href=\"https:\/\/www.noticiasradioreflejos.com.ar\/2021\/un-total-de-52-muertos-y-2-845-contagiados-mientras-se-analizan-resultados-de-las-nuevas-medidas\/\" \/>\n<meta property=\"og:locale\" content=\"es_ES\" \/>\n<meta property=\"og:type\" content=\"article\" \/>\n<meta property=\"og:title\" content=\"Un total de 52 muertos y 2.845 contagiados, mientras se analizan resultados de las nuevas medidas - Noticias Radio Reflejos\" \/>\n<meta property=\"og:description\" content=\"Cincuenta y dos personas murieron, en un nuevo pico de decesos, y 2.845 fueron diagnosticadas con coronavirus en las \u00faltimas 24 horas en Argentina, mientras el presidente Alberto Fern\u00e1ndez analiz\u00f3 con el Jefe de Gobierno porte\u00f1o, Horacio Rodr\u00edguez Larreta, la marcha de la nueva fase del aislamiento estricto en la Ciudad de Buenos Aires.\" \/>\n<meta property=\"og:url\" content=\"https:\/\/www.noticiasradioreflejos.com.ar\/2021\/un-total-de-52-muertos-y-2-845-contagiados-mientras-se-analizan-resultados-de-las-nuevas-medidas\/\" \/>\n<meta property=\"og:site_name\" content=\"Noticias Radio Reflejos\" \/>\n<meta property=\"article:published_time\" content=\"2020-07-03T23:54:46+00:00\" \/>\n<meta property=\"og:image\" content=\"https:\/\/www.noticiasradioreflejos.com.ar\/2021\/wp-content\/uploads\/2021\/07\/logosol300x200.png\" \/>\n\t<meta property=\"og:image:width\" content=\"300\" \/>\n\t<meta property=\"og:image:height\" content=\"200\" \/>\n\t<meta property=\"og:image:type\" content=\"image\/png\" \/>\n<meta name=\"author\" content=\"Arnaldo Botto\" \/>\n<meta name=\"twitter:card\" content=\"summary_large_image\" \/>\n<script type=\"application\/ld+json\" class=\"yoast-schema-graph\">{\"@context\":\"https:\/\/schema.org\",\"@graph\":[{\"@type\":\"WebPage\",\"@id\":\"https:\/\/www.noticiasradioreflejos.com.ar\/2021\/un-total-de-52-muertos-y-2-845-contagiados-mientras-se-analizan-resultados-de-las-nuevas-medidas\/\",\"url\":\"https:\/\/www.noticiasradioreflejos.com.ar\/2021\/un-total-de-52-muertos-y-2-845-contagiados-mientras-se-analizan-resultados-de-las-nuevas-medidas\/\",\"name\":\"Un total de 52 muertos y 2.845 contagiados, mientras se analizan resultados de las nuevas medidas - Noticias Radio Reflejos\",\"isPartOf\":{\"@id\":\"https:\/\/www.noticiasradioreflejos.com.ar\/2021\/#website\"},\"datePublished\":\"2020-07-03T23:54:46+00:00\",\"author\":{\"@id\":\"https:\/\/www.noticiasradioreflejos.com.ar\/2021\/#\/schema\/person\/ad82545263dcc5ec0996818884fd5fb1\"},\"breadcrumb\":{\"@id\":\"https:\/\/www.noticiasradioreflejos.com.ar\/2021\/un-total-de-52-muertos-y-2-845-contagiados-mientras-se-analizan-resultados-de-las-nuevas-medidas\/#breadcrumb\"},\"inLanguage\":\"es\",\"potentialAction\":[{\"@type\":\"ReadAction\",\"target\":[\"https:\/\/www.noticiasradioreflejos.com.ar\/2021\/un-total-de-52-muertos-y-2-845-contagiados-mientras-se-analizan-resultados-de-las-nuevas-medidas\/\"]}]},{\"@type\":\"BreadcrumbList\",\"@id\":\"https:\/\/www.noticiasradioreflejos.com.ar\/2021\/un-total-de-52-muertos-y-2-845-contagiados-mientras-se-analizan-resultados-de-las-nuevas-medidas\/#breadcrumb\",\"itemListElement\":[{\"@type\":\"ListItem\",\"position\":1,\"name\":\"Portada\",\"item\":\"https:\/\/www.noticiasradioreflejos.com.ar\/2021\/\"},{\"@type\":\"ListItem\",\"position\":2,\"name\":\"Un total de 52 muertos y 2.845 contagiados, mientras se analizan resultados de las nuevas medidas\"}]},{\"@type\":\"WebSite\",\"@id\":\"https:\/\/www.noticiasradioreflejos.com.ar\/2021\/#website\",\"url\":\"https:\/\/www.noticiasradioreflejos.com.ar\/2021\/\",\"name\":\"Noticias Radio Reflejos\",\"description\":\"Las noticias de mi comarca\",\"potentialAction\":[{\"@type\":\"SearchAction\",\"target\":{\"@type\":\"EntryPoint\",\"urlTemplate\":\"https:\/\/www.noticiasradioreflejos.com.ar\/2021\/?s={search_term_string}\"},\"query-input\":{\"@type\":\"PropertyValueSpecification\",\"valueRequired\":true,\"valueName\":\"search_term_string\"}}],\"inLanguage\":\"es\"},{\"@type\":\"Person\",\"@id\":\"https:\/\/www.noticiasradioreflejos.com.ar\/2021\/#\/schema\/person\/ad82545263dcc5ec0996818884fd5fb1\",\"name\":\"Arnaldo Botto\",\"image\":{\"@type\":\"ImageObject\",\"inLanguage\":\"es\",\"@id\":\"https:\/\/www.noticiasradioreflejos.com.ar\/2021\/#\/schema\/person\/image\/\",\"url\":\"https:\/\/secure.gravatar.com\/avatar\/55cb5e37c1efa326397366e6974cb338056df65cb50e7d64d1cf314e87504837?s=96&d=mm&r=g\",\"contentUrl\":\"https:\/\/secure.gravatar.com\/avatar\/55cb5e37c1efa326397366e6974cb338056df65cb50e7d64d1cf314e87504837?s=96&d=mm&r=g\",\"caption\":\"Arnaldo Botto\"},\"url\":\"https:\/\/www.noticiasradioreflejos.com.ar\/2021\/author\/arnaldo\/\"}]}<\/script>\n<!-- \/ Yoast SEO plugin. -->","yoast_head_json":{"title":"Un total de 52 muertos y 2.845 contagiados, mientras se analizan resultados de las nuevas medidas - Noticias Radio Reflejos","robots":{"index":"index","follow":"follow","max-snippet":"max-snippet:-1","max-image-preview":"max-image-preview:large","max-video-preview":"max-video-preview:-1"},"canonical":"https:\/\/www.noticiasradioreflejos.com.ar\/2021\/un-total-de-52-muertos-y-2-845-contagiados-mientras-se-analizan-resultados-de-las-nuevas-medidas\/","og_locale":"es_ES","og_type":"article","og_title":"Un total de 52 muertos y 2.845 contagiados, mientras se analizan resultados de las nuevas medidas - Noticias Radio Reflejos","og_description":"Cincuenta y dos personas murieron, en un nuevo pico de decesos, y 2.845 fueron diagnosticadas con coronavirus en las \u00faltimas 24 horas en Argentina, mientras el presidente Alberto Fern\u00e1ndez analiz\u00f3 con el Jefe de Gobierno porte\u00f1o, Horacio Rodr\u00edguez Larreta, la marcha de la nueva fase del aislamiento estricto en la Ciudad de Buenos Aires.","og_url":"https:\/\/www.noticiasradioreflejos.com.ar\/2021\/un-total-de-52-muertos-y-2-845-contagiados-mientras-se-analizan-resultados-de-las-nuevas-medidas\/","og_site_name":"Noticias Radio Reflejos","article_published_time":"2020-07-03T23:54:46+00:00","og_image":[{"width":300,"height":200,"url":"https:\/\/www.noticiasradioreflejos.com.ar\/2021\/wp-content\/uploads\/2021\/07\/logosol300x200.png","type":"image\/png"}],"author":"Arnaldo Botto","twitter_card":"summary_large_image","schema":{"@context":"https:\/\/schema.org","@graph":[{"@type":"WebPage","@id":"https:\/\/www.noticiasradioreflejos.com.ar\/2021\/un-total-de-52-muertos-y-2-845-contagiados-mientras-se-analizan-resultados-de-las-nuevas-medidas\/","url":"https:\/\/www.noticiasradioreflejos.com.ar\/2021\/un-total-de-52-muertos-y-2-845-contagiados-mientras-se-analizan-resultados-de-las-nuevas-medidas\/","name":"Un total de 52 muertos y 2.845 contagiados, mientras se analizan resultados de las nuevas medidas - Noticias Radio Reflejos","isPartOf":{"@id":"https:\/\/www.noticiasradioreflejos.com.ar\/2021\/#website"},"datePublished":"2020-07-03T23:54:46+00:00","author":{"@id":"https:\/\/www.noticiasradioreflejos.com.ar\/2021\/#\/schema\/person\/ad82545263dcc5ec0996818884fd5fb1"},"breadcrumb":{"@id":"https:\/\/www.noticiasradioreflejos.com.ar\/2021\/un-total-de-52-muertos-y-2-845-contagiados-mientras-se-analizan-resultados-de-las-nuevas-medidas\/#breadcrumb"},"inLanguage":"es","potentialAction":[{"@type":"ReadAction","target":["https:\/\/www.noticiasradioreflejos.com.ar\/2021\/un-total-de-52-muertos-y-2-845-contagiados-mientras-se-analizan-resultados-de-las-nuevas-medidas\/"]}]},{"@type":"BreadcrumbList","@id":"https:\/\/www.noticiasradioreflejos.com.ar\/2021\/un-total-de-52-muertos-y-2-845-contagiados-mientras-se-analizan-resultados-de-las-nuevas-medidas\/#breadcrumb","itemListElement":[{"@type":"ListItem","position":1,"name":"Portada","item":"https:\/\/www.noticiasradioreflejos.com.ar\/2021\/"},{"@type":"ListItem","position":2,"name":"Un total de 52 muertos y 2.845 contagiados, mientras se analizan resultados de las nuevas medidas"}]},{"@type":"WebSite","@id":"https:\/\/www.noticiasradioreflejos.com.ar\/2021\/#website","url":"https:\/\/www.noticiasradioreflejos.com.ar\/2021\/","name":"Noticias Radio Reflejos","description":"Las noticias de mi comarca","potentialAction":[{"@type":"SearchAction","target":{"@type":"EntryPoint","urlTemplate":"https:\/\/www.noticiasradioreflejos.com.ar\/2021\/?s={search_term_string}"},"query-input":{"@type":"PropertyValueSpecification","valueRequired":true,"valueName":"search_term_string"}}],"inLanguage":"es"},{"@type":"Person","@id":"https:\/\/www.noticiasradioreflejos.com.ar\/2021\/#\/schema\/person\/ad82545263dcc5ec0996818884fd5fb1","name":"Arnaldo Botto","image":{"@type":"ImageObject","inLanguage":"es","@id":"https:\/\/www.noticiasradioreflejos.com.ar\/2021\/#\/schema\/person\/image\/","url":"https:\/\/secure.gravatar.com\/avatar\/55cb5e37c1efa326397366e6974cb338056df65cb50e7d64d1cf314e87504837?s=96&d=mm&r=g","contentUrl":"https:\/\/secure.gravatar.com\/avatar\/55cb5e37c1efa326397366e6974cb338056df65cb50e7d64d1cf314e87504837?s=96&d=mm&r=g","caption":"Arnaldo Botto"},"url":"https:\/\/www.noticiasradioreflejos.com.ar\/2021\/author\/arnaldo\/"}]}},"_links":{"self":[{"href":"https:\/\/www.noticiasradioreflejos.com.ar\/2021\/wp-json\/wp\/v2\/posts\/44030","targetHints":{"allow":["GET"]}}],"collection":[{"href":"https:\/\/www.noticiasradioreflejos.com.ar\/2021\/wp-json\/wp\/v2\/posts"}],"about":[{"href":"https:\/\/www.noticiasradioreflejos.com.ar\/2021\/wp-json\/wp\/v2\/types\/post"}],"author":[{"embeddable":true,"href":"https:\/\/www.noticiasradioreflejos.com.ar\/2021\/wp-json\/wp\/v2\/users\/3"}],"replies":[{"embeddable":true,"href":"https:\/\/www.noticiasradioreflejos.com.ar\/2021\/wp-json\/wp\/v2\/comments?post=44030"}],"version-history":[{"count":0,"href":"https:\/\/www.noticiasradioreflejos.com.ar\/2021\/wp-json\/wp\/v2\/posts\/44030\/revisions"}],"wp:attachment":[{"href":"https:\/\/www.noticiasradioreflejos.com.ar\/2021\/wp-json\/wp\/v2\/media?parent=44030"}],"wp:term":[{"taxonomy":"category","embeddable":true,"href":"https:\/\/www.noticiasradioreflejos.com.ar\/2021\/wp-json\/wp\/v2\/categories?post=44030"},{"taxonomy":"post_tag","embeddable":true,"href":"https:\/\/www.noticiasradioreflejos.com.ar\/2021\/wp-json\/wp\/v2\/tags?post=44030"}],"curies":[{"name":"wp","href":"https:\/\/api.w.org\/{rel}","templated":true}]}}