{"id":44026,"date":"2020-07-03T20:23:06","date_gmt":"2020-07-03T23:23:06","guid":{"rendered":"http:\/\/www.noticiasradioreflejos.com.ar\/noticias\/?p=44026"},"modified":"2020-07-03T20:23:06","modified_gmt":"2020-07-03T23:23:06","slug":"cobranza-de-cuotas-sociales","status":"publish","type":"post","link":"https:\/\/www.noticiasradioreflejos.com.ar\/2021\/cobranza-de-cuotas-sociales\/","title":{"rendered":"Cobranza de cuotas sociales"},"content":{"rendered":"<p>La Asociaci\u00f3n de Bomberos Voluntarios de Villa Ventana informa que se ha reducido considerablemente la recaudaci\u00f3n de las cuotas de socios,<!--more--><\/p>\n<p> pasando a ser pr\u00e1cticamente insignificante el monto percibido, provocando serias dificultades en el pago de los gastos fijos mensuales que debe afrontar el Cuartel para su normal funcionamiento. En estos d\u00edas ya est\u00e1 al cobro el segundo semestre para todos aquellos que no efectuaron el pago anual, y l\u00f3gicamente las cuotas mensuales. Para tal fin se ha habilitado un puesto de cobranza en la Avenida Cruz del Sur y Tacuarita, adem\u00e1s de ofrecerles la alternativa de efectuar el pago por medio de transferencia bancaria. Quiz\u00e1s en los pr\u00f3ximos d\u00edas se vuelva a comenzar la cobranza por medio de la visita del cobrador.<br \/>\n    La operatoria ser\u00eda la siguiente para la operatoria bancaria:<br \/>\nSi desconoce hasta que mes abon\u00f3, consultar la deuda por WhatsApp al siguiente n\u00famero: 291-5037510. Nuestro cobrador Gregorio Le\u00f3n, les informar\u00e1 lo adeudado hasta la fecha.<br \/>\nUna vez obtenido el importe pueden efectuar el dep\u00f3sito:<br \/>\nTitular: Asociaci\u00f3n de Bomberos Voluntarios de Villa Ventana<br \/>\nCuenta Corriente Banco de la Provincia de Buenos Aires-Suc. Sierra de la Ventana<br \/>\nN\u00famero de Cuenta: 6244-480\/4<br \/>\nCUIT: 30-70798198-5<br \/>\nCBU: 0140465801624400048045<br \/>\nTANGO.SANDIA.CARTA<br \/>\nLuego de haber realizado la transferencia enviar foto del comprobante a nuestro cobrador, al WhatsApp antes mencionado o al correo electr\u00f3nico: gregorioernestoleon@gmail.com, cu\u00e1ndo la reciba les extender\u00e1 el comprobante de cobro y les enviar\u00e1 una foto del recibo para acreditar el pago, los comprobantes en papel les ser\u00e1n entregados cu\u00e1ndo se levante la cuarentena.<\/p>\n<p>Los costos operativos mensuales son altos como en toda actividad y normalmente los vamos cubriendo con el ingreso de las cuotas sociales, y con una parte de los subsidios que estamos autorizados a disponer para tales fines. Hoy no disponemos de esos fondos y las reservas se nos est\u00e1n agotando.<br \/>\nHemos tenido que invertir en barbijos, desinfectantes y dem\u00e1s para prevenir los contagios del Coronavirus. Se han extremado las medidas de control para evitar contagios, al estar tan expuestos.<br \/>\nC\u00f3mo todos tienen conocimiento se ha estado colaborando en forma permanente en los controles del ingreso de autom\u00f3viles a la localidad.<br \/>\nDesde ya agradecemos a todos los que puedan aportar su ayuda, ser\u00e1 bienvenida. Hoy m\u00e1s que nunca necesitamos contar el aporte de los asociados.<\/p>\n","protected":false},"excerpt":{"rendered":"<p>La Asociaci\u00f3n de Bomberos Voluntarios de Villa Ventana informa que se ha reducido considerablemente la recaudaci\u00f3n de las cuotas de socios,<\/p>\n","protected":false},"author":3,"featured_media":0,"comment_status":"closed","ping_status":"open","sticky":false,"template":"","format":"standard","meta":{"footnotes":""},"categories":[26],"tags":[],"class_list":["post-44026","post","type-post","status-publish","format-standard","hentry","category-sociedad"],"yoast_head":"<!-- This site is optimized with the Yoast SEO plugin v25.9 - https:\/\/yoast.com\/wordpress\/plugins\/seo\/ -->\n<title>Cobranza de cuotas sociales - Noticias Radio Reflejos<\/title>\n<meta name=\"robots\" content=\"index, follow, max-snippet:-1, max-image-preview:large, max-video-preview:-1\" \/>\n<link rel=\"canonical\" href=\"https:\/\/www.noticiasradioreflejos.com.ar\/2021\/cobranza-de-cuotas-sociales\/\" \/>\n<meta property=\"og:locale\" content=\"es_ES\" \/>\n<meta property=\"og:type\" content=\"article\" \/>\n<meta property=\"og:title\" content=\"Cobranza de cuotas sociales - Noticias Radio Reflejos\" \/>\n<meta property=\"og:description\" content=\"La Asociaci\u00f3n de Bomberos Voluntarios de Villa Ventana informa que se ha reducido considerablemente la recaudaci\u00f3n de las cuotas de socios,\" \/>\n<meta property=\"og:url\" content=\"https:\/\/www.noticiasradioreflejos.com.ar\/2021\/cobranza-de-cuotas-sociales\/\" \/>\n<meta property=\"og:site_name\" content=\"Noticias Radio Reflejos\" \/>\n<meta property=\"article:published_time\" content=\"2020-07-03T23:23:06+00:00\" \/>\n<meta property=\"og:image\" content=\"https:\/\/www.noticiasradioreflejos.com.ar\/2021\/wp-content\/uploads\/2018\/07\/bomberos-villa-ventana.jpg\" \/>\n\t<meta property=\"og:image:width\" content=\"200\" \/>\n\t<meta property=\"og:image:height\" content=\"258\" \/>\n\t<meta property=\"og:image:type\" content=\"image\/jpeg\" \/>\n<meta name=\"author\" content=\"Arnaldo Botto\" \/>\n<meta name=\"twitter:card\" content=\"summary_large_image\" \/>\n<script type=\"application\/ld+json\" class=\"yoast-schema-graph\">{\"@context\":\"https:\/\/schema.org\",\"@graph\":[{\"@type\":\"WebPage\",\"@id\":\"https:\/\/www.noticiasradioreflejos.com.ar\/2021\/cobranza-de-cuotas-sociales\/\",\"url\":\"https:\/\/www.noticiasradioreflejos.com.ar\/2021\/cobranza-de-cuotas-sociales\/\",\"name\":\"Cobranza de cuotas sociales - Noticias Radio Reflejos\",\"isPartOf\":{\"@id\":\"https:\/\/www.noticiasradioreflejos.com.ar\/2021\/#website\"},\"datePublished\":\"2020-07-03T23:23:06+00:00\",\"author\":{\"@id\":\"https:\/\/www.noticiasradioreflejos.com.ar\/2021\/#\/schema\/person\/ad82545263dcc5ec0996818884fd5fb1\"},\"breadcrumb\":{\"@id\":\"https:\/\/www.noticiasradioreflejos.com.ar\/2021\/cobranza-de-cuotas-sociales\/#breadcrumb\"},\"inLanguage\":\"es\",\"potentialAction\":[{\"@type\":\"ReadAction\",\"target\":[\"https:\/\/www.noticiasradioreflejos.com.ar\/2021\/cobranza-de-cuotas-sociales\/\"]}]},{\"@type\":\"BreadcrumbList\",\"@id\":\"https:\/\/www.noticiasradioreflejos.com.ar\/2021\/cobranza-de-cuotas-sociales\/#breadcrumb\",\"itemListElement\":[{\"@type\":\"ListItem\",\"position\":1,\"name\":\"Portada\",\"item\":\"https:\/\/www.noticiasradioreflejos.com.ar\/2021\/\"},{\"@type\":\"ListItem\",\"position\":2,\"name\":\"Cobranza de cuotas sociales\"}]},{\"@type\":\"WebSite\",\"@id\":\"https:\/\/www.noticiasradioreflejos.com.ar\/2021\/#website\",\"url\":\"https:\/\/www.noticiasradioreflejos.com.ar\/2021\/\",\"name\":\"Noticias Radio Reflejos\",\"description\":\"Las noticias de mi comarca\",\"potentialAction\":[{\"@type\":\"SearchAction\",\"target\":{\"@type\":\"EntryPoint\",\"urlTemplate\":\"https:\/\/www.noticiasradioreflejos.com.ar\/2021\/?s={search_term_string}\"},\"query-input\":{\"@type\":\"PropertyValueSpecification\",\"valueRequired\":true,\"valueName\":\"search_term_string\"}}],\"inLanguage\":\"es\"},{\"@type\":\"Person\",\"@id\":\"https:\/\/www.noticiasradioreflejos.com.ar\/2021\/#\/schema\/person\/ad82545263dcc5ec0996818884fd5fb1\",\"name\":\"Arnaldo Botto\",\"image\":{\"@type\":\"ImageObject\",\"inLanguage\":\"es\",\"@id\":\"https:\/\/www.noticiasradioreflejos.com.ar\/2021\/#\/schema\/person\/image\/\",\"url\":\"https:\/\/secure.gravatar.com\/avatar\/55cb5e37c1efa326397366e6974cb338056df65cb50e7d64d1cf314e87504837?s=96&d=mm&r=g\",\"contentUrl\":\"https:\/\/secure.gravatar.com\/avatar\/55cb5e37c1efa326397366e6974cb338056df65cb50e7d64d1cf314e87504837?s=96&d=mm&r=g\",\"caption\":\"Arnaldo Botto\"},\"url\":\"https:\/\/www.noticiasradioreflejos.com.ar\/2021\/author\/arnaldo\/\"}]}<\/script>\n<!-- \/ Yoast SEO plugin. -->","yoast_head_json":{"title":"Cobranza de cuotas sociales - Noticias Radio Reflejos","robots":{"index":"index","follow":"follow","max-snippet":"max-snippet:-1","max-image-preview":"max-image-preview:large","max-video-preview":"max-video-preview:-1"},"canonical":"https:\/\/www.noticiasradioreflejos.com.ar\/2021\/cobranza-de-cuotas-sociales\/","og_locale":"es_ES","og_type":"article","og_title":"Cobranza de cuotas sociales - Noticias Radio Reflejos","og_description":"La Asociaci\u00f3n de Bomberos Voluntarios de Villa Ventana informa que se ha reducido considerablemente la recaudaci\u00f3n de las cuotas de socios,","og_url":"https:\/\/www.noticiasradioreflejos.com.ar\/2021\/cobranza-de-cuotas-sociales\/","og_site_name":"Noticias Radio Reflejos","article_published_time":"2020-07-03T23:23:06+00:00","og_image":[{"width":200,"height":258,"url":"https:\/\/www.noticiasradioreflejos.com.ar\/2021\/wp-content\/uploads\/2018\/07\/bomberos-villa-ventana.jpg","type":"image\/jpeg"}],"author":"Arnaldo Botto","twitter_card":"summary_large_image","schema":{"@context":"https:\/\/schema.org","@graph":[{"@type":"WebPage","@id":"https:\/\/www.noticiasradioreflejos.com.ar\/2021\/cobranza-de-cuotas-sociales\/","url":"https:\/\/www.noticiasradioreflejos.com.ar\/2021\/cobranza-de-cuotas-sociales\/","name":"Cobranza de cuotas sociales - Noticias Radio Reflejos","isPartOf":{"@id":"https:\/\/www.noticiasradioreflejos.com.ar\/2021\/#website"},"datePublished":"2020-07-03T23:23:06+00:00","author":{"@id":"https:\/\/www.noticiasradioreflejos.com.ar\/2021\/#\/schema\/person\/ad82545263dcc5ec0996818884fd5fb1"},"breadcrumb":{"@id":"https:\/\/www.noticiasradioreflejos.com.ar\/2021\/cobranza-de-cuotas-sociales\/#breadcrumb"},"inLanguage":"es","potentialAction":[{"@type":"ReadAction","target":["https:\/\/www.noticiasradioreflejos.com.ar\/2021\/cobranza-de-cuotas-sociales\/"]}]},{"@type":"BreadcrumbList","@id":"https:\/\/www.noticiasradioreflejos.com.ar\/2021\/cobranza-de-cuotas-sociales\/#breadcrumb","itemListElement":[{"@type":"ListItem","position":1,"name":"Portada","item":"https:\/\/www.noticiasradioreflejos.com.ar\/2021\/"},{"@type":"ListItem","position":2,"name":"Cobranza de cuotas sociales"}]},{"@type":"WebSite","@id":"https:\/\/www.noticiasradioreflejos.com.ar\/2021\/#website","url":"https:\/\/www.noticiasradioreflejos.com.ar\/2021\/","name":"Noticias Radio Reflejos","description":"Las noticias de mi comarca","potentialAction":[{"@type":"SearchAction","target":{"@type":"EntryPoint","urlTemplate":"https:\/\/www.noticiasradioreflejos.com.ar\/2021\/?s={search_term_string}"},"query-input":{"@type":"PropertyValueSpecification","valueRequired":true,"valueName":"search_term_string"}}],"inLanguage":"es"},{"@type":"Person","@id":"https:\/\/www.noticiasradioreflejos.com.ar\/2021\/#\/schema\/person\/ad82545263dcc5ec0996818884fd5fb1","name":"Arnaldo Botto","image":{"@type":"ImageObject","inLanguage":"es","@id":"https:\/\/www.noticiasradioreflejos.com.ar\/2021\/#\/schema\/person\/image\/","url":"https:\/\/secure.gravatar.com\/avatar\/55cb5e37c1efa326397366e6974cb338056df65cb50e7d64d1cf314e87504837?s=96&d=mm&r=g","contentUrl":"https:\/\/secure.gravatar.com\/avatar\/55cb5e37c1efa326397366e6974cb338056df65cb50e7d64d1cf314e87504837?s=96&d=mm&r=g","caption":"Arnaldo Botto"},"url":"https:\/\/www.noticiasradioreflejos.com.ar\/2021\/author\/arnaldo\/"}]}},"_links":{"self":[{"href":"https:\/\/www.noticiasradioreflejos.com.ar\/2021\/wp-json\/wp\/v2\/posts\/44026","targetHints":{"allow":["GET"]}}],"collection":[{"href":"https:\/\/www.noticiasradioreflejos.com.ar\/2021\/wp-json\/wp\/v2\/posts"}],"about":[{"href":"https:\/\/www.noticiasradioreflejos.com.ar\/2021\/wp-json\/wp\/v2\/types\/post"}],"author":[{"embeddable":true,"href":"https:\/\/www.noticiasradioreflejos.com.ar\/2021\/wp-json\/wp\/v2\/users\/3"}],"replies":[{"embeddable":true,"href":"https:\/\/www.noticiasradioreflejos.com.ar\/2021\/wp-json\/wp\/v2\/comments?post=44026"}],"version-history":[{"count":0,"href":"https:\/\/www.noticiasradioreflejos.com.ar\/2021\/wp-json\/wp\/v2\/posts\/44026\/revisions"}],"wp:attachment":[{"href":"https:\/\/www.noticiasradioreflejos.com.ar\/2021\/wp-json\/wp\/v2\/media?parent=44026"}],"wp:term":[{"taxonomy":"category","embeddable":true,"href":"https:\/\/www.noticiasradioreflejos.com.ar\/2021\/wp-json\/wp\/v2\/categories?post=44026"},{"taxonomy":"post_tag","embeddable":true,"href":"https:\/\/www.noticiasradioreflejos.com.ar\/2021\/wp-json\/wp\/v2\/tags?post=44026"}],"curies":[{"name":"wp","href":"https:\/\/api.w.org\/{rel}","templated":true}]}}