{"id":43985,"date":"2020-07-03T10:55:38","date_gmt":"2020-07-03T13:55:38","guid":{"rendered":"http:\/\/www.noticiasradioreflejos.com.ar\/noticias\/?p=43985"},"modified":"2020-07-03T10:55:38","modified_gmt":"2020-07-03T13:55:38","slug":"upso-en-tornquist-dos-carreras-universitarias-y-capacitacion-para-concejales","status":"publish","type":"post","link":"https:\/\/www.noticiasradioreflejos.com.ar\/2021\/upso-en-tornquist-dos-carreras-universitarias-y-capacitacion-para-concejales\/","title":{"rendered":"UPSO en Tornquist: dos carreras universitarias y capacitaci\u00f3n para concejales"},"content":{"rendered":"<p>El d\u00eda mi\u00e9rcoles 1 de Julio, el intendente municipal Sergio Bordoni y el Secretario de Desarrollo Gonzalo Iparraguirre se reunieron con el Director de la Unidad Acad\u00e9mica Vico Frattini, el Rector de la Universidad Provincial de Sudoeste, Hern\u00e1n Vigier, y la Secretaria Acad\u00e9mica Mar\u00eda Dietz, para continuar con el trabajo conjunto y complementario que el Instituto terciario local y UPSO vienen llevando adelante en el marco de un convenio de trabajo tripartito que ya lleva m\u00c1s de cuatro a\u00f1os en nuestro distrito. En el encuentro se formaliz\u00f3 el acuerdo sobre las nuevas carreras universitarias que se dictar\u00e1n, a partir del 2021, en la localidad de Tornquist. <!--more--><br \/>\nEn el ciclo educativo del pr\u00f3ximo a\u00f1o, la sede Tornquist de la Upso sita en la Unidad Acad\u00e9mica, contar\u00e1 con dos carreras que se dictar\u00e1n en simult\u00e1neo y podr\u00e1n ser correlativas:<br \/>\n\u2022 Tecnicatura en Asuntos Municipales, que tendr\u00e1 una duraci\u00f3n de 3 a\u00f1os,<br \/>\n\u2022 Licenciatura en Pol\u00edtica Local y Gesti\u00f3n P\u00fablica, duraci\u00f3n de 4 a\u00f1os.<\/p>\n<p><a title=\"WhatsApp Image 2020-07-03 at 10.09.24\" href=\"http:\/\/live.staticflickr.com\/65535\/50071269003_e8fb86fd39_s.jpg\" rel=\"\"><img loading=\"lazy\" decoding=\"async\" class=\"alignleft\" style=\"float: left;\" title=\"WhatsApp Image 2020-07-03 at 10.09.24\" src=\"http:\/\/live.staticflickr.com\/65535\/50071269003_e8fb86fd39.jpg\" alt=\"WhatsApp Image 2020-07-03 at 10.09.24\" width=\"500\" height=\"375\" \/><\/a>Quienes hayan realizado la Diplomatura en Asuntos Municipales contar\u00e1n con equivalencias en las asignaturas ya realizadas. Es importante destacar, que ambas carreras, y todas las desarrolladas por la UPSO, son gratuitas y no exigen examen de ingreso. Estas carreras se sumar\u00e1n a la oferta de al menos dos carreras que dictar\u00e1 nuestro Instituto superior local La amplia oferta de educaci\u00f3n superior que el Municipio, junto al Instituto Superior y la UPSO vienen llevando adelante, continuar\u00e1 despleg\u00e1ndose en las localidades de Tornquist, Sierra de la Ventana y Saldungaray.<\/p>\n<p>Asimismo, con la presencia de los concejales Viviana Montibeller, Beatriz D\u00edaz, Elizabeth Nori y Sebastian Bassi, se formaliz\u00f3 el proyecto de capacitaci\u00f3n para los Concejales del HCD, denominada \u201cCiclo de Charlas con Municipios del Sudoeste Bonaerense\u00bb. El mismo es el resultado de un trabajo de tesis propuesto al bloque Cambiemos por el vecino de Sierra de la Ventana, Manuel Gonz\u00e1lez S\u00e1enz, con el objetivo de promover en primera instancia, la formaci\u00f3n para los ediles de nuestro Municipio, que fue extendido por la UPSO a todos los municipios del sudoeste.<\/p>\n<p>Todas estas acciones de desarrollo educativo y generaci\u00f3n de oportunidades para los habitantes del Distrito se encuentran enmarcadas dentro de la Agenda Tornquist 2030, el instrumento de planificaci\u00f3n municipal que da continuidad al Plan Estrat\u00e9gico 2020.<\/p>\n","protected":false},"excerpt":{"rendered":"<p>El d\u00eda mi\u00e9rcoles 1 de Julio, el intendente municipal Sergio Bordoni y el Secretario de Desarrollo Gonzalo Iparraguirre se reunieron con el Director de la Unidad Acad\u00e9mica Vico Frattini, el Rector de la Universidad Provincial de Sudoeste, Hern\u00e1n Vigier, y la Secretaria Acad\u00e9mica Mar\u00eda Dietz, para continuar con el trabajo conjunto y complementario que el [&hellip;]<\/p>\n","protected":false},"author":3,"featured_media":0,"comment_status":"closed","ping_status":"open","sticky":false,"template":"","format":"standard","meta":{"footnotes":""},"categories":[34],"tags":[],"class_list":["post-43985","post","type-post","status-publish","format-standard","hentry","category-educacion"],"yoast_head":"<!-- This site is optimized with the Yoast SEO plugin v25.9 - https:\/\/yoast.com\/wordpress\/plugins\/seo\/ -->\n<title>UPSO en Tornquist: dos carreras universitarias y capacitaci\u00f3n para concejales - Noticias Radio Reflejos<\/title>\n<meta name=\"robots\" content=\"index, follow, max-snippet:-1, max-image-preview:large, max-video-preview:-1\" \/>\n<link rel=\"canonical\" href=\"https:\/\/www.noticiasradioreflejos.com.ar\/2021\/upso-en-tornquist-dos-carreras-universitarias-y-capacitacion-para-concejales\/\" \/>\n<meta property=\"og:locale\" content=\"es_ES\" \/>\n<meta property=\"og:type\" content=\"article\" \/>\n<meta property=\"og:title\" content=\"UPSO en Tornquist: dos carreras universitarias y capacitaci\u00f3n para concejales - Noticias Radio Reflejos\" \/>\n<meta property=\"og:description\" content=\"El d\u00eda mi\u00e9rcoles 1 de Julio, el intendente municipal Sergio Bordoni y el Secretario de Desarrollo Gonzalo Iparraguirre se reunieron con el Director de la Unidad Acad\u00e9mica Vico Frattini, el Rector de la Universidad Provincial de Sudoeste, Hern\u00e1n Vigier, y la Secretaria Acad\u00e9mica Mar\u00eda Dietz, para continuar con el trabajo conjunto y complementario que el [&hellip;]\" \/>\n<meta property=\"og:url\" content=\"https:\/\/www.noticiasradioreflejos.com.ar\/2021\/upso-en-tornquist-dos-carreras-universitarias-y-capacitacion-para-concejales\/\" \/>\n<meta property=\"og:site_name\" content=\"Noticias Radio Reflejos\" \/>\n<meta property=\"article:published_time\" content=\"2020-07-03T13:55:38+00:00\" \/>\n<meta property=\"og:image\" content=\"http:\/\/live.staticflickr.com\/65535\/50071269003_e8fb86fd39.jpg\" \/>\n<meta name=\"author\" content=\"Arnaldo Botto\" \/>\n<meta name=\"twitter:card\" content=\"summary_large_image\" \/>\n<script type=\"application\/ld+json\" class=\"yoast-schema-graph\">{\"@context\":\"https:\/\/schema.org\",\"@graph\":[{\"@type\":\"WebPage\",\"@id\":\"https:\/\/www.noticiasradioreflejos.com.ar\/2021\/upso-en-tornquist-dos-carreras-universitarias-y-capacitacion-para-concejales\/\",\"url\":\"https:\/\/www.noticiasradioreflejos.com.ar\/2021\/upso-en-tornquist-dos-carreras-universitarias-y-capacitacion-para-concejales\/\",\"name\":\"UPSO en Tornquist: dos carreras universitarias y capacitaci\u00f3n para concejales - Noticias Radio Reflejos\",\"isPartOf\":{\"@id\":\"https:\/\/www.noticiasradioreflejos.com.ar\/2021\/#website\"},\"primaryImageOfPage\":{\"@id\":\"https:\/\/www.noticiasradioreflejos.com.ar\/2021\/upso-en-tornquist-dos-carreras-universitarias-y-capacitacion-para-concejales\/#primaryimage\"},\"image\":{\"@id\":\"https:\/\/www.noticiasradioreflejos.com.ar\/2021\/upso-en-tornquist-dos-carreras-universitarias-y-capacitacion-para-concejales\/#primaryimage\"},\"thumbnailUrl\":\"http:\/\/live.staticflickr.com\/65535\/50071269003_e8fb86fd39.jpg\",\"datePublished\":\"2020-07-03T13:55:38+00:00\",\"author\":{\"@id\":\"https:\/\/www.noticiasradioreflejos.com.ar\/2021\/#\/schema\/person\/ad82545263dcc5ec0996818884fd5fb1\"},\"breadcrumb\":{\"@id\":\"https:\/\/www.noticiasradioreflejos.com.ar\/2021\/upso-en-tornquist-dos-carreras-universitarias-y-capacitacion-para-concejales\/#breadcrumb\"},\"inLanguage\":\"es\",\"potentialAction\":[{\"@type\":\"ReadAction\",\"target\":[\"https:\/\/www.noticiasradioreflejos.com.ar\/2021\/upso-en-tornquist-dos-carreras-universitarias-y-capacitacion-para-concejales\/\"]}]},{\"@type\":\"ImageObject\",\"inLanguage\":\"es\",\"@id\":\"https:\/\/www.noticiasradioreflejos.com.ar\/2021\/upso-en-tornquist-dos-carreras-universitarias-y-capacitacion-para-concejales\/#primaryimage\",\"url\":\"http:\/\/live.staticflickr.com\/65535\/50071269003_e8fb86fd39.jpg\",\"contentUrl\":\"http:\/\/live.staticflickr.com\/65535\/50071269003_e8fb86fd39.jpg\"},{\"@type\":\"BreadcrumbList\",\"@id\":\"https:\/\/www.noticiasradioreflejos.com.ar\/2021\/upso-en-tornquist-dos-carreras-universitarias-y-capacitacion-para-concejales\/#breadcrumb\",\"itemListElement\":[{\"@type\":\"ListItem\",\"position\":1,\"name\":\"Portada\",\"item\":\"https:\/\/www.noticiasradioreflejos.com.ar\/2021\/\"},{\"@type\":\"ListItem\",\"position\":2,\"name\":\"UPSO en Tornquist: dos carreras universitarias y capacitaci\u00f3n para concejales\"}]},{\"@type\":\"WebSite\",\"@id\":\"https:\/\/www.noticiasradioreflejos.com.ar\/2021\/#website\",\"url\":\"https:\/\/www.noticiasradioreflejos.com.ar\/2021\/\",\"name\":\"Noticias Radio Reflejos\",\"description\":\"Las noticias de mi comarca\",\"potentialAction\":[{\"@type\":\"SearchAction\",\"target\":{\"@type\":\"EntryPoint\",\"urlTemplate\":\"https:\/\/www.noticiasradioreflejos.com.ar\/2021\/?s={search_term_string}\"},\"query-input\":{\"@type\":\"PropertyValueSpecification\",\"valueRequired\":true,\"valueName\":\"search_term_string\"}}],\"inLanguage\":\"es\"},{\"@type\":\"Person\",\"@id\":\"https:\/\/www.noticiasradioreflejos.com.ar\/2021\/#\/schema\/person\/ad82545263dcc5ec0996818884fd5fb1\",\"name\":\"Arnaldo Botto\",\"image\":{\"@type\":\"ImageObject\",\"inLanguage\":\"es\",\"@id\":\"https:\/\/www.noticiasradioreflejos.com.ar\/2021\/#\/schema\/person\/image\/\",\"url\":\"https:\/\/secure.gravatar.com\/avatar\/55cb5e37c1efa326397366e6974cb338056df65cb50e7d64d1cf314e87504837?s=96&d=mm&r=g\",\"contentUrl\":\"https:\/\/secure.gravatar.com\/avatar\/55cb5e37c1efa326397366e6974cb338056df65cb50e7d64d1cf314e87504837?s=96&d=mm&r=g\",\"caption\":\"Arnaldo Botto\"},\"url\":\"https:\/\/www.noticiasradioreflejos.com.ar\/2021\/author\/arnaldo\/\"}]}<\/script>\n<!-- \/ Yoast SEO plugin. -->","yoast_head_json":{"title":"UPSO en Tornquist: dos carreras universitarias y capacitaci\u00f3n para concejales - Noticias Radio Reflejos","robots":{"index":"index","follow":"follow","max-snippet":"max-snippet:-1","max-image-preview":"max-image-preview:large","max-video-preview":"max-video-preview:-1"},"canonical":"https:\/\/www.noticiasradioreflejos.com.ar\/2021\/upso-en-tornquist-dos-carreras-universitarias-y-capacitacion-para-concejales\/","og_locale":"es_ES","og_type":"article","og_title":"UPSO en Tornquist: dos carreras universitarias y capacitaci\u00f3n para concejales - Noticias Radio Reflejos","og_description":"El d\u00eda mi\u00e9rcoles 1 de Julio, el intendente municipal Sergio Bordoni y el Secretario de Desarrollo Gonzalo Iparraguirre se reunieron con el Director de la Unidad Acad\u00e9mica Vico Frattini, el Rector de la Universidad Provincial de Sudoeste, Hern\u00e1n Vigier, y la Secretaria Acad\u00e9mica Mar\u00eda Dietz, para continuar con el trabajo conjunto y complementario que el [&hellip;]","og_url":"https:\/\/www.noticiasradioreflejos.com.ar\/2021\/upso-en-tornquist-dos-carreras-universitarias-y-capacitacion-para-concejales\/","og_site_name":"Noticias Radio Reflejos","article_published_time":"2020-07-03T13:55:38+00:00","og_image":[{"url":"http:\/\/live.staticflickr.com\/65535\/50071269003_e8fb86fd39.jpg","type":"","width":"","height":""}],"author":"Arnaldo Botto","twitter_card":"summary_large_image","schema":{"@context":"https:\/\/schema.org","@graph":[{"@type":"WebPage","@id":"https:\/\/www.noticiasradioreflejos.com.ar\/2021\/upso-en-tornquist-dos-carreras-universitarias-y-capacitacion-para-concejales\/","url":"https:\/\/www.noticiasradioreflejos.com.ar\/2021\/upso-en-tornquist-dos-carreras-universitarias-y-capacitacion-para-concejales\/","name":"UPSO en Tornquist: dos carreras universitarias y capacitaci\u00f3n para concejales - Noticias Radio Reflejos","isPartOf":{"@id":"https:\/\/www.noticiasradioreflejos.com.ar\/2021\/#website"},"primaryImageOfPage":{"@id":"https:\/\/www.noticiasradioreflejos.com.ar\/2021\/upso-en-tornquist-dos-carreras-universitarias-y-capacitacion-para-concejales\/#primaryimage"},"image":{"@id":"https:\/\/www.noticiasradioreflejos.com.ar\/2021\/upso-en-tornquist-dos-carreras-universitarias-y-capacitacion-para-concejales\/#primaryimage"},"thumbnailUrl":"http:\/\/live.staticflickr.com\/65535\/50071269003_e8fb86fd39.jpg","datePublished":"2020-07-03T13:55:38+00:00","author":{"@id":"https:\/\/www.noticiasradioreflejos.com.ar\/2021\/#\/schema\/person\/ad82545263dcc5ec0996818884fd5fb1"},"breadcrumb":{"@id":"https:\/\/www.noticiasradioreflejos.com.ar\/2021\/upso-en-tornquist-dos-carreras-universitarias-y-capacitacion-para-concejales\/#breadcrumb"},"inLanguage":"es","potentialAction":[{"@type":"ReadAction","target":["https:\/\/www.noticiasradioreflejos.com.ar\/2021\/upso-en-tornquist-dos-carreras-universitarias-y-capacitacion-para-concejales\/"]}]},{"@type":"ImageObject","inLanguage":"es","@id":"https:\/\/www.noticiasradioreflejos.com.ar\/2021\/upso-en-tornquist-dos-carreras-universitarias-y-capacitacion-para-concejales\/#primaryimage","url":"http:\/\/live.staticflickr.com\/65535\/50071269003_e8fb86fd39.jpg","contentUrl":"http:\/\/live.staticflickr.com\/65535\/50071269003_e8fb86fd39.jpg"},{"@type":"BreadcrumbList","@id":"https:\/\/www.noticiasradioreflejos.com.ar\/2021\/upso-en-tornquist-dos-carreras-universitarias-y-capacitacion-para-concejales\/#breadcrumb","itemListElement":[{"@type":"ListItem","position":1,"name":"Portada","item":"https:\/\/www.noticiasradioreflejos.com.ar\/2021\/"},{"@type":"ListItem","position":2,"name":"UPSO en Tornquist: dos carreras universitarias y capacitaci\u00f3n para concejales"}]},{"@type":"WebSite","@id":"https:\/\/www.noticiasradioreflejos.com.ar\/2021\/#website","url":"https:\/\/www.noticiasradioreflejos.com.ar\/2021\/","name":"Noticias Radio Reflejos","description":"Las noticias de mi comarca","potentialAction":[{"@type":"SearchAction","target":{"@type":"EntryPoint","urlTemplate":"https:\/\/www.noticiasradioreflejos.com.ar\/2021\/?s={search_term_string}"},"query-input":{"@type":"PropertyValueSpecification","valueRequired":true,"valueName":"search_term_string"}}],"inLanguage":"es"},{"@type":"Person","@id":"https:\/\/www.noticiasradioreflejos.com.ar\/2021\/#\/schema\/person\/ad82545263dcc5ec0996818884fd5fb1","name":"Arnaldo Botto","image":{"@type":"ImageObject","inLanguage":"es","@id":"https:\/\/www.noticiasradioreflejos.com.ar\/2021\/#\/schema\/person\/image\/","url":"https:\/\/secure.gravatar.com\/avatar\/55cb5e37c1efa326397366e6974cb338056df65cb50e7d64d1cf314e87504837?s=96&d=mm&r=g","contentUrl":"https:\/\/secure.gravatar.com\/avatar\/55cb5e37c1efa326397366e6974cb338056df65cb50e7d64d1cf314e87504837?s=96&d=mm&r=g","caption":"Arnaldo Botto"},"url":"https:\/\/www.noticiasradioreflejos.com.ar\/2021\/author\/arnaldo\/"}]}},"_links":{"self":[{"href":"https:\/\/www.noticiasradioreflejos.com.ar\/2021\/wp-json\/wp\/v2\/posts\/43985","targetHints":{"allow":["GET"]}}],"collection":[{"href":"https:\/\/www.noticiasradioreflejos.com.ar\/2021\/wp-json\/wp\/v2\/posts"}],"about":[{"href":"https:\/\/www.noticiasradioreflejos.com.ar\/2021\/wp-json\/wp\/v2\/types\/post"}],"author":[{"embeddable":true,"href":"https:\/\/www.noticiasradioreflejos.com.ar\/2021\/wp-json\/wp\/v2\/users\/3"}],"replies":[{"embeddable":true,"href":"https:\/\/www.noticiasradioreflejos.com.ar\/2021\/wp-json\/wp\/v2\/comments?post=43985"}],"version-history":[{"count":0,"href":"https:\/\/www.noticiasradioreflejos.com.ar\/2021\/wp-json\/wp\/v2\/posts\/43985\/revisions"}],"wp:attachment":[{"href":"https:\/\/www.noticiasradioreflejos.com.ar\/2021\/wp-json\/wp\/v2\/media?parent=43985"}],"wp:term":[{"taxonomy":"category","embeddable":true,"href":"https:\/\/www.noticiasradioreflejos.com.ar\/2021\/wp-json\/wp\/v2\/categories?post=43985"},{"taxonomy":"post_tag","embeddable":true,"href":"https:\/\/www.noticiasradioreflejos.com.ar\/2021\/wp-json\/wp\/v2\/tags?post=43985"}],"curies":[{"name":"wp","href":"https:\/\/api.w.org\/{rel}","templated":true}]}}