{"id":43981,"date":"2020-07-03T10:13:24","date_gmt":"2020-07-03T13:13:24","guid":{"rendered":"http:\/\/www.noticiasradioreflejos.com.ar\/noticias\/?p=43981"},"modified":"2020-07-03T10:13:24","modified_gmt":"2020-07-03T13:13:24","slug":"informe-sesion-extraordinaria-del-dia-1-de-julio-de-2020","status":"publish","type":"post","link":"https:\/\/www.noticiasradioreflejos.com.ar\/2021\/informe-sesion-extraordinaria-del-dia-1-de-julio-de-2020\/","title":{"rendered":"Informe sesi\u00f3n extraordinaria del d\u00eda 1 de julio de 2020"},"content":{"rendered":"<p>El d\u00eda 1\u00ba de Julio se realiza la Sesi\u00f3n Extraordinaria convocada por  el Decreto N\u00ba 11\/20. Por la licencia solicitada por el Concejal Federico Labarthe, queda a cargo de la Presidencia de este Honorable Cuerpo el Vicepresidente 1\u00ba, Concejal Cristian Raising, y quien ocupa su Banca es la Concejal Elisabet Nori.<br \/>\nAnte la licencia solicitada por la Secretaria Legislativa Elisabet Nori, asiste  al Vicepresidente 1\u00ba para dar lectura a los temas a tratar la Concejal Laura Rosatelli.<!--more--><\/p>\n<p>Se tratan los siguientes temas:<\/p>\n<p>Expte. N\u00ba 085\/20: \u201cD.E. &#8211; Autoriza la firma del Convenio de percepci\u00f3n de Tasas por Servicios P\u00fablicos Urbanos y Tasa Salud celebrado e\/la Cooperativa El\u00e9ctrica Limitada  de Tornquist y el Municipio de Tornquist\u201d.<br \/>\nSe aprueba por unanimidad la Ordenanza con el N\u00ba 3233\/20 por la que se autoriza la firma del Convenio de Percepci\u00f3n de Tasas por  Servicios P\u00fablicos Urbanos y Tasa de Salud celebrado entre la Municipalidad de Tornquist representada por su Intendente Municipal Sr. Sergio Fabi\u00e1n Bordoni y la Cooperativa El\u00e9ctrica Limitada de Tornquist representada por el Sr. Benito Alberto Rubio.<br \/>\nA trav\u00e9s de este Convenio la Municipalidad encomienda a la Cooperativa a incluir en las facturas emitidas a partir del 1 de Julio de 2020 y percibir en su representaci\u00f3n, la Tasa por Servicios P\u00fablicos Urbanos y Tasa de Salud aprobadas por el C\u00f3digo Tributario Municipal. Tendr\u00e1 una vigencia de cuatro (4) a\u00f1os, contados a partir del momento de su firma.<\/p>\n<p>Expte. N\u00ba 088\/20: \u201cD.E. &#8211; R\u00e9gimen de Regularizaci\u00f3n y Facilidades de Pago &#8211; A\u00f1o 2020\u201d<br \/>\nSe aprueba por unanimidad la Ordenanza con el N\u00ba 3234\/20 por la que se establece un r\u00e9gimen de regularizaci\u00f3n y facilidades de pago  para los contribuyentes  y  responsables de cualquier tasa Municipal, contribuci\u00f3n por mejoras, FO.ME.PRO. y al Impuesto a los Automotores, por obligaciones vencidas a la fecha de presentaci\u00f3n, correspondientes a tributos determinados o no, recurridos o en estado de ejecuci\u00f3n, que se presenten a regularizar su situaci\u00f3n fiscal, en las condiciones previstas en esta Ordenanza, que regir\u00e1 desde la fecha de promulgaci\u00f3n de la presente norma hasta el d\u00eda 30 de septiembre de 2020 inclusive.<\/p>\n<p>Elecci\u00f3n del Secretario Legislativo: El Concejal Jos\u00e9 Fonfr\u00eda propone a Jos\u00e9 Manuel Castro  para cubrir el cargo de Secretario Legislativo, mientras dure la licencia de la Secretaria Elisabet Nori, nombrada en la Sesi\u00f3n Preparatoria.<br \/>\nSe aprueba por unanimidad la moci\u00f3n del Concejal. <\/p>\n<p>Alocuciones de los se\u00f1ores Concejales:<\/p>\n<p>Concejal Jos\u00e9 Fonfr\u00eda:<br \/>\n\u201cBueno, ante nada darle la bienvenida al mellizo Castro, como lo conocemos, y manifestarme que me siento orgulloso que alguien de la Juventud Radical ocupe el lugar que va a ocupar. Realmente el otro d\u00eda se habl\u00f3 de la militancia de la juventud, con respecto a una Campa\u00f1a que se estaba haciendo e hicieron \u00e9nfasis en eso, en la juventud, as\u00ed que me siento muy, muy satisfecho, igualmente con respecto a eso que se dijo de la militancia de los j\u00f3venes en la \u00faltima Sesi\u00f3n que tuvimos, fue un martes, el jueves me toc\u00f3 asistir a una situaci\u00f3n que realmente fue desagradable. Fui al ret\u00e9n de Saldungaray como todos los d\u00edas a llevarle la cena a los chicos que est\u00e1n ah\u00ed en la casilla y un cami\u00f3n que ven\u00eda de Buenos Aires, m\u00e1s espec\u00edficamente de la localidad de Wilde con mercader\u00eda de Desarrollo Social, y el contacto que ten\u00edan era  un dirigente justicialista de ac\u00e1 de  Sierra de la Ventana, o sea que la Campa\u00f1a de Abrigo para Todos en parte se financi\u00f3 con la plata  del pueblo, cosa que estoy totalmente en desacuerdo. Nada m\u00e1s se\u00f1or Presidente\u201d.<\/p>\n<p>Concejal Roc\u00edo V\u00e1zquez:<br \/>\n\u201cEn realidad yo quer\u00eda aclarar algo sobre el Expte. 085\/20, que ah\u00ed manifestamos la inquietud, por el tema que no estaba aclarado, pero para dejarlo en concreto, en un lado ven\u00eda esto de que se cobre junto con la luz el impuesto municipal. En su momento en la localidad de Saldungaray se hab\u00eda separado porque en la misma  factura ven\u00edan los dos juntos, entonces s\u00ed o s\u00ed ten\u00edas que pagar el impuesto municipal al pagar la luz. Ac\u00e1 nos manifest\u00f3 Cristian que vienen con distinto \u00edtem y en distinto c\u00f3digo, o sea, que la gente va a poder elegir pagar la luz y no el servicio o aquel que quiera hacerlo puede venir hasta el municipio y puede seguir pag\u00e1ndolo a trav\u00e9s del municipio, as\u00ed que bueno, quedamos en acuerdo que tambi\u00e9n lo van a salir a expresar en  los medios de comunicaci\u00f3n para que llegue a toda la gente y puedan saber las opciones que tienen de pago. Nada m\u00e1s se\u00f1or Presidente\u201d.<\/p>\n<p>Concejal Claudio Iribarren:<br \/>\n\u201cApoyar un poco las palabra que dec\u00eda reci\u00e9n mi compa\u00f1era Roc\u00edo, s\u00ed esto es importante que esto se aclare a trav\u00e9s del Ejecutivo, la discriminaci\u00f3n de la percepci\u00f3n de las tasas en las facturas \u00bfno? de la Cooperativa. Me parece que es importante, en el caso de Sierra de la Ventana habitualmente el sepelio se cobra aparte, en   una factura aparte, ser\u00eda importante que esto fuese de esa manera, pero bueno, si no, no lo es, si viene en una misma factura es importante aclararle a la poblaci\u00f3n que tiene la opci\u00f3n de pagar una u otra opci\u00f3n \u00bfno?. Y por otro lado, bueno, darle la bienvenida a Manuel por supuesto, aclararte a Manuel que est\u00e1s asumiendo justo cuando se cumple el 46 aniversario del fallecimiento de Juan Domingo Per\u00f3n, as\u00ed que me gustar\u00eda que su legado de humanismo, justicia social, refrescarlo, que late en forma permanente en los habitantes  del pueblo argentino, \u00bfno?. Esto de una sociedad m\u00e1s justa, m\u00e1s libre, m\u00e1s soberana, que son los principios b\u00e1sicos del peronismo, est\u00e1n en forma permanente en nuestro pueblo. Y en el momento de la crisis y de la pandemia que estamos viviendo, es menester recordar que el creador del Ministerio de Salud fue exactamente Juan Domingo Per\u00f3n, y que a su cargo puso una de las eminencias que hemos tenido en la salud en la Argentina, que es el Doctor Ram\u00f3n Carrillo, pilar para todo lo que fue la pol\u00edtica sanitaria, y todo lo que fue el derecho a la salud p\u00fablica. Nada m\u00e1s se\u00f1or Presidente\u201d.<\/p>\n<p>Concejal Juan Manuel Ibarra:<br \/>\n\u201cBien, en primer t\u00e9rmino quiero darle la bienvenida a Manuel, espero que su paso como Secretario sea de la mejor manera y  que, que no solo cumpla con su trabajo sino que lo  disfrute tambi\u00e9n del trabajo, yo creo que eso es importante tambi\u00e9n, el trabajo hay que disfrutarlo tambi\u00e9n. Por otro lado, quiero hacer, lamentablemente,  menci\u00f3n a la desaparici\u00f3n f\u00edsica de la Licenciada Nora Cinquini, una persona que no s\u00f3lo fue una gran educadora, lo digo con \u00e9nfasis porque tuve la suerte de cursar por el secundario de Chasic\u00f3 bajo su mando, sino que  fue una referente del patrimonio hist\u00f3rico no s\u00f3lo del Distrito sino, o sea, espec\u00edficamente del oeste, se avoc\u00f3 a la historia del oeste del Distrito y fue una persona muy influyente en nuestra historia cultural, por eso creo que es v\u00e1lida la menci\u00f3n. Realmente se fue en un momento dif\u00edcil, una actualidad dura, creo que hubiese sido lindo para los que quedamos poder ir a despedirla y lamentablemente no se dio por lo que estamos viviendo. Pero bueno, creo que era importante hacer menci\u00f3n  de lo sucedido, agradecerle por  m\u00e1s que ya no est\u00e9 entre nosotros, porque gracias a esta se\u00f1ora en Chasic\u00f3, en el oeste, y voy a hacerlo m\u00e1s extensivo, en el oeste tenemos un colegio secundario, al cual solucion\u00f3 muchos problemas que se daban, que se daban en el lugar porque los j\u00f3venes ten\u00edan que irse a Bah\u00eda Blanca o venirse a Tornquist a muy temprana edad, y realmente los que tuvimos la suerte de pasar por el secundario, un secundario ejemplo, un secundario modelo, le estamos muy agradecidos. As\u00ed que nada m\u00e1s se\u00f1or Presidente, quer\u00eda hacer esta menci\u00f3n. Gracias\u201d.<\/p>\n<p>Concejal Viviana Montibeller:<br \/>\n\u201cBueno, yo quer\u00eda hacer menci\u00f3n, hoy a la tarde mantuvimos una reuni\u00f3n en el marco de ciclos de charlas por el municipio del sudoeste bonaerense. Hoy tuvimos una reuni\u00f3n con el Rector de la UPSO el se\u00f1or Hern\u00e1n Vigier, el Intendente y Secretario de Desarrollo, en la que bueno, pudimos lograr la tan ansiada capacitaci\u00f3n para Concejales \u00bfsi? Es un proyecto que viene desde hace unos cuantos a\u00f1os y hab\u00eda entrado al Concejo hace ya casi un a\u00f1o y pico. As\u00ed que, la capacitaci\u00f3n va a ser dada v\u00eda internet, a partir del lunes 6 de julio, todos bueno, despu\u00e9s va a pasar la informaci\u00f3n al resto de los Concejales, va a ser dictada por la profesora, la se\u00f1ora Elisa Cuartucchi, y bueno, para m\u00ed principalmente es, me da mucha alegr\u00eda que  esta capacitaci\u00f3n llegue a buen puerto. Tambi\u00e9n se dio a conocer las dos tecnicaturas universitarias que se van a dar en el Distrito una en Asuntos Municipales  y la otra Pol\u00edtica Local y Gesti\u00f3n P\u00fablica. Para todo el Distrito la verdad que podamos estudiar en el lugar de origen es muy importante. Tambi\u00e9n quiero aprovechar la oportunidad para darle la bienvenida a Manuel, decirle que ac\u00e1 estamos para acompa\u00f1arlo y que tenga un buen paso por este Honorable Concejo Deliberante. Nada m\u00e1s se\u00f1or Presidente\u201d.<\/p>\n<p>Concejal Elisabet Nori:<br \/>\n\u201cBueno, de mi parte tambi\u00e9n decir que estoy muy contenta con la designaci\u00f3n de Manuel porque s\u00e9 que es un joven con mucha iniciativa, muy trabajador, responsable, respetuoso, y bueno, y s\u00e9 que lo va desempe\u00f1ar muy bien el cargo, bueno, los primeros d\u00edas me tendr\u00e1 a m\u00ed un poquito pesada, marc\u00e1ndole algunas cositas, pero la verdad es que realmente estoy muy contenta de  esta designaci\u00f3n. Si me poco un poco triste, o bastante triste que Federico Labarthe haya tenido que dejar su Banca por los motivos que la tuvo que dejar, y realmente bueno, trataremos todos de suplir esa ausencia como equipo de trabajo y como equipo que somos. Y bueno, le quer\u00eda dar a usted se\u00f1or Presidente todo mi apoyo incondicional para contribuir con su labor. Y bueno, tambi\u00e9n quer\u00eda referirme a estos dos expedientes que hoy tratamos, que me parece que es un avance. Siempre es muy positivo que el municipio trabaje para la gente en pos de, realmente, facilitarle la vida al ciudadano, y estos dos expedientes que hoy se trataron, tienden a eso \u00bfno es cierto? As\u00ed como tambi\u00e9n con la reuni\u00f3n que mantuvimos hoy con los prestadores tur\u00edsticos de Sierra de la Ventana, que la idea es tambi\u00e9n abrirle puertas a nuestros comerciantes, a nuestros prestadores, a nuestros empresarios para que puedan en alg\u00fan momento continuar con su labor respetando todos los protocolos \u00bfno cierto?, y todas las indicaciones del Gobierno tanto Provincial como Nacional, pero que puedan realmente comenzar a activar su econom\u00eda porque la econom\u00eda de ellos es la econom\u00eda de todos nosotros. Bueno, nada m\u00e1s se\u00f1or Presidente\u201d.<\/p>\n<p>HONORABLE CONCEJO DELIBERANTE.<\/p>\n","protected":false},"excerpt":{"rendered":"<p>El d\u00eda 1\u00ba de Julio se realiza la Sesi\u00f3n Extraordinaria convocada por el Decreto N\u00ba 11\/20. Por la licencia solicitada por el Concejal Federico Labarthe, queda a cargo de la Presidencia de este Honorable Cuerpo el Vicepresidente 1\u00ba, Concejal Cristian Raising, y quien ocupa su Banca es la Concejal Elisabet Nori. Ante la licencia solicitada [&hellip;]<\/p>\n","protected":false},"author":3,"featured_media":0,"comment_status":"closed","ping_status":"open","sticky":false,"template":"","format":"standard","meta":{"footnotes":""},"categories":[28],"tags":[],"class_list":["post-43981","post","type-post","status-publish","format-standard","hentry","category-municipales"],"yoast_head":"<!-- This site is optimized with the Yoast SEO plugin v25.9 - https:\/\/yoast.com\/wordpress\/plugins\/seo\/ -->\n<title>Informe sesi\u00f3n extraordinaria del d\u00eda 1 de julio de 2020 - Noticias Radio Reflejos<\/title>\n<meta name=\"robots\" content=\"index, follow, max-snippet:-1, max-image-preview:large, max-video-preview:-1\" \/>\n<link rel=\"canonical\" href=\"https:\/\/www.noticiasradioreflejos.com.ar\/2021\/informe-sesion-extraordinaria-del-dia-1-de-julio-de-2020\/\" \/>\n<meta property=\"og:locale\" content=\"es_ES\" \/>\n<meta property=\"og:type\" content=\"article\" \/>\n<meta property=\"og:title\" content=\"Informe sesi\u00f3n extraordinaria del d\u00eda 1 de julio de 2020 - Noticias Radio Reflejos\" \/>\n<meta property=\"og:description\" content=\"El d\u00eda 1\u00ba de Julio se realiza la Sesi\u00f3n Extraordinaria convocada por el Decreto N\u00ba 11\/20. Por la licencia solicitada por el Concejal Federico Labarthe, queda a cargo de la Presidencia de este Honorable Cuerpo el Vicepresidente 1\u00ba, Concejal Cristian Raising, y quien ocupa su Banca es la Concejal Elisabet Nori. Ante la licencia solicitada [&hellip;]\" \/>\n<meta property=\"og:url\" content=\"https:\/\/www.noticiasradioreflejos.com.ar\/2021\/informe-sesion-extraordinaria-del-dia-1-de-julio-de-2020\/\" \/>\n<meta property=\"og:site_name\" content=\"Noticias Radio Reflejos\" \/>\n<meta property=\"article:published_time\" content=\"2020-07-03T13:13:24+00:00\" \/>\n<meta property=\"og:image\" content=\"https:\/\/www.noticiasradioreflejos.com.ar\/2021\/wp-content\/uploads\/2021\/07\/logosol300x200.png\" \/>\n\t<meta property=\"og:image:width\" content=\"300\" \/>\n\t<meta property=\"og:image:height\" content=\"200\" \/>\n\t<meta property=\"og:image:type\" content=\"image\/png\" \/>\n<meta name=\"author\" content=\"Arnaldo Botto\" \/>\n<meta name=\"twitter:card\" content=\"summary_large_image\" \/>\n<script type=\"application\/ld+json\" class=\"yoast-schema-graph\">{\"@context\":\"https:\/\/schema.org\",\"@graph\":[{\"@type\":\"WebPage\",\"@id\":\"https:\/\/www.noticiasradioreflejos.com.ar\/2021\/informe-sesion-extraordinaria-del-dia-1-de-julio-de-2020\/\",\"url\":\"https:\/\/www.noticiasradioreflejos.com.ar\/2021\/informe-sesion-extraordinaria-del-dia-1-de-julio-de-2020\/\",\"name\":\"Informe sesi\u00f3n extraordinaria del d\u00eda 1 de julio de 2020 - Noticias Radio Reflejos\",\"isPartOf\":{\"@id\":\"https:\/\/www.noticiasradioreflejos.com.ar\/2021\/#website\"},\"datePublished\":\"2020-07-03T13:13:24+00:00\",\"author\":{\"@id\":\"https:\/\/www.noticiasradioreflejos.com.ar\/2021\/#\/schema\/person\/ad82545263dcc5ec0996818884fd5fb1\"},\"breadcrumb\":{\"@id\":\"https:\/\/www.noticiasradioreflejos.com.ar\/2021\/informe-sesion-extraordinaria-del-dia-1-de-julio-de-2020\/#breadcrumb\"},\"inLanguage\":\"es\",\"potentialAction\":[{\"@type\":\"ReadAction\",\"target\":[\"https:\/\/www.noticiasradioreflejos.com.ar\/2021\/informe-sesion-extraordinaria-del-dia-1-de-julio-de-2020\/\"]}]},{\"@type\":\"BreadcrumbList\",\"@id\":\"https:\/\/www.noticiasradioreflejos.com.ar\/2021\/informe-sesion-extraordinaria-del-dia-1-de-julio-de-2020\/#breadcrumb\",\"itemListElement\":[{\"@type\":\"ListItem\",\"position\":1,\"name\":\"Portada\",\"item\":\"https:\/\/www.noticiasradioreflejos.com.ar\/2021\/\"},{\"@type\":\"ListItem\",\"position\":2,\"name\":\"Informe sesi\u00f3n extraordinaria del d\u00eda 1 de julio de 2020\"}]},{\"@type\":\"WebSite\",\"@id\":\"https:\/\/www.noticiasradioreflejos.com.ar\/2021\/#website\",\"url\":\"https:\/\/www.noticiasradioreflejos.com.ar\/2021\/\",\"name\":\"Noticias Radio Reflejos\",\"description\":\"Las noticias de mi comarca\",\"potentialAction\":[{\"@type\":\"SearchAction\",\"target\":{\"@type\":\"EntryPoint\",\"urlTemplate\":\"https:\/\/www.noticiasradioreflejos.com.ar\/2021\/?s={search_term_string}\"},\"query-input\":{\"@type\":\"PropertyValueSpecification\",\"valueRequired\":true,\"valueName\":\"search_term_string\"}}],\"inLanguage\":\"es\"},{\"@type\":\"Person\",\"@id\":\"https:\/\/www.noticiasradioreflejos.com.ar\/2021\/#\/schema\/person\/ad82545263dcc5ec0996818884fd5fb1\",\"name\":\"Arnaldo Botto\",\"image\":{\"@type\":\"ImageObject\",\"inLanguage\":\"es\",\"@id\":\"https:\/\/www.noticiasradioreflejos.com.ar\/2021\/#\/schema\/person\/image\/\",\"url\":\"https:\/\/secure.gravatar.com\/avatar\/55cb5e37c1efa326397366e6974cb338056df65cb50e7d64d1cf314e87504837?s=96&d=mm&r=g\",\"contentUrl\":\"https:\/\/secure.gravatar.com\/avatar\/55cb5e37c1efa326397366e6974cb338056df65cb50e7d64d1cf314e87504837?s=96&d=mm&r=g\",\"caption\":\"Arnaldo Botto\"},\"url\":\"https:\/\/www.noticiasradioreflejos.com.ar\/2021\/author\/arnaldo\/\"}]}<\/script>\n<!-- \/ Yoast SEO plugin. -->","yoast_head_json":{"title":"Informe sesi\u00f3n extraordinaria del d\u00eda 1 de julio de 2020 - Noticias Radio Reflejos","robots":{"index":"index","follow":"follow","max-snippet":"max-snippet:-1","max-image-preview":"max-image-preview:large","max-video-preview":"max-video-preview:-1"},"canonical":"https:\/\/www.noticiasradioreflejos.com.ar\/2021\/informe-sesion-extraordinaria-del-dia-1-de-julio-de-2020\/","og_locale":"es_ES","og_type":"article","og_title":"Informe sesi\u00f3n extraordinaria del d\u00eda 1 de julio de 2020 - Noticias Radio Reflejos","og_description":"El d\u00eda 1\u00ba de Julio se realiza la Sesi\u00f3n Extraordinaria convocada por el Decreto N\u00ba 11\/20. Por la licencia solicitada por el Concejal Federico Labarthe, queda a cargo de la Presidencia de este Honorable Cuerpo el Vicepresidente 1\u00ba, Concejal Cristian Raising, y quien ocupa su Banca es la Concejal Elisabet Nori. Ante la licencia solicitada [&hellip;]","og_url":"https:\/\/www.noticiasradioreflejos.com.ar\/2021\/informe-sesion-extraordinaria-del-dia-1-de-julio-de-2020\/","og_site_name":"Noticias Radio Reflejos","article_published_time":"2020-07-03T13:13:24+00:00","og_image":[{"width":300,"height":200,"url":"https:\/\/www.noticiasradioreflejos.com.ar\/2021\/wp-content\/uploads\/2021\/07\/logosol300x200.png","type":"image\/png"}],"author":"Arnaldo Botto","twitter_card":"summary_large_image","schema":{"@context":"https:\/\/schema.org","@graph":[{"@type":"WebPage","@id":"https:\/\/www.noticiasradioreflejos.com.ar\/2021\/informe-sesion-extraordinaria-del-dia-1-de-julio-de-2020\/","url":"https:\/\/www.noticiasradioreflejos.com.ar\/2021\/informe-sesion-extraordinaria-del-dia-1-de-julio-de-2020\/","name":"Informe sesi\u00f3n extraordinaria del d\u00eda 1 de julio de 2020 - Noticias Radio Reflejos","isPartOf":{"@id":"https:\/\/www.noticiasradioreflejos.com.ar\/2021\/#website"},"datePublished":"2020-07-03T13:13:24+00:00","author":{"@id":"https:\/\/www.noticiasradioreflejos.com.ar\/2021\/#\/schema\/person\/ad82545263dcc5ec0996818884fd5fb1"},"breadcrumb":{"@id":"https:\/\/www.noticiasradioreflejos.com.ar\/2021\/informe-sesion-extraordinaria-del-dia-1-de-julio-de-2020\/#breadcrumb"},"inLanguage":"es","potentialAction":[{"@type":"ReadAction","target":["https:\/\/www.noticiasradioreflejos.com.ar\/2021\/informe-sesion-extraordinaria-del-dia-1-de-julio-de-2020\/"]}]},{"@type":"BreadcrumbList","@id":"https:\/\/www.noticiasradioreflejos.com.ar\/2021\/informe-sesion-extraordinaria-del-dia-1-de-julio-de-2020\/#breadcrumb","itemListElement":[{"@type":"ListItem","position":1,"name":"Portada","item":"https:\/\/www.noticiasradioreflejos.com.ar\/2021\/"},{"@type":"ListItem","position":2,"name":"Informe sesi\u00f3n extraordinaria del d\u00eda 1 de julio de 2020"}]},{"@type":"WebSite","@id":"https:\/\/www.noticiasradioreflejos.com.ar\/2021\/#website","url":"https:\/\/www.noticiasradioreflejos.com.ar\/2021\/","name":"Noticias Radio Reflejos","description":"Las noticias de mi comarca","potentialAction":[{"@type":"SearchAction","target":{"@type":"EntryPoint","urlTemplate":"https:\/\/www.noticiasradioreflejos.com.ar\/2021\/?s={search_term_string}"},"query-input":{"@type":"PropertyValueSpecification","valueRequired":true,"valueName":"search_term_string"}}],"inLanguage":"es"},{"@type":"Person","@id":"https:\/\/www.noticiasradioreflejos.com.ar\/2021\/#\/schema\/person\/ad82545263dcc5ec0996818884fd5fb1","name":"Arnaldo Botto","image":{"@type":"ImageObject","inLanguage":"es","@id":"https:\/\/www.noticiasradioreflejos.com.ar\/2021\/#\/schema\/person\/image\/","url":"https:\/\/secure.gravatar.com\/avatar\/55cb5e37c1efa326397366e6974cb338056df65cb50e7d64d1cf314e87504837?s=96&d=mm&r=g","contentUrl":"https:\/\/secure.gravatar.com\/avatar\/55cb5e37c1efa326397366e6974cb338056df65cb50e7d64d1cf314e87504837?s=96&d=mm&r=g","caption":"Arnaldo Botto"},"url":"https:\/\/www.noticiasradioreflejos.com.ar\/2021\/author\/arnaldo\/"}]}},"_links":{"self":[{"href":"https:\/\/www.noticiasradioreflejos.com.ar\/2021\/wp-json\/wp\/v2\/posts\/43981","targetHints":{"allow":["GET"]}}],"collection":[{"href":"https:\/\/www.noticiasradioreflejos.com.ar\/2021\/wp-json\/wp\/v2\/posts"}],"about":[{"href":"https:\/\/www.noticiasradioreflejos.com.ar\/2021\/wp-json\/wp\/v2\/types\/post"}],"author":[{"embeddable":true,"href":"https:\/\/www.noticiasradioreflejos.com.ar\/2021\/wp-json\/wp\/v2\/users\/3"}],"replies":[{"embeddable":true,"href":"https:\/\/www.noticiasradioreflejos.com.ar\/2021\/wp-json\/wp\/v2\/comments?post=43981"}],"version-history":[{"count":0,"href":"https:\/\/www.noticiasradioreflejos.com.ar\/2021\/wp-json\/wp\/v2\/posts\/43981\/revisions"}],"wp:attachment":[{"href":"https:\/\/www.noticiasradioreflejos.com.ar\/2021\/wp-json\/wp\/v2\/media?parent=43981"}],"wp:term":[{"taxonomy":"category","embeddable":true,"href":"https:\/\/www.noticiasradioreflejos.com.ar\/2021\/wp-json\/wp\/v2\/categories?post=43981"},{"taxonomy":"post_tag","embeddable":true,"href":"https:\/\/www.noticiasradioreflejos.com.ar\/2021\/wp-json\/wp\/v2\/tags?post=43981"}],"curies":[{"name":"wp","href":"https:\/\/api.w.org\/{rel}","templated":true}]}}