{"id":43965,"date":"2020-07-03T08:25:02","date_gmt":"2020-07-03T11:25:02","guid":{"rendered":"http:\/\/www.noticiasradioreflejos.com.ar\/noticias\/?p=43965"},"modified":"2020-07-03T08:25:02","modified_gmt":"2020-07-03T11:25:02","slug":"avanza-adhesion-de-la-provincia-de-buenos-aires-a-ley-silvio-para-proteccion-del-personal-sanitario","status":"publish","type":"post","link":"https:\/\/www.noticiasradioreflejos.com.ar\/2021\/avanza-adhesion-de-la-provincia-de-buenos-aires-a-ley-silvio-para-proteccion-del-personal-sanitario\/","title":{"rendered":"Avanza adhesi\u00f3n de la provincia de Buenos Aires a Ley Silvio para protecci\u00f3n del personal sanitario"},"content":{"rendered":"<p>La C\u00e1mara de Diputados bonaerense aprob\u00f3 anoche un proyecto para que la provincia de Buenos Aires adhiera a la denominada Ley Silvio (27.548), que establece la creaci\u00f3n del Programa de Protecci\u00f3n al Personal de la Salud ante la pandemia de coronavirus.<!--more--><br \/>\nLa norma, que deber\u00e1 ser ahora analizada por el Senado, lleva ese nombre en conmemoraci\u00f3n a Silvio Cufr\u00e9, el primer trabajador de la salud v\u00edctima del coronavirus en territorio bonaerense, y declara de inter\u00e9s nacional \u201cla protecci\u00f3n de la vida del personal del sistema de salud argentino, as\u00ed como de los voluntarios y de los que cumplen con los servicios esenciales\u201d.<\/p>\n<p>Tras la sesi\u00f3n, uno de los autores del proyecto, Guillermo Bard\u00f3n, dijo a T\u00e9lam que \u00abla adhesi\u00f3n de la Provincia a la ley nacional es fundamental para brindar protecci\u00f3n al personal de la salud y a los trabajadores voluntarios\u00bb.<\/p>\n<p>\u00abEllos son uno de los eslabones m\u00e1s importantes en esta lucha contra el coronavirus, y el Estado debe velar por su seguridad\u00bb, continu\u00f3 el diputado de Juntos por el Cambio y analiz\u00f3 que \u00absin dudas, esta iniciativa, adem\u00e1s, va a beneficiar a toda la sociedad en general\u00bb.<\/p>\n<p>La norma nacional fue sancionada el 21 de mayo \u00faltimo y apunta a distribuir los recursos necesarios para la \u00abprevenci\u00f3n del contagio de coronavirus entre el personal de salud que trabaje en establecimientos de salud de gesti\u00f3n p\u00fablica o privada, y entre los trabajadores y voluntarios que presten servicios esenciales durante la emergencia sanitaria\u00bb.<\/p>\n<p>La Ley es de \u00abaplicaci\u00f3n obligatoria para todo el personal m\u00e9dico, de enfermer\u00eda, de direcci\u00f3n y administraci\u00f3n, log\u00edstico, de limpieza, gastron\u00f3mico, ambulancieros y dem\u00e1s, que presten servicios en establecimientos de salud donde se efect\u00faen pr\u00e1cticas destinadas a la atenci\u00f3n de casos sospechosos, realizaci\u00f3n de muestras y tests, y\/o atenci\u00f3n y tratamiento de coronavirus, cualquiera sea el responsable y la forma jur\u00eddica del establecimiento<\/p>\n","protected":false},"excerpt":{"rendered":"<p>La C\u00e1mara de Diputados bonaerense aprob\u00f3 anoche un proyecto para que la provincia de Buenos Aires adhiera a la denominada Ley Silvio (27.548), que establece la creaci\u00f3n del Programa de Protecci\u00f3n al Personal de la Salud ante la pandemia de coronavirus.<\/p>\n","protected":false},"author":3,"featured_media":0,"comment_status":"closed","ping_status":"open","sticky":false,"template":"","format":"standard","meta":{"footnotes":""},"categories":[24],"tags":[],"class_list":["post-43965","post","type-post","status-publish","format-standard","hentry","category-politica"],"yoast_head":"<!-- This site is optimized with the Yoast SEO plugin v25.9 - https:\/\/yoast.com\/wordpress\/plugins\/seo\/ -->\n<title>Avanza adhesi\u00f3n de la provincia de Buenos Aires a Ley Silvio para protecci\u00f3n del personal sanitario - Noticias Radio Reflejos<\/title>\n<meta name=\"robots\" content=\"index, follow, max-snippet:-1, max-image-preview:large, max-video-preview:-1\" \/>\n<link rel=\"canonical\" href=\"https:\/\/www.noticiasradioreflejos.com.ar\/2021\/avanza-adhesion-de-la-provincia-de-buenos-aires-a-ley-silvio-para-proteccion-del-personal-sanitario\/\" \/>\n<meta property=\"og:locale\" content=\"es_ES\" \/>\n<meta property=\"og:type\" content=\"article\" \/>\n<meta property=\"og:title\" content=\"Avanza adhesi\u00f3n de la provincia de Buenos Aires a Ley Silvio para protecci\u00f3n del personal sanitario - Noticias Radio Reflejos\" \/>\n<meta property=\"og:description\" content=\"La C\u00e1mara de Diputados bonaerense aprob\u00f3 anoche un proyecto para que la provincia de Buenos Aires adhiera a la denominada Ley Silvio (27.548), que establece la creaci\u00f3n del Programa de Protecci\u00f3n al Personal de la Salud ante la pandemia de coronavirus.\" \/>\n<meta property=\"og:url\" content=\"https:\/\/www.noticiasradioreflejos.com.ar\/2021\/avanza-adhesion-de-la-provincia-de-buenos-aires-a-ley-silvio-para-proteccion-del-personal-sanitario\/\" \/>\n<meta property=\"og:site_name\" content=\"Noticias Radio Reflejos\" \/>\n<meta property=\"article:published_time\" content=\"2020-07-03T11:25:02+00:00\" \/>\n<meta property=\"og:image\" content=\"https:\/\/www.noticiasradioreflejos.com.ar\/2021\/wp-content\/uploads\/2021\/07\/logosol300x200.png\" \/>\n\t<meta property=\"og:image:width\" content=\"300\" \/>\n\t<meta property=\"og:image:height\" content=\"200\" \/>\n\t<meta property=\"og:image:type\" content=\"image\/png\" \/>\n<meta name=\"author\" content=\"Arnaldo Botto\" \/>\n<meta name=\"twitter:card\" content=\"summary_large_image\" \/>\n<script type=\"application\/ld+json\" class=\"yoast-schema-graph\">{\"@context\":\"https:\/\/schema.org\",\"@graph\":[{\"@type\":\"WebPage\",\"@id\":\"https:\/\/www.noticiasradioreflejos.com.ar\/2021\/avanza-adhesion-de-la-provincia-de-buenos-aires-a-ley-silvio-para-proteccion-del-personal-sanitario\/\",\"url\":\"https:\/\/www.noticiasradioreflejos.com.ar\/2021\/avanza-adhesion-de-la-provincia-de-buenos-aires-a-ley-silvio-para-proteccion-del-personal-sanitario\/\",\"name\":\"Avanza adhesi\u00f3n de la provincia de Buenos Aires a Ley Silvio para protecci\u00f3n del personal sanitario - Noticias Radio Reflejos\",\"isPartOf\":{\"@id\":\"https:\/\/www.noticiasradioreflejos.com.ar\/2021\/#website\"},\"datePublished\":\"2020-07-03T11:25:02+00:00\",\"author\":{\"@id\":\"https:\/\/www.noticiasradioreflejos.com.ar\/2021\/#\/schema\/person\/ad82545263dcc5ec0996818884fd5fb1\"},\"breadcrumb\":{\"@id\":\"https:\/\/www.noticiasradioreflejos.com.ar\/2021\/avanza-adhesion-de-la-provincia-de-buenos-aires-a-ley-silvio-para-proteccion-del-personal-sanitario\/#breadcrumb\"},\"inLanguage\":\"es\",\"potentialAction\":[{\"@type\":\"ReadAction\",\"target\":[\"https:\/\/www.noticiasradioreflejos.com.ar\/2021\/avanza-adhesion-de-la-provincia-de-buenos-aires-a-ley-silvio-para-proteccion-del-personal-sanitario\/\"]}]},{\"@type\":\"BreadcrumbList\",\"@id\":\"https:\/\/www.noticiasradioreflejos.com.ar\/2021\/avanza-adhesion-de-la-provincia-de-buenos-aires-a-ley-silvio-para-proteccion-del-personal-sanitario\/#breadcrumb\",\"itemListElement\":[{\"@type\":\"ListItem\",\"position\":1,\"name\":\"Portada\",\"item\":\"https:\/\/www.noticiasradioreflejos.com.ar\/2021\/\"},{\"@type\":\"ListItem\",\"position\":2,\"name\":\"Avanza adhesi\u00f3n de la provincia de Buenos Aires a Ley Silvio para protecci\u00f3n del personal sanitario\"}]},{\"@type\":\"WebSite\",\"@id\":\"https:\/\/www.noticiasradioreflejos.com.ar\/2021\/#website\",\"url\":\"https:\/\/www.noticiasradioreflejos.com.ar\/2021\/\",\"name\":\"Noticias Radio Reflejos\",\"description\":\"Las noticias de mi comarca\",\"potentialAction\":[{\"@type\":\"SearchAction\",\"target\":{\"@type\":\"EntryPoint\",\"urlTemplate\":\"https:\/\/www.noticiasradioreflejos.com.ar\/2021\/?s={search_term_string}\"},\"query-input\":{\"@type\":\"PropertyValueSpecification\",\"valueRequired\":true,\"valueName\":\"search_term_string\"}}],\"inLanguage\":\"es\"},{\"@type\":\"Person\",\"@id\":\"https:\/\/www.noticiasradioreflejos.com.ar\/2021\/#\/schema\/person\/ad82545263dcc5ec0996818884fd5fb1\",\"name\":\"Arnaldo Botto\",\"image\":{\"@type\":\"ImageObject\",\"inLanguage\":\"es\",\"@id\":\"https:\/\/www.noticiasradioreflejos.com.ar\/2021\/#\/schema\/person\/image\/\",\"url\":\"https:\/\/secure.gravatar.com\/avatar\/55cb5e37c1efa326397366e6974cb338056df65cb50e7d64d1cf314e87504837?s=96&d=mm&r=g\",\"contentUrl\":\"https:\/\/secure.gravatar.com\/avatar\/55cb5e37c1efa326397366e6974cb338056df65cb50e7d64d1cf314e87504837?s=96&d=mm&r=g\",\"caption\":\"Arnaldo Botto\"},\"url\":\"https:\/\/www.noticiasradioreflejos.com.ar\/2021\/author\/arnaldo\/\"}]}<\/script>\n<!-- \/ Yoast SEO plugin. -->","yoast_head_json":{"title":"Avanza adhesi\u00f3n de la provincia de Buenos Aires a Ley Silvio para protecci\u00f3n del personal sanitario - Noticias Radio Reflejos","robots":{"index":"index","follow":"follow","max-snippet":"max-snippet:-1","max-image-preview":"max-image-preview:large","max-video-preview":"max-video-preview:-1"},"canonical":"https:\/\/www.noticiasradioreflejos.com.ar\/2021\/avanza-adhesion-de-la-provincia-de-buenos-aires-a-ley-silvio-para-proteccion-del-personal-sanitario\/","og_locale":"es_ES","og_type":"article","og_title":"Avanza adhesi\u00f3n de la provincia de Buenos Aires a Ley Silvio para protecci\u00f3n del personal sanitario - Noticias Radio Reflejos","og_description":"La C\u00e1mara de Diputados bonaerense aprob\u00f3 anoche un proyecto para que la provincia de Buenos Aires adhiera a la denominada Ley Silvio (27.548), que establece la creaci\u00f3n del Programa de Protecci\u00f3n al Personal de la Salud ante la pandemia de coronavirus.","og_url":"https:\/\/www.noticiasradioreflejos.com.ar\/2021\/avanza-adhesion-de-la-provincia-de-buenos-aires-a-ley-silvio-para-proteccion-del-personal-sanitario\/","og_site_name":"Noticias Radio Reflejos","article_published_time":"2020-07-03T11:25:02+00:00","og_image":[{"width":300,"height":200,"url":"https:\/\/www.noticiasradioreflejos.com.ar\/2021\/wp-content\/uploads\/2021\/07\/logosol300x200.png","type":"image\/png"}],"author":"Arnaldo Botto","twitter_card":"summary_large_image","schema":{"@context":"https:\/\/schema.org","@graph":[{"@type":"WebPage","@id":"https:\/\/www.noticiasradioreflejos.com.ar\/2021\/avanza-adhesion-de-la-provincia-de-buenos-aires-a-ley-silvio-para-proteccion-del-personal-sanitario\/","url":"https:\/\/www.noticiasradioreflejos.com.ar\/2021\/avanza-adhesion-de-la-provincia-de-buenos-aires-a-ley-silvio-para-proteccion-del-personal-sanitario\/","name":"Avanza adhesi\u00f3n de la provincia de Buenos Aires a Ley Silvio para protecci\u00f3n del personal sanitario - Noticias Radio Reflejos","isPartOf":{"@id":"https:\/\/www.noticiasradioreflejos.com.ar\/2021\/#website"},"datePublished":"2020-07-03T11:25:02+00:00","author":{"@id":"https:\/\/www.noticiasradioreflejos.com.ar\/2021\/#\/schema\/person\/ad82545263dcc5ec0996818884fd5fb1"},"breadcrumb":{"@id":"https:\/\/www.noticiasradioreflejos.com.ar\/2021\/avanza-adhesion-de-la-provincia-de-buenos-aires-a-ley-silvio-para-proteccion-del-personal-sanitario\/#breadcrumb"},"inLanguage":"es","potentialAction":[{"@type":"ReadAction","target":["https:\/\/www.noticiasradioreflejos.com.ar\/2021\/avanza-adhesion-de-la-provincia-de-buenos-aires-a-ley-silvio-para-proteccion-del-personal-sanitario\/"]}]},{"@type":"BreadcrumbList","@id":"https:\/\/www.noticiasradioreflejos.com.ar\/2021\/avanza-adhesion-de-la-provincia-de-buenos-aires-a-ley-silvio-para-proteccion-del-personal-sanitario\/#breadcrumb","itemListElement":[{"@type":"ListItem","position":1,"name":"Portada","item":"https:\/\/www.noticiasradioreflejos.com.ar\/2021\/"},{"@type":"ListItem","position":2,"name":"Avanza adhesi\u00f3n de la provincia de Buenos Aires a Ley Silvio para protecci\u00f3n del personal sanitario"}]},{"@type":"WebSite","@id":"https:\/\/www.noticiasradioreflejos.com.ar\/2021\/#website","url":"https:\/\/www.noticiasradioreflejos.com.ar\/2021\/","name":"Noticias Radio Reflejos","description":"Las noticias de mi comarca","potentialAction":[{"@type":"SearchAction","target":{"@type":"EntryPoint","urlTemplate":"https:\/\/www.noticiasradioreflejos.com.ar\/2021\/?s={search_term_string}"},"query-input":{"@type":"PropertyValueSpecification","valueRequired":true,"valueName":"search_term_string"}}],"inLanguage":"es"},{"@type":"Person","@id":"https:\/\/www.noticiasradioreflejos.com.ar\/2021\/#\/schema\/person\/ad82545263dcc5ec0996818884fd5fb1","name":"Arnaldo Botto","image":{"@type":"ImageObject","inLanguage":"es","@id":"https:\/\/www.noticiasradioreflejos.com.ar\/2021\/#\/schema\/person\/image\/","url":"https:\/\/secure.gravatar.com\/avatar\/55cb5e37c1efa326397366e6974cb338056df65cb50e7d64d1cf314e87504837?s=96&d=mm&r=g","contentUrl":"https:\/\/secure.gravatar.com\/avatar\/55cb5e37c1efa326397366e6974cb338056df65cb50e7d64d1cf314e87504837?s=96&d=mm&r=g","caption":"Arnaldo Botto"},"url":"https:\/\/www.noticiasradioreflejos.com.ar\/2021\/author\/arnaldo\/"}]}},"_links":{"self":[{"href":"https:\/\/www.noticiasradioreflejos.com.ar\/2021\/wp-json\/wp\/v2\/posts\/43965","targetHints":{"allow":["GET"]}}],"collection":[{"href":"https:\/\/www.noticiasradioreflejos.com.ar\/2021\/wp-json\/wp\/v2\/posts"}],"about":[{"href":"https:\/\/www.noticiasradioreflejos.com.ar\/2021\/wp-json\/wp\/v2\/types\/post"}],"author":[{"embeddable":true,"href":"https:\/\/www.noticiasradioreflejos.com.ar\/2021\/wp-json\/wp\/v2\/users\/3"}],"replies":[{"embeddable":true,"href":"https:\/\/www.noticiasradioreflejos.com.ar\/2021\/wp-json\/wp\/v2\/comments?post=43965"}],"version-history":[{"count":0,"href":"https:\/\/www.noticiasradioreflejos.com.ar\/2021\/wp-json\/wp\/v2\/posts\/43965\/revisions"}],"wp:attachment":[{"href":"https:\/\/www.noticiasradioreflejos.com.ar\/2021\/wp-json\/wp\/v2\/media?parent=43965"}],"wp:term":[{"taxonomy":"category","embeddable":true,"href":"https:\/\/www.noticiasradioreflejos.com.ar\/2021\/wp-json\/wp\/v2\/categories?post=43965"},{"taxonomy":"post_tag","embeddable":true,"href":"https:\/\/www.noticiasradioreflejos.com.ar\/2021\/wp-json\/wp\/v2\/tags?post=43965"}],"curies":[{"name":"wp","href":"https:\/\/api.w.org\/{rel}","templated":true}]}}