{"id":43963,"date":"2020-07-03T08:22:17","date_gmt":"2020-07-03T11:22:17","guid":{"rendered":"http:\/\/www.noticiasradioreflejos.com.ar\/noticias\/?p=43963"},"modified":"2020-07-03T08:22:17","modified_gmt":"2020-07-03T11:22:17","slug":"provincia-en-71-distritos-del-interior-podrian-volver-la-clases-en-agosto","status":"publish","type":"post","link":"https:\/\/www.noticiasradioreflejos.com.ar\/2021\/provincia-en-71-distritos-del-interior-podrian-volver-la-clases-en-agosto\/","title":{"rendered":"Provincia: en 71 distritos del interior podr\u00edan volver la clases en agosto"},"content":{"rendered":"<p>Al igual que la mayor parte del pa\u00eds, estar\u00edan en condiciones de retomar la actividad despu\u00e9s de las vacaciones de invierno. Son los que se encuentran en la fase 5 de la cuarentena.<!--more--><br \/>\nEn el mapa que mira cada d\u00eda el gobierno de Axel Kicillof, hay zonas rojas, amarillas y verdes. El color depende del nivel de contagio. Las rojas, las m\u00e1s complicadas, se ubican principalmente en el primer cord\u00f3n del Conurbano, pero tambi\u00e9n en algunos partidos del segundo y el tercer cord\u00f3n. En cambio, las verdes, ya en la fase 5 de la cuarentena, aparecen en el Interior de la Provincia. Seg\u00fan publica el diario digital Infobae en un informe especial, en esos 71 distritos se analiza que las clases vuelvan en agosto, pero en principio, Bah\u00eda Blanca no ser\u00eda uno de ellos.<br \/>\nEn la Provincia de Buenos Aires, el receso invernal arranca el lunes 20 de julio y termina el viernes 31. Seg\u00fan se supo, el regreso no ser\u00e1 al un\u00edsono en toda la jurisdicci\u00f3n. En el Interior, hoy son 4 mil unidades educativas las que estar\u00edan en condiciones de retomar la actividad presencial despu\u00e9s de las vacaciones.<br \/>\nSi bien proyectan el regreso escalonado, en la administraci\u00f3n bonaerense son muy cautos. Saben que la situaci\u00f3n es din\u00e1mica y las definiciones pueden modificarse a ra\u00edz de un brote, pero creen que el Interior hoy s\u00ed puede pensar en una vuelta en agosto, al comp\u00e1s de la proyecci\u00f3n que se maneja a nivel nacional. Las regiones que quedar\u00e1n al margen, entonces, ser\u00e1n el \u00c1rea Metropolitana de Buenos Aires (AMBA) y Chaco por los niveles de circulaci\u00f3n del virus y las provincias patag\u00f3nicas por las bajas temperaturas.<\/p>\n<p><a href=\"https:\/\/docs.google.com\/viewerng\/viewer?url=https:\/\/www.pagina12.com.ar\/ipad\/@@@pdfs\/protocolo.pdf\"><strong>PROTOCOLO<\/strong><\/a><\/p>\n","protected":false},"excerpt":{"rendered":"<p>Al igual que la mayor parte del pa\u00eds, estar\u00edan en condiciones de retomar la actividad despu\u00e9s de las vacaciones de invierno. Son los que se encuentran en la fase 5 de la cuarentena.<\/p>\n","protected":false},"author":3,"featured_media":0,"comment_status":"closed","ping_status":"open","sticky":false,"template":"","format":"standard","meta":{"footnotes":""},"categories":[34],"tags":[],"class_list":["post-43963","post","type-post","status-publish","format-standard","hentry","category-educacion"],"yoast_head":"<!-- This site is optimized with the Yoast SEO plugin v25.9 - https:\/\/yoast.com\/wordpress\/plugins\/seo\/ -->\n<title>Provincia: en 71 distritos del interior podr\u00edan volver la clases en agosto - Noticias Radio Reflejos<\/title>\n<meta name=\"robots\" content=\"index, follow, max-snippet:-1, max-image-preview:large, max-video-preview:-1\" \/>\n<link rel=\"canonical\" href=\"https:\/\/www.noticiasradioreflejos.com.ar\/2021\/provincia-en-71-distritos-del-interior-podrian-volver-la-clases-en-agosto\/\" \/>\n<meta property=\"og:locale\" content=\"es_ES\" \/>\n<meta property=\"og:type\" content=\"article\" \/>\n<meta property=\"og:title\" content=\"Provincia: en 71 distritos del interior podr\u00edan volver la clases en agosto - Noticias Radio Reflejos\" \/>\n<meta property=\"og:description\" content=\"Al igual que la mayor parte del pa\u00eds, estar\u00edan en condiciones de retomar la actividad despu\u00e9s de las vacaciones de invierno. Son los que se encuentran en la fase 5 de la cuarentena.\" \/>\n<meta property=\"og:url\" content=\"https:\/\/www.noticiasradioreflejos.com.ar\/2021\/provincia-en-71-distritos-del-interior-podrian-volver-la-clases-en-agosto\/\" \/>\n<meta property=\"og:site_name\" content=\"Noticias Radio Reflejos\" \/>\n<meta property=\"article:published_time\" content=\"2020-07-03T11:22:17+00:00\" \/>\n<meta property=\"og:image\" content=\"https:\/\/www.noticiasradioreflejos.com.ar\/2021\/wp-content\/uploads\/2021\/07\/logosol300x200.png\" \/>\n\t<meta property=\"og:image:width\" content=\"300\" \/>\n\t<meta property=\"og:image:height\" content=\"200\" \/>\n\t<meta property=\"og:image:type\" content=\"image\/png\" \/>\n<meta name=\"author\" content=\"Arnaldo Botto\" \/>\n<meta name=\"twitter:card\" content=\"summary_large_image\" \/>\n<script type=\"application\/ld+json\" class=\"yoast-schema-graph\">{\"@context\":\"https:\/\/schema.org\",\"@graph\":[{\"@type\":\"WebPage\",\"@id\":\"https:\/\/www.noticiasradioreflejos.com.ar\/2021\/provincia-en-71-distritos-del-interior-podrian-volver-la-clases-en-agosto\/\",\"url\":\"https:\/\/www.noticiasradioreflejos.com.ar\/2021\/provincia-en-71-distritos-del-interior-podrian-volver-la-clases-en-agosto\/\",\"name\":\"Provincia: en 71 distritos del interior podr\u00edan volver la clases en agosto - Noticias Radio Reflejos\",\"isPartOf\":{\"@id\":\"https:\/\/www.noticiasradioreflejos.com.ar\/2021\/#website\"},\"datePublished\":\"2020-07-03T11:22:17+00:00\",\"author\":{\"@id\":\"https:\/\/www.noticiasradioreflejos.com.ar\/2021\/#\/schema\/person\/ad82545263dcc5ec0996818884fd5fb1\"},\"breadcrumb\":{\"@id\":\"https:\/\/www.noticiasradioreflejos.com.ar\/2021\/provincia-en-71-distritos-del-interior-podrian-volver-la-clases-en-agosto\/#breadcrumb\"},\"inLanguage\":\"es\",\"potentialAction\":[{\"@type\":\"ReadAction\",\"target\":[\"https:\/\/www.noticiasradioreflejos.com.ar\/2021\/provincia-en-71-distritos-del-interior-podrian-volver-la-clases-en-agosto\/\"]}]},{\"@type\":\"BreadcrumbList\",\"@id\":\"https:\/\/www.noticiasradioreflejos.com.ar\/2021\/provincia-en-71-distritos-del-interior-podrian-volver-la-clases-en-agosto\/#breadcrumb\",\"itemListElement\":[{\"@type\":\"ListItem\",\"position\":1,\"name\":\"Portada\",\"item\":\"https:\/\/www.noticiasradioreflejos.com.ar\/2021\/\"},{\"@type\":\"ListItem\",\"position\":2,\"name\":\"Provincia: en 71 distritos del interior podr\u00edan volver la clases en agosto\"}]},{\"@type\":\"WebSite\",\"@id\":\"https:\/\/www.noticiasradioreflejos.com.ar\/2021\/#website\",\"url\":\"https:\/\/www.noticiasradioreflejos.com.ar\/2021\/\",\"name\":\"Noticias Radio Reflejos\",\"description\":\"Las noticias de mi comarca\",\"potentialAction\":[{\"@type\":\"SearchAction\",\"target\":{\"@type\":\"EntryPoint\",\"urlTemplate\":\"https:\/\/www.noticiasradioreflejos.com.ar\/2021\/?s={search_term_string}\"},\"query-input\":{\"@type\":\"PropertyValueSpecification\",\"valueRequired\":true,\"valueName\":\"search_term_string\"}}],\"inLanguage\":\"es\"},{\"@type\":\"Person\",\"@id\":\"https:\/\/www.noticiasradioreflejos.com.ar\/2021\/#\/schema\/person\/ad82545263dcc5ec0996818884fd5fb1\",\"name\":\"Arnaldo Botto\",\"image\":{\"@type\":\"ImageObject\",\"inLanguage\":\"es\",\"@id\":\"https:\/\/www.noticiasradioreflejos.com.ar\/2021\/#\/schema\/person\/image\/\",\"url\":\"https:\/\/secure.gravatar.com\/avatar\/55cb5e37c1efa326397366e6974cb338056df65cb50e7d64d1cf314e87504837?s=96&d=mm&r=g\",\"contentUrl\":\"https:\/\/secure.gravatar.com\/avatar\/55cb5e37c1efa326397366e6974cb338056df65cb50e7d64d1cf314e87504837?s=96&d=mm&r=g\",\"caption\":\"Arnaldo Botto\"},\"url\":\"https:\/\/www.noticiasradioreflejos.com.ar\/2021\/author\/arnaldo\/\"}]}<\/script>\n<!-- \/ Yoast SEO plugin. -->","yoast_head_json":{"title":"Provincia: en 71 distritos del interior podr\u00edan volver la clases en agosto - Noticias Radio Reflejos","robots":{"index":"index","follow":"follow","max-snippet":"max-snippet:-1","max-image-preview":"max-image-preview:large","max-video-preview":"max-video-preview:-1"},"canonical":"https:\/\/www.noticiasradioreflejos.com.ar\/2021\/provincia-en-71-distritos-del-interior-podrian-volver-la-clases-en-agosto\/","og_locale":"es_ES","og_type":"article","og_title":"Provincia: en 71 distritos del interior podr\u00edan volver la clases en agosto - Noticias Radio Reflejos","og_description":"Al igual que la mayor parte del pa\u00eds, estar\u00edan en condiciones de retomar la actividad despu\u00e9s de las vacaciones de invierno. Son los que se encuentran en la fase 5 de la cuarentena.","og_url":"https:\/\/www.noticiasradioreflejos.com.ar\/2021\/provincia-en-71-distritos-del-interior-podrian-volver-la-clases-en-agosto\/","og_site_name":"Noticias Radio Reflejos","article_published_time":"2020-07-03T11:22:17+00:00","og_image":[{"width":300,"height":200,"url":"https:\/\/www.noticiasradioreflejos.com.ar\/2021\/wp-content\/uploads\/2021\/07\/logosol300x200.png","type":"image\/png"}],"author":"Arnaldo Botto","twitter_card":"summary_large_image","schema":{"@context":"https:\/\/schema.org","@graph":[{"@type":"WebPage","@id":"https:\/\/www.noticiasradioreflejos.com.ar\/2021\/provincia-en-71-distritos-del-interior-podrian-volver-la-clases-en-agosto\/","url":"https:\/\/www.noticiasradioreflejos.com.ar\/2021\/provincia-en-71-distritos-del-interior-podrian-volver-la-clases-en-agosto\/","name":"Provincia: en 71 distritos del interior podr\u00edan volver la clases en agosto - Noticias Radio Reflejos","isPartOf":{"@id":"https:\/\/www.noticiasradioreflejos.com.ar\/2021\/#website"},"datePublished":"2020-07-03T11:22:17+00:00","author":{"@id":"https:\/\/www.noticiasradioreflejos.com.ar\/2021\/#\/schema\/person\/ad82545263dcc5ec0996818884fd5fb1"},"breadcrumb":{"@id":"https:\/\/www.noticiasradioreflejos.com.ar\/2021\/provincia-en-71-distritos-del-interior-podrian-volver-la-clases-en-agosto\/#breadcrumb"},"inLanguage":"es","potentialAction":[{"@type":"ReadAction","target":["https:\/\/www.noticiasradioreflejos.com.ar\/2021\/provincia-en-71-distritos-del-interior-podrian-volver-la-clases-en-agosto\/"]}]},{"@type":"BreadcrumbList","@id":"https:\/\/www.noticiasradioreflejos.com.ar\/2021\/provincia-en-71-distritos-del-interior-podrian-volver-la-clases-en-agosto\/#breadcrumb","itemListElement":[{"@type":"ListItem","position":1,"name":"Portada","item":"https:\/\/www.noticiasradioreflejos.com.ar\/2021\/"},{"@type":"ListItem","position":2,"name":"Provincia: en 71 distritos del interior podr\u00edan volver la clases en agosto"}]},{"@type":"WebSite","@id":"https:\/\/www.noticiasradioreflejos.com.ar\/2021\/#website","url":"https:\/\/www.noticiasradioreflejos.com.ar\/2021\/","name":"Noticias Radio Reflejos","description":"Las noticias de mi comarca","potentialAction":[{"@type":"SearchAction","target":{"@type":"EntryPoint","urlTemplate":"https:\/\/www.noticiasradioreflejos.com.ar\/2021\/?s={search_term_string}"},"query-input":{"@type":"PropertyValueSpecification","valueRequired":true,"valueName":"search_term_string"}}],"inLanguage":"es"},{"@type":"Person","@id":"https:\/\/www.noticiasradioreflejos.com.ar\/2021\/#\/schema\/person\/ad82545263dcc5ec0996818884fd5fb1","name":"Arnaldo Botto","image":{"@type":"ImageObject","inLanguage":"es","@id":"https:\/\/www.noticiasradioreflejos.com.ar\/2021\/#\/schema\/person\/image\/","url":"https:\/\/secure.gravatar.com\/avatar\/55cb5e37c1efa326397366e6974cb338056df65cb50e7d64d1cf314e87504837?s=96&d=mm&r=g","contentUrl":"https:\/\/secure.gravatar.com\/avatar\/55cb5e37c1efa326397366e6974cb338056df65cb50e7d64d1cf314e87504837?s=96&d=mm&r=g","caption":"Arnaldo Botto"},"url":"https:\/\/www.noticiasradioreflejos.com.ar\/2021\/author\/arnaldo\/"}]}},"_links":{"self":[{"href":"https:\/\/www.noticiasradioreflejos.com.ar\/2021\/wp-json\/wp\/v2\/posts\/43963","targetHints":{"allow":["GET"]}}],"collection":[{"href":"https:\/\/www.noticiasradioreflejos.com.ar\/2021\/wp-json\/wp\/v2\/posts"}],"about":[{"href":"https:\/\/www.noticiasradioreflejos.com.ar\/2021\/wp-json\/wp\/v2\/types\/post"}],"author":[{"embeddable":true,"href":"https:\/\/www.noticiasradioreflejos.com.ar\/2021\/wp-json\/wp\/v2\/users\/3"}],"replies":[{"embeddable":true,"href":"https:\/\/www.noticiasradioreflejos.com.ar\/2021\/wp-json\/wp\/v2\/comments?post=43963"}],"version-history":[{"count":0,"href":"https:\/\/www.noticiasradioreflejos.com.ar\/2021\/wp-json\/wp\/v2\/posts\/43963\/revisions"}],"wp:attachment":[{"href":"https:\/\/www.noticiasradioreflejos.com.ar\/2021\/wp-json\/wp\/v2\/media?parent=43963"}],"wp:term":[{"taxonomy":"category","embeddable":true,"href":"https:\/\/www.noticiasradioreflejos.com.ar\/2021\/wp-json\/wp\/v2\/categories?post=43963"},{"taxonomy":"post_tag","embeddable":true,"href":"https:\/\/www.noticiasradioreflejos.com.ar\/2021\/wp-json\/wp\/v2\/tags?post=43963"}],"curies":[{"name":"wp","href":"https:\/\/api.w.org\/{rel}","templated":true}]}}