{"id":43933,"date":"2020-07-02T11:58:42","date_gmt":"2020-07-02T14:58:42","guid":{"rendered":"http:\/\/www.noticiasradioreflejos.com.ar\/noticias\/?p=43933"},"modified":"2020-07-02T11:58:42","modified_gmt":"2020-07-02T14:58:42","slug":"primer-sabado-de-julio-dia-internacional-de-las-cooperativas","status":"publish","type":"post","link":"https:\/\/www.noticiasradioreflejos.com.ar\/2021\/primer-sabado-de-julio-dia-internacional-de-las-cooperativas\/","title":{"rendered":"Primer s\u00e1bado de julio \u00abD\u00eda Internacional de las Cooperativas\u00bb."},"content":{"rendered":"<p>El D\u00eda Internacional de las Cooperativas es una celebraci\u00f3n anual del movimiento cooperativo que se desarrolla cada primer s\u00e1bado del mes de julio desde 1923, por lo que este a\u00f1o llegamos a la 98\u00b0 edici\u00f3n del mismo. <!--more--><br \/>\nEl pr\u00f3ximo s\u00e1bado 04-jul-2020 el tema de este d\u00eda se abocar\u00e1 a cooperar e invitar a todo el mundo a unirse en la lucha contra el cambio clim\u00e1tico. Seg\u00fan expresa textualmente la Alianza Cooperativa Internacional (ACI) en su p\u00e1gina web: https:\/\/www.ica.coop\/es\/2020-international-day-cooperatives, \u201cNing\u00fan pa\u00eds quedar\u00e1 al margen de esta crisis. Las emisiones de gases de efecto invernadero han aumentado en un 50 % respecto a 1990. Adem\u00e1s, el calentamiento global est\u00e1 provocando cambios permanentes en el sistema clim\u00e1tico, cuyas consecuencias pueden ser irreversibles si no se toman medidas urgentes de inmediato. \u00abLas cooperativas y la acci\u00f3n por el clima\u00bb es el tema elegido para este a\u00f1o, con el que se pretende tratar y apoyar el Objetivo de Desarrollo Sostenible (ODS) 13 sobre la acci\u00f3n por el clima. El cambio clim\u00e1tico afecta gravemente la vida de las personas en todo el mundo, especialmente los grupos m\u00e1s desfavorecidos, como los peque\u00f1os agricultores, las mujeres, los j\u00f3venes, los pueblos ind\u00edgenas o las minor\u00edas \u00e9tnicas, que tienen que hacer frente a las cat\u00e1strofes naturales extremas y a la degradaci\u00f3n de los recursos naturales. Este a\u00f1o, nos centraremos en la contribuci\u00f3n de las cooperativas en la lucha contra el cambio clim\u00e1tico.\u201d<\/p>\n<p>Invitamos a todos nuestros asociados y a la comunidad en general a adherirse y colaborar con este tema primordial para toda la humanidad.<\/p>\n<p>Consejo de Administraci\u00f3n<br \/>\n02-jul-2020<\/p>\n","protected":false},"excerpt":{"rendered":"<p>El D\u00eda Internacional de las Cooperativas es una celebraci\u00f3n anual del movimiento cooperativo que se desarrolla cada primer s\u00e1bado del mes de julio desde 1923, por lo que este a\u00f1o llegamos a la 98\u00b0 edici\u00f3n del mismo.<\/p>\n","protected":false},"author":3,"featured_media":0,"comment_status":"closed","ping_status":"open","sticky":false,"template":"","format":"standard","meta":{"footnotes":""},"categories":[26],"tags":[],"class_list":["post-43933","post","type-post","status-publish","format-standard","hentry","category-sociedad"],"yoast_head":"<!-- This site is optimized with the Yoast SEO plugin v25.9 - https:\/\/yoast.com\/wordpress\/plugins\/seo\/ -->\n<title>Primer s\u00e1bado de julio &quot;D\u00eda Internacional de las Cooperativas&quot;. - Noticias Radio Reflejos<\/title>\n<meta name=\"robots\" content=\"index, follow, max-snippet:-1, max-image-preview:large, max-video-preview:-1\" \/>\n<link rel=\"canonical\" href=\"https:\/\/www.noticiasradioreflejos.com.ar\/2021\/primer-sabado-de-julio-dia-internacional-de-las-cooperativas\/\" \/>\n<meta property=\"og:locale\" content=\"es_ES\" \/>\n<meta property=\"og:type\" content=\"article\" \/>\n<meta property=\"og:title\" content=\"Primer s\u00e1bado de julio &quot;D\u00eda Internacional de las Cooperativas&quot;. - Noticias Radio Reflejos\" \/>\n<meta property=\"og:description\" content=\"El D\u00eda Internacional de las Cooperativas es una celebraci\u00f3n anual del movimiento cooperativo que se desarrolla cada primer s\u00e1bado del mes de julio desde 1923, por lo que este a\u00f1o llegamos a la 98\u00b0 edici\u00f3n del mismo.\" \/>\n<meta property=\"og:url\" content=\"https:\/\/www.noticiasradioreflejos.com.ar\/2021\/primer-sabado-de-julio-dia-internacional-de-las-cooperativas\/\" \/>\n<meta property=\"og:site_name\" content=\"Noticias Radio Reflejos\" \/>\n<meta property=\"article:published_time\" content=\"2020-07-02T14:58:42+00:00\" \/>\n<meta property=\"og:image\" content=\"https:\/\/www.noticiasradioreflejos.com.ar\/2021\/wp-content\/uploads\/2021\/07\/logosol300x200.png\" \/>\n\t<meta property=\"og:image:width\" content=\"300\" \/>\n\t<meta property=\"og:image:height\" content=\"200\" \/>\n\t<meta property=\"og:image:type\" content=\"image\/png\" \/>\n<meta name=\"author\" content=\"Arnaldo Botto\" \/>\n<meta name=\"twitter:card\" content=\"summary_large_image\" \/>\n<script type=\"application\/ld+json\" class=\"yoast-schema-graph\">{\"@context\":\"https:\/\/schema.org\",\"@graph\":[{\"@type\":\"WebPage\",\"@id\":\"https:\/\/www.noticiasradioreflejos.com.ar\/2021\/primer-sabado-de-julio-dia-internacional-de-las-cooperativas\/\",\"url\":\"https:\/\/www.noticiasradioreflejos.com.ar\/2021\/primer-sabado-de-julio-dia-internacional-de-las-cooperativas\/\",\"name\":\"Primer s\u00e1bado de julio \\\"D\u00eda Internacional de las Cooperativas\\\". - Noticias Radio Reflejos\",\"isPartOf\":{\"@id\":\"https:\/\/www.noticiasradioreflejos.com.ar\/2021\/#website\"},\"datePublished\":\"2020-07-02T14:58:42+00:00\",\"author\":{\"@id\":\"https:\/\/www.noticiasradioreflejos.com.ar\/2021\/#\/schema\/person\/ad82545263dcc5ec0996818884fd5fb1\"},\"breadcrumb\":{\"@id\":\"https:\/\/www.noticiasradioreflejos.com.ar\/2021\/primer-sabado-de-julio-dia-internacional-de-las-cooperativas\/#breadcrumb\"},\"inLanguage\":\"es\",\"potentialAction\":[{\"@type\":\"ReadAction\",\"target\":[\"https:\/\/www.noticiasradioreflejos.com.ar\/2021\/primer-sabado-de-julio-dia-internacional-de-las-cooperativas\/\"]}]},{\"@type\":\"BreadcrumbList\",\"@id\":\"https:\/\/www.noticiasradioreflejos.com.ar\/2021\/primer-sabado-de-julio-dia-internacional-de-las-cooperativas\/#breadcrumb\",\"itemListElement\":[{\"@type\":\"ListItem\",\"position\":1,\"name\":\"Portada\",\"item\":\"https:\/\/www.noticiasradioreflejos.com.ar\/2021\/\"},{\"@type\":\"ListItem\",\"position\":2,\"name\":\"Primer s\u00e1bado de julio \u00abD\u00eda Internacional de las Cooperativas\u00bb.\"}]},{\"@type\":\"WebSite\",\"@id\":\"https:\/\/www.noticiasradioreflejos.com.ar\/2021\/#website\",\"url\":\"https:\/\/www.noticiasradioreflejos.com.ar\/2021\/\",\"name\":\"Noticias Radio Reflejos\",\"description\":\"Las noticias de mi comarca\",\"potentialAction\":[{\"@type\":\"SearchAction\",\"target\":{\"@type\":\"EntryPoint\",\"urlTemplate\":\"https:\/\/www.noticiasradioreflejos.com.ar\/2021\/?s={search_term_string}\"},\"query-input\":{\"@type\":\"PropertyValueSpecification\",\"valueRequired\":true,\"valueName\":\"search_term_string\"}}],\"inLanguage\":\"es\"},{\"@type\":\"Person\",\"@id\":\"https:\/\/www.noticiasradioreflejos.com.ar\/2021\/#\/schema\/person\/ad82545263dcc5ec0996818884fd5fb1\",\"name\":\"Arnaldo Botto\",\"image\":{\"@type\":\"ImageObject\",\"inLanguage\":\"es\",\"@id\":\"https:\/\/www.noticiasradioreflejos.com.ar\/2021\/#\/schema\/person\/image\/\",\"url\":\"https:\/\/secure.gravatar.com\/avatar\/55cb5e37c1efa326397366e6974cb338056df65cb50e7d64d1cf314e87504837?s=96&d=mm&r=g\",\"contentUrl\":\"https:\/\/secure.gravatar.com\/avatar\/55cb5e37c1efa326397366e6974cb338056df65cb50e7d64d1cf314e87504837?s=96&d=mm&r=g\",\"caption\":\"Arnaldo Botto\"},\"url\":\"https:\/\/www.noticiasradioreflejos.com.ar\/2021\/author\/arnaldo\/\"}]}<\/script>\n<!-- \/ Yoast SEO plugin. -->","yoast_head_json":{"title":"Primer s\u00e1bado de julio \"D\u00eda Internacional de las Cooperativas\". - Noticias Radio Reflejos","robots":{"index":"index","follow":"follow","max-snippet":"max-snippet:-1","max-image-preview":"max-image-preview:large","max-video-preview":"max-video-preview:-1"},"canonical":"https:\/\/www.noticiasradioreflejos.com.ar\/2021\/primer-sabado-de-julio-dia-internacional-de-las-cooperativas\/","og_locale":"es_ES","og_type":"article","og_title":"Primer s\u00e1bado de julio \"D\u00eda Internacional de las Cooperativas\". - Noticias Radio Reflejos","og_description":"El D\u00eda Internacional de las Cooperativas es una celebraci\u00f3n anual del movimiento cooperativo que se desarrolla cada primer s\u00e1bado del mes de julio desde 1923, por lo que este a\u00f1o llegamos a la 98\u00b0 edici\u00f3n del mismo.","og_url":"https:\/\/www.noticiasradioreflejos.com.ar\/2021\/primer-sabado-de-julio-dia-internacional-de-las-cooperativas\/","og_site_name":"Noticias Radio Reflejos","article_published_time":"2020-07-02T14:58:42+00:00","og_image":[{"width":300,"height":200,"url":"https:\/\/www.noticiasradioreflejos.com.ar\/2021\/wp-content\/uploads\/2021\/07\/logosol300x200.png","type":"image\/png"}],"author":"Arnaldo Botto","twitter_card":"summary_large_image","schema":{"@context":"https:\/\/schema.org","@graph":[{"@type":"WebPage","@id":"https:\/\/www.noticiasradioreflejos.com.ar\/2021\/primer-sabado-de-julio-dia-internacional-de-las-cooperativas\/","url":"https:\/\/www.noticiasradioreflejos.com.ar\/2021\/primer-sabado-de-julio-dia-internacional-de-las-cooperativas\/","name":"Primer s\u00e1bado de julio \"D\u00eda Internacional de las Cooperativas\". - Noticias Radio Reflejos","isPartOf":{"@id":"https:\/\/www.noticiasradioreflejos.com.ar\/2021\/#website"},"datePublished":"2020-07-02T14:58:42+00:00","author":{"@id":"https:\/\/www.noticiasradioreflejos.com.ar\/2021\/#\/schema\/person\/ad82545263dcc5ec0996818884fd5fb1"},"breadcrumb":{"@id":"https:\/\/www.noticiasradioreflejos.com.ar\/2021\/primer-sabado-de-julio-dia-internacional-de-las-cooperativas\/#breadcrumb"},"inLanguage":"es","potentialAction":[{"@type":"ReadAction","target":["https:\/\/www.noticiasradioreflejos.com.ar\/2021\/primer-sabado-de-julio-dia-internacional-de-las-cooperativas\/"]}]},{"@type":"BreadcrumbList","@id":"https:\/\/www.noticiasradioreflejos.com.ar\/2021\/primer-sabado-de-julio-dia-internacional-de-las-cooperativas\/#breadcrumb","itemListElement":[{"@type":"ListItem","position":1,"name":"Portada","item":"https:\/\/www.noticiasradioreflejos.com.ar\/2021\/"},{"@type":"ListItem","position":2,"name":"Primer s\u00e1bado de julio \u00abD\u00eda Internacional de las Cooperativas\u00bb."}]},{"@type":"WebSite","@id":"https:\/\/www.noticiasradioreflejos.com.ar\/2021\/#website","url":"https:\/\/www.noticiasradioreflejos.com.ar\/2021\/","name":"Noticias Radio Reflejos","description":"Las noticias de mi comarca","potentialAction":[{"@type":"SearchAction","target":{"@type":"EntryPoint","urlTemplate":"https:\/\/www.noticiasradioreflejos.com.ar\/2021\/?s={search_term_string}"},"query-input":{"@type":"PropertyValueSpecification","valueRequired":true,"valueName":"search_term_string"}}],"inLanguage":"es"},{"@type":"Person","@id":"https:\/\/www.noticiasradioreflejos.com.ar\/2021\/#\/schema\/person\/ad82545263dcc5ec0996818884fd5fb1","name":"Arnaldo Botto","image":{"@type":"ImageObject","inLanguage":"es","@id":"https:\/\/www.noticiasradioreflejos.com.ar\/2021\/#\/schema\/person\/image\/","url":"https:\/\/secure.gravatar.com\/avatar\/55cb5e37c1efa326397366e6974cb338056df65cb50e7d64d1cf314e87504837?s=96&d=mm&r=g","contentUrl":"https:\/\/secure.gravatar.com\/avatar\/55cb5e37c1efa326397366e6974cb338056df65cb50e7d64d1cf314e87504837?s=96&d=mm&r=g","caption":"Arnaldo Botto"},"url":"https:\/\/www.noticiasradioreflejos.com.ar\/2021\/author\/arnaldo\/"}]}},"_links":{"self":[{"href":"https:\/\/www.noticiasradioreflejos.com.ar\/2021\/wp-json\/wp\/v2\/posts\/43933","targetHints":{"allow":["GET"]}}],"collection":[{"href":"https:\/\/www.noticiasradioreflejos.com.ar\/2021\/wp-json\/wp\/v2\/posts"}],"about":[{"href":"https:\/\/www.noticiasradioreflejos.com.ar\/2021\/wp-json\/wp\/v2\/types\/post"}],"author":[{"embeddable":true,"href":"https:\/\/www.noticiasradioreflejos.com.ar\/2021\/wp-json\/wp\/v2\/users\/3"}],"replies":[{"embeddable":true,"href":"https:\/\/www.noticiasradioreflejos.com.ar\/2021\/wp-json\/wp\/v2\/comments?post=43933"}],"version-history":[{"count":0,"href":"https:\/\/www.noticiasradioreflejos.com.ar\/2021\/wp-json\/wp\/v2\/posts\/43933\/revisions"}],"wp:attachment":[{"href":"https:\/\/www.noticiasradioreflejos.com.ar\/2021\/wp-json\/wp\/v2\/media?parent=43933"}],"wp:term":[{"taxonomy":"category","embeddable":true,"href":"https:\/\/www.noticiasradioreflejos.com.ar\/2021\/wp-json\/wp\/v2\/categories?post=43933"},{"taxonomy":"post_tag","embeddable":true,"href":"https:\/\/www.noticiasradioreflejos.com.ar\/2021\/wp-json\/wp\/v2\/tags?post=43933"}],"curies":[{"name":"wp","href":"https:\/\/api.w.org\/{rel}","templated":true}]}}