{"id":43929,"date":"2020-07-02T08:55:37","date_gmt":"2020-07-02T11:55:37","guid":{"rendered":"http:\/\/www.noticiasradioreflejos.com.ar\/noticias\/?p=43929"},"modified":"2020-07-02T08:55:37","modified_gmt":"2020-07-02T11:55:37","slug":"la-provincia-participaria-de-las-pruebas-de-una-vacuna-en-humanos","status":"publish","type":"post","link":"https:\/\/www.noticiasradioreflejos.com.ar\/2021\/la-provincia-participaria-de-las-pruebas-de-una-vacuna-en-humanos\/","title":{"rendered":"La Provincia participar\u00eda de las pruebas de una vacuna en humanos"},"content":{"rendered":"<p>Est\u00e1 siendo desarrollada por cient\u00edficos alemanes y estadounidenses. Eso facilitar\u00eda la compra y la distribuci\u00f3n del f\u00e1rmaco. La Provincia de Buenos Aires podr\u00eda participar de las pruebas de una vacuna contra el coronavirus que desarrollan cient\u00edficos alemanes y estadounidenses.<!--more--><\/p>\n<p>Seg\u00fan publica el diario El D\u00eda, es una posibilidad todav\u00eda en estudio que entusiasma en el \u00e1mbito provincial, ya que, si la vacuna se aprobara exitosamente, el ensayo en humanos a gran escala facilitar\u00eda luego la compra y distribuci\u00f3n del f\u00e1rmaco en el territorio bonaerense.<\/p>\n<p>La versi\u00f3n se conoci\u00f3 cuando la Provincia acumula a la mayor cantidad de contagios del pa\u00eds.<\/p>\n<p>Expertos consultados por el diario platense llamaron a tomar la noticia con cautela, destacando que la prueba de una vacuna es un proceso largo, que lleva por lo menos meses. A\u00fan siendo exitosas, no tendr\u00eda un impacto inmediato sobre la pandemia.<\/p>\n<p>Seg\u00fan se conoci\u00f3 ayer, el ministro de salud bonaerense Daniel Goll\u00e1n elev\u00f3 una carpeta al gobernador Axel Kicillof con la propuesta de que la Provincia participe de la prueba de una vacuna experimental contra el coronavirus que es producida por investigadores alemanes y estadounidenses que intentan probar a gran escala en humanos la fase tres de su ensayo de laboratorio.<\/p>\n<p>Todav\u00eda se est\u00e1 en la etapa de las tratativas, ya que quienes est\u00e1n al frente del desarrollo de la vacuna consideran otros destinos posibles para la prueba, entre ellos, ciudades de Brasil y Sud\u00e1frica.<\/p>\n<p>Lo que creen las autoridades sanitarias provinciales es que la Argentina podr\u00eda ofrecer mejores condiciones de laboratorio para una prueba en humanos que ya se inici\u00f3 con buenos resultados en laboratorios de distintos pa\u00edses.<\/p>\n<p>La posible prueba de una vacuna fue informada por el ministro de Salud Daniel Goll\u00e1n en una reuni\u00f3n por videoconferencia con intendentes de distintos partidos del \u00c1rea Metropolitana de Buenos Aires, una zona cr\u00edtica en relaci\u00f3n al coronavirus.<\/p>\n<p>Seg\u00fan indic\u00f3 uno de esos jefes comunales, Goll\u00e1n les dijo que \u201chay en estudio, una prueba de vacunas contra el coronavirus, que comenz\u00f3 en Alemania y Estados Unidos y que podr\u00eda avanzar en la Provincia \u201c. En tanto el Ministerio de Salud de la Provincia confirm\u00f3 que la posibilidad de que se experimenten vacunas en desarrollo en territorio bonaerense forma parte de un dossier con alternativas propuestas al gobernador que podr\u00edan contribuir a salir de la cuarentena en el mediano plazo.<\/p>\n","protected":false},"excerpt":{"rendered":"<p>Est\u00e1 siendo desarrollada por cient\u00edficos alemanes y estadounidenses. Eso facilitar\u00eda la compra y la distribuci\u00f3n del f\u00e1rmaco. La Provincia de Buenos Aires podr\u00eda participar de las pruebas de una vacuna contra el coronavirus que desarrollan cient\u00edficos alemanes y estadounidenses.<\/p>\n","protected":false},"author":3,"featured_media":0,"comment_status":"closed","ping_status":"open","sticky":false,"template":"","format":"standard","meta":{"footnotes":""},"categories":[30],"tags":[],"class_list":["post-43929","post","type-post","status-publish","format-standard","hentry","category-salud"],"yoast_head":"<!-- This site is optimized with the Yoast SEO plugin v25.9 - https:\/\/yoast.com\/wordpress\/plugins\/seo\/ -->\n<title>La Provincia participar\u00eda de las pruebas de una vacuna en humanos - Noticias Radio Reflejos<\/title>\n<meta name=\"robots\" content=\"index, follow, max-snippet:-1, max-image-preview:large, max-video-preview:-1\" \/>\n<link rel=\"canonical\" href=\"https:\/\/www.noticiasradioreflejos.com.ar\/2021\/la-provincia-participaria-de-las-pruebas-de-una-vacuna-en-humanos\/\" \/>\n<meta property=\"og:locale\" content=\"es_ES\" \/>\n<meta property=\"og:type\" content=\"article\" \/>\n<meta property=\"og:title\" content=\"La Provincia participar\u00eda de las pruebas de una vacuna en humanos - Noticias Radio Reflejos\" \/>\n<meta property=\"og:description\" content=\"Est\u00e1 siendo desarrollada por cient\u00edficos alemanes y estadounidenses. Eso facilitar\u00eda la compra y la distribuci\u00f3n del f\u00e1rmaco. La Provincia de Buenos Aires podr\u00eda participar de las pruebas de una vacuna contra el coronavirus que desarrollan cient\u00edficos alemanes y estadounidenses.\" \/>\n<meta property=\"og:url\" content=\"https:\/\/www.noticiasradioreflejos.com.ar\/2021\/la-provincia-participaria-de-las-pruebas-de-una-vacuna-en-humanos\/\" \/>\n<meta property=\"og:site_name\" content=\"Noticias Radio Reflejos\" \/>\n<meta property=\"article:published_time\" content=\"2020-07-02T11:55:37+00:00\" \/>\n<meta property=\"og:image\" content=\"https:\/\/www.noticiasradioreflejos.com.ar\/2021\/wp-content\/uploads\/2021\/07\/logosol300x200.png\" \/>\n\t<meta property=\"og:image:width\" content=\"300\" \/>\n\t<meta property=\"og:image:height\" content=\"200\" \/>\n\t<meta property=\"og:image:type\" content=\"image\/png\" \/>\n<meta name=\"author\" content=\"Arnaldo Botto\" \/>\n<meta name=\"twitter:card\" content=\"summary_large_image\" \/>\n<script type=\"application\/ld+json\" class=\"yoast-schema-graph\">{\"@context\":\"https:\/\/schema.org\",\"@graph\":[{\"@type\":\"WebPage\",\"@id\":\"https:\/\/www.noticiasradioreflejos.com.ar\/2021\/la-provincia-participaria-de-las-pruebas-de-una-vacuna-en-humanos\/\",\"url\":\"https:\/\/www.noticiasradioreflejos.com.ar\/2021\/la-provincia-participaria-de-las-pruebas-de-una-vacuna-en-humanos\/\",\"name\":\"La Provincia participar\u00eda de las pruebas de una vacuna en humanos - Noticias Radio Reflejos\",\"isPartOf\":{\"@id\":\"https:\/\/www.noticiasradioreflejos.com.ar\/2021\/#website\"},\"datePublished\":\"2020-07-02T11:55:37+00:00\",\"author\":{\"@id\":\"https:\/\/www.noticiasradioreflejos.com.ar\/2021\/#\/schema\/person\/ad82545263dcc5ec0996818884fd5fb1\"},\"breadcrumb\":{\"@id\":\"https:\/\/www.noticiasradioreflejos.com.ar\/2021\/la-provincia-participaria-de-las-pruebas-de-una-vacuna-en-humanos\/#breadcrumb\"},\"inLanguage\":\"es\",\"potentialAction\":[{\"@type\":\"ReadAction\",\"target\":[\"https:\/\/www.noticiasradioreflejos.com.ar\/2021\/la-provincia-participaria-de-las-pruebas-de-una-vacuna-en-humanos\/\"]}]},{\"@type\":\"BreadcrumbList\",\"@id\":\"https:\/\/www.noticiasradioreflejos.com.ar\/2021\/la-provincia-participaria-de-las-pruebas-de-una-vacuna-en-humanos\/#breadcrumb\",\"itemListElement\":[{\"@type\":\"ListItem\",\"position\":1,\"name\":\"Portada\",\"item\":\"https:\/\/www.noticiasradioreflejos.com.ar\/2021\/\"},{\"@type\":\"ListItem\",\"position\":2,\"name\":\"La Provincia participar\u00eda de las pruebas de una vacuna en humanos\"}]},{\"@type\":\"WebSite\",\"@id\":\"https:\/\/www.noticiasradioreflejos.com.ar\/2021\/#website\",\"url\":\"https:\/\/www.noticiasradioreflejos.com.ar\/2021\/\",\"name\":\"Noticias Radio Reflejos\",\"description\":\"Las noticias de mi comarca\",\"potentialAction\":[{\"@type\":\"SearchAction\",\"target\":{\"@type\":\"EntryPoint\",\"urlTemplate\":\"https:\/\/www.noticiasradioreflejos.com.ar\/2021\/?s={search_term_string}\"},\"query-input\":{\"@type\":\"PropertyValueSpecification\",\"valueRequired\":true,\"valueName\":\"search_term_string\"}}],\"inLanguage\":\"es\"},{\"@type\":\"Person\",\"@id\":\"https:\/\/www.noticiasradioreflejos.com.ar\/2021\/#\/schema\/person\/ad82545263dcc5ec0996818884fd5fb1\",\"name\":\"Arnaldo Botto\",\"image\":{\"@type\":\"ImageObject\",\"inLanguage\":\"es\",\"@id\":\"https:\/\/www.noticiasradioreflejos.com.ar\/2021\/#\/schema\/person\/image\/\",\"url\":\"https:\/\/secure.gravatar.com\/avatar\/55cb5e37c1efa326397366e6974cb338056df65cb50e7d64d1cf314e87504837?s=96&d=mm&r=g\",\"contentUrl\":\"https:\/\/secure.gravatar.com\/avatar\/55cb5e37c1efa326397366e6974cb338056df65cb50e7d64d1cf314e87504837?s=96&d=mm&r=g\",\"caption\":\"Arnaldo Botto\"},\"url\":\"https:\/\/www.noticiasradioreflejos.com.ar\/2021\/author\/arnaldo\/\"}]}<\/script>\n<!-- \/ Yoast SEO plugin. -->","yoast_head_json":{"title":"La Provincia participar\u00eda de las pruebas de una vacuna en humanos - Noticias Radio Reflejos","robots":{"index":"index","follow":"follow","max-snippet":"max-snippet:-1","max-image-preview":"max-image-preview:large","max-video-preview":"max-video-preview:-1"},"canonical":"https:\/\/www.noticiasradioreflejos.com.ar\/2021\/la-provincia-participaria-de-las-pruebas-de-una-vacuna-en-humanos\/","og_locale":"es_ES","og_type":"article","og_title":"La Provincia participar\u00eda de las pruebas de una vacuna en humanos - Noticias Radio Reflejos","og_description":"Est\u00e1 siendo desarrollada por cient\u00edficos alemanes y estadounidenses. Eso facilitar\u00eda la compra y la distribuci\u00f3n del f\u00e1rmaco. La Provincia de Buenos Aires podr\u00eda participar de las pruebas de una vacuna contra el coronavirus que desarrollan cient\u00edficos alemanes y estadounidenses.","og_url":"https:\/\/www.noticiasradioreflejos.com.ar\/2021\/la-provincia-participaria-de-las-pruebas-de-una-vacuna-en-humanos\/","og_site_name":"Noticias Radio Reflejos","article_published_time":"2020-07-02T11:55:37+00:00","og_image":[{"width":300,"height":200,"url":"https:\/\/www.noticiasradioreflejos.com.ar\/2021\/wp-content\/uploads\/2021\/07\/logosol300x200.png","type":"image\/png"}],"author":"Arnaldo Botto","twitter_card":"summary_large_image","schema":{"@context":"https:\/\/schema.org","@graph":[{"@type":"WebPage","@id":"https:\/\/www.noticiasradioreflejos.com.ar\/2021\/la-provincia-participaria-de-las-pruebas-de-una-vacuna-en-humanos\/","url":"https:\/\/www.noticiasradioreflejos.com.ar\/2021\/la-provincia-participaria-de-las-pruebas-de-una-vacuna-en-humanos\/","name":"La Provincia participar\u00eda de las pruebas de una vacuna en humanos - Noticias Radio Reflejos","isPartOf":{"@id":"https:\/\/www.noticiasradioreflejos.com.ar\/2021\/#website"},"datePublished":"2020-07-02T11:55:37+00:00","author":{"@id":"https:\/\/www.noticiasradioreflejos.com.ar\/2021\/#\/schema\/person\/ad82545263dcc5ec0996818884fd5fb1"},"breadcrumb":{"@id":"https:\/\/www.noticiasradioreflejos.com.ar\/2021\/la-provincia-participaria-de-las-pruebas-de-una-vacuna-en-humanos\/#breadcrumb"},"inLanguage":"es","potentialAction":[{"@type":"ReadAction","target":["https:\/\/www.noticiasradioreflejos.com.ar\/2021\/la-provincia-participaria-de-las-pruebas-de-una-vacuna-en-humanos\/"]}]},{"@type":"BreadcrumbList","@id":"https:\/\/www.noticiasradioreflejos.com.ar\/2021\/la-provincia-participaria-de-las-pruebas-de-una-vacuna-en-humanos\/#breadcrumb","itemListElement":[{"@type":"ListItem","position":1,"name":"Portada","item":"https:\/\/www.noticiasradioreflejos.com.ar\/2021\/"},{"@type":"ListItem","position":2,"name":"La Provincia participar\u00eda de las pruebas de una vacuna en humanos"}]},{"@type":"WebSite","@id":"https:\/\/www.noticiasradioreflejos.com.ar\/2021\/#website","url":"https:\/\/www.noticiasradioreflejos.com.ar\/2021\/","name":"Noticias Radio Reflejos","description":"Las noticias de mi comarca","potentialAction":[{"@type":"SearchAction","target":{"@type":"EntryPoint","urlTemplate":"https:\/\/www.noticiasradioreflejos.com.ar\/2021\/?s={search_term_string}"},"query-input":{"@type":"PropertyValueSpecification","valueRequired":true,"valueName":"search_term_string"}}],"inLanguage":"es"},{"@type":"Person","@id":"https:\/\/www.noticiasradioreflejos.com.ar\/2021\/#\/schema\/person\/ad82545263dcc5ec0996818884fd5fb1","name":"Arnaldo Botto","image":{"@type":"ImageObject","inLanguage":"es","@id":"https:\/\/www.noticiasradioreflejos.com.ar\/2021\/#\/schema\/person\/image\/","url":"https:\/\/secure.gravatar.com\/avatar\/55cb5e37c1efa326397366e6974cb338056df65cb50e7d64d1cf314e87504837?s=96&d=mm&r=g","contentUrl":"https:\/\/secure.gravatar.com\/avatar\/55cb5e37c1efa326397366e6974cb338056df65cb50e7d64d1cf314e87504837?s=96&d=mm&r=g","caption":"Arnaldo Botto"},"url":"https:\/\/www.noticiasradioreflejos.com.ar\/2021\/author\/arnaldo\/"}]}},"_links":{"self":[{"href":"https:\/\/www.noticiasradioreflejos.com.ar\/2021\/wp-json\/wp\/v2\/posts\/43929","targetHints":{"allow":["GET"]}}],"collection":[{"href":"https:\/\/www.noticiasradioreflejos.com.ar\/2021\/wp-json\/wp\/v2\/posts"}],"about":[{"href":"https:\/\/www.noticiasradioreflejos.com.ar\/2021\/wp-json\/wp\/v2\/types\/post"}],"author":[{"embeddable":true,"href":"https:\/\/www.noticiasradioreflejos.com.ar\/2021\/wp-json\/wp\/v2\/users\/3"}],"replies":[{"embeddable":true,"href":"https:\/\/www.noticiasradioreflejos.com.ar\/2021\/wp-json\/wp\/v2\/comments?post=43929"}],"version-history":[{"count":0,"href":"https:\/\/www.noticiasradioreflejos.com.ar\/2021\/wp-json\/wp\/v2\/posts\/43929\/revisions"}],"wp:attachment":[{"href":"https:\/\/www.noticiasradioreflejos.com.ar\/2021\/wp-json\/wp\/v2\/media?parent=43929"}],"wp:term":[{"taxonomy":"category","embeddable":true,"href":"https:\/\/www.noticiasradioreflejos.com.ar\/2021\/wp-json\/wp\/v2\/categories?post=43929"},{"taxonomy":"post_tag","embeddable":true,"href":"https:\/\/www.noticiasradioreflejos.com.ar\/2021\/wp-json\/wp\/v2\/tags?post=43929"}],"curies":[{"name":"wp","href":"https:\/\/api.w.org\/{rel}","templated":true}]}}