{"id":43927,"date":"2020-07-02T08:26:06","date_gmt":"2020-07-02T11:26:06","guid":{"rendered":"http:\/\/www.noticiasradioreflejos.com.ar\/noticias\/?p=43927"},"modified":"2020-07-02T08:26:06","modified_gmt":"2020-07-02T11:26:06","slug":"se-reanuda-el-juicio-a-integrantes-de-la-triple-a-por-crimen-en-bahia-blanca-en-1975","status":"publish","type":"post","link":"https:\/\/www.noticiasradioreflejos.com.ar\/2021\/se-reanuda-el-juicio-a-integrantes-de-la-triple-a-por-crimen-en-bahia-blanca-en-1975\/","title":{"rendered":"Se reanuda el juicio a integrantes de la Triple A por crimen en Bah\u00eda Blanca en 1975"},"content":{"rendered":"<p>El Tribunal Oral en lo Criminal Federal de Bah\u00eda Blanca reanudar\u00e1 hoy el juicio en que investiga a cuatro personas, acusadas de un asesinato y de integrar la organizaci\u00f3n parapolicial Triple A durante la d\u00e9cada del 70 en esa ciudad, audiencia que se realizar\u00e1 bajo protocolos sanitarios por la pandemia de coronavirus, informaron fuentes judiciales.<!--more--><\/p>\n<p>El Tribunal, integrado por los jueces Roberto Amabile, Marcos Aguerrido y Pablo D\u00edaz Lacava, reanudar\u00e1 a las 10 el debate que hab\u00eda comenzado el \u00faltimo 9 de marzo en el Aula Magna de la Universidad Nacional del Sur (UNS) en el centro de la ciudad.<\/p>\n<p>Fuentes judiciales informaron a T\u00e9lam que \u00abel Tribunal dispuso que el debate se realizar\u00e1 a puertas cerradas y con distanciamiento social entre los presentes\u00bb.<\/p>\n<p>\u00abAdem\u00e1s, las audiencias podr\u00e1n seguirse bajo modalidad mixta: habr\u00e1 una conexi\u00f3n virtual de las personas que pertenecen a poblaci\u00f3n de riesgo o que opten por dicha alternativa\u00bb, agregaron.<\/p>\n<p>Seg\u00fan se indic\u00f3, el debate ser\u00e1 transmitido a trav\u00e9s del link \/www.cij.gov.ar\/cijtv\/.<\/p>\n<p>En la audiencia se analizar\u00e1 la conducta de Roberto Aceituno (70 a\u00f1os), Juan Carlos Curzio (76), H\u00e9ctor Angel Forcelli (71) y Osvaldo Omar Pallero (78).<\/p>\n<p>La causa 165\/2003 est\u00e1 caratulada como \u00abAceituno Ra\u00fal Roberto y otros sobre asociaci\u00f3n il\u00edcita y homicidio agravado por el concurso de dos o m\u00e1s personas de quien fuera v\u00edctima Cilleruelo David Hover\u00bb.<\/p>\n<p>\u00abCilleruelo, quien se desempe\u00f1\u00f3 como secretario de la Federaci\u00f3n Universitaria del Sur y era militante de la Federaci\u00f3n Juvenil Comunista, fue asesinado de un disparo en la cabeza el 3 de abril de 1975 en un pasillo del ala de Ingenier\u00eda de esa alta casa de estudios ubicada en la avenida Alem\u00bb, agregaron las fuentes.<\/p>\n","protected":false},"excerpt":{"rendered":"<p>El Tribunal Oral en lo Criminal Federal de Bah\u00eda Blanca reanudar\u00e1 hoy el juicio en que investiga a cuatro personas, acusadas de un asesinato y de integrar la organizaci\u00f3n parapolicial Triple A durante la d\u00e9cada del 70 en esa ciudad, audiencia que se realizar\u00e1 bajo protocolos sanitarios por la pandemia de coronavirus, informaron fuentes judiciales.<\/p>\n","protected":false},"author":3,"featured_media":11796,"comment_status":"closed","ping_status":"open","sticky":false,"template":"","format":"standard","meta":{"footnotes":""},"categories":[26],"tags":[],"class_list":["post-43927","post","type-post","status-publish","format-standard","has-post-thumbnail","hentry","category-sociedad"],"yoast_head":"<!-- This site is optimized with the Yoast SEO plugin v25.9 - https:\/\/yoast.com\/wordpress\/plugins\/seo\/ -->\n<title>Se reanuda el juicio a integrantes de la Triple A por crimen en Bah\u00eda Blanca en 1975 - Noticias Radio Reflejos<\/title>\n<meta name=\"robots\" content=\"index, follow, max-snippet:-1, max-image-preview:large, max-video-preview:-1\" \/>\n<link rel=\"canonical\" href=\"https:\/\/www.noticiasradioreflejos.com.ar\/2021\/se-reanuda-el-juicio-a-integrantes-de-la-triple-a-por-crimen-en-bahia-blanca-en-1975\/\" \/>\n<meta property=\"og:locale\" content=\"es_ES\" \/>\n<meta property=\"og:type\" content=\"article\" \/>\n<meta property=\"og:title\" content=\"Se reanuda el juicio a integrantes de la Triple A por crimen en Bah\u00eda Blanca en 1975 - Noticias Radio Reflejos\" \/>\n<meta property=\"og:description\" content=\"El Tribunal Oral en lo Criminal Federal de Bah\u00eda Blanca reanudar\u00e1 hoy el juicio en que investiga a cuatro personas, acusadas de un asesinato y de integrar la organizaci\u00f3n parapolicial Triple A durante la d\u00e9cada del 70 en esa ciudad, audiencia que se realizar\u00e1 bajo protocolos sanitarios por la pandemia de coronavirus, informaron fuentes judiciales.\" \/>\n<meta property=\"og:url\" content=\"https:\/\/www.noticiasradioreflejos.com.ar\/2021\/se-reanuda-el-juicio-a-integrantes-de-la-triple-a-por-crimen-en-bahia-blanca-en-1975\/\" \/>\n<meta property=\"og:site_name\" content=\"Noticias Radio Reflejos\" \/>\n<meta property=\"article:published_time\" content=\"2020-07-02T11:26:06+00:00\" \/>\n<meta property=\"og:image\" content=\"https:\/\/www.noticiasradioreflejos.com.ar\/2021\/wp-content\/uploads\/2017\/06\/justicia1_1000_750.jpg\" \/>\n\t<meta property=\"og:image:width\" content=\"750\" \/>\n\t<meta property=\"og:image:height\" content=\"500\" \/>\n\t<meta property=\"og:image:type\" content=\"image\/jpeg\" \/>\n<meta name=\"author\" content=\"Arnaldo Botto\" \/>\n<meta name=\"twitter:card\" content=\"summary_large_image\" \/>\n<script type=\"application\/ld+json\" class=\"yoast-schema-graph\">{\"@context\":\"https:\/\/schema.org\",\"@graph\":[{\"@type\":\"WebPage\",\"@id\":\"https:\/\/www.noticiasradioreflejos.com.ar\/2021\/se-reanuda-el-juicio-a-integrantes-de-la-triple-a-por-crimen-en-bahia-blanca-en-1975\/\",\"url\":\"https:\/\/www.noticiasradioreflejos.com.ar\/2021\/se-reanuda-el-juicio-a-integrantes-de-la-triple-a-por-crimen-en-bahia-blanca-en-1975\/\",\"name\":\"Se reanuda el juicio a integrantes de la Triple A por crimen en Bah\u00eda Blanca en 1975 - Noticias Radio Reflejos\",\"isPartOf\":{\"@id\":\"https:\/\/www.noticiasradioreflejos.com.ar\/2021\/#website\"},\"primaryImageOfPage\":{\"@id\":\"https:\/\/www.noticiasradioreflejos.com.ar\/2021\/se-reanuda-el-juicio-a-integrantes-de-la-triple-a-por-crimen-en-bahia-blanca-en-1975\/#primaryimage\"},\"image\":{\"@id\":\"https:\/\/www.noticiasradioreflejos.com.ar\/2021\/se-reanuda-el-juicio-a-integrantes-de-la-triple-a-por-crimen-en-bahia-blanca-en-1975\/#primaryimage\"},\"thumbnailUrl\":\"https:\/\/www.noticiasradioreflejos.com.ar\/2021\/wp-content\/uploads\/2017\/06\/justicia1_1000_750.jpg\",\"datePublished\":\"2020-07-02T11:26:06+00:00\",\"author\":{\"@id\":\"https:\/\/www.noticiasradioreflejos.com.ar\/2021\/#\/schema\/person\/ad82545263dcc5ec0996818884fd5fb1\"},\"breadcrumb\":{\"@id\":\"https:\/\/www.noticiasradioreflejos.com.ar\/2021\/se-reanuda-el-juicio-a-integrantes-de-la-triple-a-por-crimen-en-bahia-blanca-en-1975\/#breadcrumb\"},\"inLanguage\":\"es\",\"potentialAction\":[{\"@type\":\"ReadAction\",\"target\":[\"https:\/\/www.noticiasradioreflejos.com.ar\/2021\/se-reanuda-el-juicio-a-integrantes-de-la-triple-a-por-crimen-en-bahia-blanca-en-1975\/\"]}]},{\"@type\":\"ImageObject\",\"inLanguage\":\"es\",\"@id\":\"https:\/\/www.noticiasradioreflejos.com.ar\/2021\/se-reanuda-el-juicio-a-integrantes-de-la-triple-a-por-crimen-en-bahia-blanca-en-1975\/#primaryimage\",\"url\":\"https:\/\/www.noticiasradioreflejos.com.ar\/2021\/wp-content\/uploads\/2017\/06\/justicia1_1000_750.jpg\",\"contentUrl\":\"https:\/\/www.noticiasradioreflejos.com.ar\/2021\/wp-content\/uploads\/2017\/06\/justicia1_1000_750.jpg\",\"width\":750,\"height\":500},{\"@type\":\"BreadcrumbList\",\"@id\":\"https:\/\/www.noticiasradioreflejos.com.ar\/2021\/se-reanuda-el-juicio-a-integrantes-de-la-triple-a-por-crimen-en-bahia-blanca-en-1975\/#breadcrumb\",\"itemListElement\":[{\"@type\":\"ListItem\",\"position\":1,\"name\":\"Portada\",\"item\":\"https:\/\/www.noticiasradioreflejos.com.ar\/2021\/\"},{\"@type\":\"ListItem\",\"position\":2,\"name\":\"Se reanuda el juicio a integrantes de la Triple A por crimen en Bah\u00eda Blanca en 1975\"}]},{\"@type\":\"WebSite\",\"@id\":\"https:\/\/www.noticiasradioreflejos.com.ar\/2021\/#website\",\"url\":\"https:\/\/www.noticiasradioreflejos.com.ar\/2021\/\",\"name\":\"Noticias Radio Reflejos\",\"description\":\"Las noticias de mi comarca\",\"potentialAction\":[{\"@type\":\"SearchAction\",\"target\":{\"@type\":\"EntryPoint\",\"urlTemplate\":\"https:\/\/www.noticiasradioreflejos.com.ar\/2021\/?s={search_term_string}\"},\"query-input\":{\"@type\":\"PropertyValueSpecification\",\"valueRequired\":true,\"valueName\":\"search_term_string\"}}],\"inLanguage\":\"es\"},{\"@type\":\"Person\",\"@id\":\"https:\/\/www.noticiasradioreflejos.com.ar\/2021\/#\/schema\/person\/ad82545263dcc5ec0996818884fd5fb1\",\"name\":\"Arnaldo Botto\",\"image\":{\"@type\":\"ImageObject\",\"inLanguage\":\"es\",\"@id\":\"https:\/\/www.noticiasradioreflejos.com.ar\/2021\/#\/schema\/person\/image\/\",\"url\":\"https:\/\/secure.gravatar.com\/avatar\/55cb5e37c1efa326397366e6974cb338056df65cb50e7d64d1cf314e87504837?s=96&d=mm&r=g\",\"contentUrl\":\"https:\/\/secure.gravatar.com\/avatar\/55cb5e37c1efa326397366e6974cb338056df65cb50e7d64d1cf314e87504837?s=96&d=mm&r=g\",\"caption\":\"Arnaldo Botto\"},\"url\":\"https:\/\/www.noticiasradioreflejos.com.ar\/2021\/author\/arnaldo\/\"}]}<\/script>\n<!-- \/ Yoast SEO plugin. -->","yoast_head_json":{"title":"Se reanuda el juicio a integrantes de la Triple A por crimen en Bah\u00eda Blanca en 1975 - Noticias Radio Reflejos","robots":{"index":"index","follow":"follow","max-snippet":"max-snippet:-1","max-image-preview":"max-image-preview:large","max-video-preview":"max-video-preview:-1"},"canonical":"https:\/\/www.noticiasradioreflejos.com.ar\/2021\/se-reanuda-el-juicio-a-integrantes-de-la-triple-a-por-crimen-en-bahia-blanca-en-1975\/","og_locale":"es_ES","og_type":"article","og_title":"Se reanuda el juicio a integrantes de la Triple A por crimen en Bah\u00eda Blanca en 1975 - Noticias Radio Reflejos","og_description":"El Tribunal Oral en lo Criminal Federal de Bah\u00eda Blanca reanudar\u00e1 hoy el juicio en que investiga a cuatro personas, acusadas de un asesinato y de integrar la organizaci\u00f3n parapolicial Triple A durante la d\u00e9cada del 70 en esa ciudad, audiencia que se realizar\u00e1 bajo protocolos sanitarios por la pandemia de coronavirus, informaron fuentes judiciales.","og_url":"https:\/\/www.noticiasradioreflejos.com.ar\/2021\/se-reanuda-el-juicio-a-integrantes-de-la-triple-a-por-crimen-en-bahia-blanca-en-1975\/","og_site_name":"Noticias Radio Reflejos","article_published_time":"2020-07-02T11:26:06+00:00","og_image":[{"width":750,"height":500,"url":"https:\/\/www.noticiasradioreflejos.com.ar\/2021\/wp-content\/uploads\/2017\/06\/justicia1_1000_750.jpg","type":"image\/jpeg"}],"author":"Arnaldo Botto","twitter_card":"summary_large_image","schema":{"@context":"https:\/\/schema.org","@graph":[{"@type":"WebPage","@id":"https:\/\/www.noticiasradioreflejos.com.ar\/2021\/se-reanuda-el-juicio-a-integrantes-de-la-triple-a-por-crimen-en-bahia-blanca-en-1975\/","url":"https:\/\/www.noticiasradioreflejos.com.ar\/2021\/se-reanuda-el-juicio-a-integrantes-de-la-triple-a-por-crimen-en-bahia-blanca-en-1975\/","name":"Se reanuda el juicio a integrantes de la Triple A por crimen en Bah\u00eda Blanca en 1975 - Noticias Radio Reflejos","isPartOf":{"@id":"https:\/\/www.noticiasradioreflejos.com.ar\/2021\/#website"},"primaryImageOfPage":{"@id":"https:\/\/www.noticiasradioreflejos.com.ar\/2021\/se-reanuda-el-juicio-a-integrantes-de-la-triple-a-por-crimen-en-bahia-blanca-en-1975\/#primaryimage"},"image":{"@id":"https:\/\/www.noticiasradioreflejos.com.ar\/2021\/se-reanuda-el-juicio-a-integrantes-de-la-triple-a-por-crimen-en-bahia-blanca-en-1975\/#primaryimage"},"thumbnailUrl":"https:\/\/www.noticiasradioreflejos.com.ar\/2021\/wp-content\/uploads\/2017\/06\/justicia1_1000_750.jpg","datePublished":"2020-07-02T11:26:06+00:00","author":{"@id":"https:\/\/www.noticiasradioreflejos.com.ar\/2021\/#\/schema\/person\/ad82545263dcc5ec0996818884fd5fb1"},"breadcrumb":{"@id":"https:\/\/www.noticiasradioreflejos.com.ar\/2021\/se-reanuda-el-juicio-a-integrantes-de-la-triple-a-por-crimen-en-bahia-blanca-en-1975\/#breadcrumb"},"inLanguage":"es","potentialAction":[{"@type":"ReadAction","target":["https:\/\/www.noticiasradioreflejos.com.ar\/2021\/se-reanuda-el-juicio-a-integrantes-de-la-triple-a-por-crimen-en-bahia-blanca-en-1975\/"]}]},{"@type":"ImageObject","inLanguage":"es","@id":"https:\/\/www.noticiasradioreflejos.com.ar\/2021\/se-reanuda-el-juicio-a-integrantes-de-la-triple-a-por-crimen-en-bahia-blanca-en-1975\/#primaryimage","url":"https:\/\/www.noticiasradioreflejos.com.ar\/2021\/wp-content\/uploads\/2017\/06\/justicia1_1000_750.jpg","contentUrl":"https:\/\/www.noticiasradioreflejos.com.ar\/2021\/wp-content\/uploads\/2017\/06\/justicia1_1000_750.jpg","width":750,"height":500},{"@type":"BreadcrumbList","@id":"https:\/\/www.noticiasradioreflejos.com.ar\/2021\/se-reanuda-el-juicio-a-integrantes-de-la-triple-a-por-crimen-en-bahia-blanca-en-1975\/#breadcrumb","itemListElement":[{"@type":"ListItem","position":1,"name":"Portada","item":"https:\/\/www.noticiasradioreflejos.com.ar\/2021\/"},{"@type":"ListItem","position":2,"name":"Se reanuda el juicio a integrantes de la Triple A por crimen en Bah\u00eda Blanca en 1975"}]},{"@type":"WebSite","@id":"https:\/\/www.noticiasradioreflejos.com.ar\/2021\/#website","url":"https:\/\/www.noticiasradioreflejos.com.ar\/2021\/","name":"Noticias Radio Reflejos","description":"Las noticias de mi comarca","potentialAction":[{"@type":"SearchAction","target":{"@type":"EntryPoint","urlTemplate":"https:\/\/www.noticiasradioreflejos.com.ar\/2021\/?s={search_term_string}"},"query-input":{"@type":"PropertyValueSpecification","valueRequired":true,"valueName":"search_term_string"}}],"inLanguage":"es"},{"@type":"Person","@id":"https:\/\/www.noticiasradioreflejos.com.ar\/2021\/#\/schema\/person\/ad82545263dcc5ec0996818884fd5fb1","name":"Arnaldo Botto","image":{"@type":"ImageObject","inLanguage":"es","@id":"https:\/\/www.noticiasradioreflejos.com.ar\/2021\/#\/schema\/person\/image\/","url":"https:\/\/secure.gravatar.com\/avatar\/55cb5e37c1efa326397366e6974cb338056df65cb50e7d64d1cf314e87504837?s=96&d=mm&r=g","contentUrl":"https:\/\/secure.gravatar.com\/avatar\/55cb5e37c1efa326397366e6974cb338056df65cb50e7d64d1cf314e87504837?s=96&d=mm&r=g","caption":"Arnaldo Botto"},"url":"https:\/\/www.noticiasradioreflejos.com.ar\/2021\/author\/arnaldo\/"}]}},"_links":{"self":[{"href":"https:\/\/www.noticiasradioreflejos.com.ar\/2021\/wp-json\/wp\/v2\/posts\/43927","targetHints":{"allow":["GET"]}}],"collection":[{"href":"https:\/\/www.noticiasradioreflejos.com.ar\/2021\/wp-json\/wp\/v2\/posts"}],"about":[{"href":"https:\/\/www.noticiasradioreflejos.com.ar\/2021\/wp-json\/wp\/v2\/types\/post"}],"author":[{"embeddable":true,"href":"https:\/\/www.noticiasradioreflejos.com.ar\/2021\/wp-json\/wp\/v2\/users\/3"}],"replies":[{"embeddable":true,"href":"https:\/\/www.noticiasradioreflejos.com.ar\/2021\/wp-json\/wp\/v2\/comments?post=43927"}],"version-history":[{"count":0,"href":"https:\/\/www.noticiasradioreflejos.com.ar\/2021\/wp-json\/wp\/v2\/posts\/43927\/revisions"}],"wp:featuredmedia":[{"embeddable":true,"href":"https:\/\/www.noticiasradioreflejos.com.ar\/2021\/wp-json\/wp\/v2\/media\/11796"}],"wp:attachment":[{"href":"https:\/\/www.noticiasradioreflejos.com.ar\/2021\/wp-json\/wp\/v2\/media?parent=43927"}],"wp:term":[{"taxonomy":"category","embeddable":true,"href":"https:\/\/www.noticiasradioreflejos.com.ar\/2021\/wp-json\/wp\/v2\/categories?post=43927"},{"taxonomy":"post_tag","embeddable":true,"href":"https:\/\/www.noticiasradioreflejos.com.ar\/2021\/wp-json\/wp\/v2\/tags?post=43927"}],"curies":[{"name":"wp","href":"https:\/\/api.w.org\/{rel}","templated":true}]}}