{"id":43925,"date":"2020-07-02T08:23:28","date_gmt":"2020-07-02T11:23:28","guid":{"rendered":"http:\/\/www.noticiasradioreflejos.com.ar\/noticias\/?p=43925"},"modified":"2020-07-02T08:23:28","modified_gmt":"2020-07-02T11:23:28","slug":"hoy-se-acredita-el-ife-a-los-que-tienen-dni-terminado-en-0","status":"publish","type":"post","link":"https:\/\/www.noticiasradioreflejos.com.ar\/2021\/hoy-se-acredita-el-ife-a-los-que-tienen-dni-terminado-en-0\/","title":{"rendered":"Hoy se acredita el IFE a los que tienen DNI terminado en 0"},"content":{"rendered":"<p>El Ingreso Familiar de Emergencia (IFE) se pagar\u00e1 hoy a los beneficiarios con terminaci\u00f3n de Documento Nacional de Identidad (DNI) en 0 y que en las \u00faltimas semanas hayan informado una cuenta bancaria propia para que se le pueda depositar el dinero.<!--more--><br \/>\nAs\u00ed lo indic\u00f3 la Administraci\u00f3n Nacional de la Seguridad Social (Anses), que precis\u00f3 que el pago de los $ 10.000 continuar\u00e1 ma\u00f1ana con beneficiarios con DNI terminados en 1; el lunes 6 con los finalizados en 2; el martes 7 en 3; y el mi\u00e9rcoles 8 en 4.<\/p>\n<p>Tras el feriado puente del 9 y 10 de julio; los pagos se retomar\u00e1n el lunes 13 para los DNI finalizados en 5; el martes 14 en 6; el mi\u00e9rcoles 15 en 7; el jueves 16 en 8; y el viernes 17 en 9.<\/p>\n<p>Hace ya dos semanas que la Anses puso en funcionamiento en su p\u00e1gina web (www.anses.gob.ar\/ife), el aplicativo para canalizar los pagos a trav\u00e9s del sistema bancario, permitiendo que el proceso sea \u00abm\u00e1s r\u00e1pido y seguro\u00bb, por lo que seguir\u00e1 habilitado a la espera que m\u00e1s personas completen el procedimiento en los pr\u00f3ximos d\u00edas.<\/p>\n<p>En el caso de no tener una cuenta bancaria los beneficiarios podr\u00e1n solicitarla en forma gratuita en cualquier banco, tanto a trav\u00e9s de aplicaciones digitales como en forma personal, pidiendo un turno en cualquier banco p\u00fablico como privados.<\/p>\n","protected":false},"excerpt":{"rendered":"<p>El Ingreso Familiar de Emergencia (IFE) se pagar\u00e1 hoy a los beneficiarios con terminaci\u00f3n de Documento Nacional de Identidad (DNI) en 0 y que en las \u00faltimas semanas hayan informado una cuenta bancaria propia para que se le pueda depositar el dinero.<\/p>\n","protected":false},"author":3,"featured_media":0,"comment_status":"closed","ping_status":"open","sticky":false,"template":"","format":"standard","meta":{"footnotes":""},"categories":[36],"tags":[],"class_list":["post-43925","post","type-post","status-publish","format-standard","hentry","category-economia"],"yoast_head":"<!-- This site is optimized with the Yoast SEO plugin v25.9 - https:\/\/yoast.com\/wordpress\/plugins\/seo\/ -->\n<title>Hoy se acredita el IFE a los que tienen DNI terminado en 0 - Noticias Radio Reflejos<\/title>\n<meta name=\"robots\" content=\"index, follow, max-snippet:-1, max-image-preview:large, max-video-preview:-1\" \/>\n<link rel=\"canonical\" href=\"https:\/\/www.noticiasradioreflejos.com.ar\/2021\/hoy-se-acredita-el-ife-a-los-que-tienen-dni-terminado-en-0\/\" \/>\n<meta property=\"og:locale\" content=\"es_ES\" \/>\n<meta property=\"og:type\" content=\"article\" \/>\n<meta property=\"og:title\" content=\"Hoy se acredita el IFE a los que tienen DNI terminado en 0 - Noticias Radio Reflejos\" \/>\n<meta property=\"og:description\" content=\"El Ingreso Familiar de Emergencia (IFE) se pagar\u00e1 hoy a los beneficiarios con terminaci\u00f3n de Documento Nacional de Identidad (DNI) en 0 y que en las \u00faltimas semanas hayan informado una cuenta bancaria propia para que se le pueda depositar el dinero.\" \/>\n<meta property=\"og:url\" content=\"https:\/\/www.noticiasradioreflejos.com.ar\/2021\/hoy-se-acredita-el-ife-a-los-que-tienen-dni-terminado-en-0\/\" \/>\n<meta property=\"og:site_name\" content=\"Noticias Radio Reflejos\" \/>\n<meta property=\"article:published_time\" content=\"2020-07-02T11:23:28+00:00\" \/>\n<meta property=\"og:image\" content=\"https:\/\/www.noticiasradioreflejos.com.ar\/2021\/wp-content\/uploads\/2021\/07\/logosol300x200.png\" \/>\n\t<meta property=\"og:image:width\" content=\"300\" \/>\n\t<meta property=\"og:image:height\" content=\"200\" \/>\n\t<meta property=\"og:image:type\" content=\"image\/png\" \/>\n<meta name=\"author\" content=\"Arnaldo Botto\" \/>\n<meta name=\"twitter:card\" content=\"summary_large_image\" \/>\n<script type=\"application\/ld+json\" class=\"yoast-schema-graph\">{\"@context\":\"https:\/\/schema.org\",\"@graph\":[{\"@type\":\"WebPage\",\"@id\":\"https:\/\/www.noticiasradioreflejos.com.ar\/2021\/hoy-se-acredita-el-ife-a-los-que-tienen-dni-terminado-en-0\/\",\"url\":\"https:\/\/www.noticiasradioreflejos.com.ar\/2021\/hoy-se-acredita-el-ife-a-los-que-tienen-dni-terminado-en-0\/\",\"name\":\"Hoy se acredita el IFE a los que tienen DNI terminado en 0 - Noticias Radio Reflejos\",\"isPartOf\":{\"@id\":\"https:\/\/www.noticiasradioreflejos.com.ar\/2021\/#website\"},\"datePublished\":\"2020-07-02T11:23:28+00:00\",\"author\":{\"@id\":\"https:\/\/www.noticiasradioreflejos.com.ar\/2021\/#\/schema\/person\/ad82545263dcc5ec0996818884fd5fb1\"},\"breadcrumb\":{\"@id\":\"https:\/\/www.noticiasradioreflejos.com.ar\/2021\/hoy-se-acredita-el-ife-a-los-que-tienen-dni-terminado-en-0\/#breadcrumb\"},\"inLanguage\":\"es\",\"potentialAction\":[{\"@type\":\"ReadAction\",\"target\":[\"https:\/\/www.noticiasradioreflejos.com.ar\/2021\/hoy-se-acredita-el-ife-a-los-que-tienen-dni-terminado-en-0\/\"]}]},{\"@type\":\"BreadcrumbList\",\"@id\":\"https:\/\/www.noticiasradioreflejos.com.ar\/2021\/hoy-se-acredita-el-ife-a-los-que-tienen-dni-terminado-en-0\/#breadcrumb\",\"itemListElement\":[{\"@type\":\"ListItem\",\"position\":1,\"name\":\"Portada\",\"item\":\"https:\/\/www.noticiasradioreflejos.com.ar\/2021\/\"},{\"@type\":\"ListItem\",\"position\":2,\"name\":\"Hoy se acredita el IFE a los que tienen DNI terminado en 0\"}]},{\"@type\":\"WebSite\",\"@id\":\"https:\/\/www.noticiasradioreflejos.com.ar\/2021\/#website\",\"url\":\"https:\/\/www.noticiasradioreflejos.com.ar\/2021\/\",\"name\":\"Noticias Radio Reflejos\",\"description\":\"Las noticias de mi comarca\",\"potentialAction\":[{\"@type\":\"SearchAction\",\"target\":{\"@type\":\"EntryPoint\",\"urlTemplate\":\"https:\/\/www.noticiasradioreflejos.com.ar\/2021\/?s={search_term_string}\"},\"query-input\":{\"@type\":\"PropertyValueSpecification\",\"valueRequired\":true,\"valueName\":\"search_term_string\"}}],\"inLanguage\":\"es\"},{\"@type\":\"Person\",\"@id\":\"https:\/\/www.noticiasradioreflejos.com.ar\/2021\/#\/schema\/person\/ad82545263dcc5ec0996818884fd5fb1\",\"name\":\"Arnaldo Botto\",\"image\":{\"@type\":\"ImageObject\",\"inLanguage\":\"es\",\"@id\":\"https:\/\/www.noticiasradioreflejos.com.ar\/2021\/#\/schema\/person\/image\/\",\"url\":\"https:\/\/secure.gravatar.com\/avatar\/55cb5e37c1efa326397366e6974cb338056df65cb50e7d64d1cf314e87504837?s=96&d=mm&r=g\",\"contentUrl\":\"https:\/\/secure.gravatar.com\/avatar\/55cb5e37c1efa326397366e6974cb338056df65cb50e7d64d1cf314e87504837?s=96&d=mm&r=g\",\"caption\":\"Arnaldo Botto\"},\"url\":\"https:\/\/www.noticiasradioreflejos.com.ar\/2021\/author\/arnaldo\/\"}]}<\/script>\n<!-- \/ Yoast SEO plugin. -->","yoast_head_json":{"title":"Hoy se acredita el IFE a los que tienen DNI terminado en 0 - Noticias Radio Reflejos","robots":{"index":"index","follow":"follow","max-snippet":"max-snippet:-1","max-image-preview":"max-image-preview:large","max-video-preview":"max-video-preview:-1"},"canonical":"https:\/\/www.noticiasradioreflejos.com.ar\/2021\/hoy-se-acredita-el-ife-a-los-que-tienen-dni-terminado-en-0\/","og_locale":"es_ES","og_type":"article","og_title":"Hoy se acredita el IFE a los que tienen DNI terminado en 0 - Noticias Radio Reflejos","og_description":"El Ingreso Familiar de Emergencia (IFE) se pagar\u00e1 hoy a los beneficiarios con terminaci\u00f3n de Documento Nacional de Identidad (DNI) en 0 y que en las \u00faltimas semanas hayan informado una cuenta bancaria propia para que se le pueda depositar el dinero.","og_url":"https:\/\/www.noticiasradioreflejos.com.ar\/2021\/hoy-se-acredita-el-ife-a-los-que-tienen-dni-terminado-en-0\/","og_site_name":"Noticias Radio Reflejos","article_published_time":"2020-07-02T11:23:28+00:00","og_image":[{"width":300,"height":200,"url":"https:\/\/www.noticiasradioreflejos.com.ar\/2021\/wp-content\/uploads\/2021\/07\/logosol300x200.png","type":"image\/png"}],"author":"Arnaldo Botto","twitter_card":"summary_large_image","schema":{"@context":"https:\/\/schema.org","@graph":[{"@type":"WebPage","@id":"https:\/\/www.noticiasradioreflejos.com.ar\/2021\/hoy-se-acredita-el-ife-a-los-que-tienen-dni-terminado-en-0\/","url":"https:\/\/www.noticiasradioreflejos.com.ar\/2021\/hoy-se-acredita-el-ife-a-los-que-tienen-dni-terminado-en-0\/","name":"Hoy se acredita el IFE a los que tienen DNI terminado en 0 - Noticias Radio Reflejos","isPartOf":{"@id":"https:\/\/www.noticiasradioreflejos.com.ar\/2021\/#website"},"datePublished":"2020-07-02T11:23:28+00:00","author":{"@id":"https:\/\/www.noticiasradioreflejos.com.ar\/2021\/#\/schema\/person\/ad82545263dcc5ec0996818884fd5fb1"},"breadcrumb":{"@id":"https:\/\/www.noticiasradioreflejos.com.ar\/2021\/hoy-se-acredita-el-ife-a-los-que-tienen-dni-terminado-en-0\/#breadcrumb"},"inLanguage":"es","potentialAction":[{"@type":"ReadAction","target":["https:\/\/www.noticiasradioreflejos.com.ar\/2021\/hoy-se-acredita-el-ife-a-los-que-tienen-dni-terminado-en-0\/"]}]},{"@type":"BreadcrumbList","@id":"https:\/\/www.noticiasradioreflejos.com.ar\/2021\/hoy-se-acredita-el-ife-a-los-que-tienen-dni-terminado-en-0\/#breadcrumb","itemListElement":[{"@type":"ListItem","position":1,"name":"Portada","item":"https:\/\/www.noticiasradioreflejos.com.ar\/2021\/"},{"@type":"ListItem","position":2,"name":"Hoy se acredita el IFE a los que tienen DNI terminado en 0"}]},{"@type":"WebSite","@id":"https:\/\/www.noticiasradioreflejos.com.ar\/2021\/#website","url":"https:\/\/www.noticiasradioreflejos.com.ar\/2021\/","name":"Noticias Radio Reflejos","description":"Las noticias de mi comarca","potentialAction":[{"@type":"SearchAction","target":{"@type":"EntryPoint","urlTemplate":"https:\/\/www.noticiasradioreflejos.com.ar\/2021\/?s={search_term_string}"},"query-input":{"@type":"PropertyValueSpecification","valueRequired":true,"valueName":"search_term_string"}}],"inLanguage":"es"},{"@type":"Person","@id":"https:\/\/www.noticiasradioreflejos.com.ar\/2021\/#\/schema\/person\/ad82545263dcc5ec0996818884fd5fb1","name":"Arnaldo Botto","image":{"@type":"ImageObject","inLanguage":"es","@id":"https:\/\/www.noticiasradioreflejos.com.ar\/2021\/#\/schema\/person\/image\/","url":"https:\/\/secure.gravatar.com\/avatar\/55cb5e37c1efa326397366e6974cb338056df65cb50e7d64d1cf314e87504837?s=96&d=mm&r=g","contentUrl":"https:\/\/secure.gravatar.com\/avatar\/55cb5e37c1efa326397366e6974cb338056df65cb50e7d64d1cf314e87504837?s=96&d=mm&r=g","caption":"Arnaldo Botto"},"url":"https:\/\/www.noticiasradioreflejos.com.ar\/2021\/author\/arnaldo\/"}]}},"_links":{"self":[{"href":"https:\/\/www.noticiasradioreflejos.com.ar\/2021\/wp-json\/wp\/v2\/posts\/43925","targetHints":{"allow":["GET"]}}],"collection":[{"href":"https:\/\/www.noticiasradioreflejos.com.ar\/2021\/wp-json\/wp\/v2\/posts"}],"about":[{"href":"https:\/\/www.noticiasradioreflejos.com.ar\/2021\/wp-json\/wp\/v2\/types\/post"}],"author":[{"embeddable":true,"href":"https:\/\/www.noticiasradioreflejos.com.ar\/2021\/wp-json\/wp\/v2\/users\/3"}],"replies":[{"embeddable":true,"href":"https:\/\/www.noticiasradioreflejos.com.ar\/2021\/wp-json\/wp\/v2\/comments?post=43925"}],"version-history":[{"count":0,"href":"https:\/\/www.noticiasradioreflejos.com.ar\/2021\/wp-json\/wp\/v2\/posts\/43925\/revisions"}],"wp:attachment":[{"href":"https:\/\/www.noticiasradioreflejos.com.ar\/2021\/wp-json\/wp\/v2\/media?parent=43925"}],"wp:term":[{"taxonomy":"category","embeddable":true,"href":"https:\/\/www.noticiasradioreflejos.com.ar\/2021\/wp-json\/wp\/v2\/categories?post=43925"},{"taxonomy":"post_tag","embeddable":true,"href":"https:\/\/www.noticiasradioreflejos.com.ar\/2021\/wp-json\/wp\/v2\/tags?post=43925"}],"curies":[{"name":"wp","href":"https:\/\/api.w.org\/{rel}","templated":true}]}}