{"id":43922,"date":"2020-07-02T08:22:06","date_gmt":"2020-07-02T11:22:06","guid":{"rendered":"http:\/\/www.noticiasradioreflejos.com.ar\/noticias\/?p=43922"},"modified":"2020-07-02T08:22:06","modified_gmt":"2020-07-02T11:22:06","slug":"dejan-sin-efecto-sumarios-administrativos-disciplinarios-iniciados-por-vidal-a-docentes-bonaerenses","status":"publish","type":"post","link":"https:\/\/www.noticiasradioreflejos.com.ar\/2021\/dejan-sin-efecto-sumarios-administrativos-disciplinarios-iniciados-por-vidal-a-docentes-bonaerenses\/","title":{"rendered":"Dejan sin efecto sumarios administrativos disciplinarios iniciados por Vidal a docentes bonaerenses"},"content":{"rendered":"<p>El Gobierno bonaerense dej\u00f3 hoy sin efecto los sumarios administrativos disciplinarios iniciados a docentes de la provincia de Buenos Aires que realizaron distintas medidas de fuerza durante la gesti\u00f3n de Mar\u00eda Eugenia Vidal. Lo hizo mediante la resoluci\u00f3n 1175 de la Direcci\u00f3n General de Cultura y Educaci\u00f3n publicada en el Bolet\u00edn Oficial del distrito, con la firma de la ministra Agustina Vila y la subsecretaria Claudia Bracchi.<!--more--><\/p>\n<p>Las sanciones hab\u00edan sido aplicadas contra maestros por la supuesta falta de \u201cno desempe\u00f1ar digna, eficaz y responsablemente funciones inherentes al cargo, al no cumplimentar la apertura y cierre del edificio escolar\u201d durante diferentes paros llevados a cabo en 2018.<\/p>\n<p>Adem\u00e1s, en la medida se dispuso \u00ababsolver\u00bb a los docentes que a\u00fan contin\u00faan investigados, a quienes no se logr\u00f3 acreditar la transgresi\u00f3n a una falta administrativa.<\/p>\n<p>En paralelo, se cerr\u00f3 la instrucci\u00f3n de sumarios administrativos realizados a los directivos por la falta de \u201cno supervisar y suscribir las planillas de contralor docente y administrativo, en las cuales no se consignaron las inasistencias del personal de la instituci\u00f3n, correspondientes a los d\u00edas de paro\u00bb.<\/p>\n<p>Tambi\u00e9n, aquellas iniciadas por \u00abconfeccionar y suscribir el contralor docente y administrativo con datos ap\u00f3crifos al no consignar las inasistencias del personal docente de la instituci\u00f3n, correspondientes a los d\u00edas de paro\u00bb.<\/p>\n<p>Se expuso en la resoluci\u00f3n que \u00abel contexto de las medidas de fuerza tra\u00eddas formalmente a reproche se enmarca dentro del leg\u00edtimo ejercicio del derecho a huelga constitucionalmente amparado, lo que imposibilit\u00f3 garantizar la apertura de establecimientos educativos\u00bb.<\/p>\n<p>Se destac\u00f3 asimismo que \u00abla conducta docente asumida se contextualiza dentro de un conflicto colectivo, adquiriendo los hechos descriptos una dimensi\u00f3n institucional que cobra su verdadero sentido al articular los derechos individuales y sociales involucrados\u00bb.<\/p>\n<p>Durante el gobierno anterior, los gremios Federaci\u00f3n de Educadores Bonaerenses (FEB), la Asociaci\u00f3n del Magisterio de Ense\u00f1anza T\u00e9cnica (AMET), el Sindicato Unificado de Trabajadores de la Educaci\u00f3n de Buenos Aires (SUTEBA) y la Uni\u00f3n de Docentes de la Provincia de Buenos Aires (UDOCBA), cuestionaron los sumarios iniciados contra maestros al considerar que configuraban una \u00abpersecuci\u00f3n gremial\u00bb.<\/p>\n<p>De hecho, interpusieron demanda de amparo sindical contra el Ministerio de Educaci\u00f3n que tramit\u00f3 en el Tribunal de Trabajo N\u00b0 3 de la ciudad de La Plata denunciando que el organismo estatal ejerci\u00f3 un comportamiento antisindical consistente en obstaculizar el ejercicio regular del derecho a huelga de los trabajadores docentes.<\/p>\n<p>El 21 de diciembre de 2018 en esa causa se orden\u00f3 a la Direcci\u00f3n General de Cultura y Educaci\u00f3n de la Provincia de Buenos Aires dejar sin efecto los sumarios administrativos disciplinarios, iniciados contra los directores por no abrir los edificios educativos durante los d\u00edas de paro y el 14 de febrero de 2019 el Tribunal ampli\u00f3 la medida cautelar en el mismo sentido.<\/p>\n","protected":false},"excerpt":{"rendered":"<p>El Gobierno bonaerense dej\u00f3 hoy sin efecto los sumarios administrativos disciplinarios iniciados a docentes de la provincia de Buenos Aires que realizaron distintas medidas de fuerza durante la gesti\u00f3n de Mar\u00eda Eugenia Vidal. Lo hizo mediante la resoluci\u00f3n 1175 de la Direcci\u00f3n General de Cultura y Educaci\u00f3n publicada en el Bolet\u00edn Oficial del distrito, con [&hellip;]<\/p>\n","protected":false},"author":3,"featured_media":0,"comment_status":"closed","ping_status":"open","sticky":false,"template":"","format":"standard","meta":{"footnotes":""},"categories":[34],"tags":[],"class_list":["post-43922","post","type-post","status-publish","format-standard","hentry","category-educacion"],"yoast_head":"<!-- This site is optimized with the Yoast SEO plugin v25.9 - https:\/\/yoast.com\/wordpress\/plugins\/seo\/ -->\n<title>Dejan sin efecto sumarios administrativos disciplinarios iniciados por Vidal a docentes bonaerenses - Noticias Radio Reflejos<\/title>\n<meta name=\"robots\" content=\"index, follow, max-snippet:-1, max-image-preview:large, max-video-preview:-1\" \/>\n<link rel=\"canonical\" href=\"https:\/\/www.noticiasradioreflejos.com.ar\/2021\/dejan-sin-efecto-sumarios-administrativos-disciplinarios-iniciados-por-vidal-a-docentes-bonaerenses\/\" \/>\n<meta property=\"og:locale\" content=\"es_ES\" \/>\n<meta property=\"og:type\" content=\"article\" \/>\n<meta property=\"og:title\" content=\"Dejan sin efecto sumarios administrativos disciplinarios iniciados por Vidal a docentes bonaerenses - Noticias Radio Reflejos\" \/>\n<meta property=\"og:description\" content=\"El Gobierno bonaerense dej\u00f3 hoy sin efecto los sumarios administrativos disciplinarios iniciados a docentes de la provincia de Buenos Aires que realizaron distintas medidas de fuerza durante la gesti\u00f3n de Mar\u00eda Eugenia Vidal. Lo hizo mediante la resoluci\u00f3n 1175 de la Direcci\u00f3n General de Cultura y Educaci\u00f3n publicada en el Bolet\u00edn Oficial del distrito, con [&hellip;]\" \/>\n<meta property=\"og:url\" content=\"https:\/\/www.noticiasradioreflejos.com.ar\/2021\/dejan-sin-efecto-sumarios-administrativos-disciplinarios-iniciados-por-vidal-a-docentes-bonaerenses\/\" \/>\n<meta property=\"og:site_name\" content=\"Noticias Radio Reflejos\" \/>\n<meta property=\"article:published_time\" content=\"2020-07-02T11:22:06+00:00\" \/>\n<meta property=\"og:image\" content=\"https:\/\/www.noticiasradioreflejos.com.ar\/2021\/wp-content\/uploads\/2021\/07\/logosol300x200.png\" \/>\n\t<meta property=\"og:image:width\" content=\"300\" \/>\n\t<meta property=\"og:image:height\" content=\"200\" \/>\n\t<meta property=\"og:image:type\" content=\"image\/png\" \/>\n<meta name=\"author\" content=\"Arnaldo Botto\" \/>\n<meta name=\"twitter:card\" content=\"summary_large_image\" \/>\n<script type=\"application\/ld+json\" class=\"yoast-schema-graph\">{\"@context\":\"https:\/\/schema.org\",\"@graph\":[{\"@type\":\"WebPage\",\"@id\":\"https:\/\/www.noticiasradioreflejos.com.ar\/2021\/dejan-sin-efecto-sumarios-administrativos-disciplinarios-iniciados-por-vidal-a-docentes-bonaerenses\/\",\"url\":\"https:\/\/www.noticiasradioreflejos.com.ar\/2021\/dejan-sin-efecto-sumarios-administrativos-disciplinarios-iniciados-por-vidal-a-docentes-bonaerenses\/\",\"name\":\"Dejan sin efecto sumarios administrativos disciplinarios iniciados por Vidal a docentes bonaerenses - Noticias Radio Reflejos\",\"isPartOf\":{\"@id\":\"https:\/\/www.noticiasradioreflejos.com.ar\/2021\/#website\"},\"datePublished\":\"2020-07-02T11:22:06+00:00\",\"author\":{\"@id\":\"https:\/\/www.noticiasradioreflejos.com.ar\/2021\/#\/schema\/person\/ad82545263dcc5ec0996818884fd5fb1\"},\"breadcrumb\":{\"@id\":\"https:\/\/www.noticiasradioreflejos.com.ar\/2021\/dejan-sin-efecto-sumarios-administrativos-disciplinarios-iniciados-por-vidal-a-docentes-bonaerenses\/#breadcrumb\"},\"inLanguage\":\"es\",\"potentialAction\":[{\"@type\":\"ReadAction\",\"target\":[\"https:\/\/www.noticiasradioreflejos.com.ar\/2021\/dejan-sin-efecto-sumarios-administrativos-disciplinarios-iniciados-por-vidal-a-docentes-bonaerenses\/\"]}]},{\"@type\":\"BreadcrumbList\",\"@id\":\"https:\/\/www.noticiasradioreflejos.com.ar\/2021\/dejan-sin-efecto-sumarios-administrativos-disciplinarios-iniciados-por-vidal-a-docentes-bonaerenses\/#breadcrumb\",\"itemListElement\":[{\"@type\":\"ListItem\",\"position\":1,\"name\":\"Portada\",\"item\":\"https:\/\/www.noticiasradioreflejos.com.ar\/2021\/\"},{\"@type\":\"ListItem\",\"position\":2,\"name\":\"Dejan sin efecto sumarios administrativos disciplinarios iniciados por Vidal a docentes bonaerenses\"}]},{\"@type\":\"WebSite\",\"@id\":\"https:\/\/www.noticiasradioreflejos.com.ar\/2021\/#website\",\"url\":\"https:\/\/www.noticiasradioreflejos.com.ar\/2021\/\",\"name\":\"Noticias Radio Reflejos\",\"description\":\"Las noticias de mi comarca\",\"potentialAction\":[{\"@type\":\"SearchAction\",\"target\":{\"@type\":\"EntryPoint\",\"urlTemplate\":\"https:\/\/www.noticiasradioreflejos.com.ar\/2021\/?s={search_term_string}\"},\"query-input\":{\"@type\":\"PropertyValueSpecification\",\"valueRequired\":true,\"valueName\":\"search_term_string\"}}],\"inLanguage\":\"es\"},{\"@type\":\"Person\",\"@id\":\"https:\/\/www.noticiasradioreflejos.com.ar\/2021\/#\/schema\/person\/ad82545263dcc5ec0996818884fd5fb1\",\"name\":\"Arnaldo Botto\",\"image\":{\"@type\":\"ImageObject\",\"inLanguage\":\"es\",\"@id\":\"https:\/\/www.noticiasradioreflejos.com.ar\/2021\/#\/schema\/person\/image\/\",\"url\":\"https:\/\/secure.gravatar.com\/avatar\/55cb5e37c1efa326397366e6974cb338056df65cb50e7d64d1cf314e87504837?s=96&d=mm&r=g\",\"contentUrl\":\"https:\/\/secure.gravatar.com\/avatar\/55cb5e37c1efa326397366e6974cb338056df65cb50e7d64d1cf314e87504837?s=96&d=mm&r=g\",\"caption\":\"Arnaldo Botto\"},\"url\":\"https:\/\/www.noticiasradioreflejos.com.ar\/2021\/author\/arnaldo\/\"}]}<\/script>\n<!-- \/ Yoast SEO plugin. -->","yoast_head_json":{"title":"Dejan sin efecto sumarios administrativos disciplinarios iniciados por Vidal a docentes bonaerenses - Noticias Radio Reflejos","robots":{"index":"index","follow":"follow","max-snippet":"max-snippet:-1","max-image-preview":"max-image-preview:large","max-video-preview":"max-video-preview:-1"},"canonical":"https:\/\/www.noticiasradioreflejos.com.ar\/2021\/dejan-sin-efecto-sumarios-administrativos-disciplinarios-iniciados-por-vidal-a-docentes-bonaerenses\/","og_locale":"es_ES","og_type":"article","og_title":"Dejan sin efecto sumarios administrativos disciplinarios iniciados por Vidal a docentes bonaerenses - Noticias Radio Reflejos","og_description":"El Gobierno bonaerense dej\u00f3 hoy sin efecto los sumarios administrativos disciplinarios iniciados a docentes de la provincia de Buenos Aires que realizaron distintas medidas de fuerza durante la gesti\u00f3n de Mar\u00eda Eugenia Vidal. Lo hizo mediante la resoluci\u00f3n 1175 de la Direcci\u00f3n General de Cultura y Educaci\u00f3n publicada en el Bolet\u00edn Oficial del distrito, con [&hellip;]","og_url":"https:\/\/www.noticiasradioreflejos.com.ar\/2021\/dejan-sin-efecto-sumarios-administrativos-disciplinarios-iniciados-por-vidal-a-docentes-bonaerenses\/","og_site_name":"Noticias Radio Reflejos","article_published_time":"2020-07-02T11:22:06+00:00","og_image":[{"width":300,"height":200,"url":"https:\/\/www.noticiasradioreflejos.com.ar\/2021\/wp-content\/uploads\/2021\/07\/logosol300x200.png","type":"image\/png"}],"author":"Arnaldo Botto","twitter_card":"summary_large_image","schema":{"@context":"https:\/\/schema.org","@graph":[{"@type":"WebPage","@id":"https:\/\/www.noticiasradioreflejos.com.ar\/2021\/dejan-sin-efecto-sumarios-administrativos-disciplinarios-iniciados-por-vidal-a-docentes-bonaerenses\/","url":"https:\/\/www.noticiasradioreflejos.com.ar\/2021\/dejan-sin-efecto-sumarios-administrativos-disciplinarios-iniciados-por-vidal-a-docentes-bonaerenses\/","name":"Dejan sin efecto sumarios administrativos disciplinarios iniciados por Vidal a docentes bonaerenses - Noticias Radio Reflejos","isPartOf":{"@id":"https:\/\/www.noticiasradioreflejos.com.ar\/2021\/#website"},"datePublished":"2020-07-02T11:22:06+00:00","author":{"@id":"https:\/\/www.noticiasradioreflejos.com.ar\/2021\/#\/schema\/person\/ad82545263dcc5ec0996818884fd5fb1"},"breadcrumb":{"@id":"https:\/\/www.noticiasradioreflejos.com.ar\/2021\/dejan-sin-efecto-sumarios-administrativos-disciplinarios-iniciados-por-vidal-a-docentes-bonaerenses\/#breadcrumb"},"inLanguage":"es","potentialAction":[{"@type":"ReadAction","target":["https:\/\/www.noticiasradioreflejos.com.ar\/2021\/dejan-sin-efecto-sumarios-administrativos-disciplinarios-iniciados-por-vidal-a-docentes-bonaerenses\/"]}]},{"@type":"BreadcrumbList","@id":"https:\/\/www.noticiasradioreflejos.com.ar\/2021\/dejan-sin-efecto-sumarios-administrativos-disciplinarios-iniciados-por-vidal-a-docentes-bonaerenses\/#breadcrumb","itemListElement":[{"@type":"ListItem","position":1,"name":"Portada","item":"https:\/\/www.noticiasradioreflejos.com.ar\/2021\/"},{"@type":"ListItem","position":2,"name":"Dejan sin efecto sumarios administrativos disciplinarios iniciados por Vidal a docentes bonaerenses"}]},{"@type":"WebSite","@id":"https:\/\/www.noticiasradioreflejos.com.ar\/2021\/#website","url":"https:\/\/www.noticiasradioreflejos.com.ar\/2021\/","name":"Noticias Radio Reflejos","description":"Las noticias de mi comarca","potentialAction":[{"@type":"SearchAction","target":{"@type":"EntryPoint","urlTemplate":"https:\/\/www.noticiasradioreflejos.com.ar\/2021\/?s={search_term_string}"},"query-input":{"@type":"PropertyValueSpecification","valueRequired":true,"valueName":"search_term_string"}}],"inLanguage":"es"},{"@type":"Person","@id":"https:\/\/www.noticiasradioreflejos.com.ar\/2021\/#\/schema\/person\/ad82545263dcc5ec0996818884fd5fb1","name":"Arnaldo Botto","image":{"@type":"ImageObject","inLanguage":"es","@id":"https:\/\/www.noticiasradioreflejos.com.ar\/2021\/#\/schema\/person\/image\/","url":"https:\/\/secure.gravatar.com\/avatar\/55cb5e37c1efa326397366e6974cb338056df65cb50e7d64d1cf314e87504837?s=96&d=mm&r=g","contentUrl":"https:\/\/secure.gravatar.com\/avatar\/55cb5e37c1efa326397366e6974cb338056df65cb50e7d64d1cf314e87504837?s=96&d=mm&r=g","caption":"Arnaldo Botto"},"url":"https:\/\/www.noticiasradioreflejos.com.ar\/2021\/author\/arnaldo\/"}]}},"_links":{"self":[{"href":"https:\/\/www.noticiasradioreflejos.com.ar\/2021\/wp-json\/wp\/v2\/posts\/43922","targetHints":{"allow":["GET"]}}],"collection":[{"href":"https:\/\/www.noticiasradioreflejos.com.ar\/2021\/wp-json\/wp\/v2\/posts"}],"about":[{"href":"https:\/\/www.noticiasradioreflejos.com.ar\/2021\/wp-json\/wp\/v2\/types\/post"}],"author":[{"embeddable":true,"href":"https:\/\/www.noticiasradioreflejos.com.ar\/2021\/wp-json\/wp\/v2\/users\/3"}],"replies":[{"embeddable":true,"href":"https:\/\/www.noticiasradioreflejos.com.ar\/2021\/wp-json\/wp\/v2\/comments?post=43922"}],"version-history":[{"count":0,"href":"https:\/\/www.noticiasradioreflejos.com.ar\/2021\/wp-json\/wp\/v2\/posts\/43922\/revisions"}],"wp:attachment":[{"href":"https:\/\/www.noticiasradioreflejos.com.ar\/2021\/wp-json\/wp\/v2\/media?parent=43922"}],"wp:term":[{"taxonomy":"category","embeddable":true,"href":"https:\/\/www.noticiasradioreflejos.com.ar\/2021\/wp-json\/wp\/v2\/categories?post=43922"},{"taxonomy":"post_tag","embeddable":true,"href":"https:\/\/www.noticiasradioreflejos.com.ar\/2021\/wp-json\/wp\/v2\/tags?post=43922"}],"curies":[{"name":"wp","href":"https:\/\/api.w.org\/{rel}","templated":true}]}}