{"id":43890,"date":"2020-07-01T17:44:55","date_gmt":"2020-07-01T20:44:55","guid":{"rendered":"http:\/\/www.noticiasradioreflejos.com.ar\/noticias\/?p=43890"},"modified":"2020-07-01T17:44:55","modified_gmt":"2020-07-01T20:44:55","slug":"esta-relajacion-que-la-gente-tiene-es-tanto-o-mas-peligrosa-que-la-propia-enfermedad-ezequiel-gabella","status":"publish","type":"post","link":"https:\/\/www.noticiasradioreflejos.com.ar\/2021\/esta-relajacion-que-la-gente-tiene-es-tanto-o-mas-peligrosa-que-la-propia-enfermedad-ezequiel-gabella\/","title":{"rendered":"\u00abEsta relajaci\u00f3n que la gente tiene es tanto o m\u00e1s peligrosa que la propia enfermedad.\u00bb &#8211; Ezequiel Gabella"},"content":{"rendered":"<p>Pasan los d\u00edas de cuarentena, Tornquist en Fase 5 vive un mundo diferente a de muchos lugares del planeta; como se sigue y que se planifica desde el municipio..??.<\/p>\n<p>Durante la ma\u00f1ana del d\u00eda de la fecha, entrevistamos al Secretario de Gobierno y Seguridad de Tornquist Municipio, Ezequiel Gabella. Nos aclara muchas dudas y consultas recibidas de los oyentes y tambi\u00e9n nos adelanta una muy buena noticia para el sector de salud de nuestro distrito en estas \u00e9pocas de pandemia.<!--more--><\/p>\n<p>Ezequiel comenz\u00f3 coment\u00e1ndonos c\u00f3mo fue el cambio de delegado en la localidad de Chasic\u00f3: \u00abEl cambio se produjo porque quien estaba cumpliendo el rol de delegado simplemente no quiso que el trabajo que implica siga influyendo en su vida personal, y es algo totalmente entendible. La nueva delegada de Chasic\u00f3 es Betiana, una docente que ya formaba parte de la sociedad de fomento de la localidad. Estamos contentos y ella est\u00e1 con muchas ganas de trabajar\u00bb.<\/p>\n<p>Tambi\u00e9n recordamos en la nota a Nora Cinquini, docente que influy\u00f3 y trabaj\u00f3 mucho por el patrimonio cultural de nuestro distrito: \u00abEs una p\u00e9rdida irreparable. Ella siempre apost\u00f3 a Chasic\u00f3, es incre\u00edble como una persona puede calar tanto en la memoria de un pueblo. Uno de sus sue\u00f1os era que su colecci\u00f3n de elementos arqueol\u00f3gicos pueda ser visitada como una atracci\u00f3n tur\u00edstica en la localidad. Haremos todo lo posible para cumplir con su voluntad\u00bb.<\/p>\n<p>Cuando le preguntamos sobre la comisi\u00f3n vial, Ezequiel nos coment\u00f3: \u00abSiguieron trabajando en los caminos rurales, que fue una actividad que fue restablecida de a poco. Estamos en un momento casi hist\u00f3rico en el estado de nuestros caminos. Es bueno en general y es algo que la gente nos hace saber\u00bb.<\/p>\n<p>\u00abEstamos a pocos d\u00edas para seguir manteniendo la situaci\u00f3n. En breve estar\u00edamos anunciando la normalizaci\u00f3n de la expedici\u00f3n de licencias de conducir. Tenemos que ver protocolos y dem\u00e1s para que no haya aglomeraci\u00f3n de personas en la oficina y dem\u00e1s. Si bien los vencimientos se han prorrogado nuevamente, la gente quiere tener su licencia\u00bb explic\u00f3 Gabella la situaci\u00f3n de la emisi\u00f3n de licencias de conducir de nuestros habitantes.<\/p>\n<p>Al hablar sobre los controles de ingreso a nuestro distrito y al retomar lo charlado con Xavier Rechi esta ma\u00f1ana, Ezequiel declar\u00f3: \u00abEl distrito de Tornquist no es una isla. Lo que hacemos con los controles es verificar quienes ingresan y egresan de nuestro partido de manera ordenada. Todas las libertades adquiridas que se han dado en nuestro distrito traen el aumento del riesgo de contagio. Cada vez las estad\u00edsticas indican que las posibilidades de tener un caso dentro del distrito son mayores. La idea que tenemos es continuar con los controles y vamos a rebotar a quienes no tengan la necesidad de ingresar por fuerza mayor\u00bb.<\/p>\n<p>\u00abHemos recibido desde carta documento a llamadas y audios con insultos sobre gente que quiere venir desde Bah\u00eda Blanca a ver sus casas o pasear por la zona. Esta relajaci\u00f3n que la gente tiene es tanto o m\u00e1s peligrosa que la propia enfermedad. Sigamos haciendo lo que podemos para dejar de contagiarnos y achicar la lista de fallecidos por COVID\u00bb mencion\u00f3 firmemente el secretario de gobierno y seguridad.<\/p>\n<p>Finalmente, con respecto a la cantidad de camas libres que hay en los hospitales y salas m\u00e9dicas y la cantidad de insumos sanitarios recibidos, Ezequiel inform\u00f3: \u00abHoy a las 16:30 vamos a estar recorriendo el hospital municipal para mostrarle a la prensa la cantidad de insumos que hemos recibido. Otra muy buena noticia es que podemos llegar a tener 5 respiradores habilitados en el distrito, y eso es lo que vamos a estar mostrando. Hoy se habilitar\u00e1n 3, pero pronto podremos tener 2 m\u00e1s. Parte de esta incorporaci\u00f3n se la debemos a la buena voluntad de la gente, una vecina hizo una muy fuerte donaci\u00f3n para adquirir equipamiento\u00bb.<\/p>\n<p>Nota completa a continuaci\u00f3n:<br \/>\n<iframe loading=\"lazy\" src=\"https:\/\/w.soundcloud.com\/player\/?url=https%3A\/\/api.soundcloud.com\/tracks\/850306378&amp;color=%23ff5500&amp;auto_play=false&amp;hide_related=false&amp;show_comments=true&amp;show_user=true&amp;show_reposts=false&amp;show_teaser=true&amp;visual=true\" width=\"100%\" height=\"300\" frameborder=\"no\" scrolling=\"no\"><\/iframe><\/p>\n<div style=\"font-size: 10px; color: #cccccc; line-break: anywhere; word-break: normal; overflow: hidden; white-space: nowrap; text-overflow: ellipsis; font-family: Interstate,Lucida Grande,Lucida Sans Unicode,Lucida Sans,Garuda,Verdana,Tahoma,sans-serif; font-weight: 100;\"><a style=\"color: #cccccc; text-decoration: none;\" title=\"fmreflejos 103.7\" href=\"https:\/\/soundcloud.com\/fmreflejos-103-7\" target=\"_blank\" rel=\"noopener\">fmreflejos 103.7<\/a> \u00b7 <a style=\"color: #cccccc; text-decoration: none;\" title=\"Nota Ezequiel Gabella\" href=\"https:\/\/soundcloud.com\/fmreflejos-103-7\/nota-ezequiel-gabella-2\" target=\"_blank\" rel=\"noopener\">Nota Ezequiel Gabella<\/a><\/div>\n","protected":false},"excerpt":{"rendered":"<p>Pasan los d\u00edas de cuarentena, Tornquist en Fase 5 vive un mundo diferente a de muchos lugares del planeta; como se sigue y que se planifica desde el municipio..??. Durante la ma\u00f1ana del d\u00eda de la fecha, entrevistamos al Secretario de Gobierno y Seguridad de Tornquist Municipio, Ezequiel Gabella. Nos aclara muchas dudas y consultas [&hellip;]<\/p>\n","protected":false},"author":3,"featured_media":0,"comment_status":"closed","ping_status":"open","sticky":false,"template":"","format":"standard","meta":{"footnotes":""},"categories":[24],"tags":[],"class_list":["post-43890","post","type-post","status-publish","format-standard","hentry","category-politica"],"yoast_head":"<!-- This site is optimized with the Yoast SEO plugin v25.9 - https:\/\/yoast.com\/wordpress\/plugins\/seo\/ -->\n<title>&quot;Esta relajaci\u00f3n que la gente tiene es tanto o m\u00e1s peligrosa que la propia enfermedad.&quot; - Ezequiel Gabella - Noticias Radio Reflejos<\/title>\n<meta name=\"robots\" content=\"index, follow, max-snippet:-1, max-image-preview:large, max-video-preview:-1\" \/>\n<link rel=\"canonical\" href=\"https:\/\/www.noticiasradioreflejos.com.ar\/2021\/esta-relajacion-que-la-gente-tiene-es-tanto-o-mas-peligrosa-que-la-propia-enfermedad-ezequiel-gabella\/\" \/>\n<meta property=\"og:locale\" content=\"es_ES\" \/>\n<meta property=\"og:type\" content=\"article\" \/>\n<meta property=\"og:title\" content=\"&quot;Esta relajaci\u00f3n que la gente tiene es tanto o m\u00e1s peligrosa que la propia enfermedad.&quot; - Ezequiel Gabella - Noticias Radio Reflejos\" \/>\n<meta property=\"og:description\" content=\"Pasan los d\u00edas de cuarentena, Tornquist en Fase 5 vive un mundo diferente a de muchos lugares del planeta; como se sigue y que se planifica desde el municipio..??. Durante la ma\u00f1ana del d\u00eda de la fecha, entrevistamos al Secretario de Gobierno y Seguridad de Tornquist Municipio, Ezequiel Gabella. Nos aclara muchas dudas y consultas [&hellip;]\" \/>\n<meta property=\"og:url\" content=\"https:\/\/www.noticiasradioreflejos.com.ar\/2021\/esta-relajacion-que-la-gente-tiene-es-tanto-o-mas-peligrosa-que-la-propia-enfermedad-ezequiel-gabella\/\" \/>\n<meta property=\"og:site_name\" content=\"Noticias Radio Reflejos\" \/>\n<meta property=\"article:published_time\" content=\"2020-07-01T20:44:55+00:00\" \/>\n<meta property=\"og:image\" content=\"https:\/\/www.noticiasradioreflejos.com.ar\/2021\/wp-content\/uploads\/2021\/07\/logosol300x200.png\" \/>\n\t<meta property=\"og:image:width\" content=\"300\" \/>\n\t<meta property=\"og:image:height\" content=\"200\" \/>\n\t<meta property=\"og:image:type\" content=\"image\/png\" \/>\n<meta name=\"author\" content=\"Arnaldo Botto\" \/>\n<meta name=\"twitter:card\" content=\"summary_large_image\" \/>\n<script type=\"application\/ld+json\" class=\"yoast-schema-graph\">{\"@context\":\"https:\/\/schema.org\",\"@graph\":[{\"@type\":\"WebPage\",\"@id\":\"https:\/\/www.noticiasradioreflejos.com.ar\/2021\/esta-relajacion-que-la-gente-tiene-es-tanto-o-mas-peligrosa-que-la-propia-enfermedad-ezequiel-gabella\/\",\"url\":\"https:\/\/www.noticiasradioreflejos.com.ar\/2021\/esta-relajacion-que-la-gente-tiene-es-tanto-o-mas-peligrosa-que-la-propia-enfermedad-ezequiel-gabella\/\",\"name\":\"\\\"Esta relajaci\u00f3n que la gente tiene es tanto o m\u00e1s peligrosa que la propia enfermedad.\\\" - Ezequiel Gabella - Noticias Radio Reflejos\",\"isPartOf\":{\"@id\":\"https:\/\/www.noticiasradioreflejos.com.ar\/2021\/#website\"},\"datePublished\":\"2020-07-01T20:44:55+00:00\",\"author\":{\"@id\":\"https:\/\/www.noticiasradioreflejos.com.ar\/2021\/#\/schema\/person\/ad82545263dcc5ec0996818884fd5fb1\"},\"breadcrumb\":{\"@id\":\"https:\/\/www.noticiasradioreflejos.com.ar\/2021\/esta-relajacion-que-la-gente-tiene-es-tanto-o-mas-peligrosa-que-la-propia-enfermedad-ezequiel-gabella\/#breadcrumb\"},\"inLanguage\":\"es\",\"potentialAction\":[{\"@type\":\"ReadAction\",\"target\":[\"https:\/\/www.noticiasradioreflejos.com.ar\/2021\/esta-relajacion-que-la-gente-tiene-es-tanto-o-mas-peligrosa-que-la-propia-enfermedad-ezequiel-gabella\/\"]}]},{\"@type\":\"BreadcrumbList\",\"@id\":\"https:\/\/www.noticiasradioreflejos.com.ar\/2021\/esta-relajacion-que-la-gente-tiene-es-tanto-o-mas-peligrosa-que-la-propia-enfermedad-ezequiel-gabella\/#breadcrumb\",\"itemListElement\":[{\"@type\":\"ListItem\",\"position\":1,\"name\":\"Portada\",\"item\":\"https:\/\/www.noticiasradioreflejos.com.ar\/2021\/\"},{\"@type\":\"ListItem\",\"position\":2,\"name\":\"\u00abEsta relajaci\u00f3n que la gente tiene es tanto o m\u00e1s peligrosa que la propia enfermedad.\u00bb &#8211; Ezequiel Gabella\"}]},{\"@type\":\"WebSite\",\"@id\":\"https:\/\/www.noticiasradioreflejos.com.ar\/2021\/#website\",\"url\":\"https:\/\/www.noticiasradioreflejos.com.ar\/2021\/\",\"name\":\"Noticias Radio Reflejos\",\"description\":\"Las noticias de mi comarca\",\"potentialAction\":[{\"@type\":\"SearchAction\",\"target\":{\"@type\":\"EntryPoint\",\"urlTemplate\":\"https:\/\/www.noticiasradioreflejos.com.ar\/2021\/?s={search_term_string}\"},\"query-input\":{\"@type\":\"PropertyValueSpecification\",\"valueRequired\":true,\"valueName\":\"search_term_string\"}}],\"inLanguage\":\"es\"},{\"@type\":\"Person\",\"@id\":\"https:\/\/www.noticiasradioreflejos.com.ar\/2021\/#\/schema\/person\/ad82545263dcc5ec0996818884fd5fb1\",\"name\":\"Arnaldo Botto\",\"image\":{\"@type\":\"ImageObject\",\"inLanguage\":\"es\",\"@id\":\"https:\/\/www.noticiasradioreflejos.com.ar\/2021\/#\/schema\/person\/image\/\",\"url\":\"https:\/\/secure.gravatar.com\/avatar\/55cb5e37c1efa326397366e6974cb338056df65cb50e7d64d1cf314e87504837?s=96&d=mm&r=g\",\"contentUrl\":\"https:\/\/secure.gravatar.com\/avatar\/55cb5e37c1efa326397366e6974cb338056df65cb50e7d64d1cf314e87504837?s=96&d=mm&r=g\",\"caption\":\"Arnaldo Botto\"},\"url\":\"https:\/\/www.noticiasradioreflejos.com.ar\/2021\/author\/arnaldo\/\"}]}<\/script>\n<!-- \/ Yoast SEO plugin. -->","yoast_head_json":{"title":"\"Esta relajaci\u00f3n que la gente tiene es tanto o m\u00e1s peligrosa que la propia enfermedad.\" - Ezequiel Gabella - Noticias Radio Reflejos","robots":{"index":"index","follow":"follow","max-snippet":"max-snippet:-1","max-image-preview":"max-image-preview:large","max-video-preview":"max-video-preview:-1"},"canonical":"https:\/\/www.noticiasradioreflejos.com.ar\/2021\/esta-relajacion-que-la-gente-tiene-es-tanto-o-mas-peligrosa-que-la-propia-enfermedad-ezequiel-gabella\/","og_locale":"es_ES","og_type":"article","og_title":"\"Esta relajaci\u00f3n que la gente tiene es tanto o m\u00e1s peligrosa que la propia enfermedad.\" - Ezequiel Gabella - Noticias Radio Reflejos","og_description":"Pasan los d\u00edas de cuarentena, Tornquist en Fase 5 vive un mundo diferente a de muchos lugares del planeta; como se sigue y que se planifica desde el municipio..??. Durante la ma\u00f1ana del d\u00eda de la fecha, entrevistamos al Secretario de Gobierno y Seguridad de Tornquist Municipio, Ezequiel Gabella. Nos aclara muchas dudas y consultas [&hellip;]","og_url":"https:\/\/www.noticiasradioreflejos.com.ar\/2021\/esta-relajacion-que-la-gente-tiene-es-tanto-o-mas-peligrosa-que-la-propia-enfermedad-ezequiel-gabella\/","og_site_name":"Noticias Radio Reflejos","article_published_time":"2020-07-01T20:44:55+00:00","og_image":[{"width":300,"height":200,"url":"https:\/\/www.noticiasradioreflejos.com.ar\/2021\/wp-content\/uploads\/2021\/07\/logosol300x200.png","type":"image\/png"}],"author":"Arnaldo Botto","twitter_card":"summary_large_image","schema":{"@context":"https:\/\/schema.org","@graph":[{"@type":"WebPage","@id":"https:\/\/www.noticiasradioreflejos.com.ar\/2021\/esta-relajacion-que-la-gente-tiene-es-tanto-o-mas-peligrosa-que-la-propia-enfermedad-ezequiel-gabella\/","url":"https:\/\/www.noticiasradioreflejos.com.ar\/2021\/esta-relajacion-que-la-gente-tiene-es-tanto-o-mas-peligrosa-que-la-propia-enfermedad-ezequiel-gabella\/","name":"\"Esta relajaci\u00f3n que la gente tiene es tanto o m\u00e1s peligrosa que la propia enfermedad.\" - Ezequiel Gabella - Noticias Radio Reflejos","isPartOf":{"@id":"https:\/\/www.noticiasradioreflejos.com.ar\/2021\/#website"},"datePublished":"2020-07-01T20:44:55+00:00","author":{"@id":"https:\/\/www.noticiasradioreflejos.com.ar\/2021\/#\/schema\/person\/ad82545263dcc5ec0996818884fd5fb1"},"breadcrumb":{"@id":"https:\/\/www.noticiasradioreflejos.com.ar\/2021\/esta-relajacion-que-la-gente-tiene-es-tanto-o-mas-peligrosa-que-la-propia-enfermedad-ezequiel-gabella\/#breadcrumb"},"inLanguage":"es","potentialAction":[{"@type":"ReadAction","target":["https:\/\/www.noticiasradioreflejos.com.ar\/2021\/esta-relajacion-que-la-gente-tiene-es-tanto-o-mas-peligrosa-que-la-propia-enfermedad-ezequiel-gabella\/"]}]},{"@type":"BreadcrumbList","@id":"https:\/\/www.noticiasradioreflejos.com.ar\/2021\/esta-relajacion-que-la-gente-tiene-es-tanto-o-mas-peligrosa-que-la-propia-enfermedad-ezequiel-gabella\/#breadcrumb","itemListElement":[{"@type":"ListItem","position":1,"name":"Portada","item":"https:\/\/www.noticiasradioreflejos.com.ar\/2021\/"},{"@type":"ListItem","position":2,"name":"\u00abEsta relajaci\u00f3n que la gente tiene es tanto o m\u00e1s peligrosa que la propia enfermedad.\u00bb &#8211; Ezequiel Gabella"}]},{"@type":"WebSite","@id":"https:\/\/www.noticiasradioreflejos.com.ar\/2021\/#website","url":"https:\/\/www.noticiasradioreflejos.com.ar\/2021\/","name":"Noticias Radio Reflejos","description":"Las noticias de mi comarca","potentialAction":[{"@type":"SearchAction","target":{"@type":"EntryPoint","urlTemplate":"https:\/\/www.noticiasradioreflejos.com.ar\/2021\/?s={search_term_string}"},"query-input":{"@type":"PropertyValueSpecification","valueRequired":true,"valueName":"search_term_string"}}],"inLanguage":"es"},{"@type":"Person","@id":"https:\/\/www.noticiasradioreflejos.com.ar\/2021\/#\/schema\/person\/ad82545263dcc5ec0996818884fd5fb1","name":"Arnaldo Botto","image":{"@type":"ImageObject","inLanguage":"es","@id":"https:\/\/www.noticiasradioreflejos.com.ar\/2021\/#\/schema\/person\/image\/","url":"https:\/\/secure.gravatar.com\/avatar\/55cb5e37c1efa326397366e6974cb338056df65cb50e7d64d1cf314e87504837?s=96&d=mm&r=g","contentUrl":"https:\/\/secure.gravatar.com\/avatar\/55cb5e37c1efa326397366e6974cb338056df65cb50e7d64d1cf314e87504837?s=96&d=mm&r=g","caption":"Arnaldo Botto"},"url":"https:\/\/www.noticiasradioreflejos.com.ar\/2021\/author\/arnaldo\/"}]}},"_links":{"self":[{"href":"https:\/\/www.noticiasradioreflejos.com.ar\/2021\/wp-json\/wp\/v2\/posts\/43890","targetHints":{"allow":["GET"]}}],"collection":[{"href":"https:\/\/www.noticiasradioreflejos.com.ar\/2021\/wp-json\/wp\/v2\/posts"}],"about":[{"href":"https:\/\/www.noticiasradioreflejos.com.ar\/2021\/wp-json\/wp\/v2\/types\/post"}],"author":[{"embeddable":true,"href":"https:\/\/www.noticiasradioreflejos.com.ar\/2021\/wp-json\/wp\/v2\/users\/3"}],"replies":[{"embeddable":true,"href":"https:\/\/www.noticiasradioreflejos.com.ar\/2021\/wp-json\/wp\/v2\/comments?post=43890"}],"version-history":[{"count":0,"href":"https:\/\/www.noticiasradioreflejos.com.ar\/2021\/wp-json\/wp\/v2\/posts\/43890\/revisions"}],"wp:attachment":[{"href":"https:\/\/www.noticiasradioreflejos.com.ar\/2021\/wp-json\/wp\/v2\/media?parent=43890"}],"wp:term":[{"taxonomy":"category","embeddable":true,"href":"https:\/\/www.noticiasradioreflejos.com.ar\/2021\/wp-json\/wp\/v2\/categories?post=43890"},{"taxonomy":"post_tag","embeddable":true,"href":"https:\/\/www.noticiasradioreflejos.com.ar\/2021\/wp-json\/wp\/v2\/tags?post=43890"}],"curies":[{"name":"wp","href":"https:\/\/api.w.org\/{rel}","templated":true}]}}