{"id":43883,"date":"2020-07-01T17:33:33","date_gmt":"2020-07-01T20:33:33","guid":{"rendered":"http:\/\/www.noticiasradioreflejos.com.ar\/noticias\/?p=43883"},"modified":"2020-07-01T17:33:33","modified_gmt":"2020-07-01T20:33:33","slug":"trabajando-de-manera-conjunta-entre-municipios-se-controlaria-el-virus-y-se-estimularia-el-turismo-y-la-produccion-xavier-recchi","status":"publish","type":"post","link":"https:\/\/www.noticiasradioreflejos.com.ar\/2021\/trabajando-de-manera-conjunta-entre-municipios-se-controlaria-el-virus-y-se-estimularia-el-turismo-y-la-produccion-xavier-recchi\/","title":{"rendered":"\u00abTrabajando de manera conjunta entre municipios, se controlar\u00eda el virus y se estimular\u00eda el turismo y la producci\u00f3n\u00bb. Xavier Recchi."},"content":{"rendered":"<p>Zonas Verdes como respuesta humanitaria y econ\u00f3mica a una Pandemia. Bah\u00eda\u00a0 Blanca y la regi\u00f3n puede y debe salvar vidas y a la econom\u00eda regional.\u00a0 Esta ma\u00f1ana, conversamos con Xavier Recchi, economista nacido en Argentina que actualmente reside en Berl\u00edn. Xavier forma parte de un grupo de Estados Unidos que trabaja para combatir el COVID-19 en muchos pa\u00edses del mundo. Nos trae una nueva propuesta -ya practicada en Europa- para traer una soluci\u00f3n pr\u00e1ctica a nuestro pa\u00eds,nos\u00a0 explica c\u00f3mo podr\u00eda aplicarse en nuestra zona y especialmente, en Sierra de la Ventana.<!--more--><\/p>\n<p>\u00abViv\u00ed en Madrid hasta hace un a\u00f1o y medio y viajaba all\u00e1 por tema de negocios, pero la pandemia me agarr\u00f3 en Berl\u00edn. Ac\u00e1 la cuarentena nunca fue estricta, la gente en todo momento pudo salir a la calle y hacer compras. Lo que s\u00ed se implement\u00f3 fue el tapabocas y el distanciamiento social. El turismo est\u00e1 restringido y en Marzo se cerraron las fronteras\u00bb comenz\u00f3 Xavier coment\u00e1ndonos la situaci\u00f3n del pa\u00eds alem\u00e1n en \u00e9pocas de pandemia.<\/p>\n<p>Xavier Recchi es un economista nacido en Bah\u00eda Blanca que hoy d\u00eda reside en Alemania. \u00c9l integra un grupo de Estados Unidos para combatir el COVID-19 con soluciones pr\u00e1cticas y sigue la situaci\u00f3n de nuestro pa\u00eds de cerca. \u00abLa idea de esta llamada es comentarles un poco lo que estamos haciendo en Alemania y en otros pa\u00edses para que pueda ser aplicado en otros lugares\u00bb mencion\u00f3.<\/p>\n<p>Xavier explic\u00f3 que esta crisis provocada por la pandemia est\u00e1 afectando a todo el mundo, pero que hay naciones que pueden lograr superarla, y hay otras que no. Tal es el caso de muchos pa\u00edses de Am\u00e9rica Latina y \u00c1frica. \u00abDesde un punto de vista econ\u00f3mico, esto es grave. Pero desde un punto de vista social, es mucho peor. Se est\u00e1 muriendo gente que no deber\u00eda morirse. Lo econ\u00f3mico es secundario, es una consecuencia, pero si la cuarentena se prolonga y no se act\u00faa correctamente, la econom\u00eda pasar\u00eda a primer plano\u00bb destac\u00f3.<\/p>\n<p>\u00abEl gobierno alem\u00e1n asisti\u00f3 bastante bien a las empresas y a la gente. En las empresas que tuvieron problemas, a la gente que no se pod\u00eda emplear las pusieron en una especie de licencia temporal en la cual el gobierno paga el 60% del salario de los empleados durante un a\u00f1o. Es algo similar a lo que esta ocurriendo en Argentina, donde se entregan bonos a los desempleados en un pago y se les otorgan cr\u00e9ditos a las empresas\u00bb respondi\u00f3 el economista cuando le preguntamos sobre c\u00f3mo estaba ayudando el gobierno de Alemania a sus ciudadanos en comparaci\u00f3n a lo que se est\u00e1 haciendo en Argentina.<\/p>\n<p>\u00abAlemania es un pa\u00eds que tiene una industria bastante fuerte, entonces las empresas no se cerraron. Pero lo que s\u00ed se implement\u00f3 fue el uso del barbijo y el distanciamiento entre trabajadores. Desde ahora hasta fin de a\u00f1o, est\u00e1 la opci\u00f3n de trabajar desde casa para aquellos que no necesitan obligatoriamente trabajar presencialmente\u00bb coment\u00f3 Xavier la situaci\u00f3n empresarial en Alemania.<\/p>\n<p>La idea que propone este grupo para solucionar la crisis y lo que se est\u00e1 proponiendo hoy en d\u00eda en Europa es unificar el pa\u00eds y dividirlo en departamentos. Los departamentos rojos son lo que tienen un caso del virus durante los \u00faltimos 14 d\u00edas, los departamentos amarillos son los que no tienen casos pero estuvieron en contacto con la zona roja los \u00faltimos catorce d\u00edas, y los departamentos verdes son los que estar\u00edan libres del virus. \u00abEn este \u00faltimo, se podr\u00eda llegar a una cuasi-normalidad, porque no tiene sentido que se pare la econom\u00eda, que la gente se funda, se quede sin trabajo, que los hospitales est\u00e9n vac\u00edos, etc.\u00bb justific\u00f3 Xavier.<\/p>\n<p>Cuando le preguntamos cu\u00e1l ser\u00eda la soluci\u00f3n para una localidad como Sierra de la Ventana, que vive a base del turismo y de las visitas de gente provenientes de otros partidos, el economista respondi\u00f3: \u00abEl tema de Sierra de la Ventana es muy complejo. En el caso de AMBA, se podr\u00eda unificar y cerrar, al igual que Bah\u00eda Blanca, para que no cierre toda la ciudad y el distrito. La soluci\u00f3n ser\u00eda que las zonas verdes puedan comunicarse entre s\u00ed, y que las zonas amarillas y rojas se vayan eliminando gradualmente hasta la erradicaci\u00f3n de las consecuencias negativas del virus. Es muy dif\u00edcil solucionar este problema si el pa\u00eds no toma las singularidades de cada regi\u00f3n\u00bb.<\/p>\n<p>\u00abNo hay que esperar a que Buenos Aires les diga qu\u00e9 hacer. Lo pueden hacer desde un nivel local. Trabajando de manera conjunta entre municipios, se controlar\u00eda el virus y se estimular\u00eda el turismo y la producci\u00f3n. Aunque entiendo que esto tiene poco marketing, porque a nadie le gusta que le digan que no puede circular. Pero la alternativa es dejar morir a miles de personas y que la econom\u00eda caiga en picada durante meses.\u00bb mencion\u00f3 Xavier al querer transmitir el presente mensaje.<\/p>\n<p>Encontra m\u00e1s informaci\u00f3n sobre el tema <a href=\"http:\/\/endcoronavirus.org\" target=\"_blank\" rel=\"noopener\">aqu\u00ed<\/a><\/p>\n<p>Nota completa a continuaci\u00f3n:<br \/>\n<iframe loading=\"lazy\" src=\"https:\/\/w.soundcloud.com\/player\/?url=https%3A\/\/api.soundcloud.com\/tracks\/850246405&amp;color=%23ff5500&amp;auto_play=false&amp;hide_related=false&amp;show_comments=true&amp;show_user=true&amp;show_reposts=false&amp;show_teaser=true&amp;visual=true\" width=\"100%\" height=\"300\" frameborder=\"no\" scrolling=\"no\"><\/iframe><\/p>\n<div style=\"font-size: 10px; color: #cccccc; line-break: anywhere; word-break: normal; overflow: hidden; white-space: nowrap; text-overflow: ellipsis; font-family: Interstate,Lucida Grande,Lucida Sans Unicode,Lucida Sans,Garuda,Verdana,Tahoma,sans-serif; font-weight: 100;\"><a style=\"color: #cccccc; text-decoration: none;\" title=\"fmreflejos 103.7\" href=\"https:\/\/soundcloud.com\/fmreflejos-103-7\" target=\"_blank\" rel=\"noopener\">fmreflejos 103.7<\/a> \u00b7 <a style=\"color: #cccccc; text-decoration: none;\" title=\"Nota Xavier Rechi\" href=\"https:\/\/soundcloud.com\/fmreflejos-103-7\/nota-xavier-rechi\" target=\"_blank\" rel=\"noopener\">Nota Xavier Rechi<\/a><\/div>\n","protected":false},"excerpt":{"rendered":"<p>Zonas Verdes como respuesta humanitaria y econ\u00f3mica a una Pandemia. Bah\u00eda\u00a0 Blanca y la regi\u00f3n puede y debe salvar vidas y a la econom\u00eda regional.\u00a0 Esta ma\u00f1ana, conversamos con Xavier Recchi, economista nacido en Argentina que actualmente reside en Berl\u00edn. Xavier forma parte de un grupo de Estados Unidos que trabaja para combatir el COVID-19 [&hellip;]<\/p>\n","protected":false},"author":3,"featured_media":0,"comment_status":"closed","ping_status":"open","sticky":false,"template":"","format":"standard","meta":{"footnotes":""},"categories":[36,30],"tags":[32],"class_list":["post-43883","post","type-post","status-publish","format-standard","hentry","category-economia","category-salud","tag-destacado"],"yoast_head":"<!-- This site is optimized with the Yoast SEO plugin v25.9 - https:\/\/yoast.com\/wordpress\/plugins\/seo\/ -->\n<title>&quot;Trabajando de manera conjunta entre municipios, se controlar\u00eda el virus y se estimular\u00eda el turismo y la producci\u00f3n&quot;. Xavier Recchi. - Noticias Radio Reflejos<\/title>\n<meta name=\"robots\" content=\"index, follow, max-snippet:-1, max-image-preview:large, max-video-preview:-1\" \/>\n<link rel=\"canonical\" href=\"https:\/\/www.noticiasradioreflejos.com.ar\/2021\/trabajando-de-manera-conjunta-entre-municipios-se-controlaria-el-virus-y-se-estimularia-el-turismo-y-la-produccion-xavier-recchi\/\" \/>\n<meta property=\"og:locale\" content=\"es_ES\" \/>\n<meta property=\"og:type\" content=\"article\" \/>\n<meta property=\"og:title\" content=\"&quot;Trabajando de manera conjunta entre municipios, se controlar\u00eda el virus y se estimular\u00eda el turismo y la producci\u00f3n&quot;. Xavier Recchi. - Noticias Radio Reflejos\" \/>\n<meta property=\"og:description\" content=\"Zonas Verdes como respuesta humanitaria y econ\u00f3mica a una Pandemia. Bah\u00eda\u00a0 Blanca y la regi\u00f3n puede y debe salvar vidas y a la econom\u00eda regional.\u00a0 Esta ma\u00f1ana, conversamos con Xavier Recchi, economista nacido en Argentina que actualmente reside en Berl\u00edn. Xavier forma parte de un grupo de Estados Unidos que trabaja para combatir el COVID-19 [&hellip;]\" \/>\n<meta property=\"og:url\" content=\"https:\/\/www.noticiasradioreflejos.com.ar\/2021\/trabajando-de-manera-conjunta-entre-municipios-se-controlaria-el-virus-y-se-estimularia-el-turismo-y-la-produccion-xavier-recchi\/\" \/>\n<meta property=\"og:site_name\" content=\"Noticias Radio Reflejos\" \/>\n<meta property=\"article:published_time\" content=\"2020-07-01T20:33:33+00:00\" \/>\n<meta property=\"og:image\" content=\"https:\/\/www.noticiasradioreflejos.com.ar\/2021\/wp-content\/uploads\/2021\/07\/logosol300x200.png\" \/>\n\t<meta property=\"og:image:width\" content=\"300\" \/>\n\t<meta property=\"og:image:height\" content=\"200\" \/>\n\t<meta property=\"og:image:type\" content=\"image\/png\" \/>\n<meta name=\"author\" content=\"Arnaldo Botto\" \/>\n<meta name=\"twitter:card\" content=\"summary_large_image\" \/>\n<script type=\"application\/ld+json\" class=\"yoast-schema-graph\">{\"@context\":\"https:\/\/schema.org\",\"@graph\":[{\"@type\":\"WebPage\",\"@id\":\"https:\/\/www.noticiasradioreflejos.com.ar\/2021\/trabajando-de-manera-conjunta-entre-municipios-se-controlaria-el-virus-y-se-estimularia-el-turismo-y-la-produccion-xavier-recchi\/\",\"url\":\"https:\/\/www.noticiasradioreflejos.com.ar\/2021\/trabajando-de-manera-conjunta-entre-municipios-se-controlaria-el-virus-y-se-estimularia-el-turismo-y-la-produccion-xavier-recchi\/\",\"name\":\"\\\"Trabajando de manera conjunta entre municipios, se controlar\u00eda el virus y se estimular\u00eda el turismo y la producci\u00f3n\\\". Xavier Recchi. - Noticias Radio Reflejos\",\"isPartOf\":{\"@id\":\"https:\/\/www.noticiasradioreflejos.com.ar\/2021\/#website\"},\"datePublished\":\"2020-07-01T20:33:33+00:00\",\"author\":{\"@id\":\"https:\/\/www.noticiasradioreflejos.com.ar\/2021\/#\/schema\/person\/ad82545263dcc5ec0996818884fd5fb1\"},\"breadcrumb\":{\"@id\":\"https:\/\/www.noticiasradioreflejos.com.ar\/2021\/trabajando-de-manera-conjunta-entre-municipios-se-controlaria-el-virus-y-se-estimularia-el-turismo-y-la-produccion-xavier-recchi\/#breadcrumb\"},\"inLanguage\":\"es\",\"potentialAction\":[{\"@type\":\"ReadAction\",\"target\":[\"https:\/\/www.noticiasradioreflejos.com.ar\/2021\/trabajando-de-manera-conjunta-entre-municipios-se-controlaria-el-virus-y-se-estimularia-el-turismo-y-la-produccion-xavier-recchi\/\"]}]},{\"@type\":\"BreadcrumbList\",\"@id\":\"https:\/\/www.noticiasradioreflejos.com.ar\/2021\/trabajando-de-manera-conjunta-entre-municipios-se-controlaria-el-virus-y-se-estimularia-el-turismo-y-la-produccion-xavier-recchi\/#breadcrumb\",\"itemListElement\":[{\"@type\":\"ListItem\",\"position\":1,\"name\":\"Portada\",\"item\":\"https:\/\/www.noticiasradioreflejos.com.ar\/2021\/\"},{\"@type\":\"ListItem\",\"position\":2,\"name\":\"\u00abTrabajando de manera conjunta entre municipios, se controlar\u00eda el virus y se estimular\u00eda el turismo y la producci\u00f3n\u00bb. Xavier Recchi.\"}]},{\"@type\":\"WebSite\",\"@id\":\"https:\/\/www.noticiasradioreflejos.com.ar\/2021\/#website\",\"url\":\"https:\/\/www.noticiasradioreflejos.com.ar\/2021\/\",\"name\":\"Noticias Radio Reflejos\",\"description\":\"Las noticias de mi comarca\",\"potentialAction\":[{\"@type\":\"SearchAction\",\"target\":{\"@type\":\"EntryPoint\",\"urlTemplate\":\"https:\/\/www.noticiasradioreflejos.com.ar\/2021\/?s={search_term_string}\"},\"query-input\":{\"@type\":\"PropertyValueSpecification\",\"valueRequired\":true,\"valueName\":\"search_term_string\"}}],\"inLanguage\":\"es\"},{\"@type\":\"Person\",\"@id\":\"https:\/\/www.noticiasradioreflejos.com.ar\/2021\/#\/schema\/person\/ad82545263dcc5ec0996818884fd5fb1\",\"name\":\"Arnaldo Botto\",\"image\":{\"@type\":\"ImageObject\",\"inLanguage\":\"es\",\"@id\":\"https:\/\/www.noticiasradioreflejos.com.ar\/2021\/#\/schema\/person\/image\/\",\"url\":\"https:\/\/secure.gravatar.com\/avatar\/55cb5e37c1efa326397366e6974cb338056df65cb50e7d64d1cf314e87504837?s=96&d=mm&r=g\",\"contentUrl\":\"https:\/\/secure.gravatar.com\/avatar\/55cb5e37c1efa326397366e6974cb338056df65cb50e7d64d1cf314e87504837?s=96&d=mm&r=g\",\"caption\":\"Arnaldo Botto\"},\"url\":\"https:\/\/www.noticiasradioreflejos.com.ar\/2021\/author\/arnaldo\/\"}]}<\/script>\n<!-- \/ Yoast SEO plugin. -->","yoast_head_json":{"title":"\"Trabajando de manera conjunta entre municipios, se controlar\u00eda el virus y se estimular\u00eda el turismo y la producci\u00f3n\". Xavier Recchi. - Noticias Radio Reflejos","robots":{"index":"index","follow":"follow","max-snippet":"max-snippet:-1","max-image-preview":"max-image-preview:large","max-video-preview":"max-video-preview:-1"},"canonical":"https:\/\/www.noticiasradioreflejos.com.ar\/2021\/trabajando-de-manera-conjunta-entre-municipios-se-controlaria-el-virus-y-se-estimularia-el-turismo-y-la-produccion-xavier-recchi\/","og_locale":"es_ES","og_type":"article","og_title":"\"Trabajando de manera conjunta entre municipios, se controlar\u00eda el virus y se estimular\u00eda el turismo y la producci\u00f3n\". Xavier Recchi. - Noticias Radio Reflejos","og_description":"Zonas Verdes como respuesta humanitaria y econ\u00f3mica a una Pandemia. Bah\u00eda\u00a0 Blanca y la regi\u00f3n puede y debe salvar vidas y a la econom\u00eda regional.\u00a0 Esta ma\u00f1ana, conversamos con Xavier Recchi, economista nacido en Argentina que actualmente reside en Berl\u00edn. Xavier forma parte de un grupo de Estados Unidos que trabaja para combatir el COVID-19 [&hellip;]","og_url":"https:\/\/www.noticiasradioreflejos.com.ar\/2021\/trabajando-de-manera-conjunta-entre-municipios-se-controlaria-el-virus-y-se-estimularia-el-turismo-y-la-produccion-xavier-recchi\/","og_site_name":"Noticias Radio Reflejos","article_published_time":"2020-07-01T20:33:33+00:00","og_image":[{"width":300,"height":200,"url":"https:\/\/www.noticiasradioreflejos.com.ar\/2021\/wp-content\/uploads\/2021\/07\/logosol300x200.png","type":"image\/png"}],"author":"Arnaldo Botto","twitter_card":"summary_large_image","schema":{"@context":"https:\/\/schema.org","@graph":[{"@type":"WebPage","@id":"https:\/\/www.noticiasradioreflejos.com.ar\/2021\/trabajando-de-manera-conjunta-entre-municipios-se-controlaria-el-virus-y-se-estimularia-el-turismo-y-la-produccion-xavier-recchi\/","url":"https:\/\/www.noticiasradioreflejos.com.ar\/2021\/trabajando-de-manera-conjunta-entre-municipios-se-controlaria-el-virus-y-se-estimularia-el-turismo-y-la-produccion-xavier-recchi\/","name":"\"Trabajando de manera conjunta entre municipios, se controlar\u00eda el virus y se estimular\u00eda el turismo y la producci\u00f3n\". Xavier Recchi. - Noticias Radio Reflejos","isPartOf":{"@id":"https:\/\/www.noticiasradioreflejos.com.ar\/2021\/#website"},"datePublished":"2020-07-01T20:33:33+00:00","author":{"@id":"https:\/\/www.noticiasradioreflejos.com.ar\/2021\/#\/schema\/person\/ad82545263dcc5ec0996818884fd5fb1"},"breadcrumb":{"@id":"https:\/\/www.noticiasradioreflejos.com.ar\/2021\/trabajando-de-manera-conjunta-entre-municipios-se-controlaria-el-virus-y-se-estimularia-el-turismo-y-la-produccion-xavier-recchi\/#breadcrumb"},"inLanguage":"es","potentialAction":[{"@type":"ReadAction","target":["https:\/\/www.noticiasradioreflejos.com.ar\/2021\/trabajando-de-manera-conjunta-entre-municipios-se-controlaria-el-virus-y-se-estimularia-el-turismo-y-la-produccion-xavier-recchi\/"]}]},{"@type":"BreadcrumbList","@id":"https:\/\/www.noticiasradioreflejos.com.ar\/2021\/trabajando-de-manera-conjunta-entre-municipios-se-controlaria-el-virus-y-se-estimularia-el-turismo-y-la-produccion-xavier-recchi\/#breadcrumb","itemListElement":[{"@type":"ListItem","position":1,"name":"Portada","item":"https:\/\/www.noticiasradioreflejos.com.ar\/2021\/"},{"@type":"ListItem","position":2,"name":"\u00abTrabajando de manera conjunta entre municipios, se controlar\u00eda el virus y se estimular\u00eda el turismo y la producci\u00f3n\u00bb. Xavier Recchi."}]},{"@type":"WebSite","@id":"https:\/\/www.noticiasradioreflejos.com.ar\/2021\/#website","url":"https:\/\/www.noticiasradioreflejos.com.ar\/2021\/","name":"Noticias Radio Reflejos","description":"Las noticias de mi comarca","potentialAction":[{"@type":"SearchAction","target":{"@type":"EntryPoint","urlTemplate":"https:\/\/www.noticiasradioreflejos.com.ar\/2021\/?s={search_term_string}"},"query-input":{"@type":"PropertyValueSpecification","valueRequired":true,"valueName":"search_term_string"}}],"inLanguage":"es"},{"@type":"Person","@id":"https:\/\/www.noticiasradioreflejos.com.ar\/2021\/#\/schema\/person\/ad82545263dcc5ec0996818884fd5fb1","name":"Arnaldo Botto","image":{"@type":"ImageObject","inLanguage":"es","@id":"https:\/\/www.noticiasradioreflejos.com.ar\/2021\/#\/schema\/person\/image\/","url":"https:\/\/secure.gravatar.com\/avatar\/55cb5e37c1efa326397366e6974cb338056df65cb50e7d64d1cf314e87504837?s=96&d=mm&r=g","contentUrl":"https:\/\/secure.gravatar.com\/avatar\/55cb5e37c1efa326397366e6974cb338056df65cb50e7d64d1cf314e87504837?s=96&d=mm&r=g","caption":"Arnaldo Botto"},"url":"https:\/\/www.noticiasradioreflejos.com.ar\/2021\/author\/arnaldo\/"}]}},"_links":{"self":[{"href":"https:\/\/www.noticiasradioreflejos.com.ar\/2021\/wp-json\/wp\/v2\/posts\/43883","targetHints":{"allow":["GET"]}}],"collection":[{"href":"https:\/\/www.noticiasradioreflejos.com.ar\/2021\/wp-json\/wp\/v2\/posts"}],"about":[{"href":"https:\/\/www.noticiasradioreflejos.com.ar\/2021\/wp-json\/wp\/v2\/types\/post"}],"author":[{"embeddable":true,"href":"https:\/\/www.noticiasradioreflejos.com.ar\/2021\/wp-json\/wp\/v2\/users\/3"}],"replies":[{"embeddable":true,"href":"https:\/\/www.noticiasradioreflejos.com.ar\/2021\/wp-json\/wp\/v2\/comments?post=43883"}],"version-history":[{"count":0,"href":"https:\/\/www.noticiasradioreflejos.com.ar\/2021\/wp-json\/wp\/v2\/posts\/43883\/revisions"}],"wp:attachment":[{"href":"https:\/\/www.noticiasradioreflejos.com.ar\/2021\/wp-json\/wp\/v2\/media?parent=43883"}],"wp:term":[{"taxonomy":"category","embeddable":true,"href":"https:\/\/www.noticiasradioreflejos.com.ar\/2021\/wp-json\/wp\/v2\/categories?post=43883"},{"taxonomy":"post_tag","embeddable":true,"href":"https:\/\/www.noticiasradioreflejos.com.ar\/2021\/wp-json\/wp\/v2\/tags?post=43883"}],"curies":[{"name":"wp","href":"https:\/\/api.w.org\/{rel}","templated":true}]}}