{"id":43860,"date":"2020-07-01T08:44:40","date_gmt":"2020-07-01T11:44:40","guid":{"rendered":"http:\/\/www.noticiasradioreflejos.com.ar\/noticias\/?p=43860"},"modified":"2020-07-01T08:44:40","modified_gmt":"2020-07-01T11:44:40","slug":"avanza-el-coronavirus-en-la-region-un-nuevo-caso-en-punta-alta-y-el-primero-en-pringles","status":"publish","type":"post","link":"https:\/\/www.noticiasradioreflejos.com.ar\/2021\/avanza-el-coronavirus-en-la-region-un-nuevo-caso-en-punta-alta-y-el-primero-en-pringles\/","title":{"rendered":"Avanza el Coronavirus en la regi\u00f3n: un nuevo caso en Punta Alta y el primero en Pringles."},"content":{"rendered":"<p>Un hombre en Cnel Prinlges dio positivo y es el primer caso en ese distrito. La esposa de un m\u00e9dico que horas antes hab\u00eda sido diagnosticado con coronavirus dio positivo en su testeo y se convirti\u00f3 en el segundo caso en pocas horas en Punta Alta.<!--more--><\/p>\n<p>Se trata de una mujer de 43 a\u00f1os que tambi\u00e9n se desempe\u00f1a laboralmente como profesional de la salud y es la pareja del hombre que trabaja en el Hospital Penna.Seg\u00fan informaron fuentes del municipio, ambos permanecen en buen estado cl\u00ednico y, obviamente, fueron aislados con un monitoreo permanente para seguir su evoluci\u00f3n.<\/p>\n<p>Por estas horas, los expertos est\u00e1n abocados a la tarea de investigaci\u00f3n epidemiol\u00f3gica con los contactos estrechos de las personas que contrajeron la enfermedad.<\/p>\n<p><strong>Primero en Pringles<\/strong><br \/>\nUn trabajador del Servicio Penitenciario Provincial, que vive en Coronel Pringles y trabaja en la\u00a0ciudad de Bah\u00eda Blanca se convirti\u00f3 en el primer caso de coronavirus en el vecino distrito.<\/p>\n<p>El testeo se realiz\u00f3 en el Penna y, tal como informara personal del \u00e1rea de Salud pringlense, el personal sanitario que estuvo en contacto con el afectado, est\u00e1 perfectamente controlado y el paciente en buen estado general de salud.<\/p>\n","protected":false},"excerpt":{"rendered":"<p>Un hombre en Cnel Prinlges dio positivo y es el primer caso en ese distrito. La esposa de un m\u00e9dico que horas antes hab\u00eda sido diagnosticado con coronavirus dio positivo en su testeo y se convirti\u00f3 en el segundo caso en pocas horas en Punta Alta.<\/p>\n","protected":false},"author":3,"featured_media":0,"comment_status":"closed","ping_status":"open","sticky":false,"template":"","format":"standard","meta":{"footnotes":""},"categories":[30],"tags":[],"class_list":["post-43860","post","type-post","status-publish","format-standard","hentry","category-salud"],"yoast_head":"<!-- This site is optimized with the Yoast SEO plugin v25.9 - https:\/\/yoast.com\/wordpress\/plugins\/seo\/ -->\n<title>Avanza el Coronavirus en la regi\u00f3n: un nuevo caso en Punta Alta y el primero en Pringles. - Noticias Radio Reflejos<\/title>\n<meta name=\"robots\" content=\"index, follow, max-snippet:-1, max-image-preview:large, max-video-preview:-1\" \/>\n<link rel=\"canonical\" href=\"https:\/\/www.noticiasradioreflejos.com.ar\/2021\/avanza-el-coronavirus-en-la-region-un-nuevo-caso-en-punta-alta-y-el-primero-en-pringles\/\" \/>\n<meta property=\"og:locale\" content=\"es_ES\" \/>\n<meta property=\"og:type\" content=\"article\" \/>\n<meta property=\"og:title\" content=\"Avanza el Coronavirus en la regi\u00f3n: un nuevo caso en Punta Alta y el primero en Pringles. - Noticias Radio Reflejos\" \/>\n<meta property=\"og:description\" content=\"Un hombre en Cnel Prinlges dio positivo y es el primer caso en ese distrito. La esposa de un m\u00e9dico que horas antes hab\u00eda sido diagnosticado con coronavirus dio positivo en su testeo y se convirti\u00f3 en el segundo caso en pocas horas en Punta Alta.\" \/>\n<meta property=\"og:url\" content=\"https:\/\/www.noticiasradioreflejos.com.ar\/2021\/avanza-el-coronavirus-en-la-region-un-nuevo-caso-en-punta-alta-y-el-primero-en-pringles\/\" \/>\n<meta property=\"og:site_name\" content=\"Noticias Radio Reflejos\" \/>\n<meta property=\"article:published_time\" content=\"2020-07-01T11:44:40+00:00\" \/>\n<meta property=\"og:image\" content=\"https:\/\/www.noticiasradioreflejos.com.ar\/2021\/wp-content\/uploads\/2021\/07\/logosol300x200.png\" \/>\n\t<meta property=\"og:image:width\" content=\"300\" \/>\n\t<meta property=\"og:image:height\" content=\"200\" \/>\n\t<meta property=\"og:image:type\" content=\"image\/png\" \/>\n<meta name=\"author\" content=\"Arnaldo Botto\" \/>\n<meta name=\"twitter:card\" content=\"summary_large_image\" \/>\n<script type=\"application\/ld+json\" class=\"yoast-schema-graph\">{\"@context\":\"https:\/\/schema.org\",\"@graph\":[{\"@type\":\"WebPage\",\"@id\":\"https:\/\/www.noticiasradioreflejos.com.ar\/2021\/avanza-el-coronavirus-en-la-region-un-nuevo-caso-en-punta-alta-y-el-primero-en-pringles\/\",\"url\":\"https:\/\/www.noticiasradioreflejos.com.ar\/2021\/avanza-el-coronavirus-en-la-region-un-nuevo-caso-en-punta-alta-y-el-primero-en-pringles\/\",\"name\":\"Avanza el Coronavirus en la regi\u00f3n: un nuevo caso en Punta Alta y el primero en Pringles. - Noticias Radio Reflejos\",\"isPartOf\":{\"@id\":\"https:\/\/www.noticiasradioreflejos.com.ar\/2021\/#website\"},\"datePublished\":\"2020-07-01T11:44:40+00:00\",\"author\":{\"@id\":\"https:\/\/www.noticiasradioreflejos.com.ar\/2021\/#\/schema\/person\/ad82545263dcc5ec0996818884fd5fb1\"},\"breadcrumb\":{\"@id\":\"https:\/\/www.noticiasradioreflejos.com.ar\/2021\/avanza-el-coronavirus-en-la-region-un-nuevo-caso-en-punta-alta-y-el-primero-en-pringles\/#breadcrumb\"},\"inLanguage\":\"es\",\"potentialAction\":[{\"@type\":\"ReadAction\",\"target\":[\"https:\/\/www.noticiasradioreflejos.com.ar\/2021\/avanza-el-coronavirus-en-la-region-un-nuevo-caso-en-punta-alta-y-el-primero-en-pringles\/\"]}]},{\"@type\":\"BreadcrumbList\",\"@id\":\"https:\/\/www.noticiasradioreflejos.com.ar\/2021\/avanza-el-coronavirus-en-la-region-un-nuevo-caso-en-punta-alta-y-el-primero-en-pringles\/#breadcrumb\",\"itemListElement\":[{\"@type\":\"ListItem\",\"position\":1,\"name\":\"Portada\",\"item\":\"https:\/\/www.noticiasradioreflejos.com.ar\/2021\/\"},{\"@type\":\"ListItem\",\"position\":2,\"name\":\"Avanza el Coronavirus en la regi\u00f3n: un nuevo caso en Punta Alta y el primero en Pringles.\"}]},{\"@type\":\"WebSite\",\"@id\":\"https:\/\/www.noticiasradioreflejos.com.ar\/2021\/#website\",\"url\":\"https:\/\/www.noticiasradioreflejos.com.ar\/2021\/\",\"name\":\"Noticias Radio Reflejos\",\"description\":\"Las noticias de mi comarca\",\"potentialAction\":[{\"@type\":\"SearchAction\",\"target\":{\"@type\":\"EntryPoint\",\"urlTemplate\":\"https:\/\/www.noticiasradioreflejos.com.ar\/2021\/?s={search_term_string}\"},\"query-input\":{\"@type\":\"PropertyValueSpecification\",\"valueRequired\":true,\"valueName\":\"search_term_string\"}}],\"inLanguage\":\"es\"},{\"@type\":\"Person\",\"@id\":\"https:\/\/www.noticiasradioreflejos.com.ar\/2021\/#\/schema\/person\/ad82545263dcc5ec0996818884fd5fb1\",\"name\":\"Arnaldo Botto\",\"image\":{\"@type\":\"ImageObject\",\"inLanguage\":\"es\",\"@id\":\"https:\/\/www.noticiasradioreflejos.com.ar\/2021\/#\/schema\/person\/image\/\",\"url\":\"https:\/\/secure.gravatar.com\/avatar\/55cb5e37c1efa326397366e6974cb338056df65cb50e7d64d1cf314e87504837?s=96&d=mm&r=g\",\"contentUrl\":\"https:\/\/secure.gravatar.com\/avatar\/55cb5e37c1efa326397366e6974cb338056df65cb50e7d64d1cf314e87504837?s=96&d=mm&r=g\",\"caption\":\"Arnaldo Botto\"},\"url\":\"https:\/\/www.noticiasradioreflejos.com.ar\/2021\/author\/arnaldo\/\"}]}<\/script>\n<!-- \/ Yoast SEO plugin. -->","yoast_head_json":{"title":"Avanza el Coronavirus en la regi\u00f3n: un nuevo caso en Punta Alta y el primero en Pringles. - Noticias Radio Reflejos","robots":{"index":"index","follow":"follow","max-snippet":"max-snippet:-1","max-image-preview":"max-image-preview:large","max-video-preview":"max-video-preview:-1"},"canonical":"https:\/\/www.noticiasradioreflejos.com.ar\/2021\/avanza-el-coronavirus-en-la-region-un-nuevo-caso-en-punta-alta-y-el-primero-en-pringles\/","og_locale":"es_ES","og_type":"article","og_title":"Avanza el Coronavirus en la regi\u00f3n: un nuevo caso en Punta Alta y el primero en Pringles. - Noticias Radio Reflejos","og_description":"Un hombre en Cnel Prinlges dio positivo y es el primer caso en ese distrito. La esposa de un m\u00e9dico que horas antes hab\u00eda sido diagnosticado con coronavirus dio positivo en su testeo y se convirti\u00f3 en el segundo caso en pocas horas en Punta Alta.","og_url":"https:\/\/www.noticiasradioreflejos.com.ar\/2021\/avanza-el-coronavirus-en-la-region-un-nuevo-caso-en-punta-alta-y-el-primero-en-pringles\/","og_site_name":"Noticias Radio Reflejos","article_published_time":"2020-07-01T11:44:40+00:00","og_image":[{"width":300,"height":200,"url":"https:\/\/www.noticiasradioreflejos.com.ar\/2021\/wp-content\/uploads\/2021\/07\/logosol300x200.png","type":"image\/png"}],"author":"Arnaldo Botto","twitter_card":"summary_large_image","schema":{"@context":"https:\/\/schema.org","@graph":[{"@type":"WebPage","@id":"https:\/\/www.noticiasradioreflejos.com.ar\/2021\/avanza-el-coronavirus-en-la-region-un-nuevo-caso-en-punta-alta-y-el-primero-en-pringles\/","url":"https:\/\/www.noticiasradioreflejos.com.ar\/2021\/avanza-el-coronavirus-en-la-region-un-nuevo-caso-en-punta-alta-y-el-primero-en-pringles\/","name":"Avanza el Coronavirus en la regi\u00f3n: un nuevo caso en Punta Alta y el primero en Pringles. - Noticias Radio Reflejos","isPartOf":{"@id":"https:\/\/www.noticiasradioreflejos.com.ar\/2021\/#website"},"datePublished":"2020-07-01T11:44:40+00:00","author":{"@id":"https:\/\/www.noticiasradioreflejos.com.ar\/2021\/#\/schema\/person\/ad82545263dcc5ec0996818884fd5fb1"},"breadcrumb":{"@id":"https:\/\/www.noticiasradioreflejos.com.ar\/2021\/avanza-el-coronavirus-en-la-region-un-nuevo-caso-en-punta-alta-y-el-primero-en-pringles\/#breadcrumb"},"inLanguage":"es","potentialAction":[{"@type":"ReadAction","target":["https:\/\/www.noticiasradioreflejos.com.ar\/2021\/avanza-el-coronavirus-en-la-region-un-nuevo-caso-en-punta-alta-y-el-primero-en-pringles\/"]}]},{"@type":"BreadcrumbList","@id":"https:\/\/www.noticiasradioreflejos.com.ar\/2021\/avanza-el-coronavirus-en-la-region-un-nuevo-caso-en-punta-alta-y-el-primero-en-pringles\/#breadcrumb","itemListElement":[{"@type":"ListItem","position":1,"name":"Portada","item":"https:\/\/www.noticiasradioreflejos.com.ar\/2021\/"},{"@type":"ListItem","position":2,"name":"Avanza el Coronavirus en la regi\u00f3n: un nuevo caso en Punta Alta y el primero en Pringles."}]},{"@type":"WebSite","@id":"https:\/\/www.noticiasradioreflejos.com.ar\/2021\/#website","url":"https:\/\/www.noticiasradioreflejos.com.ar\/2021\/","name":"Noticias Radio Reflejos","description":"Las noticias de mi comarca","potentialAction":[{"@type":"SearchAction","target":{"@type":"EntryPoint","urlTemplate":"https:\/\/www.noticiasradioreflejos.com.ar\/2021\/?s={search_term_string}"},"query-input":{"@type":"PropertyValueSpecification","valueRequired":true,"valueName":"search_term_string"}}],"inLanguage":"es"},{"@type":"Person","@id":"https:\/\/www.noticiasradioreflejos.com.ar\/2021\/#\/schema\/person\/ad82545263dcc5ec0996818884fd5fb1","name":"Arnaldo Botto","image":{"@type":"ImageObject","inLanguage":"es","@id":"https:\/\/www.noticiasradioreflejos.com.ar\/2021\/#\/schema\/person\/image\/","url":"https:\/\/secure.gravatar.com\/avatar\/55cb5e37c1efa326397366e6974cb338056df65cb50e7d64d1cf314e87504837?s=96&d=mm&r=g","contentUrl":"https:\/\/secure.gravatar.com\/avatar\/55cb5e37c1efa326397366e6974cb338056df65cb50e7d64d1cf314e87504837?s=96&d=mm&r=g","caption":"Arnaldo Botto"},"url":"https:\/\/www.noticiasradioreflejos.com.ar\/2021\/author\/arnaldo\/"}]}},"_links":{"self":[{"href":"https:\/\/www.noticiasradioreflejos.com.ar\/2021\/wp-json\/wp\/v2\/posts\/43860","targetHints":{"allow":["GET"]}}],"collection":[{"href":"https:\/\/www.noticiasradioreflejos.com.ar\/2021\/wp-json\/wp\/v2\/posts"}],"about":[{"href":"https:\/\/www.noticiasradioreflejos.com.ar\/2021\/wp-json\/wp\/v2\/types\/post"}],"author":[{"embeddable":true,"href":"https:\/\/www.noticiasradioreflejos.com.ar\/2021\/wp-json\/wp\/v2\/users\/3"}],"replies":[{"embeddable":true,"href":"https:\/\/www.noticiasradioreflejos.com.ar\/2021\/wp-json\/wp\/v2\/comments?post=43860"}],"version-history":[{"count":0,"href":"https:\/\/www.noticiasradioreflejos.com.ar\/2021\/wp-json\/wp\/v2\/posts\/43860\/revisions"}],"wp:attachment":[{"href":"https:\/\/www.noticiasradioreflejos.com.ar\/2021\/wp-json\/wp\/v2\/media?parent=43860"}],"wp:term":[{"taxonomy":"category","embeddable":true,"href":"https:\/\/www.noticiasradioreflejos.com.ar\/2021\/wp-json\/wp\/v2\/categories?post=43860"},{"taxonomy":"post_tag","embeddable":true,"href":"https:\/\/www.noticiasradioreflejos.com.ar\/2021\/wp-json\/wp\/v2\/tags?post=43860"}],"curies":[{"name":"wp","href":"https:\/\/api.w.org\/{rel}","templated":true}]}}