{"id":43849,"date":"2020-06-30T20:40:41","date_gmt":"2020-06-30T23:40:41","guid":{"rendered":"http:\/\/www.noticiasradioreflejos.com.ar\/noticias\/?p=43849"},"modified":"2020-06-30T20:40:41","modified_gmt":"2020-06-30T23:40:41","slug":"chasico-cuenta-con-nueva-delegada","status":"publish","type":"post","link":"https:\/\/www.noticiasradioreflejos.com.ar\/2021\/chasico-cuenta-con-nueva-delegada\/","title":{"rendered":"Chasic\u00f3 cuenta con nueva delegada"},"content":{"rendered":"<p>El d\u00eda de hoy, 30 de junio, el intendente municipal Sergio Bordoni puso en funciones a la nueva persona que se encargar\u00e1 de llevar adelante la Delegaci\u00f3n de Chasic\u00f3. Betiana Cardelli es la funcionaria que ocupar\u00e1 el cargo que d\u00edas atr\u00e1s dejo, por motivos personales, Federico Sanz. <!--more--><\/p>\n<p>Cardelli, es docente y actualmente se desempe\u00f1a como bibliotecaria de la Escuela Primaria N\u00b024 \u201cManuel Leo\u201d, y forma parte de la Sociedad de Fomento de Chasic\u00f3.<br \/>\nLa nueva funcionaria, nativa de la localidad, manifest\u00f3 su compromiso con la comunidad y expres\u00f3 su voluntad de trabajar y desempe\u00f1ar con la mayor eficiencia posible este cargo.<br \/>\nAcompa\u00f1aron al jefe comunal, el Secretario de Gobierno y Seguridad Ezequiel Gabella, el Secretario de Salud Miguel Pagnotta, la Subsecretar\u00eda de Salud Noelia Baier, el ex delegado y colaborador Ariel Menna, y el Presidente de la Sociedad de Fomento, Andr\u00e9s Carracedo. <a href=\"http:\/\/live.staticflickr.com\/65535\/50062865683_60b36ea368_s.jpg\" title=\"2020-06-30_08-38-35\" rel=\"\"><img loading=\"lazy\" decoding=\"async\" src=\"http:\/\/live.staticflickr.com\/65535\/50062865683_60b36ea368_b.jpg\" width=\"1024\" height=\"767\" alt=\"2020-06-30_08-38-35\" title=\"2020-06-30_08-38-35\" class=\"aligncenter\"><\/a><\/p>\n","protected":false},"excerpt":{"rendered":"<p>El d\u00eda de hoy, 30 de junio, el intendente municipal Sergio Bordoni puso en funciones a la nueva persona que se encargar\u00e1 de llevar adelante la Delegaci\u00f3n de Chasic\u00f3. Betiana Cardelli es la funcionaria que ocupar\u00e1 el cargo que d\u00edas atr\u00e1s dejo, por motivos personales, Federico Sanz.<\/p>\n","protected":false},"author":3,"featured_media":0,"comment_status":"closed","ping_status":"open","sticky":false,"template":"","format":"standard","meta":{"footnotes":""},"categories":[28],"tags":[],"class_list":["post-43849","post","type-post","status-publish","format-standard","hentry","category-municipales"],"yoast_head":"<!-- This site is optimized with the Yoast SEO plugin v25.9 - https:\/\/yoast.com\/wordpress\/plugins\/seo\/ -->\n<title>Chasic\u00f3 cuenta con nueva delegada - Noticias Radio Reflejos<\/title>\n<meta name=\"robots\" content=\"index, follow, max-snippet:-1, max-image-preview:large, max-video-preview:-1\" \/>\n<link rel=\"canonical\" href=\"https:\/\/www.noticiasradioreflejos.com.ar\/2021\/chasico-cuenta-con-nueva-delegada\/\" \/>\n<meta property=\"og:locale\" content=\"es_ES\" \/>\n<meta property=\"og:type\" content=\"article\" \/>\n<meta property=\"og:title\" content=\"Chasic\u00f3 cuenta con nueva delegada - Noticias Radio Reflejos\" \/>\n<meta property=\"og:description\" content=\"El d\u00eda de hoy, 30 de junio, el intendente municipal Sergio Bordoni puso en funciones a la nueva persona que se encargar\u00e1 de llevar adelante la Delegaci\u00f3n de Chasic\u00f3. Betiana Cardelli es la funcionaria que ocupar\u00e1 el cargo que d\u00edas atr\u00e1s dejo, por motivos personales, Federico Sanz.\" \/>\n<meta property=\"og:url\" content=\"https:\/\/www.noticiasradioreflejos.com.ar\/2021\/chasico-cuenta-con-nueva-delegada\/\" \/>\n<meta property=\"og:site_name\" content=\"Noticias Radio Reflejos\" \/>\n<meta property=\"article:published_time\" content=\"2020-06-30T23:40:41+00:00\" \/>\n<meta property=\"og:image\" content=\"http:\/\/live.staticflickr.com\/65535\/50062865683_60b36ea368_b.jpg\" \/>\n<meta name=\"author\" content=\"Arnaldo Botto\" \/>\n<meta name=\"twitter:card\" content=\"summary_large_image\" \/>\n<script type=\"application\/ld+json\" class=\"yoast-schema-graph\">{\"@context\":\"https:\/\/schema.org\",\"@graph\":[{\"@type\":\"WebPage\",\"@id\":\"https:\/\/www.noticiasradioreflejos.com.ar\/2021\/chasico-cuenta-con-nueva-delegada\/\",\"url\":\"https:\/\/www.noticiasradioreflejos.com.ar\/2021\/chasico-cuenta-con-nueva-delegada\/\",\"name\":\"Chasic\u00f3 cuenta con nueva delegada - Noticias Radio Reflejos\",\"isPartOf\":{\"@id\":\"https:\/\/www.noticiasradioreflejos.com.ar\/2021\/#website\"},\"primaryImageOfPage\":{\"@id\":\"https:\/\/www.noticiasradioreflejos.com.ar\/2021\/chasico-cuenta-con-nueva-delegada\/#primaryimage\"},\"image\":{\"@id\":\"https:\/\/www.noticiasradioreflejos.com.ar\/2021\/chasico-cuenta-con-nueva-delegada\/#primaryimage\"},\"thumbnailUrl\":\"http:\/\/live.staticflickr.com\/65535\/50062865683_60b36ea368_b.jpg\",\"datePublished\":\"2020-06-30T23:40:41+00:00\",\"author\":{\"@id\":\"https:\/\/www.noticiasradioreflejos.com.ar\/2021\/#\/schema\/person\/ad82545263dcc5ec0996818884fd5fb1\"},\"breadcrumb\":{\"@id\":\"https:\/\/www.noticiasradioreflejos.com.ar\/2021\/chasico-cuenta-con-nueva-delegada\/#breadcrumb\"},\"inLanguage\":\"es\",\"potentialAction\":[{\"@type\":\"ReadAction\",\"target\":[\"https:\/\/www.noticiasradioreflejos.com.ar\/2021\/chasico-cuenta-con-nueva-delegada\/\"]}]},{\"@type\":\"ImageObject\",\"inLanguage\":\"es\",\"@id\":\"https:\/\/www.noticiasradioreflejos.com.ar\/2021\/chasico-cuenta-con-nueva-delegada\/#primaryimage\",\"url\":\"http:\/\/live.staticflickr.com\/65535\/50062865683_60b36ea368_b.jpg\",\"contentUrl\":\"http:\/\/live.staticflickr.com\/65535\/50062865683_60b36ea368_b.jpg\"},{\"@type\":\"BreadcrumbList\",\"@id\":\"https:\/\/www.noticiasradioreflejos.com.ar\/2021\/chasico-cuenta-con-nueva-delegada\/#breadcrumb\",\"itemListElement\":[{\"@type\":\"ListItem\",\"position\":1,\"name\":\"Portada\",\"item\":\"https:\/\/www.noticiasradioreflejos.com.ar\/2021\/\"},{\"@type\":\"ListItem\",\"position\":2,\"name\":\"Chasic\u00f3 cuenta con nueva delegada\"}]},{\"@type\":\"WebSite\",\"@id\":\"https:\/\/www.noticiasradioreflejos.com.ar\/2021\/#website\",\"url\":\"https:\/\/www.noticiasradioreflejos.com.ar\/2021\/\",\"name\":\"Noticias Radio Reflejos\",\"description\":\"Las noticias de mi comarca\",\"potentialAction\":[{\"@type\":\"SearchAction\",\"target\":{\"@type\":\"EntryPoint\",\"urlTemplate\":\"https:\/\/www.noticiasradioreflejos.com.ar\/2021\/?s={search_term_string}\"},\"query-input\":{\"@type\":\"PropertyValueSpecification\",\"valueRequired\":true,\"valueName\":\"search_term_string\"}}],\"inLanguage\":\"es\"},{\"@type\":\"Person\",\"@id\":\"https:\/\/www.noticiasradioreflejos.com.ar\/2021\/#\/schema\/person\/ad82545263dcc5ec0996818884fd5fb1\",\"name\":\"Arnaldo Botto\",\"image\":{\"@type\":\"ImageObject\",\"inLanguage\":\"es\",\"@id\":\"https:\/\/www.noticiasradioreflejos.com.ar\/2021\/#\/schema\/person\/image\/\",\"url\":\"https:\/\/secure.gravatar.com\/avatar\/55cb5e37c1efa326397366e6974cb338056df65cb50e7d64d1cf314e87504837?s=96&d=mm&r=g\",\"contentUrl\":\"https:\/\/secure.gravatar.com\/avatar\/55cb5e37c1efa326397366e6974cb338056df65cb50e7d64d1cf314e87504837?s=96&d=mm&r=g\",\"caption\":\"Arnaldo Botto\"},\"url\":\"https:\/\/www.noticiasradioreflejos.com.ar\/2021\/author\/arnaldo\/\"}]}<\/script>\n<!-- \/ Yoast SEO plugin. -->","yoast_head_json":{"title":"Chasic\u00f3 cuenta con nueva delegada - Noticias Radio Reflejos","robots":{"index":"index","follow":"follow","max-snippet":"max-snippet:-1","max-image-preview":"max-image-preview:large","max-video-preview":"max-video-preview:-1"},"canonical":"https:\/\/www.noticiasradioreflejos.com.ar\/2021\/chasico-cuenta-con-nueva-delegada\/","og_locale":"es_ES","og_type":"article","og_title":"Chasic\u00f3 cuenta con nueva delegada - Noticias Radio Reflejos","og_description":"El d\u00eda de hoy, 30 de junio, el intendente municipal Sergio Bordoni puso en funciones a la nueva persona que se encargar\u00e1 de llevar adelante la Delegaci\u00f3n de Chasic\u00f3. Betiana Cardelli es la funcionaria que ocupar\u00e1 el cargo que d\u00edas atr\u00e1s dejo, por motivos personales, Federico Sanz.","og_url":"https:\/\/www.noticiasradioreflejos.com.ar\/2021\/chasico-cuenta-con-nueva-delegada\/","og_site_name":"Noticias Radio Reflejos","article_published_time":"2020-06-30T23:40:41+00:00","og_image":[{"url":"http:\/\/live.staticflickr.com\/65535\/50062865683_60b36ea368_b.jpg","type":"","width":"","height":""}],"author":"Arnaldo Botto","twitter_card":"summary_large_image","schema":{"@context":"https:\/\/schema.org","@graph":[{"@type":"WebPage","@id":"https:\/\/www.noticiasradioreflejos.com.ar\/2021\/chasico-cuenta-con-nueva-delegada\/","url":"https:\/\/www.noticiasradioreflejos.com.ar\/2021\/chasico-cuenta-con-nueva-delegada\/","name":"Chasic\u00f3 cuenta con nueva delegada - Noticias Radio Reflejos","isPartOf":{"@id":"https:\/\/www.noticiasradioreflejos.com.ar\/2021\/#website"},"primaryImageOfPage":{"@id":"https:\/\/www.noticiasradioreflejos.com.ar\/2021\/chasico-cuenta-con-nueva-delegada\/#primaryimage"},"image":{"@id":"https:\/\/www.noticiasradioreflejos.com.ar\/2021\/chasico-cuenta-con-nueva-delegada\/#primaryimage"},"thumbnailUrl":"http:\/\/live.staticflickr.com\/65535\/50062865683_60b36ea368_b.jpg","datePublished":"2020-06-30T23:40:41+00:00","author":{"@id":"https:\/\/www.noticiasradioreflejos.com.ar\/2021\/#\/schema\/person\/ad82545263dcc5ec0996818884fd5fb1"},"breadcrumb":{"@id":"https:\/\/www.noticiasradioreflejos.com.ar\/2021\/chasico-cuenta-con-nueva-delegada\/#breadcrumb"},"inLanguage":"es","potentialAction":[{"@type":"ReadAction","target":["https:\/\/www.noticiasradioreflejos.com.ar\/2021\/chasico-cuenta-con-nueva-delegada\/"]}]},{"@type":"ImageObject","inLanguage":"es","@id":"https:\/\/www.noticiasradioreflejos.com.ar\/2021\/chasico-cuenta-con-nueva-delegada\/#primaryimage","url":"http:\/\/live.staticflickr.com\/65535\/50062865683_60b36ea368_b.jpg","contentUrl":"http:\/\/live.staticflickr.com\/65535\/50062865683_60b36ea368_b.jpg"},{"@type":"BreadcrumbList","@id":"https:\/\/www.noticiasradioreflejos.com.ar\/2021\/chasico-cuenta-con-nueva-delegada\/#breadcrumb","itemListElement":[{"@type":"ListItem","position":1,"name":"Portada","item":"https:\/\/www.noticiasradioreflejos.com.ar\/2021\/"},{"@type":"ListItem","position":2,"name":"Chasic\u00f3 cuenta con nueva delegada"}]},{"@type":"WebSite","@id":"https:\/\/www.noticiasradioreflejos.com.ar\/2021\/#website","url":"https:\/\/www.noticiasradioreflejos.com.ar\/2021\/","name":"Noticias Radio Reflejos","description":"Las noticias de mi comarca","potentialAction":[{"@type":"SearchAction","target":{"@type":"EntryPoint","urlTemplate":"https:\/\/www.noticiasradioreflejos.com.ar\/2021\/?s={search_term_string}"},"query-input":{"@type":"PropertyValueSpecification","valueRequired":true,"valueName":"search_term_string"}}],"inLanguage":"es"},{"@type":"Person","@id":"https:\/\/www.noticiasradioreflejos.com.ar\/2021\/#\/schema\/person\/ad82545263dcc5ec0996818884fd5fb1","name":"Arnaldo Botto","image":{"@type":"ImageObject","inLanguage":"es","@id":"https:\/\/www.noticiasradioreflejos.com.ar\/2021\/#\/schema\/person\/image\/","url":"https:\/\/secure.gravatar.com\/avatar\/55cb5e37c1efa326397366e6974cb338056df65cb50e7d64d1cf314e87504837?s=96&d=mm&r=g","contentUrl":"https:\/\/secure.gravatar.com\/avatar\/55cb5e37c1efa326397366e6974cb338056df65cb50e7d64d1cf314e87504837?s=96&d=mm&r=g","caption":"Arnaldo Botto"},"url":"https:\/\/www.noticiasradioreflejos.com.ar\/2021\/author\/arnaldo\/"}]}},"_links":{"self":[{"href":"https:\/\/www.noticiasradioreflejos.com.ar\/2021\/wp-json\/wp\/v2\/posts\/43849","targetHints":{"allow":["GET"]}}],"collection":[{"href":"https:\/\/www.noticiasradioreflejos.com.ar\/2021\/wp-json\/wp\/v2\/posts"}],"about":[{"href":"https:\/\/www.noticiasradioreflejos.com.ar\/2021\/wp-json\/wp\/v2\/types\/post"}],"author":[{"embeddable":true,"href":"https:\/\/www.noticiasradioreflejos.com.ar\/2021\/wp-json\/wp\/v2\/users\/3"}],"replies":[{"embeddable":true,"href":"https:\/\/www.noticiasradioreflejos.com.ar\/2021\/wp-json\/wp\/v2\/comments?post=43849"}],"version-history":[{"count":0,"href":"https:\/\/www.noticiasradioreflejos.com.ar\/2021\/wp-json\/wp\/v2\/posts\/43849\/revisions"}],"wp:attachment":[{"href":"https:\/\/www.noticiasradioreflejos.com.ar\/2021\/wp-json\/wp\/v2\/media?parent=43849"}],"wp:term":[{"taxonomy":"category","embeddable":true,"href":"https:\/\/www.noticiasradioreflejos.com.ar\/2021\/wp-json\/wp\/v2\/categories?post=43849"},{"taxonomy":"post_tag","embeddable":true,"href":"https:\/\/www.noticiasradioreflejos.com.ar\/2021\/wp-json\/wp\/v2\/tags?post=43849"}],"curies":[{"name":"wp","href":"https:\/\/api.w.org\/{rel}","templated":true}]}}