{"id":43847,"date":"2020-06-30T20:04:09","date_gmt":"2020-06-30T23:04:09","guid":{"rendered":"http:\/\/www.noticiasradioreflejos.com.ar\/noticias\/?p=43847"},"modified":"2020-06-30T20:04:09","modified_gmt":"2020-06-30T23:04:09","slug":"anses-prorrogo-la-presentacion-de-la-libreta-de-la-asignacion-universal","status":"publish","type":"post","link":"https:\/\/www.noticiasradioreflejos.com.ar\/2021\/anses-prorrogo-la-presentacion-de-la-libreta-de-la-asignacion-universal\/","title":{"rendered":"ANSES prorrog\u00f3 la presentaci\u00f3n  de la libreta de la asignaci\u00f3n universal"},"content":{"rendered":"<p>La ANSES informa que, frente a la emergencia sanitaria y a la dificultad que esto representa para realizar algunos tr\u00e1mites, se extendi\u00f3 el plazo de presentaci\u00f3n de la Libreta de la Asignaci\u00f3n Universal hasta el \u00faltimo d\u00eda h\u00e1bil del mes de diciembre de 2020.<!--more--><\/p>\n<p>Esta medida permitir\u00e1 que los beneficiarios de la Asignaci\u00f3n Universal por Hijo (AUH) contin\u00faen cobrando la prestaci\u00f3n mensualmente.<\/p>\n<p>Para m\u00e1s informaci\u00f3n se puede ingresar a www.anses.gob.ar\/tramite\/libreta-de-asignacion-universal. <\/p>\n","protected":false},"excerpt":{"rendered":"<p>La ANSES informa que, frente a la emergencia sanitaria y a la dificultad que esto representa para realizar algunos tr\u00e1mites, se extendi\u00f3 el plazo de presentaci\u00f3n de la Libreta de la Asignaci\u00f3n Universal hasta el \u00faltimo d\u00eda h\u00e1bil del mes de diciembre de 2020.<\/p>\n","protected":false},"author":3,"featured_media":0,"comment_status":"closed","ping_status":"open","sticky":false,"template":"","format":"standard","meta":{"footnotes":""},"categories":[26],"tags":[],"class_list":["post-43847","post","type-post","status-publish","format-standard","hentry","category-sociedad"],"yoast_head":"<!-- This site is optimized with the Yoast SEO plugin v25.9 - https:\/\/yoast.com\/wordpress\/plugins\/seo\/ -->\n<title>ANSES prorrog\u00f3 la presentaci\u00f3n de la libreta de la asignaci\u00f3n universal - Noticias Radio Reflejos<\/title>\n<meta name=\"robots\" content=\"index, follow, max-snippet:-1, max-image-preview:large, max-video-preview:-1\" \/>\n<link rel=\"canonical\" href=\"https:\/\/www.noticiasradioreflejos.com.ar\/2021\/anses-prorrogo-la-presentacion-de-la-libreta-de-la-asignacion-universal\/\" \/>\n<meta property=\"og:locale\" content=\"es_ES\" \/>\n<meta property=\"og:type\" content=\"article\" \/>\n<meta property=\"og:title\" content=\"ANSES prorrog\u00f3 la presentaci\u00f3n de la libreta de la asignaci\u00f3n universal - Noticias Radio Reflejos\" \/>\n<meta property=\"og:description\" content=\"La ANSES informa que, frente a la emergencia sanitaria y a la dificultad que esto representa para realizar algunos tr\u00e1mites, se extendi\u00f3 el plazo de presentaci\u00f3n de la Libreta de la Asignaci\u00f3n Universal hasta el \u00faltimo d\u00eda h\u00e1bil del mes de diciembre de 2020.\" \/>\n<meta property=\"og:url\" content=\"https:\/\/www.noticiasradioreflejos.com.ar\/2021\/anses-prorrogo-la-presentacion-de-la-libreta-de-la-asignacion-universal\/\" \/>\n<meta property=\"og:site_name\" content=\"Noticias Radio Reflejos\" \/>\n<meta property=\"article:published_time\" content=\"2020-06-30T23:04:09+00:00\" \/>\n<meta property=\"og:image\" content=\"https:\/\/www.noticiasradioreflejos.com.ar\/2021\/wp-content\/uploads\/2021\/07\/logosol300x200.png\" \/>\n\t<meta property=\"og:image:width\" content=\"300\" \/>\n\t<meta property=\"og:image:height\" content=\"200\" \/>\n\t<meta property=\"og:image:type\" content=\"image\/png\" \/>\n<meta name=\"author\" content=\"Arnaldo Botto\" \/>\n<meta name=\"twitter:card\" content=\"summary_large_image\" \/>\n<script type=\"application\/ld+json\" class=\"yoast-schema-graph\">{\"@context\":\"https:\/\/schema.org\",\"@graph\":[{\"@type\":\"WebPage\",\"@id\":\"https:\/\/www.noticiasradioreflejos.com.ar\/2021\/anses-prorrogo-la-presentacion-de-la-libreta-de-la-asignacion-universal\/\",\"url\":\"https:\/\/www.noticiasradioreflejos.com.ar\/2021\/anses-prorrogo-la-presentacion-de-la-libreta-de-la-asignacion-universal\/\",\"name\":\"ANSES prorrog\u00f3 la presentaci\u00f3n de la libreta de la asignaci\u00f3n universal - Noticias Radio Reflejos\",\"isPartOf\":{\"@id\":\"https:\/\/www.noticiasradioreflejos.com.ar\/2021\/#website\"},\"datePublished\":\"2020-06-30T23:04:09+00:00\",\"author\":{\"@id\":\"https:\/\/www.noticiasradioreflejos.com.ar\/2021\/#\/schema\/person\/ad82545263dcc5ec0996818884fd5fb1\"},\"breadcrumb\":{\"@id\":\"https:\/\/www.noticiasradioreflejos.com.ar\/2021\/anses-prorrogo-la-presentacion-de-la-libreta-de-la-asignacion-universal\/#breadcrumb\"},\"inLanguage\":\"es\",\"potentialAction\":[{\"@type\":\"ReadAction\",\"target\":[\"https:\/\/www.noticiasradioreflejos.com.ar\/2021\/anses-prorrogo-la-presentacion-de-la-libreta-de-la-asignacion-universal\/\"]}]},{\"@type\":\"BreadcrumbList\",\"@id\":\"https:\/\/www.noticiasradioreflejos.com.ar\/2021\/anses-prorrogo-la-presentacion-de-la-libreta-de-la-asignacion-universal\/#breadcrumb\",\"itemListElement\":[{\"@type\":\"ListItem\",\"position\":1,\"name\":\"Portada\",\"item\":\"https:\/\/www.noticiasradioreflejos.com.ar\/2021\/\"},{\"@type\":\"ListItem\",\"position\":2,\"name\":\"ANSES prorrog\u00f3 la presentaci\u00f3n de la libreta de la asignaci\u00f3n universal\"}]},{\"@type\":\"WebSite\",\"@id\":\"https:\/\/www.noticiasradioreflejos.com.ar\/2021\/#website\",\"url\":\"https:\/\/www.noticiasradioreflejos.com.ar\/2021\/\",\"name\":\"Noticias Radio Reflejos\",\"description\":\"Las noticias de mi comarca\",\"potentialAction\":[{\"@type\":\"SearchAction\",\"target\":{\"@type\":\"EntryPoint\",\"urlTemplate\":\"https:\/\/www.noticiasradioreflejos.com.ar\/2021\/?s={search_term_string}\"},\"query-input\":{\"@type\":\"PropertyValueSpecification\",\"valueRequired\":true,\"valueName\":\"search_term_string\"}}],\"inLanguage\":\"es\"},{\"@type\":\"Person\",\"@id\":\"https:\/\/www.noticiasradioreflejos.com.ar\/2021\/#\/schema\/person\/ad82545263dcc5ec0996818884fd5fb1\",\"name\":\"Arnaldo Botto\",\"image\":{\"@type\":\"ImageObject\",\"inLanguage\":\"es\",\"@id\":\"https:\/\/www.noticiasradioreflejos.com.ar\/2021\/#\/schema\/person\/image\/\",\"url\":\"https:\/\/secure.gravatar.com\/avatar\/55cb5e37c1efa326397366e6974cb338056df65cb50e7d64d1cf314e87504837?s=96&d=mm&r=g\",\"contentUrl\":\"https:\/\/secure.gravatar.com\/avatar\/55cb5e37c1efa326397366e6974cb338056df65cb50e7d64d1cf314e87504837?s=96&d=mm&r=g\",\"caption\":\"Arnaldo Botto\"},\"url\":\"https:\/\/www.noticiasradioreflejos.com.ar\/2021\/author\/arnaldo\/\"}]}<\/script>\n<!-- \/ Yoast SEO plugin. -->","yoast_head_json":{"title":"ANSES prorrog\u00f3 la presentaci\u00f3n de la libreta de la asignaci\u00f3n universal - Noticias Radio Reflejos","robots":{"index":"index","follow":"follow","max-snippet":"max-snippet:-1","max-image-preview":"max-image-preview:large","max-video-preview":"max-video-preview:-1"},"canonical":"https:\/\/www.noticiasradioreflejos.com.ar\/2021\/anses-prorrogo-la-presentacion-de-la-libreta-de-la-asignacion-universal\/","og_locale":"es_ES","og_type":"article","og_title":"ANSES prorrog\u00f3 la presentaci\u00f3n de la libreta de la asignaci\u00f3n universal - Noticias Radio Reflejos","og_description":"La ANSES informa que, frente a la emergencia sanitaria y a la dificultad que esto representa para realizar algunos tr\u00e1mites, se extendi\u00f3 el plazo de presentaci\u00f3n de la Libreta de la Asignaci\u00f3n Universal hasta el \u00faltimo d\u00eda h\u00e1bil del mes de diciembre de 2020.","og_url":"https:\/\/www.noticiasradioreflejos.com.ar\/2021\/anses-prorrogo-la-presentacion-de-la-libreta-de-la-asignacion-universal\/","og_site_name":"Noticias Radio Reflejos","article_published_time":"2020-06-30T23:04:09+00:00","og_image":[{"width":300,"height":200,"url":"https:\/\/www.noticiasradioreflejos.com.ar\/2021\/wp-content\/uploads\/2021\/07\/logosol300x200.png","type":"image\/png"}],"author":"Arnaldo Botto","twitter_card":"summary_large_image","schema":{"@context":"https:\/\/schema.org","@graph":[{"@type":"WebPage","@id":"https:\/\/www.noticiasradioreflejos.com.ar\/2021\/anses-prorrogo-la-presentacion-de-la-libreta-de-la-asignacion-universal\/","url":"https:\/\/www.noticiasradioreflejos.com.ar\/2021\/anses-prorrogo-la-presentacion-de-la-libreta-de-la-asignacion-universal\/","name":"ANSES prorrog\u00f3 la presentaci\u00f3n de la libreta de la asignaci\u00f3n universal - Noticias Radio Reflejos","isPartOf":{"@id":"https:\/\/www.noticiasradioreflejos.com.ar\/2021\/#website"},"datePublished":"2020-06-30T23:04:09+00:00","author":{"@id":"https:\/\/www.noticiasradioreflejos.com.ar\/2021\/#\/schema\/person\/ad82545263dcc5ec0996818884fd5fb1"},"breadcrumb":{"@id":"https:\/\/www.noticiasradioreflejos.com.ar\/2021\/anses-prorrogo-la-presentacion-de-la-libreta-de-la-asignacion-universal\/#breadcrumb"},"inLanguage":"es","potentialAction":[{"@type":"ReadAction","target":["https:\/\/www.noticiasradioreflejos.com.ar\/2021\/anses-prorrogo-la-presentacion-de-la-libreta-de-la-asignacion-universal\/"]}]},{"@type":"BreadcrumbList","@id":"https:\/\/www.noticiasradioreflejos.com.ar\/2021\/anses-prorrogo-la-presentacion-de-la-libreta-de-la-asignacion-universal\/#breadcrumb","itemListElement":[{"@type":"ListItem","position":1,"name":"Portada","item":"https:\/\/www.noticiasradioreflejos.com.ar\/2021\/"},{"@type":"ListItem","position":2,"name":"ANSES prorrog\u00f3 la presentaci\u00f3n de la libreta de la asignaci\u00f3n universal"}]},{"@type":"WebSite","@id":"https:\/\/www.noticiasradioreflejos.com.ar\/2021\/#website","url":"https:\/\/www.noticiasradioreflejos.com.ar\/2021\/","name":"Noticias Radio Reflejos","description":"Las noticias de mi comarca","potentialAction":[{"@type":"SearchAction","target":{"@type":"EntryPoint","urlTemplate":"https:\/\/www.noticiasradioreflejos.com.ar\/2021\/?s={search_term_string}"},"query-input":{"@type":"PropertyValueSpecification","valueRequired":true,"valueName":"search_term_string"}}],"inLanguage":"es"},{"@type":"Person","@id":"https:\/\/www.noticiasradioreflejos.com.ar\/2021\/#\/schema\/person\/ad82545263dcc5ec0996818884fd5fb1","name":"Arnaldo Botto","image":{"@type":"ImageObject","inLanguage":"es","@id":"https:\/\/www.noticiasradioreflejos.com.ar\/2021\/#\/schema\/person\/image\/","url":"https:\/\/secure.gravatar.com\/avatar\/55cb5e37c1efa326397366e6974cb338056df65cb50e7d64d1cf314e87504837?s=96&d=mm&r=g","contentUrl":"https:\/\/secure.gravatar.com\/avatar\/55cb5e37c1efa326397366e6974cb338056df65cb50e7d64d1cf314e87504837?s=96&d=mm&r=g","caption":"Arnaldo Botto"},"url":"https:\/\/www.noticiasradioreflejos.com.ar\/2021\/author\/arnaldo\/"}]}},"_links":{"self":[{"href":"https:\/\/www.noticiasradioreflejos.com.ar\/2021\/wp-json\/wp\/v2\/posts\/43847","targetHints":{"allow":["GET"]}}],"collection":[{"href":"https:\/\/www.noticiasradioreflejos.com.ar\/2021\/wp-json\/wp\/v2\/posts"}],"about":[{"href":"https:\/\/www.noticiasradioreflejos.com.ar\/2021\/wp-json\/wp\/v2\/types\/post"}],"author":[{"embeddable":true,"href":"https:\/\/www.noticiasradioreflejos.com.ar\/2021\/wp-json\/wp\/v2\/users\/3"}],"replies":[{"embeddable":true,"href":"https:\/\/www.noticiasradioreflejos.com.ar\/2021\/wp-json\/wp\/v2\/comments?post=43847"}],"version-history":[{"count":0,"href":"https:\/\/www.noticiasradioreflejos.com.ar\/2021\/wp-json\/wp\/v2\/posts\/43847\/revisions"}],"wp:attachment":[{"href":"https:\/\/www.noticiasradioreflejos.com.ar\/2021\/wp-json\/wp\/v2\/media?parent=43847"}],"wp:term":[{"taxonomy":"category","embeddable":true,"href":"https:\/\/www.noticiasradioreflejos.com.ar\/2021\/wp-json\/wp\/v2\/categories?post=43847"},{"taxonomy":"post_tag","embeddable":true,"href":"https:\/\/www.noticiasradioreflejos.com.ar\/2021\/wp-json\/wp\/v2\/tags?post=43847"}],"curies":[{"name":"wp","href":"https:\/\/api.w.org\/{rel}","templated":true}]}}