{"id":43843,"date":"2020-06-30T19:05:43","date_gmt":"2020-06-30T22:05:43","guid":{"rendered":"http:\/\/www.noticiasradioreflejos.com.ar\/noticias\/?p=43843"},"modified":"2020-06-30T19:05:43","modified_gmt":"2020-06-30T22:05:43","slug":"el-cmmt-participo-en-reunion-virtual-con-la-ministra-estela-diaz-y-lidia-fernandez-titular-de-la-upt","status":"publish","type":"post","link":"https:\/\/www.noticiasradioreflejos.com.ar\/2021\/el-cmmt-participo-en-reunion-virtual-con-la-ministra-estela-diaz-y-lidia-fernandez-titular-de-la-upt\/","title":{"rendered":"El CMMT particip\u00f3 en reuni\u00f3n virtual con la Ministra Estela D\u00edaz y Lidia Fern\u00e1ndez,  titular de la UPT."},"content":{"rendered":"<p>Convocadas por la Unidad de Pol\u00edticas Transversales del Ministerio de las Mujeres, Pol\u00edticas de G\u00e9nero y Diversidad Sexual de la Provincia de Buenos Aires, el Consejo Municipal de las Mujeres de Tornquist junto a nuestras pares del Consejo Local de Mujeres de Bah\u00eda Blanca mantuvimos, ayer 29 de junio, una reuni\u00f3n virtual con la Ministra Estela D\u00edaz y Lidia Fern\u00e1ndez,  titular de la UPT.<!--more--><\/p>\n<p>El encuentro tuvo como objetivo  conocer  las diferentes realidades locales y el funcionamiento de los Consejos de Mujeres y nosotras,  referentas y actoras concretas, pudimos  dar a conocer nuestras historias, contamos las principales experiencias y manifestamos dudas,  frustraciones, inquietudes.<\/p>\n<p>La Ministra  destac\u00f3 el papel preponderante de los Consejos como espacio de participaci\u00f3n  de las mujeres en la generaci\u00f3n de pol\u00edticas p\u00fablicas en materia de g\u00e9nero y diversidad a la vez que se comprometi\u00f3 a generar espacios de trabajo com\u00fan y articulaci\u00f3n entre los Consejos de Mujeres y el Ministerio que permitan incluir la igualdad de g\u00e9nero y la diversidad sexual como parte esencial de un proyecto popular, colectivo, feminista.<\/p>\n<p>Celebramos y agradecemos la posibilidad de este intercambio con quienes coordinan las pol\u00edticas p\u00fablicas, que nos brinda la posibilidad de reflexionar y de reconocernos como actoras sociales fundamentales para la articulaci\u00f3n en territorio de estrategias que apunten a la equidad de g\u00e9neros y a la eliminaci\u00f3n de las violencias.<br \/>\n<a href=\"http:\/\/live.staticflickr.com\/65535\/50063224916_56b6618f3a_s.jpg\" title=\"1593554262549_image\" rel=\"\"><img loading=\"lazy\" decoding=\"async\" src=\"http:\/\/live.staticflickr.com\/65535\/50063224916_56b6618f3a_b.jpg\" width=\"1024\" height=\"1024\" alt=\"1593554262549_image\" title=\"1593554262549_image\" class=\"aligncenter\"><\/a><\/p>\n<p>#Tornquist<br \/>\n#Bah\u00edaBlanca<br \/>\n#Pol\u00edticasDeG\u00e9nero<\/p>\n","protected":false},"excerpt":{"rendered":"<p>Convocadas por la Unidad de Pol\u00edticas Transversales del Ministerio de las Mujeres, Pol\u00edticas de G\u00e9nero y Diversidad Sexual de la Provincia de Buenos Aires, el Consejo Municipal de las Mujeres de Tornquist junto a nuestras pares del Consejo Local de Mujeres de Bah\u00eda Blanca mantuvimos, ayer 29 de junio, una reuni\u00f3n virtual con la Ministra [&hellip;]<\/p>\n","protected":false},"author":3,"featured_media":0,"comment_status":"closed","ping_status":"open","sticky":false,"template":"","format":"standard","meta":{"footnotes":""},"categories":[24],"tags":[],"class_list":["post-43843","post","type-post","status-publish","format-standard","hentry","category-politica"],"yoast_head":"<!-- This site is optimized with the Yoast SEO plugin v25.9 - https:\/\/yoast.com\/wordpress\/plugins\/seo\/ -->\n<title>El CMMT particip\u00f3 en reuni\u00f3n virtual con la Ministra Estela D\u00edaz y Lidia Fern\u00e1ndez, titular de la UPT. - Noticias Radio Reflejos<\/title>\n<meta name=\"robots\" content=\"index, follow, max-snippet:-1, max-image-preview:large, max-video-preview:-1\" \/>\n<link rel=\"canonical\" href=\"https:\/\/www.noticiasradioreflejos.com.ar\/2021\/el-cmmt-participo-en-reunion-virtual-con-la-ministra-estela-diaz-y-lidia-fernandez-titular-de-la-upt\/\" \/>\n<meta property=\"og:locale\" content=\"es_ES\" \/>\n<meta property=\"og:type\" content=\"article\" \/>\n<meta property=\"og:title\" content=\"El CMMT particip\u00f3 en reuni\u00f3n virtual con la Ministra Estela D\u00edaz y Lidia Fern\u00e1ndez, titular de la UPT. - Noticias Radio Reflejos\" \/>\n<meta property=\"og:description\" content=\"Convocadas por la Unidad de Pol\u00edticas Transversales del Ministerio de las Mujeres, Pol\u00edticas de G\u00e9nero y Diversidad Sexual de la Provincia de Buenos Aires, el Consejo Municipal de las Mujeres de Tornquist junto a nuestras pares del Consejo Local de Mujeres de Bah\u00eda Blanca mantuvimos, ayer 29 de junio, una reuni\u00f3n virtual con la Ministra [&hellip;]\" \/>\n<meta property=\"og:url\" content=\"https:\/\/www.noticiasradioreflejos.com.ar\/2021\/el-cmmt-participo-en-reunion-virtual-con-la-ministra-estela-diaz-y-lidia-fernandez-titular-de-la-upt\/\" \/>\n<meta property=\"og:site_name\" content=\"Noticias Radio Reflejos\" \/>\n<meta property=\"article:published_time\" content=\"2020-06-30T22:05:43+00:00\" \/>\n<meta property=\"og:image\" content=\"http:\/\/live.staticflickr.com\/65535\/50063224916_56b6618f3a_b.jpg\" \/>\n<meta name=\"author\" content=\"Arnaldo Botto\" \/>\n<meta name=\"twitter:card\" content=\"summary_large_image\" \/>\n<script type=\"application\/ld+json\" class=\"yoast-schema-graph\">{\"@context\":\"https:\/\/schema.org\",\"@graph\":[{\"@type\":\"WebPage\",\"@id\":\"https:\/\/www.noticiasradioreflejos.com.ar\/2021\/el-cmmt-participo-en-reunion-virtual-con-la-ministra-estela-diaz-y-lidia-fernandez-titular-de-la-upt\/\",\"url\":\"https:\/\/www.noticiasradioreflejos.com.ar\/2021\/el-cmmt-participo-en-reunion-virtual-con-la-ministra-estela-diaz-y-lidia-fernandez-titular-de-la-upt\/\",\"name\":\"El CMMT particip\u00f3 en reuni\u00f3n virtual con la Ministra Estela D\u00edaz y Lidia Fern\u00e1ndez, titular de la UPT. - Noticias Radio Reflejos\",\"isPartOf\":{\"@id\":\"https:\/\/www.noticiasradioreflejos.com.ar\/2021\/#website\"},\"primaryImageOfPage\":{\"@id\":\"https:\/\/www.noticiasradioreflejos.com.ar\/2021\/el-cmmt-participo-en-reunion-virtual-con-la-ministra-estela-diaz-y-lidia-fernandez-titular-de-la-upt\/#primaryimage\"},\"image\":{\"@id\":\"https:\/\/www.noticiasradioreflejos.com.ar\/2021\/el-cmmt-participo-en-reunion-virtual-con-la-ministra-estela-diaz-y-lidia-fernandez-titular-de-la-upt\/#primaryimage\"},\"thumbnailUrl\":\"http:\/\/live.staticflickr.com\/65535\/50063224916_56b6618f3a_b.jpg\",\"datePublished\":\"2020-06-30T22:05:43+00:00\",\"author\":{\"@id\":\"https:\/\/www.noticiasradioreflejos.com.ar\/2021\/#\/schema\/person\/ad82545263dcc5ec0996818884fd5fb1\"},\"breadcrumb\":{\"@id\":\"https:\/\/www.noticiasradioreflejos.com.ar\/2021\/el-cmmt-participo-en-reunion-virtual-con-la-ministra-estela-diaz-y-lidia-fernandez-titular-de-la-upt\/#breadcrumb\"},\"inLanguage\":\"es\",\"potentialAction\":[{\"@type\":\"ReadAction\",\"target\":[\"https:\/\/www.noticiasradioreflejos.com.ar\/2021\/el-cmmt-participo-en-reunion-virtual-con-la-ministra-estela-diaz-y-lidia-fernandez-titular-de-la-upt\/\"]}]},{\"@type\":\"ImageObject\",\"inLanguage\":\"es\",\"@id\":\"https:\/\/www.noticiasradioreflejos.com.ar\/2021\/el-cmmt-participo-en-reunion-virtual-con-la-ministra-estela-diaz-y-lidia-fernandez-titular-de-la-upt\/#primaryimage\",\"url\":\"http:\/\/live.staticflickr.com\/65535\/50063224916_56b6618f3a_b.jpg\",\"contentUrl\":\"http:\/\/live.staticflickr.com\/65535\/50063224916_56b6618f3a_b.jpg\"},{\"@type\":\"BreadcrumbList\",\"@id\":\"https:\/\/www.noticiasradioreflejos.com.ar\/2021\/el-cmmt-participo-en-reunion-virtual-con-la-ministra-estela-diaz-y-lidia-fernandez-titular-de-la-upt\/#breadcrumb\",\"itemListElement\":[{\"@type\":\"ListItem\",\"position\":1,\"name\":\"Portada\",\"item\":\"https:\/\/www.noticiasradioreflejos.com.ar\/2021\/\"},{\"@type\":\"ListItem\",\"position\":2,\"name\":\"El CMMT particip\u00f3 en reuni\u00f3n virtual con la Ministra Estela D\u00edaz y Lidia Fern\u00e1ndez, titular de la UPT.\"}]},{\"@type\":\"WebSite\",\"@id\":\"https:\/\/www.noticiasradioreflejos.com.ar\/2021\/#website\",\"url\":\"https:\/\/www.noticiasradioreflejos.com.ar\/2021\/\",\"name\":\"Noticias Radio Reflejos\",\"description\":\"Las noticias de mi comarca\",\"potentialAction\":[{\"@type\":\"SearchAction\",\"target\":{\"@type\":\"EntryPoint\",\"urlTemplate\":\"https:\/\/www.noticiasradioreflejos.com.ar\/2021\/?s={search_term_string}\"},\"query-input\":{\"@type\":\"PropertyValueSpecification\",\"valueRequired\":true,\"valueName\":\"search_term_string\"}}],\"inLanguage\":\"es\"},{\"@type\":\"Person\",\"@id\":\"https:\/\/www.noticiasradioreflejos.com.ar\/2021\/#\/schema\/person\/ad82545263dcc5ec0996818884fd5fb1\",\"name\":\"Arnaldo Botto\",\"image\":{\"@type\":\"ImageObject\",\"inLanguage\":\"es\",\"@id\":\"https:\/\/www.noticiasradioreflejos.com.ar\/2021\/#\/schema\/person\/image\/\",\"url\":\"https:\/\/secure.gravatar.com\/avatar\/55cb5e37c1efa326397366e6974cb338056df65cb50e7d64d1cf314e87504837?s=96&d=mm&r=g\",\"contentUrl\":\"https:\/\/secure.gravatar.com\/avatar\/55cb5e37c1efa326397366e6974cb338056df65cb50e7d64d1cf314e87504837?s=96&d=mm&r=g\",\"caption\":\"Arnaldo Botto\"},\"url\":\"https:\/\/www.noticiasradioreflejos.com.ar\/2021\/author\/arnaldo\/\"}]}<\/script>\n<!-- \/ Yoast SEO plugin. -->","yoast_head_json":{"title":"El CMMT particip\u00f3 en reuni\u00f3n virtual con la Ministra Estela D\u00edaz y Lidia Fern\u00e1ndez, titular de la UPT. - Noticias Radio Reflejos","robots":{"index":"index","follow":"follow","max-snippet":"max-snippet:-1","max-image-preview":"max-image-preview:large","max-video-preview":"max-video-preview:-1"},"canonical":"https:\/\/www.noticiasradioreflejos.com.ar\/2021\/el-cmmt-participo-en-reunion-virtual-con-la-ministra-estela-diaz-y-lidia-fernandez-titular-de-la-upt\/","og_locale":"es_ES","og_type":"article","og_title":"El CMMT particip\u00f3 en reuni\u00f3n virtual con la Ministra Estela D\u00edaz y Lidia Fern\u00e1ndez, titular de la UPT. - Noticias Radio Reflejos","og_description":"Convocadas por la Unidad de Pol\u00edticas Transversales del Ministerio de las Mujeres, Pol\u00edticas de G\u00e9nero y Diversidad Sexual de la Provincia de Buenos Aires, el Consejo Municipal de las Mujeres de Tornquist junto a nuestras pares del Consejo Local de Mujeres de Bah\u00eda Blanca mantuvimos, ayer 29 de junio, una reuni\u00f3n virtual con la Ministra [&hellip;]","og_url":"https:\/\/www.noticiasradioreflejos.com.ar\/2021\/el-cmmt-participo-en-reunion-virtual-con-la-ministra-estela-diaz-y-lidia-fernandez-titular-de-la-upt\/","og_site_name":"Noticias Radio Reflejos","article_published_time":"2020-06-30T22:05:43+00:00","og_image":[{"url":"http:\/\/live.staticflickr.com\/65535\/50063224916_56b6618f3a_b.jpg","type":"","width":"","height":""}],"author":"Arnaldo Botto","twitter_card":"summary_large_image","schema":{"@context":"https:\/\/schema.org","@graph":[{"@type":"WebPage","@id":"https:\/\/www.noticiasradioreflejos.com.ar\/2021\/el-cmmt-participo-en-reunion-virtual-con-la-ministra-estela-diaz-y-lidia-fernandez-titular-de-la-upt\/","url":"https:\/\/www.noticiasradioreflejos.com.ar\/2021\/el-cmmt-participo-en-reunion-virtual-con-la-ministra-estela-diaz-y-lidia-fernandez-titular-de-la-upt\/","name":"El CMMT particip\u00f3 en reuni\u00f3n virtual con la Ministra Estela D\u00edaz y Lidia Fern\u00e1ndez, titular de la UPT. - Noticias Radio Reflejos","isPartOf":{"@id":"https:\/\/www.noticiasradioreflejos.com.ar\/2021\/#website"},"primaryImageOfPage":{"@id":"https:\/\/www.noticiasradioreflejos.com.ar\/2021\/el-cmmt-participo-en-reunion-virtual-con-la-ministra-estela-diaz-y-lidia-fernandez-titular-de-la-upt\/#primaryimage"},"image":{"@id":"https:\/\/www.noticiasradioreflejos.com.ar\/2021\/el-cmmt-participo-en-reunion-virtual-con-la-ministra-estela-diaz-y-lidia-fernandez-titular-de-la-upt\/#primaryimage"},"thumbnailUrl":"http:\/\/live.staticflickr.com\/65535\/50063224916_56b6618f3a_b.jpg","datePublished":"2020-06-30T22:05:43+00:00","author":{"@id":"https:\/\/www.noticiasradioreflejos.com.ar\/2021\/#\/schema\/person\/ad82545263dcc5ec0996818884fd5fb1"},"breadcrumb":{"@id":"https:\/\/www.noticiasradioreflejos.com.ar\/2021\/el-cmmt-participo-en-reunion-virtual-con-la-ministra-estela-diaz-y-lidia-fernandez-titular-de-la-upt\/#breadcrumb"},"inLanguage":"es","potentialAction":[{"@type":"ReadAction","target":["https:\/\/www.noticiasradioreflejos.com.ar\/2021\/el-cmmt-participo-en-reunion-virtual-con-la-ministra-estela-diaz-y-lidia-fernandez-titular-de-la-upt\/"]}]},{"@type":"ImageObject","inLanguage":"es","@id":"https:\/\/www.noticiasradioreflejos.com.ar\/2021\/el-cmmt-participo-en-reunion-virtual-con-la-ministra-estela-diaz-y-lidia-fernandez-titular-de-la-upt\/#primaryimage","url":"http:\/\/live.staticflickr.com\/65535\/50063224916_56b6618f3a_b.jpg","contentUrl":"http:\/\/live.staticflickr.com\/65535\/50063224916_56b6618f3a_b.jpg"},{"@type":"BreadcrumbList","@id":"https:\/\/www.noticiasradioreflejos.com.ar\/2021\/el-cmmt-participo-en-reunion-virtual-con-la-ministra-estela-diaz-y-lidia-fernandez-titular-de-la-upt\/#breadcrumb","itemListElement":[{"@type":"ListItem","position":1,"name":"Portada","item":"https:\/\/www.noticiasradioreflejos.com.ar\/2021\/"},{"@type":"ListItem","position":2,"name":"El CMMT particip\u00f3 en reuni\u00f3n virtual con la Ministra Estela D\u00edaz y Lidia Fern\u00e1ndez, titular de la UPT."}]},{"@type":"WebSite","@id":"https:\/\/www.noticiasradioreflejos.com.ar\/2021\/#website","url":"https:\/\/www.noticiasradioreflejos.com.ar\/2021\/","name":"Noticias Radio Reflejos","description":"Las noticias de mi comarca","potentialAction":[{"@type":"SearchAction","target":{"@type":"EntryPoint","urlTemplate":"https:\/\/www.noticiasradioreflejos.com.ar\/2021\/?s={search_term_string}"},"query-input":{"@type":"PropertyValueSpecification","valueRequired":true,"valueName":"search_term_string"}}],"inLanguage":"es"},{"@type":"Person","@id":"https:\/\/www.noticiasradioreflejos.com.ar\/2021\/#\/schema\/person\/ad82545263dcc5ec0996818884fd5fb1","name":"Arnaldo Botto","image":{"@type":"ImageObject","inLanguage":"es","@id":"https:\/\/www.noticiasradioreflejos.com.ar\/2021\/#\/schema\/person\/image\/","url":"https:\/\/secure.gravatar.com\/avatar\/55cb5e37c1efa326397366e6974cb338056df65cb50e7d64d1cf314e87504837?s=96&d=mm&r=g","contentUrl":"https:\/\/secure.gravatar.com\/avatar\/55cb5e37c1efa326397366e6974cb338056df65cb50e7d64d1cf314e87504837?s=96&d=mm&r=g","caption":"Arnaldo Botto"},"url":"https:\/\/www.noticiasradioreflejos.com.ar\/2021\/author\/arnaldo\/"}]}},"_links":{"self":[{"href":"https:\/\/www.noticiasradioreflejos.com.ar\/2021\/wp-json\/wp\/v2\/posts\/43843","targetHints":{"allow":["GET"]}}],"collection":[{"href":"https:\/\/www.noticiasradioreflejos.com.ar\/2021\/wp-json\/wp\/v2\/posts"}],"about":[{"href":"https:\/\/www.noticiasradioreflejos.com.ar\/2021\/wp-json\/wp\/v2\/types\/post"}],"author":[{"embeddable":true,"href":"https:\/\/www.noticiasradioreflejos.com.ar\/2021\/wp-json\/wp\/v2\/users\/3"}],"replies":[{"embeddable":true,"href":"https:\/\/www.noticiasradioreflejos.com.ar\/2021\/wp-json\/wp\/v2\/comments?post=43843"}],"version-history":[{"count":0,"href":"https:\/\/www.noticiasradioreflejos.com.ar\/2021\/wp-json\/wp\/v2\/posts\/43843\/revisions"}],"wp:attachment":[{"href":"https:\/\/www.noticiasradioreflejos.com.ar\/2021\/wp-json\/wp\/v2\/media?parent=43843"}],"wp:term":[{"taxonomy":"category","embeddable":true,"href":"https:\/\/www.noticiasradioreflejos.com.ar\/2021\/wp-json\/wp\/v2\/categories?post=43843"},{"taxonomy":"post_tag","embeddable":true,"href":"https:\/\/www.noticiasradioreflejos.com.ar\/2021\/wp-json\/wp\/v2\/tags?post=43843"}],"curies":[{"name":"wp","href":"https:\/\/api.w.org\/{rel}","templated":true}]}}