{"id":43823,"date":"2020-06-30T10:22:45","date_gmt":"2020-06-30T13:22:45","guid":{"rendered":"http:\/\/www.noticiasradioreflejos.com.ar\/noticias\/?p=43823"},"modified":"2020-06-30T10:22:45","modified_gmt":"2020-06-30T13:22:45","slug":"mas-de-20-pacientes-curados-ya-donaron-plasma-en-el-penna","status":"publish","type":"post","link":"https:\/\/www.noticiasradioreflejos.com.ar\/2021\/mas-de-20-pacientes-curados-ya-donaron-plasma-en-el-penna\/","title":{"rendered":"\u00abM\u00e1s de 20 pacientes curados ya donaron plasma en el Penna\u00bb"},"content":{"rendered":"<p>La donaci\u00f3n de plasma de pacientes recuperados se convirti\u00f3 en un procedimiento clave en la lucha contra el coronavirus, ya que se estudia que puede mejorar el cuadro de las personas contagiadas en estado cr\u00edtico.<!--more--><\/p>\n<p>El tema cobr\u00f3 relevancia los \u00faltimos d\u00edas luego de que la C\u00e1mara de Diputados de la Naci\u00f3n diera media sanci\u00f3n al proyecto de Ley unificado que crea la Campa\u00f1a Nacional para la Donaci\u00f3n de Plasma Sangu\u00edneo de Pacientes Recuperados de Covid-19 y el Registro de Pacientes Recuperados.<\/p>\n<div class=\"code-block code-block-11\">\u00a0Ante las dudas de los vecinos que comenzaron a canalizar sus inquietudes en\u00a0<strong>LA BR\u00daJULA 24<\/strong>, el director de Regi\u00f3n Sanitiaria, Laureano Alimenti, explic\u00f3 de qu\u00e9 manera se efectiviza el proceso para administrar este componente sangu\u00edneo, tan efectivo para recuperar a pacientes cr\u00edticos.<\/div>\n<figure class=\"wp-block-image size-large\"><img decoding=\"async\" class=\"wp-image-66731\" src=\"https:\/\/www.labrujula24.com\/wp-content\/uploads\/2020\/06\/alimenti.jpg\" sizes=\"(max-width: 762px) 100vw, 762px\" srcset=\"https:\/\/www.labrujula24.com\/wp-content\/uploads\/2020\/06\/alimenti.jpg 762w, https:\/\/www.labrujula24.com\/wp-content\/uploads\/2020\/06\/alimenti-80x80.jpg 80w\" alt=\"\" \/><\/figure>\n<p>\u00abSe hace una extracci\u00f3n del plasma, igual que la de sangre. Para eso hay que cumplir criterios cl\u00ednicos para la donaci\u00f3n. Se centraliz\u00f3 en el Penna y, en ese sentido, cada persona puede aportar entre 200 y 600 mil\u00edmetros c\u00fabicos. El plasma queda en el hospital para ser distribuido en los distritos\u00bb, sostuvo Alimenti, en su charla con el periodista Germ\u00e1n Sasso.<\/p>\n<div class=\"code-block code-block-1\">\u00a0Adem\u00e1s, recalc\u00f3 que \u00abhoy tenemos m\u00e1s de 20 unidades de plasma, que es bastante porque se debe sostener esa cantidad, teniendo en cuenta que hay insumos que son muy onerosos\u00bb, al tiempo que aclar\u00f3: \u00abNadie puede obligar a donar plasma, pero s\u00ed se los puede invitar a que lo hagan, apelando a la solidaridad. Tiene que existir una compatibilidad sangu\u00ednea entre quien aporta y quien recibe la transfusi\u00f3n\u00bb.<\/div>\n<div class=\"code-block code-block-9\">\u00a0\u00abEl plasma queda en una c\u00e1mara frigor\u00edfica del hospital Penna y seg\u00fan la indicaci\u00f3n del m\u00e9dico se va suministrando. Ya se les ha enviado a otros nosocomios que lo han solicitado. Para recibirlo, tiene que ser un paciente moderado y grave, con otras indicaciones que acreditar\u00e1 el profesional\u00bb enfatiz\u00f3 el licenciado, en otro segmento de la entrevista radial.<\/div>\n<p>Respecto a los par\u00e1metros contemplados para comenzar un tratamiento, sostuvo que \u00abhay indicios cl\u00ednicos que hacen que un m\u00e9dico observe que una persona pueda tener una mala evoluci\u00f3n. En esos casos, cuando los s\u00edntomas cumplen una serie de par\u00e1metros, se realiza la transfusi\u00f3n\u00bb.<\/p>\n<p>\u00abNo hay evidencia cient\u00edfica de que el plasma est\u00e9 contraindicado o sea contraproducente. En todo caso no har\u00e1 nada. Toda la gente que se haya recuperado puede acercarse al Penna a efectivizar la donaci\u00f3n. Hay m\u00e1s de 40 personas curadas que se han inscripto y cerca de 22 ya han donado. Incluso los asintom\u00e1ticos pueden donar\u00bb, a\u00f1adi\u00f3 una de las m\u00e1ximas autoridades de Regi\u00f3n Sanitaria.<\/p>\n<div class=\"code-block code-block-6\"><\/div>\n<p>Por \u00faltimo, confirm\u00f3 los plazos para que una persona curada pueda hacer su aporte: \u00abUna vez transcurridos 28 d\u00edas de los dos tests negativos, los pacientes recuperados pueden donar plasma\u00bb.<\/p>\n","protected":false},"excerpt":{"rendered":"<p>La donaci\u00f3n de plasma de pacientes recuperados se convirti\u00f3 en un procedimiento clave en la lucha contra el coronavirus, ya que se estudia que puede mejorar el cuadro de las personas contagiadas en estado cr\u00edtico.<\/p>\n","protected":false},"author":3,"featured_media":0,"comment_status":"closed","ping_status":"open","sticky":false,"template":"","format":"standard","meta":{"footnotes":""},"categories":[30],"tags":[],"class_list":["post-43823","post","type-post","status-publish","format-standard","hentry","category-salud"],"yoast_head":"<!-- This site is optimized with the Yoast SEO plugin v25.9 - https:\/\/yoast.com\/wordpress\/plugins\/seo\/ -->\n<title>&quot;M\u00e1s de 20 pacientes curados ya donaron plasma en el Penna&quot; - Noticias Radio Reflejos<\/title>\n<meta name=\"robots\" content=\"index, follow, max-snippet:-1, max-image-preview:large, max-video-preview:-1\" \/>\n<link rel=\"canonical\" href=\"https:\/\/www.noticiasradioreflejos.com.ar\/2021\/mas-de-20-pacientes-curados-ya-donaron-plasma-en-el-penna\/\" \/>\n<meta property=\"og:locale\" content=\"es_ES\" \/>\n<meta property=\"og:type\" content=\"article\" \/>\n<meta property=\"og:title\" content=\"&quot;M\u00e1s de 20 pacientes curados ya donaron plasma en el Penna&quot; - Noticias Radio Reflejos\" \/>\n<meta property=\"og:description\" content=\"La donaci\u00f3n de plasma de pacientes recuperados se convirti\u00f3 en un procedimiento clave en la lucha contra el coronavirus, ya que se estudia que puede mejorar el cuadro de las personas contagiadas en estado cr\u00edtico.\" \/>\n<meta property=\"og:url\" content=\"https:\/\/www.noticiasradioreflejos.com.ar\/2021\/mas-de-20-pacientes-curados-ya-donaron-plasma-en-el-penna\/\" \/>\n<meta property=\"og:site_name\" content=\"Noticias Radio Reflejos\" \/>\n<meta property=\"article:published_time\" content=\"2020-06-30T13:22:45+00:00\" \/>\n<meta property=\"og:image\" content=\"https:\/\/www.noticiasradioreflejos.com.ar\/2021\/wp-content\/uploads\/2021\/07\/logosol300x200.png\" \/>\n\t<meta property=\"og:image:width\" content=\"300\" \/>\n\t<meta property=\"og:image:height\" content=\"200\" \/>\n\t<meta property=\"og:image:type\" content=\"image\/png\" \/>\n<meta name=\"author\" content=\"Arnaldo Botto\" \/>\n<meta name=\"twitter:card\" content=\"summary_large_image\" \/>\n<script type=\"application\/ld+json\" class=\"yoast-schema-graph\">{\"@context\":\"https:\/\/schema.org\",\"@graph\":[{\"@type\":\"WebPage\",\"@id\":\"https:\/\/www.noticiasradioreflejos.com.ar\/2021\/mas-de-20-pacientes-curados-ya-donaron-plasma-en-el-penna\/\",\"url\":\"https:\/\/www.noticiasradioreflejos.com.ar\/2021\/mas-de-20-pacientes-curados-ya-donaron-plasma-en-el-penna\/\",\"name\":\"\\\"M\u00e1s de 20 pacientes curados ya donaron plasma en el Penna\\\" - Noticias Radio Reflejos\",\"isPartOf\":{\"@id\":\"https:\/\/www.noticiasradioreflejos.com.ar\/2021\/#website\"},\"primaryImageOfPage\":{\"@id\":\"https:\/\/www.noticiasradioreflejos.com.ar\/2021\/mas-de-20-pacientes-curados-ya-donaron-plasma-en-el-penna\/#primaryimage\"},\"image\":{\"@id\":\"https:\/\/www.noticiasradioreflejos.com.ar\/2021\/mas-de-20-pacientes-curados-ya-donaron-plasma-en-el-penna\/#primaryimage\"},\"thumbnailUrl\":\"https:\/\/www.labrujula24.com\/wp-content\/uploads\/2020\/06\/alimenti.jpg\",\"datePublished\":\"2020-06-30T13:22:45+00:00\",\"author\":{\"@id\":\"https:\/\/www.noticiasradioreflejos.com.ar\/2021\/#\/schema\/person\/ad82545263dcc5ec0996818884fd5fb1\"},\"breadcrumb\":{\"@id\":\"https:\/\/www.noticiasradioreflejos.com.ar\/2021\/mas-de-20-pacientes-curados-ya-donaron-plasma-en-el-penna\/#breadcrumb\"},\"inLanguage\":\"es\",\"potentialAction\":[{\"@type\":\"ReadAction\",\"target\":[\"https:\/\/www.noticiasradioreflejos.com.ar\/2021\/mas-de-20-pacientes-curados-ya-donaron-plasma-en-el-penna\/\"]}]},{\"@type\":\"ImageObject\",\"inLanguage\":\"es\",\"@id\":\"https:\/\/www.noticiasradioreflejos.com.ar\/2021\/mas-de-20-pacientes-curados-ya-donaron-plasma-en-el-penna\/#primaryimage\",\"url\":\"https:\/\/www.labrujula24.com\/wp-content\/uploads\/2020\/06\/alimenti.jpg\",\"contentUrl\":\"https:\/\/www.labrujula24.com\/wp-content\/uploads\/2020\/06\/alimenti.jpg\"},{\"@type\":\"BreadcrumbList\",\"@id\":\"https:\/\/www.noticiasradioreflejos.com.ar\/2021\/mas-de-20-pacientes-curados-ya-donaron-plasma-en-el-penna\/#breadcrumb\",\"itemListElement\":[{\"@type\":\"ListItem\",\"position\":1,\"name\":\"Portada\",\"item\":\"https:\/\/www.noticiasradioreflejos.com.ar\/2021\/\"},{\"@type\":\"ListItem\",\"position\":2,\"name\":\"\u00abM\u00e1s de 20 pacientes curados ya donaron plasma en el Penna\u00bb\"}]},{\"@type\":\"WebSite\",\"@id\":\"https:\/\/www.noticiasradioreflejos.com.ar\/2021\/#website\",\"url\":\"https:\/\/www.noticiasradioreflejos.com.ar\/2021\/\",\"name\":\"Noticias Radio Reflejos\",\"description\":\"Las noticias de mi comarca\",\"potentialAction\":[{\"@type\":\"SearchAction\",\"target\":{\"@type\":\"EntryPoint\",\"urlTemplate\":\"https:\/\/www.noticiasradioreflejos.com.ar\/2021\/?s={search_term_string}\"},\"query-input\":{\"@type\":\"PropertyValueSpecification\",\"valueRequired\":true,\"valueName\":\"search_term_string\"}}],\"inLanguage\":\"es\"},{\"@type\":\"Person\",\"@id\":\"https:\/\/www.noticiasradioreflejos.com.ar\/2021\/#\/schema\/person\/ad82545263dcc5ec0996818884fd5fb1\",\"name\":\"Arnaldo Botto\",\"image\":{\"@type\":\"ImageObject\",\"inLanguage\":\"es\",\"@id\":\"https:\/\/www.noticiasradioreflejos.com.ar\/2021\/#\/schema\/person\/image\/\",\"url\":\"https:\/\/secure.gravatar.com\/avatar\/55cb5e37c1efa326397366e6974cb338056df65cb50e7d64d1cf314e87504837?s=96&d=mm&r=g\",\"contentUrl\":\"https:\/\/secure.gravatar.com\/avatar\/55cb5e37c1efa326397366e6974cb338056df65cb50e7d64d1cf314e87504837?s=96&d=mm&r=g\",\"caption\":\"Arnaldo Botto\"},\"url\":\"https:\/\/www.noticiasradioreflejos.com.ar\/2021\/author\/arnaldo\/\"}]}<\/script>\n<!-- \/ Yoast SEO plugin. -->","yoast_head_json":{"title":"\"M\u00e1s de 20 pacientes curados ya donaron plasma en el Penna\" - Noticias Radio Reflejos","robots":{"index":"index","follow":"follow","max-snippet":"max-snippet:-1","max-image-preview":"max-image-preview:large","max-video-preview":"max-video-preview:-1"},"canonical":"https:\/\/www.noticiasradioreflejos.com.ar\/2021\/mas-de-20-pacientes-curados-ya-donaron-plasma-en-el-penna\/","og_locale":"es_ES","og_type":"article","og_title":"\"M\u00e1s de 20 pacientes curados ya donaron plasma en el Penna\" - Noticias Radio Reflejos","og_description":"La donaci\u00f3n de plasma de pacientes recuperados se convirti\u00f3 en un procedimiento clave en la lucha contra el coronavirus, ya que se estudia que puede mejorar el cuadro de las personas contagiadas en estado cr\u00edtico.","og_url":"https:\/\/www.noticiasradioreflejos.com.ar\/2021\/mas-de-20-pacientes-curados-ya-donaron-plasma-en-el-penna\/","og_site_name":"Noticias Radio Reflejos","article_published_time":"2020-06-30T13:22:45+00:00","og_image":[{"width":300,"height":200,"url":"https:\/\/www.noticiasradioreflejos.com.ar\/2021\/wp-content\/uploads\/2021\/07\/logosol300x200.png","type":"image\/png"}],"author":"Arnaldo Botto","twitter_card":"summary_large_image","schema":{"@context":"https:\/\/schema.org","@graph":[{"@type":"WebPage","@id":"https:\/\/www.noticiasradioreflejos.com.ar\/2021\/mas-de-20-pacientes-curados-ya-donaron-plasma-en-el-penna\/","url":"https:\/\/www.noticiasradioreflejos.com.ar\/2021\/mas-de-20-pacientes-curados-ya-donaron-plasma-en-el-penna\/","name":"\"M\u00e1s de 20 pacientes curados ya donaron plasma en el Penna\" - Noticias Radio Reflejos","isPartOf":{"@id":"https:\/\/www.noticiasradioreflejos.com.ar\/2021\/#website"},"primaryImageOfPage":{"@id":"https:\/\/www.noticiasradioreflejos.com.ar\/2021\/mas-de-20-pacientes-curados-ya-donaron-plasma-en-el-penna\/#primaryimage"},"image":{"@id":"https:\/\/www.noticiasradioreflejos.com.ar\/2021\/mas-de-20-pacientes-curados-ya-donaron-plasma-en-el-penna\/#primaryimage"},"thumbnailUrl":"https:\/\/www.labrujula24.com\/wp-content\/uploads\/2020\/06\/alimenti.jpg","datePublished":"2020-06-30T13:22:45+00:00","author":{"@id":"https:\/\/www.noticiasradioreflejos.com.ar\/2021\/#\/schema\/person\/ad82545263dcc5ec0996818884fd5fb1"},"breadcrumb":{"@id":"https:\/\/www.noticiasradioreflejos.com.ar\/2021\/mas-de-20-pacientes-curados-ya-donaron-plasma-en-el-penna\/#breadcrumb"},"inLanguage":"es","potentialAction":[{"@type":"ReadAction","target":["https:\/\/www.noticiasradioreflejos.com.ar\/2021\/mas-de-20-pacientes-curados-ya-donaron-plasma-en-el-penna\/"]}]},{"@type":"ImageObject","inLanguage":"es","@id":"https:\/\/www.noticiasradioreflejos.com.ar\/2021\/mas-de-20-pacientes-curados-ya-donaron-plasma-en-el-penna\/#primaryimage","url":"https:\/\/www.labrujula24.com\/wp-content\/uploads\/2020\/06\/alimenti.jpg","contentUrl":"https:\/\/www.labrujula24.com\/wp-content\/uploads\/2020\/06\/alimenti.jpg"},{"@type":"BreadcrumbList","@id":"https:\/\/www.noticiasradioreflejos.com.ar\/2021\/mas-de-20-pacientes-curados-ya-donaron-plasma-en-el-penna\/#breadcrumb","itemListElement":[{"@type":"ListItem","position":1,"name":"Portada","item":"https:\/\/www.noticiasradioreflejos.com.ar\/2021\/"},{"@type":"ListItem","position":2,"name":"\u00abM\u00e1s de 20 pacientes curados ya donaron plasma en el Penna\u00bb"}]},{"@type":"WebSite","@id":"https:\/\/www.noticiasradioreflejos.com.ar\/2021\/#website","url":"https:\/\/www.noticiasradioreflejos.com.ar\/2021\/","name":"Noticias Radio Reflejos","description":"Las noticias de mi comarca","potentialAction":[{"@type":"SearchAction","target":{"@type":"EntryPoint","urlTemplate":"https:\/\/www.noticiasradioreflejos.com.ar\/2021\/?s={search_term_string}"},"query-input":{"@type":"PropertyValueSpecification","valueRequired":true,"valueName":"search_term_string"}}],"inLanguage":"es"},{"@type":"Person","@id":"https:\/\/www.noticiasradioreflejos.com.ar\/2021\/#\/schema\/person\/ad82545263dcc5ec0996818884fd5fb1","name":"Arnaldo Botto","image":{"@type":"ImageObject","inLanguage":"es","@id":"https:\/\/www.noticiasradioreflejos.com.ar\/2021\/#\/schema\/person\/image\/","url":"https:\/\/secure.gravatar.com\/avatar\/55cb5e37c1efa326397366e6974cb338056df65cb50e7d64d1cf314e87504837?s=96&d=mm&r=g","contentUrl":"https:\/\/secure.gravatar.com\/avatar\/55cb5e37c1efa326397366e6974cb338056df65cb50e7d64d1cf314e87504837?s=96&d=mm&r=g","caption":"Arnaldo Botto"},"url":"https:\/\/www.noticiasradioreflejos.com.ar\/2021\/author\/arnaldo\/"}]}},"_links":{"self":[{"href":"https:\/\/www.noticiasradioreflejos.com.ar\/2021\/wp-json\/wp\/v2\/posts\/43823","targetHints":{"allow":["GET"]}}],"collection":[{"href":"https:\/\/www.noticiasradioreflejos.com.ar\/2021\/wp-json\/wp\/v2\/posts"}],"about":[{"href":"https:\/\/www.noticiasradioreflejos.com.ar\/2021\/wp-json\/wp\/v2\/types\/post"}],"author":[{"embeddable":true,"href":"https:\/\/www.noticiasradioreflejos.com.ar\/2021\/wp-json\/wp\/v2\/users\/3"}],"replies":[{"embeddable":true,"href":"https:\/\/www.noticiasradioreflejos.com.ar\/2021\/wp-json\/wp\/v2\/comments?post=43823"}],"version-history":[{"count":0,"href":"https:\/\/www.noticiasradioreflejos.com.ar\/2021\/wp-json\/wp\/v2\/posts\/43823\/revisions"}],"wp:attachment":[{"href":"https:\/\/www.noticiasradioreflejos.com.ar\/2021\/wp-json\/wp\/v2\/media?parent=43823"}],"wp:term":[{"taxonomy":"category","embeddable":true,"href":"https:\/\/www.noticiasradioreflejos.com.ar\/2021\/wp-json\/wp\/v2\/categories?post=43823"},{"taxonomy":"post_tag","embeddable":true,"href":"https:\/\/www.noticiasradioreflejos.com.ar\/2021\/wp-json\/wp\/v2\/tags?post=43823"}],"curies":[{"name":"wp","href":"https:\/\/api.w.org\/{rel}","templated":true}]}}