{"id":43818,"date":"2020-06-30T08:54:39","date_gmt":"2020-06-30T11:54:39","guid":{"rendered":"http:\/\/www.noticiasradioreflejos.com.ar\/noticias\/?p=43818"},"modified":"2020-06-30T08:54:39","modified_gmt":"2020-06-30T11:54:39","slug":"seis-nuevos-casos-positivos-de-covid-19-en-bahia-blanca-que-sumo-otra-muerte","status":"publish","type":"post","link":"https:\/\/www.noticiasradioreflejos.com.ar\/2021\/seis-nuevos-casos-positivos-de-covid-19-en-bahia-blanca-que-sumo-otra-muerte\/","title":{"rendered":"Seis nuevos casos positivos de Covid-19 en Bah\u00eda Blanca que sum\u00f3 otra muerte."},"content":{"rendered":"<p>Suman 105 los infectados en la ciudad. Solo uno de estos diagnosticados a\u00fan no tiene un origen establecido. La buena noticia lleg\u00f3 con la recuperaci\u00f3n de una mujer.<!--more--><br \/>\nSobre las 22 fuentes municipales confirmaron otros seis casos positivos de coronavirus en Bah\u00eda Blanca, llevando la cifra de contagios a 105; 28 de los cuales contin\u00faan activos.<br \/>\nSeg\u00fan los detalles brindados hasta el momento, tan solo uno de estos nuevos detectados; una mujer de la cual no circul\u00f3 su edad, a\u00fan no tiene definida su fuente de contagio.<br \/>\nLos otros son cuatro mujeres de 39, 29, 13 y 8 a\u00f1os; y un hombre de 60, los cuales est\u00e1n encuadrados en \u00abcontactos estrechos\u00bb de pacientes ya dados a conocer.<br \/>\nLa otra cara de la moneda la dio el anuncio de una nueva mujer dada de alta de la enfermedad; con la cual la cuenta de recuperados arrib\u00f3 a 71. Por el momento los fallecidos son 6.<\/p>\n<p><strong>Nuevo caso en Punta Alta<\/strong><br \/>\nDesde el municipio de Coronel Rosales anunciaron el caso positivo de un m\u00e9dico que se desempe\u00f1a en el Hospital Penna de Bah\u00eda Blanca. El profesional de 42 a\u00f1os se encuentra en su casa, con seguimiento telef\u00f3nico. Si bien tiene fiebre, su estado de salud general es bueno.<\/p>\n<p><strong>Fuente La Br\u00fajula<\/strong><\/p>\n","protected":false},"excerpt":{"rendered":"<p>Suman 105 los infectados en la ciudad. Solo uno de estos diagnosticados a\u00fan no tiene un origen establecido. La buena noticia lleg\u00f3 con la recuperaci\u00f3n de una mujer.<\/p>\n","protected":false},"author":3,"featured_media":0,"comment_status":"closed","ping_status":"open","sticky":false,"template":"","format":"standard","meta":{"footnotes":""},"categories":[30],"tags":[],"class_list":["post-43818","post","type-post","status-publish","format-standard","hentry","category-salud"],"yoast_head":"<!-- This site is optimized with the Yoast SEO plugin v25.9 - https:\/\/yoast.com\/wordpress\/plugins\/seo\/ -->\n<title>Seis nuevos casos positivos de Covid-19 en Bah\u00eda Blanca que sum\u00f3 otra muerte. - Noticias Radio Reflejos<\/title>\n<meta name=\"robots\" content=\"index, follow, max-snippet:-1, max-image-preview:large, max-video-preview:-1\" \/>\n<link rel=\"canonical\" href=\"https:\/\/www.noticiasradioreflejos.com.ar\/2021\/seis-nuevos-casos-positivos-de-covid-19-en-bahia-blanca-que-sumo-otra-muerte\/\" \/>\n<meta property=\"og:locale\" content=\"es_ES\" \/>\n<meta property=\"og:type\" content=\"article\" \/>\n<meta property=\"og:title\" content=\"Seis nuevos casos positivos de Covid-19 en Bah\u00eda Blanca que sum\u00f3 otra muerte. - Noticias Radio Reflejos\" \/>\n<meta property=\"og:description\" content=\"Suman 105 los infectados en la ciudad. Solo uno de estos diagnosticados a\u00fan no tiene un origen establecido. La buena noticia lleg\u00f3 con la recuperaci\u00f3n de una mujer.\" \/>\n<meta property=\"og:url\" content=\"https:\/\/www.noticiasradioreflejos.com.ar\/2021\/seis-nuevos-casos-positivos-de-covid-19-en-bahia-blanca-que-sumo-otra-muerte\/\" \/>\n<meta property=\"og:site_name\" content=\"Noticias Radio Reflejos\" \/>\n<meta property=\"article:published_time\" content=\"2020-06-30T11:54:39+00:00\" \/>\n<meta property=\"og:image\" content=\"https:\/\/www.noticiasradioreflejos.com.ar\/2021\/wp-content\/uploads\/2021\/07\/logosol300x200.png\" \/>\n\t<meta property=\"og:image:width\" content=\"300\" \/>\n\t<meta property=\"og:image:height\" content=\"200\" \/>\n\t<meta property=\"og:image:type\" content=\"image\/png\" \/>\n<meta name=\"author\" content=\"Arnaldo Botto\" \/>\n<meta name=\"twitter:card\" content=\"summary_large_image\" \/>\n<script type=\"application\/ld+json\" class=\"yoast-schema-graph\">{\"@context\":\"https:\/\/schema.org\",\"@graph\":[{\"@type\":\"WebPage\",\"@id\":\"https:\/\/www.noticiasradioreflejos.com.ar\/2021\/seis-nuevos-casos-positivos-de-covid-19-en-bahia-blanca-que-sumo-otra-muerte\/\",\"url\":\"https:\/\/www.noticiasradioreflejos.com.ar\/2021\/seis-nuevos-casos-positivos-de-covid-19-en-bahia-blanca-que-sumo-otra-muerte\/\",\"name\":\"Seis nuevos casos positivos de Covid-19 en Bah\u00eda Blanca que sum\u00f3 otra muerte. - Noticias Radio Reflejos\",\"isPartOf\":{\"@id\":\"https:\/\/www.noticiasradioreflejos.com.ar\/2021\/#website\"},\"datePublished\":\"2020-06-30T11:54:39+00:00\",\"author\":{\"@id\":\"https:\/\/www.noticiasradioreflejos.com.ar\/2021\/#\/schema\/person\/ad82545263dcc5ec0996818884fd5fb1\"},\"breadcrumb\":{\"@id\":\"https:\/\/www.noticiasradioreflejos.com.ar\/2021\/seis-nuevos-casos-positivos-de-covid-19-en-bahia-blanca-que-sumo-otra-muerte\/#breadcrumb\"},\"inLanguage\":\"es\",\"potentialAction\":[{\"@type\":\"ReadAction\",\"target\":[\"https:\/\/www.noticiasradioreflejos.com.ar\/2021\/seis-nuevos-casos-positivos-de-covid-19-en-bahia-blanca-que-sumo-otra-muerte\/\"]}]},{\"@type\":\"BreadcrumbList\",\"@id\":\"https:\/\/www.noticiasradioreflejos.com.ar\/2021\/seis-nuevos-casos-positivos-de-covid-19-en-bahia-blanca-que-sumo-otra-muerte\/#breadcrumb\",\"itemListElement\":[{\"@type\":\"ListItem\",\"position\":1,\"name\":\"Portada\",\"item\":\"https:\/\/www.noticiasradioreflejos.com.ar\/2021\/\"},{\"@type\":\"ListItem\",\"position\":2,\"name\":\"Seis nuevos casos positivos de Covid-19 en Bah\u00eda Blanca que sum\u00f3 otra muerte.\"}]},{\"@type\":\"WebSite\",\"@id\":\"https:\/\/www.noticiasradioreflejos.com.ar\/2021\/#website\",\"url\":\"https:\/\/www.noticiasradioreflejos.com.ar\/2021\/\",\"name\":\"Noticias Radio Reflejos\",\"description\":\"Las noticias de mi comarca\",\"potentialAction\":[{\"@type\":\"SearchAction\",\"target\":{\"@type\":\"EntryPoint\",\"urlTemplate\":\"https:\/\/www.noticiasradioreflejos.com.ar\/2021\/?s={search_term_string}\"},\"query-input\":{\"@type\":\"PropertyValueSpecification\",\"valueRequired\":true,\"valueName\":\"search_term_string\"}}],\"inLanguage\":\"es\"},{\"@type\":\"Person\",\"@id\":\"https:\/\/www.noticiasradioreflejos.com.ar\/2021\/#\/schema\/person\/ad82545263dcc5ec0996818884fd5fb1\",\"name\":\"Arnaldo Botto\",\"image\":{\"@type\":\"ImageObject\",\"inLanguage\":\"es\",\"@id\":\"https:\/\/www.noticiasradioreflejos.com.ar\/2021\/#\/schema\/person\/image\/\",\"url\":\"https:\/\/secure.gravatar.com\/avatar\/55cb5e37c1efa326397366e6974cb338056df65cb50e7d64d1cf314e87504837?s=96&d=mm&r=g\",\"contentUrl\":\"https:\/\/secure.gravatar.com\/avatar\/55cb5e37c1efa326397366e6974cb338056df65cb50e7d64d1cf314e87504837?s=96&d=mm&r=g\",\"caption\":\"Arnaldo Botto\"},\"url\":\"https:\/\/www.noticiasradioreflejos.com.ar\/2021\/author\/arnaldo\/\"}]}<\/script>\n<!-- \/ Yoast SEO plugin. -->","yoast_head_json":{"title":"Seis nuevos casos positivos de Covid-19 en Bah\u00eda Blanca que sum\u00f3 otra muerte. - Noticias Radio Reflejos","robots":{"index":"index","follow":"follow","max-snippet":"max-snippet:-1","max-image-preview":"max-image-preview:large","max-video-preview":"max-video-preview:-1"},"canonical":"https:\/\/www.noticiasradioreflejos.com.ar\/2021\/seis-nuevos-casos-positivos-de-covid-19-en-bahia-blanca-que-sumo-otra-muerte\/","og_locale":"es_ES","og_type":"article","og_title":"Seis nuevos casos positivos de Covid-19 en Bah\u00eda Blanca que sum\u00f3 otra muerte. - Noticias Radio Reflejos","og_description":"Suman 105 los infectados en la ciudad. Solo uno de estos diagnosticados a\u00fan no tiene un origen establecido. La buena noticia lleg\u00f3 con la recuperaci\u00f3n de una mujer.","og_url":"https:\/\/www.noticiasradioreflejos.com.ar\/2021\/seis-nuevos-casos-positivos-de-covid-19-en-bahia-blanca-que-sumo-otra-muerte\/","og_site_name":"Noticias Radio Reflejos","article_published_time":"2020-06-30T11:54:39+00:00","og_image":[{"width":300,"height":200,"url":"https:\/\/www.noticiasradioreflejos.com.ar\/2021\/wp-content\/uploads\/2021\/07\/logosol300x200.png","type":"image\/png"}],"author":"Arnaldo Botto","twitter_card":"summary_large_image","schema":{"@context":"https:\/\/schema.org","@graph":[{"@type":"WebPage","@id":"https:\/\/www.noticiasradioreflejos.com.ar\/2021\/seis-nuevos-casos-positivos-de-covid-19-en-bahia-blanca-que-sumo-otra-muerte\/","url":"https:\/\/www.noticiasradioreflejos.com.ar\/2021\/seis-nuevos-casos-positivos-de-covid-19-en-bahia-blanca-que-sumo-otra-muerte\/","name":"Seis nuevos casos positivos de Covid-19 en Bah\u00eda Blanca que sum\u00f3 otra muerte. - Noticias Radio Reflejos","isPartOf":{"@id":"https:\/\/www.noticiasradioreflejos.com.ar\/2021\/#website"},"datePublished":"2020-06-30T11:54:39+00:00","author":{"@id":"https:\/\/www.noticiasradioreflejos.com.ar\/2021\/#\/schema\/person\/ad82545263dcc5ec0996818884fd5fb1"},"breadcrumb":{"@id":"https:\/\/www.noticiasradioreflejos.com.ar\/2021\/seis-nuevos-casos-positivos-de-covid-19-en-bahia-blanca-que-sumo-otra-muerte\/#breadcrumb"},"inLanguage":"es","potentialAction":[{"@type":"ReadAction","target":["https:\/\/www.noticiasradioreflejos.com.ar\/2021\/seis-nuevos-casos-positivos-de-covid-19-en-bahia-blanca-que-sumo-otra-muerte\/"]}]},{"@type":"BreadcrumbList","@id":"https:\/\/www.noticiasradioreflejos.com.ar\/2021\/seis-nuevos-casos-positivos-de-covid-19-en-bahia-blanca-que-sumo-otra-muerte\/#breadcrumb","itemListElement":[{"@type":"ListItem","position":1,"name":"Portada","item":"https:\/\/www.noticiasradioreflejos.com.ar\/2021\/"},{"@type":"ListItem","position":2,"name":"Seis nuevos casos positivos de Covid-19 en Bah\u00eda Blanca que sum\u00f3 otra muerte."}]},{"@type":"WebSite","@id":"https:\/\/www.noticiasradioreflejos.com.ar\/2021\/#website","url":"https:\/\/www.noticiasradioreflejos.com.ar\/2021\/","name":"Noticias Radio Reflejos","description":"Las noticias de mi comarca","potentialAction":[{"@type":"SearchAction","target":{"@type":"EntryPoint","urlTemplate":"https:\/\/www.noticiasradioreflejos.com.ar\/2021\/?s={search_term_string}"},"query-input":{"@type":"PropertyValueSpecification","valueRequired":true,"valueName":"search_term_string"}}],"inLanguage":"es"},{"@type":"Person","@id":"https:\/\/www.noticiasradioreflejos.com.ar\/2021\/#\/schema\/person\/ad82545263dcc5ec0996818884fd5fb1","name":"Arnaldo Botto","image":{"@type":"ImageObject","inLanguage":"es","@id":"https:\/\/www.noticiasradioreflejos.com.ar\/2021\/#\/schema\/person\/image\/","url":"https:\/\/secure.gravatar.com\/avatar\/55cb5e37c1efa326397366e6974cb338056df65cb50e7d64d1cf314e87504837?s=96&d=mm&r=g","contentUrl":"https:\/\/secure.gravatar.com\/avatar\/55cb5e37c1efa326397366e6974cb338056df65cb50e7d64d1cf314e87504837?s=96&d=mm&r=g","caption":"Arnaldo Botto"},"url":"https:\/\/www.noticiasradioreflejos.com.ar\/2021\/author\/arnaldo\/"}]}},"_links":{"self":[{"href":"https:\/\/www.noticiasradioreflejos.com.ar\/2021\/wp-json\/wp\/v2\/posts\/43818","targetHints":{"allow":["GET"]}}],"collection":[{"href":"https:\/\/www.noticiasradioreflejos.com.ar\/2021\/wp-json\/wp\/v2\/posts"}],"about":[{"href":"https:\/\/www.noticiasradioreflejos.com.ar\/2021\/wp-json\/wp\/v2\/types\/post"}],"author":[{"embeddable":true,"href":"https:\/\/www.noticiasradioreflejos.com.ar\/2021\/wp-json\/wp\/v2\/users\/3"}],"replies":[{"embeddable":true,"href":"https:\/\/www.noticiasradioreflejos.com.ar\/2021\/wp-json\/wp\/v2\/comments?post=43818"}],"version-history":[{"count":0,"href":"https:\/\/www.noticiasradioreflejos.com.ar\/2021\/wp-json\/wp\/v2\/posts\/43818\/revisions"}],"wp:attachment":[{"href":"https:\/\/www.noticiasradioreflejos.com.ar\/2021\/wp-json\/wp\/v2\/media?parent=43818"}],"wp:term":[{"taxonomy":"category","embeddable":true,"href":"https:\/\/www.noticiasradioreflejos.com.ar\/2021\/wp-json\/wp\/v2\/categories?post=43818"},{"taxonomy":"post_tag","embeddable":true,"href":"https:\/\/www.noticiasradioreflejos.com.ar\/2021\/wp-json\/wp\/v2\/tags?post=43818"}],"curies":[{"name":"wp","href":"https:\/\/api.w.org\/{rel}","templated":true}]}}