{"id":43814,"date":"2020-06-30T08:44:59","date_gmt":"2020-06-30T11:44:59","guid":{"rendered":"http:\/\/www.noticiasradioreflejos.com.ar\/noticias\/?p=43814"},"modified":"2020-06-30T08:44:59","modified_gmt":"2020-06-30T11:44:59","slug":"dos-camiones-chocaron-contra-vacunos-sobre-la-ruta-33-a-pocos-metros-del-cruce-con-la-76","status":"publish","type":"post","link":"https:\/\/www.noticiasradioreflejos.com.ar\/2021\/dos-camiones-chocaron-contra-vacunos-sobre-la-ruta-33-a-pocos-metros-del-cruce-con-la-76\/","title":{"rendered":"Dos camiones chocaron contra vacunos sobre la ruta 33 a pocos metros del cruce con la 76."},"content":{"rendered":"<p>Dos camiones resultaron involuntarios protagonistas de un accidente que por milagro no termin\u00f3 en una tragedia.<br \/>\nAlrededor de cinco animales vacunos, seg\u00fan relato de uno de los conductores, cruzaron la ruta y tres de ellos murieron a consecuencia del impacto recibido por dos camiones cuyos conductores se vieron sorprendidos y nada pudieron hacer para esquivarlos.<!--more--><br \/>\nLa pericia de ambos camioneros permiti\u00f3 que las consecuencias no fueran mayores ya que la ruta estaba muy transitada.<br \/>\n\u00abPor suerte eramos dos camiones y no un veh\u00edculo de menor porte\u00bb dec\u00eda uno de los conductores que relataba la maniobra y agradec\u00eda que los camiones que ven\u00edan detr\u00e1s respetaban la distancia entre si, lo que dio tiempo a maniobrar evitando la colisi\u00f3n entre camiones, pero no pudiendo evitar el impacto con los animales.<br \/>\nEl accidente ocurri\u00f3 alrededor de las 22:15 sobre la Ruta 33 a escasos metros de la rotonda de empalme con la RP76.<br \/>\nAfortunadamente no hubo heridos y solo da\u00f1os materiales en ambos camiones. Uno de ellos se desplazaba sentido Bah\u00eda Blanca-Saavedra y el otro en sentido opuesto.<br \/>\nLa polic\u00eda trataba de reunir datos que permitan establecer quien es el propietario de los animales vacunos.<br \/>\nIntervino la Patrulla Rural, Polic\u00eda Comunal, Polic\u00eda Vial, una ambulancia del SAME Tornquist y una dotaci\u00f3n del Cuerpo de Bomberos Voluntarios de nuestra ciudad.<\/p>\n<p><strong>Fuente CELT TV.<\/strong><\/p>\n","protected":false},"excerpt":{"rendered":"<p>Dos camiones resultaron involuntarios protagonistas de un accidente que por milagro no termin\u00f3 en una tragedia. Alrededor de cinco animales vacunos, seg\u00fan relato de uno de los conductores, cruzaron la ruta y tres de ellos murieron a consecuencia del impacto recibido por dos camiones cuyos conductores se vieron sorprendidos y nada pudieron hacer para esquivarlos.<\/p>\n","protected":false},"author":3,"featured_media":0,"comment_status":"closed","ping_status":"open","sticky":false,"template":"","format":"standard","meta":{"footnotes":""},"categories":[29],"tags":[],"class_list":["post-43814","post","type-post","status-publish","format-standard","hentry","category-policiales"],"yoast_head":"<!-- This site is optimized with the Yoast SEO plugin v25.9 - https:\/\/yoast.com\/wordpress\/plugins\/seo\/ -->\n<title>Dos camiones chocaron contra vacunos sobre la ruta 33 a pocos metros del cruce con la 76. - Noticias Radio Reflejos<\/title>\n<meta name=\"robots\" content=\"index, follow, max-snippet:-1, max-image-preview:large, max-video-preview:-1\" \/>\n<link rel=\"canonical\" href=\"https:\/\/www.noticiasradioreflejos.com.ar\/2021\/dos-camiones-chocaron-contra-vacunos-sobre-la-ruta-33-a-pocos-metros-del-cruce-con-la-76\/\" \/>\n<meta property=\"og:locale\" content=\"es_ES\" \/>\n<meta property=\"og:type\" content=\"article\" \/>\n<meta property=\"og:title\" content=\"Dos camiones chocaron contra vacunos sobre la ruta 33 a pocos metros del cruce con la 76. - Noticias Radio Reflejos\" \/>\n<meta property=\"og:description\" content=\"Dos camiones resultaron involuntarios protagonistas de un accidente que por milagro no termin\u00f3 en una tragedia. Alrededor de cinco animales vacunos, seg\u00fan relato de uno de los conductores, cruzaron la ruta y tres de ellos murieron a consecuencia del impacto recibido por dos camiones cuyos conductores se vieron sorprendidos y nada pudieron hacer para esquivarlos.\" \/>\n<meta property=\"og:url\" content=\"https:\/\/www.noticiasradioreflejos.com.ar\/2021\/dos-camiones-chocaron-contra-vacunos-sobre-la-ruta-33-a-pocos-metros-del-cruce-con-la-76\/\" \/>\n<meta property=\"og:site_name\" content=\"Noticias Radio Reflejos\" \/>\n<meta property=\"article:published_time\" content=\"2020-06-30T11:44:59+00:00\" \/>\n<meta property=\"og:image\" content=\"https:\/\/www.noticiasradioreflejos.com.ar\/2021\/wp-content\/uploads\/2021\/07\/logosol300x200.png\" \/>\n\t<meta property=\"og:image:width\" content=\"300\" \/>\n\t<meta property=\"og:image:height\" content=\"200\" \/>\n\t<meta property=\"og:image:type\" content=\"image\/png\" \/>\n<meta name=\"author\" content=\"Arnaldo Botto\" \/>\n<meta name=\"twitter:card\" content=\"summary_large_image\" \/>\n<script type=\"application\/ld+json\" class=\"yoast-schema-graph\">{\"@context\":\"https:\/\/schema.org\",\"@graph\":[{\"@type\":\"WebPage\",\"@id\":\"https:\/\/www.noticiasradioreflejos.com.ar\/2021\/dos-camiones-chocaron-contra-vacunos-sobre-la-ruta-33-a-pocos-metros-del-cruce-con-la-76\/\",\"url\":\"https:\/\/www.noticiasradioreflejos.com.ar\/2021\/dos-camiones-chocaron-contra-vacunos-sobre-la-ruta-33-a-pocos-metros-del-cruce-con-la-76\/\",\"name\":\"Dos camiones chocaron contra vacunos sobre la ruta 33 a pocos metros del cruce con la 76. - Noticias Radio Reflejos\",\"isPartOf\":{\"@id\":\"https:\/\/www.noticiasradioreflejos.com.ar\/2021\/#website\"},\"datePublished\":\"2020-06-30T11:44:59+00:00\",\"author\":{\"@id\":\"https:\/\/www.noticiasradioreflejos.com.ar\/2021\/#\/schema\/person\/ad82545263dcc5ec0996818884fd5fb1\"},\"breadcrumb\":{\"@id\":\"https:\/\/www.noticiasradioreflejos.com.ar\/2021\/dos-camiones-chocaron-contra-vacunos-sobre-la-ruta-33-a-pocos-metros-del-cruce-con-la-76\/#breadcrumb\"},\"inLanguage\":\"es\",\"potentialAction\":[{\"@type\":\"ReadAction\",\"target\":[\"https:\/\/www.noticiasradioreflejos.com.ar\/2021\/dos-camiones-chocaron-contra-vacunos-sobre-la-ruta-33-a-pocos-metros-del-cruce-con-la-76\/\"]}]},{\"@type\":\"BreadcrumbList\",\"@id\":\"https:\/\/www.noticiasradioreflejos.com.ar\/2021\/dos-camiones-chocaron-contra-vacunos-sobre-la-ruta-33-a-pocos-metros-del-cruce-con-la-76\/#breadcrumb\",\"itemListElement\":[{\"@type\":\"ListItem\",\"position\":1,\"name\":\"Portada\",\"item\":\"https:\/\/www.noticiasradioreflejos.com.ar\/2021\/\"},{\"@type\":\"ListItem\",\"position\":2,\"name\":\"Dos camiones chocaron contra vacunos sobre la ruta 33 a pocos metros del cruce con la 76.\"}]},{\"@type\":\"WebSite\",\"@id\":\"https:\/\/www.noticiasradioreflejos.com.ar\/2021\/#website\",\"url\":\"https:\/\/www.noticiasradioreflejos.com.ar\/2021\/\",\"name\":\"Noticias Radio Reflejos\",\"description\":\"Las noticias de mi comarca\",\"potentialAction\":[{\"@type\":\"SearchAction\",\"target\":{\"@type\":\"EntryPoint\",\"urlTemplate\":\"https:\/\/www.noticiasradioreflejos.com.ar\/2021\/?s={search_term_string}\"},\"query-input\":{\"@type\":\"PropertyValueSpecification\",\"valueRequired\":true,\"valueName\":\"search_term_string\"}}],\"inLanguage\":\"es\"},{\"@type\":\"Person\",\"@id\":\"https:\/\/www.noticiasradioreflejos.com.ar\/2021\/#\/schema\/person\/ad82545263dcc5ec0996818884fd5fb1\",\"name\":\"Arnaldo Botto\",\"image\":{\"@type\":\"ImageObject\",\"inLanguage\":\"es\",\"@id\":\"https:\/\/www.noticiasradioreflejos.com.ar\/2021\/#\/schema\/person\/image\/\",\"url\":\"https:\/\/secure.gravatar.com\/avatar\/55cb5e37c1efa326397366e6974cb338056df65cb50e7d64d1cf314e87504837?s=96&d=mm&r=g\",\"contentUrl\":\"https:\/\/secure.gravatar.com\/avatar\/55cb5e37c1efa326397366e6974cb338056df65cb50e7d64d1cf314e87504837?s=96&d=mm&r=g\",\"caption\":\"Arnaldo Botto\"},\"url\":\"https:\/\/www.noticiasradioreflejos.com.ar\/2021\/author\/arnaldo\/\"}]}<\/script>\n<!-- \/ Yoast SEO plugin. -->","yoast_head_json":{"title":"Dos camiones chocaron contra vacunos sobre la ruta 33 a pocos metros del cruce con la 76. - Noticias Radio Reflejos","robots":{"index":"index","follow":"follow","max-snippet":"max-snippet:-1","max-image-preview":"max-image-preview:large","max-video-preview":"max-video-preview:-1"},"canonical":"https:\/\/www.noticiasradioreflejos.com.ar\/2021\/dos-camiones-chocaron-contra-vacunos-sobre-la-ruta-33-a-pocos-metros-del-cruce-con-la-76\/","og_locale":"es_ES","og_type":"article","og_title":"Dos camiones chocaron contra vacunos sobre la ruta 33 a pocos metros del cruce con la 76. - Noticias Radio Reflejos","og_description":"Dos camiones resultaron involuntarios protagonistas de un accidente que por milagro no termin\u00f3 en una tragedia. Alrededor de cinco animales vacunos, seg\u00fan relato de uno de los conductores, cruzaron la ruta y tres de ellos murieron a consecuencia del impacto recibido por dos camiones cuyos conductores se vieron sorprendidos y nada pudieron hacer para esquivarlos.","og_url":"https:\/\/www.noticiasradioreflejos.com.ar\/2021\/dos-camiones-chocaron-contra-vacunos-sobre-la-ruta-33-a-pocos-metros-del-cruce-con-la-76\/","og_site_name":"Noticias Radio Reflejos","article_published_time":"2020-06-30T11:44:59+00:00","og_image":[{"width":300,"height":200,"url":"https:\/\/www.noticiasradioreflejos.com.ar\/2021\/wp-content\/uploads\/2021\/07\/logosol300x200.png","type":"image\/png"}],"author":"Arnaldo Botto","twitter_card":"summary_large_image","schema":{"@context":"https:\/\/schema.org","@graph":[{"@type":"WebPage","@id":"https:\/\/www.noticiasradioreflejos.com.ar\/2021\/dos-camiones-chocaron-contra-vacunos-sobre-la-ruta-33-a-pocos-metros-del-cruce-con-la-76\/","url":"https:\/\/www.noticiasradioreflejos.com.ar\/2021\/dos-camiones-chocaron-contra-vacunos-sobre-la-ruta-33-a-pocos-metros-del-cruce-con-la-76\/","name":"Dos camiones chocaron contra vacunos sobre la ruta 33 a pocos metros del cruce con la 76. - Noticias Radio Reflejos","isPartOf":{"@id":"https:\/\/www.noticiasradioreflejos.com.ar\/2021\/#website"},"datePublished":"2020-06-30T11:44:59+00:00","author":{"@id":"https:\/\/www.noticiasradioreflejos.com.ar\/2021\/#\/schema\/person\/ad82545263dcc5ec0996818884fd5fb1"},"breadcrumb":{"@id":"https:\/\/www.noticiasradioreflejos.com.ar\/2021\/dos-camiones-chocaron-contra-vacunos-sobre-la-ruta-33-a-pocos-metros-del-cruce-con-la-76\/#breadcrumb"},"inLanguage":"es","potentialAction":[{"@type":"ReadAction","target":["https:\/\/www.noticiasradioreflejos.com.ar\/2021\/dos-camiones-chocaron-contra-vacunos-sobre-la-ruta-33-a-pocos-metros-del-cruce-con-la-76\/"]}]},{"@type":"BreadcrumbList","@id":"https:\/\/www.noticiasradioreflejos.com.ar\/2021\/dos-camiones-chocaron-contra-vacunos-sobre-la-ruta-33-a-pocos-metros-del-cruce-con-la-76\/#breadcrumb","itemListElement":[{"@type":"ListItem","position":1,"name":"Portada","item":"https:\/\/www.noticiasradioreflejos.com.ar\/2021\/"},{"@type":"ListItem","position":2,"name":"Dos camiones chocaron contra vacunos sobre la ruta 33 a pocos metros del cruce con la 76."}]},{"@type":"WebSite","@id":"https:\/\/www.noticiasradioreflejos.com.ar\/2021\/#website","url":"https:\/\/www.noticiasradioreflejos.com.ar\/2021\/","name":"Noticias Radio Reflejos","description":"Las noticias de mi comarca","potentialAction":[{"@type":"SearchAction","target":{"@type":"EntryPoint","urlTemplate":"https:\/\/www.noticiasradioreflejos.com.ar\/2021\/?s={search_term_string}"},"query-input":{"@type":"PropertyValueSpecification","valueRequired":true,"valueName":"search_term_string"}}],"inLanguage":"es"},{"@type":"Person","@id":"https:\/\/www.noticiasradioreflejos.com.ar\/2021\/#\/schema\/person\/ad82545263dcc5ec0996818884fd5fb1","name":"Arnaldo Botto","image":{"@type":"ImageObject","inLanguage":"es","@id":"https:\/\/www.noticiasradioreflejos.com.ar\/2021\/#\/schema\/person\/image\/","url":"https:\/\/secure.gravatar.com\/avatar\/55cb5e37c1efa326397366e6974cb338056df65cb50e7d64d1cf314e87504837?s=96&d=mm&r=g","contentUrl":"https:\/\/secure.gravatar.com\/avatar\/55cb5e37c1efa326397366e6974cb338056df65cb50e7d64d1cf314e87504837?s=96&d=mm&r=g","caption":"Arnaldo Botto"},"url":"https:\/\/www.noticiasradioreflejos.com.ar\/2021\/author\/arnaldo\/"}]}},"_links":{"self":[{"href":"https:\/\/www.noticiasradioreflejos.com.ar\/2021\/wp-json\/wp\/v2\/posts\/43814","targetHints":{"allow":["GET"]}}],"collection":[{"href":"https:\/\/www.noticiasradioreflejos.com.ar\/2021\/wp-json\/wp\/v2\/posts"}],"about":[{"href":"https:\/\/www.noticiasradioreflejos.com.ar\/2021\/wp-json\/wp\/v2\/types\/post"}],"author":[{"embeddable":true,"href":"https:\/\/www.noticiasradioreflejos.com.ar\/2021\/wp-json\/wp\/v2\/users\/3"}],"replies":[{"embeddable":true,"href":"https:\/\/www.noticiasradioreflejos.com.ar\/2021\/wp-json\/wp\/v2\/comments?post=43814"}],"version-history":[{"count":0,"href":"https:\/\/www.noticiasradioreflejos.com.ar\/2021\/wp-json\/wp\/v2\/posts\/43814\/revisions"}],"wp:attachment":[{"href":"https:\/\/www.noticiasradioreflejos.com.ar\/2021\/wp-json\/wp\/v2\/media?parent=43814"}],"wp:term":[{"taxonomy":"category","embeddable":true,"href":"https:\/\/www.noticiasradioreflejos.com.ar\/2021\/wp-json\/wp\/v2\/categories?post=43814"},{"taxonomy":"post_tag","embeddable":true,"href":"https:\/\/www.noticiasradioreflejos.com.ar\/2021\/wp-json\/wp\/v2\/tags?post=43814"}],"curies":[{"name":"wp","href":"https:\/\/api.w.org\/{rel}","templated":true}]}}