{"id":43701,"date":"2020-06-26T11:53:18","date_gmt":"2020-06-26T14:53:18","guid":{"rendered":"http:\/\/www.noticiasradioreflejos.com.ar\/noticias\/?p=43701"},"modified":"2020-06-26T11:53:18","modified_gmt":"2020-06-26T14:53:18","slug":"dia-del-arbol-cuatro-destinos-para-conocer-a-traves-de-sus-parques-y-jardines","status":"publish","type":"post","link":"https:\/\/www.noticiasradioreflejos.com.ar\/2021\/dia-del-arbol-cuatro-destinos-para-conocer-a-traves-de-sus-parques-y-jardines\/","title":{"rendered":"\u00abD\u00eda del \u00c1rbol\u00bb &#8211; Cuatro destinos para conocer a trav\u00e9s de sus parques y jardines."},"content":{"rendered":"<p>El patrimonio paisaj\u00edstico de la provincia de Buenos Aires atesora \u00e1rboles testigos de hechos emblem\u00e1ticos de la historia nacional, parques dise\u00f1ados por innovadores paisajistas durante la primera mitad del siglo XX y ciudades que hicieron de la forestaci\u00f3n su principal rasgo urban\u00edstico. Este domingo se celebrar\u00e1 el D\u00eda Mundial del \u00c1rbol, motivo oportuno para conocer los secretos de la a\u00f1osa arboleda de plazas, calles y jardines de cuatro municipios bonaerenses.<!--more--><\/p>\n<p><b>La Plata<\/b><\/p>\n<p>El aroma a tilo y la alfombra de flores violetas de jacarand\u00e1 sobre la diagonal 73 caracterizan a La Plata durante la estaci\u00f3n primaveral. Tambi\u00e9n son postales de la ciudad las plazas ubicadas en la intersecci\u00f3n de cada avenida y el Paseo del Bosque con eucaliptos y robles de m\u00e1s de cien a\u00f1os.<\/p>\n<p>En las primeras d\u00e9cadas de la fundaci\u00f3n de La Plata (1882) las calles estaban forestadas solo con palmeras. \u201cReci\u00e9n entrado el siglo XX empezaron a plantarse tilos, jacarand\u00e1s y pl\u00e1tanos. El inter\u00e9s por el arbolado adquiri\u00f3 mayor centralidad cuando se iniciaron los festejos por el D\u00eda del \u00c1rbol\u201d, precis\u00f3 Nicol\u00e1s Colombo, autor del libro \u201cMisterios de la ciudad de La Plata\u201d. En el marco de esa festividad nacional, \u201cse declar\u00f3 al omb\u00fa como \u00e1rbol patrono de La Plata por tratarse de la capital provincial y el omb\u00fa ser t\u00edpico de la provincia y la regi\u00f3n pampeana\u201d, explic\u00f3 Colombo. Tambi\u00e9n revel\u00f3 que en esta ciudad naci\u00f3 la propuesta para declarar al ceibo como flor nacional y que fue la primera del pa\u00eds en tener un jard\u00edn bot\u00e1nico. \u201cFue creado por el bot\u00e1nico Carlos Spegazzini en 1891, varios a\u00f1os antes que el Jard\u00edn Bot\u00e1nico de Carlos Thays en Ciudad de Buenos Aires\u201d, detall\u00f3 el integrante de \u201cLa Plata, ciudad oculta\u201d,\u00a0grupo que realiza recorridas hist\u00f3ricas por la capital bonaerense.<\/p>\n<p><a title=\"Lobos-La Candelaria\" href=\"http:\/\/live.staticflickr.com\/65535\/50047526612_41265ced06_s.jpg\" rel=\"\"><img loading=\"lazy\" decoding=\"async\" class=\"alignleft\" style=\"float: left;\" title=\"Lobos-La Candelaria\" src=\"http:\/\/live.staticflickr.com\/65535\/50047526612_41265ced06.jpg\" alt=\"Lobos-La Candelaria\" width=\"429\" height=\"500\" \/><\/a>\u00a0<b>Azul<\/b><\/p>\n<p>El parque municipal Domingo F. Sarmiento de Azul se ubica a orillas del arroyo Azul, cuenta con una superficie de 22 hect\u00e1reas y con m\u00e1s de 300 especies arb\u00f3reas que se pueden conocer a trav\u00e9s de un recorrido por puentes y senderos. Fue inaugurado el 10 de octubre de 1918 y dise\u00f1ado por el paisajista \u00c1ngel Salas junto con Antonio Aritzia, de acuerdo al relevamiento sobre patrimonio vegetal del parque que elabor\u00f3 la Universidad Nacional del Centro de la provincia de Buenos Aires<b>\u00a0<\/b>(UNICEN). En el sector La Loma se encuentra un reto\u00f1o del pino de San Lorenzo que, seg\u00fan datos de la UNICEN, la ciudad de Rosario (Santa Fe) habr\u00eda regalado a la ciudad bonaerense. En 1937 se plant\u00f3 en el parque y en 1941 fue declarado como \u00c1rbol de Azul. Mientras que en 1946 el pino de San Lorenzo original, ubicado en el municipio de San Lorenzo (Santa Fe), recibi\u00f3 la declaratoria de \u00c1rbol Hist\u00f3rico Nacional porque bajo su sombra el general San Mart\u00edn dict\u00f3 al teniente Mariano Necochea el parte sobre el triunfo de la Batalla de San Lorenzo en 1813.<\/p>\n<p>&nbsp;<\/p>\n<p><b>El estilo de Thays en Tornquist y Lobos<\/b><\/p>\n<p>El paisajista franc\u00e9s Carlos Thays dej\u00f3 su legado en parquizaciones de estancias y espacios p\u00fablicos de la provincia de Buenos Aires, entre finales del siglo XIX y principios del XX. Fue un pionero en el paisajismo vern\u00e1culo y su estilo se caracteriz\u00f3 por la combinaci\u00f3n de l\u00edneas curvas y rectas, la presencia de estanques, fuentes o espejos de agua y un profundo conocimiento de la flora aut\u00f3ctona. Thays dise\u00f1\u00f3 la plaza Ernesto Tornquist que se construy\u00f3 alrededor de la iglesia Santa Rosa de Lima del municipio hom\u00f3nimo. El predio contaba con un arbolado perimetral de Pinus Halepensis \u201cpara contener el azote de los vientos y proteger las plantas internas\u201d, explic\u00f3 Mariano Spaltini del museo municipal Casa de la Historia.<\/p>\n<p>El parque tiene senderos arbolados y un puente que atraviesa el lago con espacios para sentarse y hacer una pausa natural.<\/p>\n<p>En Lobos, el paisajista galo dibuj\u00f3 con precisi\u00f3n y creatividad los jardines de la estancia La Candelaria. El parque tiene m\u00e1s de cien hect\u00e1reas y 240 especies vegetales.<\/p>\n<p>El 80 por ciento de los \u00e1rboles fueron plantados en edad adulta y de esa manera se logr\u00f3 un paisaje imponente desde el inicio del proyecto. Se caracteriza por su forma irregular que genera en los visitantes la sensaci\u00f3n de constante descubrimiento.<\/p>\n<p>Adem\u00e1s, durante el tour bot\u00e1nico los turistas se enamoran de la gama de verdes de la pampa h\u00fameda.<\/p>\n<p>El castillo de estilo normando y las calles de la estancia est\u00e1n rodeados por araucarias, palmeras, casuarinas, cedros, pinos y omb\u00faes. Son el marco de un cuadro perfecto.<\/p>\n<p>Cuatro municipios que proponen un itinerario de conexi\u00f3n con la naturaleza, para agendar y planificar una escapada cuando podamos volver a viajar.<\/p>\n<p>&nbsp;<\/p>\n<p><b>Cr\u00e9dito-fotos<\/b><\/p>\n<p><span style=\"font-family: Tahoma, sans-serif;\"><b>Lobos-La Candelaria:\u00a0<\/b>Estancia La Candelaria<\/span><\/p>\n<p><span style=\"font-family: Tahoma, sans-serif;\"><b>Plaza Ernesto Tornquist<\/b>: Municipio de Tornquist<\/span><\/p>\n","protected":false},"excerpt":{"rendered":"<p>El patrimonio paisaj\u00edstico de la provincia de Buenos Aires atesora \u00e1rboles testigos de hechos emblem\u00e1ticos de la historia nacional, parques dise\u00f1ados por innovadores paisajistas durante la primera mitad del siglo XX y ciudades que hicieron de la forestaci\u00f3n su principal rasgo urban\u00edstico. Este domingo se celebrar\u00e1 el D\u00eda Mundial del \u00c1rbol, motivo oportuno para conocer [&hellip;]<\/p>\n","protected":false},"author":3,"featured_media":0,"comment_status":"closed","ping_status":"open","sticky":false,"template":"","format":"standard","meta":{"footnotes":""},"categories":[33],"tags":[],"class_list":["post-43701","post","type-post","status-publish","format-standard","hentry","category-turismo"],"yoast_head":"<!-- This site is optimized with the Yoast SEO plugin v25.9 - https:\/\/yoast.com\/wordpress\/plugins\/seo\/ -->\n<title>&quot;D\u00eda del \u00c1rbol&quot; - Cuatro destinos para conocer a trav\u00e9s de sus parques y jardines. - Noticias Radio Reflejos<\/title>\n<meta name=\"robots\" content=\"index, follow, max-snippet:-1, max-image-preview:large, max-video-preview:-1\" \/>\n<link rel=\"canonical\" href=\"https:\/\/www.noticiasradioreflejos.com.ar\/2021\/dia-del-arbol-cuatro-destinos-para-conocer-a-traves-de-sus-parques-y-jardines\/\" \/>\n<meta property=\"og:locale\" content=\"es_ES\" \/>\n<meta property=\"og:type\" content=\"article\" \/>\n<meta property=\"og:title\" content=\"&quot;D\u00eda del \u00c1rbol&quot; - Cuatro destinos para conocer a trav\u00e9s de sus parques y jardines. - Noticias Radio Reflejos\" \/>\n<meta property=\"og:description\" content=\"El patrimonio paisaj\u00edstico de la provincia de Buenos Aires atesora \u00e1rboles testigos de hechos emblem\u00e1ticos de la historia nacional, parques dise\u00f1ados por innovadores paisajistas durante la primera mitad del siglo XX y ciudades que hicieron de la forestaci\u00f3n su principal rasgo urban\u00edstico. Este domingo se celebrar\u00e1 el D\u00eda Mundial del \u00c1rbol, motivo oportuno para conocer [&hellip;]\" \/>\n<meta property=\"og:url\" content=\"https:\/\/www.noticiasradioreflejos.com.ar\/2021\/dia-del-arbol-cuatro-destinos-para-conocer-a-traves-de-sus-parques-y-jardines\/\" \/>\n<meta property=\"og:site_name\" content=\"Noticias Radio Reflejos\" \/>\n<meta property=\"article:published_time\" content=\"2020-06-26T14:53:18+00:00\" \/>\n<meta property=\"og:image\" content=\"http:\/\/live.staticflickr.com\/65535\/50047526612_41265ced06.jpg\" \/>\n<meta name=\"author\" content=\"Arnaldo Botto\" \/>\n<meta name=\"twitter:card\" content=\"summary_large_image\" \/>\n<script type=\"application\/ld+json\" class=\"yoast-schema-graph\">{\"@context\":\"https:\/\/schema.org\",\"@graph\":[{\"@type\":\"WebPage\",\"@id\":\"https:\/\/www.noticiasradioreflejos.com.ar\/2021\/dia-del-arbol-cuatro-destinos-para-conocer-a-traves-de-sus-parques-y-jardines\/\",\"url\":\"https:\/\/www.noticiasradioreflejos.com.ar\/2021\/dia-del-arbol-cuatro-destinos-para-conocer-a-traves-de-sus-parques-y-jardines\/\",\"name\":\"\\\"D\u00eda del \u00c1rbol\\\" - Cuatro destinos para conocer a trav\u00e9s de sus parques y jardines. - Noticias Radio Reflejos\",\"isPartOf\":{\"@id\":\"https:\/\/www.noticiasradioreflejos.com.ar\/2021\/#website\"},\"primaryImageOfPage\":{\"@id\":\"https:\/\/www.noticiasradioreflejos.com.ar\/2021\/dia-del-arbol-cuatro-destinos-para-conocer-a-traves-de-sus-parques-y-jardines\/#primaryimage\"},\"image\":{\"@id\":\"https:\/\/www.noticiasradioreflejos.com.ar\/2021\/dia-del-arbol-cuatro-destinos-para-conocer-a-traves-de-sus-parques-y-jardines\/#primaryimage\"},\"thumbnailUrl\":\"http:\/\/live.staticflickr.com\/65535\/50047526612_41265ced06.jpg\",\"datePublished\":\"2020-06-26T14:53:18+00:00\",\"author\":{\"@id\":\"https:\/\/www.noticiasradioreflejos.com.ar\/2021\/#\/schema\/person\/ad82545263dcc5ec0996818884fd5fb1\"},\"breadcrumb\":{\"@id\":\"https:\/\/www.noticiasradioreflejos.com.ar\/2021\/dia-del-arbol-cuatro-destinos-para-conocer-a-traves-de-sus-parques-y-jardines\/#breadcrumb\"},\"inLanguage\":\"es\",\"potentialAction\":[{\"@type\":\"ReadAction\",\"target\":[\"https:\/\/www.noticiasradioreflejos.com.ar\/2021\/dia-del-arbol-cuatro-destinos-para-conocer-a-traves-de-sus-parques-y-jardines\/\"]}]},{\"@type\":\"ImageObject\",\"inLanguage\":\"es\",\"@id\":\"https:\/\/www.noticiasradioreflejos.com.ar\/2021\/dia-del-arbol-cuatro-destinos-para-conocer-a-traves-de-sus-parques-y-jardines\/#primaryimage\",\"url\":\"http:\/\/live.staticflickr.com\/65535\/50047526612_41265ced06.jpg\",\"contentUrl\":\"http:\/\/live.staticflickr.com\/65535\/50047526612_41265ced06.jpg\"},{\"@type\":\"BreadcrumbList\",\"@id\":\"https:\/\/www.noticiasradioreflejos.com.ar\/2021\/dia-del-arbol-cuatro-destinos-para-conocer-a-traves-de-sus-parques-y-jardines\/#breadcrumb\",\"itemListElement\":[{\"@type\":\"ListItem\",\"position\":1,\"name\":\"Portada\",\"item\":\"https:\/\/www.noticiasradioreflejos.com.ar\/2021\/\"},{\"@type\":\"ListItem\",\"position\":2,\"name\":\"\u00abD\u00eda del \u00c1rbol\u00bb &#8211; Cuatro destinos para conocer a trav\u00e9s de sus parques y jardines.\"}]},{\"@type\":\"WebSite\",\"@id\":\"https:\/\/www.noticiasradioreflejos.com.ar\/2021\/#website\",\"url\":\"https:\/\/www.noticiasradioreflejos.com.ar\/2021\/\",\"name\":\"Noticias Radio Reflejos\",\"description\":\"Las noticias de mi comarca\",\"potentialAction\":[{\"@type\":\"SearchAction\",\"target\":{\"@type\":\"EntryPoint\",\"urlTemplate\":\"https:\/\/www.noticiasradioreflejos.com.ar\/2021\/?s={search_term_string}\"},\"query-input\":{\"@type\":\"PropertyValueSpecification\",\"valueRequired\":true,\"valueName\":\"search_term_string\"}}],\"inLanguage\":\"es\"},{\"@type\":\"Person\",\"@id\":\"https:\/\/www.noticiasradioreflejos.com.ar\/2021\/#\/schema\/person\/ad82545263dcc5ec0996818884fd5fb1\",\"name\":\"Arnaldo Botto\",\"image\":{\"@type\":\"ImageObject\",\"inLanguage\":\"es\",\"@id\":\"https:\/\/www.noticiasradioreflejos.com.ar\/2021\/#\/schema\/person\/image\/\",\"url\":\"https:\/\/secure.gravatar.com\/avatar\/55cb5e37c1efa326397366e6974cb338056df65cb50e7d64d1cf314e87504837?s=96&d=mm&r=g\",\"contentUrl\":\"https:\/\/secure.gravatar.com\/avatar\/55cb5e37c1efa326397366e6974cb338056df65cb50e7d64d1cf314e87504837?s=96&d=mm&r=g\",\"caption\":\"Arnaldo Botto\"},\"url\":\"https:\/\/www.noticiasradioreflejos.com.ar\/2021\/author\/arnaldo\/\"}]}<\/script>\n<!-- \/ Yoast SEO plugin. -->","yoast_head_json":{"title":"\"D\u00eda del \u00c1rbol\" - Cuatro destinos para conocer a trav\u00e9s de sus parques y jardines. - Noticias Radio Reflejos","robots":{"index":"index","follow":"follow","max-snippet":"max-snippet:-1","max-image-preview":"max-image-preview:large","max-video-preview":"max-video-preview:-1"},"canonical":"https:\/\/www.noticiasradioreflejos.com.ar\/2021\/dia-del-arbol-cuatro-destinos-para-conocer-a-traves-de-sus-parques-y-jardines\/","og_locale":"es_ES","og_type":"article","og_title":"\"D\u00eda del \u00c1rbol\" - Cuatro destinos para conocer a trav\u00e9s de sus parques y jardines. - Noticias Radio Reflejos","og_description":"El patrimonio paisaj\u00edstico de la provincia de Buenos Aires atesora \u00e1rboles testigos de hechos emblem\u00e1ticos de la historia nacional, parques dise\u00f1ados por innovadores paisajistas durante la primera mitad del siglo XX y ciudades que hicieron de la forestaci\u00f3n su principal rasgo urban\u00edstico. Este domingo se celebrar\u00e1 el D\u00eda Mundial del \u00c1rbol, motivo oportuno para conocer [&hellip;]","og_url":"https:\/\/www.noticiasradioreflejos.com.ar\/2021\/dia-del-arbol-cuatro-destinos-para-conocer-a-traves-de-sus-parques-y-jardines\/","og_site_name":"Noticias Radio Reflejos","article_published_time":"2020-06-26T14:53:18+00:00","og_image":[{"url":"http:\/\/live.staticflickr.com\/65535\/50047526612_41265ced06.jpg","type":"","width":"","height":""}],"author":"Arnaldo Botto","twitter_card":"summary_large_image","schema":{"@context":"https:\/\/schema.org","@graph":[{"@type":"WebPage","@id":"https:\/\/www.noticiasradioreflejos.com.ar\/2021\/dia-del-arbol-cuatro-destinos-para-conocer-a-traves-de-sus-parques-y-jardines\/","url":"https:\/\/www.noticiasradioreflejos.com.ar\/2021\/dia-del-arbol-cuatro-destinos-para-conocer-a-traves-de-sus-parques-y-jardines\/","name":"\"D\u00eda del \u00c1rbol\" - Cuatro destinos para conocer a trav\u00e9s de sus parques y jardines. - Noticias Radio Reflejos","isPartOf":{"@id":"https:\/\/www.noticiasradioreflejos.com.ar\/2021\/#website"},"primaryImageOfPage":{"@id":"https:\/\/www.noticiasradioreflejos.com.ar\/2021\/dia-del-arbol-cuatro-destinos-para-conocer-a-traves-de-sus-parques-y-jardines\/#primaryimage"},"image":{"@id":"https:\/\/www.noticiasradioreflejos.com.ar\/2021\/dia-del-arbol-cuatro-destinos-para-conocer-a-traves-de-sus-parques-y-jardines\/#primaryimage"},"thumbnailUrl":"http:\/\/live.staticflickr.com\/65535\/50047526612_41265ced06.jpg","datePublished":"2020-06-26T14:53:18+00:00","author":{"@id":"https:\/\/www.noticiasradioreflejos.com.ar\/2021\/#\/schema\/person\/ad82545263dcc5ec0996818884fd5fb1"},"breadcrumb":{"@id":"https:\/\/www.noticiasradioreflejos.com.ar\/2021\/dia-del-arbol-cuatro-destinos-para-conocer-a-traves-de-sus-parques-y-jardines\/#breadcrumb"},"inLanguage":"es","potentialAction":[{"@type":"ReadAction","target":["https:\/\/www.noticiasradioreflejos.com.ar\/2021\/dia-del-arbol-cuatro-destinos-para-conocer-a-traves-de-sus-parques-y-jardines\/"]}]},{"@type":"ImageObject","inLanguage":"es","@id":"https:\/\/www.noticiasradioreflejos.com.ar\/2021\/dia-del-arbol-cuatro-destinos-para-conocer-a-traves-de-sus-parques-y-jardines\/#primaryimage","url":"http:\/\/live.staticflickr.com\/65535\/50047526612_41265ced06.jpg","contentUrl":"http:\/\/live.staticflickr.com\/65535\/50047526612_41265ced06.jpg"},{"@type":"BreadcrumbList","@id":"https:\/\/www.noticiasradioreflejos.com.ar\/2021\/dia-del-arbol-cuatro-destinos-para-conocer-a-traves-de-sus-parques-y-jardines\/#breadcrumb","itemListElement":[{"@type":"ListItem","position":1,"name":"Portada","item":"https:\/\/www.noticiasradioreflejos.com.ar\/2021\/"},{"@type":"ListItem","position":2,"name":"\u00abD\u00eda del \u00c1rbol\u00bb &#8211; Cuatro destinos para conocer a trav\u00e9s de sus parques y jardines."}]},{"@type":"WebSite","@id":"https:\/\/www.noticiasradioreflejos.com.ar\/2021\/#website","url":"https:\/\/www.noticiasradioreflejos.com.ar\/2021\/","name":"Noticias Radio Reflejos","description":"Las noticias de mi comarca","potentialAction":[{"@type":"SearchAction","target":{"@type":"EntryPoint","urlTemplate":"https:\/\/www.noticiasradioreflejos.com.ar\/2021\/?s={search_term_string}"},"query-input":{"@type":"PropertyValueSpecification","valueRequired":true,"valueName":"search_term_string"}}],"inLanguage":"es"},{"@type":"Person","@id":"https:\/\/www.noticiasradioreflejos.com.ar\/2021\/#\/schema\/person\/ad82545263dcc5ec0996818884fd5fb1","name":"Arnaldo Botto","image":{"@type":"ImageObject","inLanguage":"es","@id":"https:\/\/www.noticiasradioreflejos.com.ar\/2021\/#\/schema\/person\/image\/","url":"https:\/\/secure.gravatar.com\/avatar\/55cb5e37c1efa326397366e6974cb338056df65cb50e7d64d1cf314e87504837?s=96&d=mm&r=g","contentUrl":"https:\/\/secure.gravatar.com\/avatar\/55cb5e37c1efa326397366e6974cb338056df65cb50e7d64d1cf314e87504837?s=96&d=mm&r=g","caption":"Arnaldo Botto"},"url":"https:\/\/www.noticiasradioreflejos.com.ar\/2021\/author\/arnaldo\/"}]}},"_links":{"self":[{"href":"https:\/\/www.noticiasradioreflejos.com.ar\/2021\/wp-json\/wp\/v2\/posts\/43701","targetHints":{"allow":["GET"]}}],"collection":[{"href":"https:\/\/www.noticiasradioreflejos.com.ar\/2021\/wp-json\/wp\/v2\/posts"}],"about":[{"href":"https:\/\/www.noticiasradioreflejos.com.ar\/2021\/wp-json\/wp\/v2\/types\/post"}],"author":[{"embeddable":true,"href":"https:\/\/www.noticiasradioreflejos.com.ar\/2021\/wp-json\/wp\/v2\/users\/3"}],"replies":[{"embeddable":true,"href":"https:\/\/www.noticiasradioreflejos.com.ar\/2021\/wp-json\/wp\/v2\/comments?post=43701"}],"version-history":[{"count":0,"href":"https:\/\/www.noticiasradioreflejos.com.ar\/2021\/wp-json\/wp\/v2\/posts\/43701\/revisions"}],"wp:attachment":[{"href":"https:\/\/www.noticiasradioreflejos.com.ar\/2021\/wp-json\/wp\/v2\/media?parent=43701"}],"wp:term":[{"taxonomy":"category","embeddable":true,"href":"https:\/\/www.noticiasradioreflejos.com.ar\/2021\/wp-json\/wp\/v2\/categories?post=43701"},{"taxonomy":"post_tag","embeddable":true,"href":"https:\/\/www.noticiasradioreflejos.com.ar\/2021\/wp-json\/wp\/v2\/tags?post=43701"}],"curies":[{"name":"wp","href":"https:\/\/api.w.org\/{rel}","templated":true}]}}