{"id":43694,"date":"2020-06-26T11:17:18","date_gmt":"2020-06-26T14:17:18","guid":{"rendered":"http:\/\/www.noticiasradioreflejos.com.ar\/noticias\/?p=43694"},"modified":"2020-06-26T11:17:18","modified_gmt":"2020-06-26T14:17:18","slug":"triple-choque-en-cadena-en-la-ruta-33-un-herido-hospitalizado","status":"publish","type":"post","link":"https:\/\/www.noticiasradioreflejos.com.ar\/2021\/triple-choque-en-cadena-en-la-ruta-33-un-herido-hospitalizado\/","title":{"rendered":"Triple Choque en cadena en la ruta 33. Un herido hospitalizado"},"content":{"rendered":"<p><a title=\"75633a1d32c04053bd4fb54719250085.jpg_627\" href=\"http:\/\/live.staticflickr.com\/65535\/50047156861_8f5ed1d283_s.jpg\" rel=\"\"><img loading=\"lazy\" decoding=\"async\" class=\"alignleft\" style=\"float: left;\" title=\"75633a1d32c04053bd4fb54719250085.jpg_627\" src=\"http:\/\/live.staticflickr.com\/65535\/50047156861_8f5ed1d283.jpg\" alt=\"75633a1d32c04053bd4fb54719250085.jpg_627\" width=\"500\" height=\"500\" \/><\/a>Tres veh\u00edculos participaron de la colisi\u00f3n en el kil\u00f3metro 115 entre Pigue y Goyena.<!--more--><br \/>\nTres veh\u00edculos chocados y una persona hospitalizada fue el saldo de un accidente en cadena que se registr\u00f3 en las primeras horas de la tarde de este jueves, en el kil\u00f3metro 115 de la ruta nacional 33 entre Pig\u00fce y Goyena.<br \/>\nAll\u00ed una combi marca Citro\u00ebn Jumper se encontraba detenida sobre la cinta asf\u00e1ltica debido a que en ese sector se est\u00e1n realizando tareas de reparaci\u00f3n; cuando fue embestida por un autom\u00f3vil Honda Civic al mando de una mujer oriunda de Pig\u00fc\u00e9, auto que seguidamente tambi\u00e9n fue chocado por una camioneta Ford Ranger conducida por un vecino de Goyena.<br \/>\nEl conductor de la combi y la mujer que guiaba el Honda resultaron ilesos. La Polic\u00eda de Saavedra ampli\u00f3 en un parte que se trataba de :<\/p>\n<p><a title=\"a115d92026ba4b388e9b57bc59255644.jpg_720\" href=\"http:\/\/live.staticflickr.com\/65535\/50047415477_1cec223616_s.jpg\" rel=\"\"><img loading=\"lazy\" decoding=\"async\" class=\"alignleft\" style=\"float: left;\" title=\"a115d92026ba4b388e9b57bc59255644.jpg_720\" src=\"http:\/\/live.staticflickr.com\/65535\/50047415477_1cec223616_z.jpg\" alt=\"a115d92026ba4b388e9b57bc59255644.jpg_720\" width=\"480\" height=\"640\" \/><\/a>Una camioneta marca Ford Ranger conducido por NICOLAS ALFREDO AVONDET (65), una Combi Citroen conducida por SANTIAGO MIRCO ALONSO (50) y un veh\u00edculo sedan Honda Civic, conducido por MAR\u00cdA LUZ REGUERA (46).Como consecuencia del choque AVONDE fue trasladado Hospital Municipal de Pig\u00fc\u00e9.<br \/>\nEl resto de los involucrados resultaron ilesos, cabe destacar que ning\u00fan veh\u00edculo transportaba un segundo ocupante.<\/p>\n<p>El tr\u00e1nsito permaneci\u00f3 interrumpido por unas horas, mientras Personal de Bomberos Voluntarios de la localidad de Saavedra, Personal de Salud y Polic\u00eda Cient\u00edfica, desarrollaban sus tareas. A las 16:30 hs se normaliz\u00f3 la circulaci\u00f3n. Interviene Ayudant\u00eda Fiscal Pig\u00fc\u00e9 a cargo del Dr. Adri\u00e1n Montero.<\/p>\n<p><a title=\"3897b024e053447680aa346036c0353f.jpg_720\" href=\"http:\/\/live.staticflickr.com\/65535\/50047156946_2ca1d421f3_s.jpg\" rel=\"\"><img loading=\"lazy\" decoding=\"async\" class=\"aligncenter\" title=\"3897b024e053447680aa346036c0353f.jpg_720\" src=\"http:\/\/live.staticflickr.com\/65535\/50047156946_2ca1d421f3_z.jpg\" alt=\"3897b024e053447680aa346036c0353f.jpg_720\" width=\"640\" height=\"480\" \/><\/a><\/p>\n<p>Fuente: Noticias Tornquist<\/p>\n","protected":false},"excerpt":{"rendered":"<p>Tres veh\u00edculos participaron de la colisi\u00f3n en el kil\u00f3metro 115 entre Pigue y Goyena.<\/p>\n","protected":false},"author":3,"featured_media":0,"comment_status":"closed","ping_status":"open","sticky":false,"template":"","format":"standard","meta":{"footnotes":""},"categories":[29],"tags":[],"class_list":["post-43694","post","type-post","status-publish","format-standard","hentry","category-policiales"],"yoast_head":"<!-- This site is optimized with the Yoast SEO plugin v25.9 - https:\/\/yoast.com\/wordpress\/plugins\/seo\/ -->\n<title>Triple Choque en cadena en la ruta 33. Un herido hospitalizado - Noticias Radio Reflejos<\/title>\n<meta name=\"robots\" content=\"index, follow, max-snippet:-1, max-image-preview:large, max-video-preview:-1\" \/>\n<link rel=\"canonical\" href=\"https:\/\/www.noticiasradioreflejos.com.ar\/2021\/triple-choque-en-cadena-en-la-ruta-33-un-herido-hospitalizado\/\" \/>\n<meta property=\"og:locale\" content=\"es_ES\" \/>\n<meta property=\"og:type\" content=\"article\" \/>\n<meta property=\"og:title\" content=\"Triple Choque en cadena en la ruta 33. Un herido hospitalizado - Noticias Radio Reflejos\" \/>\n<meta property=\"og:description\" content=\"Tres veh\u00edculos participaron de la colisi\u00f3n en el kil\u00f3metro 115 entre Pigue y Goyena.\" \/>\n<meta property=\"og:url\" content=\"https:\/\/www.noticiasradioreflejos.com.ar\/2021\/triple-choque-en-cadena-en-la-ruta-33-un-herido-hospitalizado\/\" \/>\n<meta property=\"og:site_name\" content=\"Noticias Radio Reflejos\" \/>\n<meta property=\"article:published_time\" content=\"2020-06-26T14:17:18+00:00\" \/>\n<meta property=\"og:image\" content=\"http:\/\/live.staticflickr.com\/65535\/50047156861_8f5ed1d283.jpg\" \/>\n<meta name=\"author\" content=\"Arnaldo Botto\" \/>\n<meta name=\"twitter:card\" content=\"summary_large_image\" \/>\n<script type=\"application\/ld+json\" class=\"yoast-schema-graph\">{\"@context\":\"https:\/\/schema.org\",\"@graph\":[{\"@type\":\"WebPage\",\"@id\":\"https:\/\/www.noticiasradioreflejos.com.ar\/2021\/triple-choque-en-cadena-en-la-ruta-33-un-herido-hospitalizado\/\",\"url\":\"https:\/\/www.noticiasradioreflejos.com.ar\/2021\/triple-choque-en-cadena-en-la-ruta-33-un-herido-hospitalizado\/\",\"name\":\"Triple Choque en cadena en la ruta 33. Un herido hospitalizado - Noticias Radio Reflejos\",\"isPartOf\":{\"@id\":\"https:\/\/www.noticiasradioreflejos.com.ar\/2021\/#website\"},\"primaryImageOfPage\":{\"@id\":\"https:\/\/www.noticiasradioreflejos.com.ar\/2021\/triple-choque-en-cadena-en-la-ruta-33-un-herido-hospitalizado\/#primaryimage\"},\"image\":{\"@id\":\"https:\/\/www.noticiasradioreflejos.com.ar\/2021\/triple-choque-en-cadena-en-la-ruta-33-un-herido-hospitalizado\/#primaryimage\"},\"thumbnailUrl\":\"http:\/\/live.staticflickr.com\/65535\/50047156861_8f5ed1d283.jpg\",\"datePublished\":\"2020-06-26T14:17:18+00:00\",\"author\":{\"@id\":\"https:\/\/www.noticiasradioreflejos.com.ar\/2021\/#\/schema\/person\/ad82545263dcc5ec0996818884fd5fb1\"},\"breadcrumb\":{\"@id\":\"https:\/\/www.noticiasradioreflejos.com.ar\/2021\/triple-choque-en-cadena-en-la-ruta-33-un-herido-hospitalizado\/#breadcrumb\"},\"inLanguage\":\"es\",\"potentialAction\":[{\"@type\":\"ReadAction\",\"target\":[\"https:\/\/www.noticiasradioreflejos.com.ar\/2021\/triple-choque-en-cadena-en-la-ruta-33-un-herido-hospitalizado\/\"]}]},{\"@type\":\"ImageObject\",\"inLanguage\":\"es\",\"@id\":\"https:\/\/www.noticiasradioreflejos.com.ar\/2021\/triple-choque-en-cadena-en-la-ruta-33-un-herido-hospitalizado\/#primaryimage\",\"url\":\"http:\/\/live.staticflickr.com\/65535\/50047156861_8f5ed1d283.jpg\",\"contentUrl\":\"http:\/\/live.staticflickr.com\/65535\/50047156861_8f5ed1d283.jpg\"},{\"@type\":\"BreadcrumbList\",\"@id\":\"https:\/\/www.noticiasradioreflejos.com.ar\/2021\/triple-choque-en-cadena-en-la-ruta-33-un-herido-hospitalizado\/#breadcrumb\",\"itemListElement\":[{\"@type\":\"ListItem\",\"position\":1,\"name\":\"Portada\",\"item\":\"https:\/\/www.noticiasradioreflejos.com.ar\/2021\/\"},{\"@type\":\"ListItem\",\"position\":2,\"name\":\"Triple Choque en cadena en la ruta 33. Un herido hospitalizado\"}]},{\"@type\":\"WebSite\",\"@id\":\"https:\/\/www.noticiasradioreflejos.com.ar\/2021\/#website\",\"url\":\"https:\/\/www.noticiasradioreflejos.com.ar\/2021\/\",\"name\":\"Noticias Radio Reflejos\",\"description\":\"Las noticias de mi comarca\",\"potentialAction\":[{\"@type\":\"SearchAction\",\"target\":{\"@type\":\"EntryPoint\",\"urlTemplate\":\"https:\/\/www.noticiasradioreflejos.com.ar\/2021\/?s={search_term_string}\"},\"query-input\":{\"@type\":\"PropertyValueSpecification\",\"valueRequired\":true,\"valueName\":\"search_term_string\"}}],\"inLanguage\":\"es\"},{\"@type\":\"Person\",\"@id\":\"https:\/\/www.noticiasradioreflejos.com.ar\/2021\/#\/schema\/person\/ad82545263dcc5ec0996818884fd5fb1\",\"name\":\"Arnaldo Botto\",\"image\":{\"@type\":\"ImageObject\",\"inLanguage\":\"es\",\"@id\":\"https:\/\/www.noticiasradioreflejos.com.ar\/2021\/#\/schema\/person\/image\/\",\"url\":\"https:\/\/secure.gravatar.com\/avatar\/55cb5e37c1efa326397366e6974cb338056df65cb50e7d64d1cf314e87504837?s=96&d=mm&r=g\",\"contentUrl\":\"https:\/\/secure.gravatar.com\/avatar\/55cb5e37c1efa326397366e6974cb338056df65cb50e7d64d1cf314e87504837?s=96&d=mm&r=g\",\"caption\":\"Arnaldo Botto\"},\"url\":\"https:\/\/www.noticiasradioreflejos.com.ar\/2021\/author\/arnaldo\/\"}]}<\/script>\n<!-- \/ Yoast SEO plugin. -->","yoast_head_json":{"title":"Triple Choque en cadena en la ruta 33. Un herido hospitalizado - Noticias Radio Reflejos","robots":{"index":"index","follow":"follow","max-snippet":"max-snippet:-1","max-image-preview":"max-image-preview:large","max-video-preview":"max-video-preview:-1"},"canonical":"https:\/\/www.noticiasradioreflejos.com.ar\/2021\/triple-choque-en-cadena-en-la-ruta-33-un-herido-hospitalizado\/","og_locale":"es_ES","og_type":"article","og_title":"Triple Choque en cadena en la ruta 33. Un herido hospitalizado - Noticias Radio Reflejos","og_description":"Tres veh\u00edculos participaron de la colisi\u00f3n en el kil\u00f3metro 115 entre Pigue y Goyena.","og_url":"https:\/\/www.noticiasradioreflejos.com.ar\/2021\/triple-choque-en-cadena-en-la-ruta-33-un-herido-hospitalizado\/","og_site_name":"Noticias Radio Reflejos","article_published_time":"2020-06-26T14:17:18+00:00","og_image":[{"url":"http:\/\/live.staticflickr.com\/65535\/50047156861_8f5ed1d283.jpg","type":"","width":"","height":""}],"author":"Arnaldo Botto","twitter_card":"summary_large_image","schema":{"@context":"https:\/\/schema.org","@graph":[{"@type":"WebPage","@id":"https:\/\/www.noticiasradioreflejos.com.ar\/2021\/triple-choque-en-cadena-en-la-ruta-33-un-herido-hospitalizado\/","url":"https:\/\/www.noticiasradioreflejos.com.ar\/2021\/triple-choque-en-cadena-en-la-ruta-33-un-herido-hospitalizado\/","name":"Triple Choque en cadena en la ruta 33. Un herido hospitalizado - Noticias Radio Reflejos","isPartOf":{"@id":"https:\/\/www.noticiasradioreflejos.com.ar\/2021\/#website"},"primaryImageOfPage":{"@id":"https:\/\/www.noticiasradioreflejos.com.ar\/2021\/triple-choque-en-cadena-en-la-ruta-33-un-herido-hospitalizado\/#primaryimage"},"image":{"@id":"https:\/\/www.noticiasradioreflejos.com.ar\/2021\/triple-choque-en-cadena-en-la-ruta-33-un-herido-hospitalizado\/#primaryimage"},"thumbnailUrl":"http:\/\/live.staticflickr.com\/65535\/50047156861_8f5ed1d283.jpg","datePublished":"2020-06-26T14:17:18+00:00","author":{"@id":"https:\/\/www.noticiasradioreflejos.com.ar\/2021\/#\/schema\/person\/ad82545263dcc5ec0996818884fd5fb1"},"breadcrumb":{"@id":"https:\/\/www.noticiasradioreflejos.com.ar\/2021\/triple-choque-en-cadena-en-la-ruta-33-un-herido-hospitalizado\/#breadcrumb"},"inLanguage":"es","potentialAction":[{"@type":"ReadAction","target":["https:\/\/www.noticiasradioreflejos.com.ar\/2021\/triple-choque-en-cadena-en-la-ruta-33-un-herido-hospitalizado\/"]}]},{"@type":"ImageObject","inLanguage":"es","@id":"https:\/\/www.noticiasradioreflejos.com.ar\/2021\/triple-choque-en-cadena-en-la-ruta-33-un-herido-hospitalizado\/#primaryimage","url":"http:\/\/live.staticflickr.com\/65535\/50047156861_8f5ed1d283.jpg","contentUrl":"http:\/\/live.staticflickr.com\/65535\/50047156861_8f5ed1d283.jpg"},{"@type":"BreadcrumbList","@id":"https:\/\/www.noticiasradioreflejos.com.ar\/2021\/triple-choque-en-cadena-en-la-ruta-33-un-herido-hospitalizado\/#breadcrumb","itemListElement":[{"@type":"ListItem","position":1,"name":"Portada","item":"https:\/\/www.noticiasradioreflejos.com.ar\/2021\/"},{"@type":"ListItem","position":2,"name":"Triple Choque en cadena en la ruta 33. Un herido hospitalizado"}]},{"@type":"WebSite","@id":"https:\/\/www.noticiasradioreflejos.com.ar\/2021\/#website","url":"https:\/\/www.noticiasradioreflejos.com.ar\/2021\/","name":"Noticias Radio Reflejos","description":"Las noticias de mi comarca","potentialAction":[{"@type":"SearchAction","target":{"@type":"EntryPoint","urlTemplate":"https:\/\/www.noticiasradioreflejos.com.ar\/2021\/?s={search_term_string}"},"query-input":{"@type":"PropertyValueSpecification","valueRequired":true,"valueName":"search_term_string"}}],"inLanguage":"es"},{"@type":"Person","@id":"https:\/\/www.noticiasradioreflejos.com.ar\/2021\/#\/schema\/person\/ad82545263dcc5ec0996818884fd5fb1","name":"Arnaldo Botto","image":{"@type":"ImageObject","inLanguage":"es","@id":"https:\/\/www.noticiasradioreflejos.com.ar\/2021\/#\/schema\/person\/image\/","url":"https:\/\/secure.gravatar.com\/avatar\/55cb5e37c1efa326397366e6974cb338056df65cb50e7d64d1cf314e87504837?s=96&d=mm&r=g","contentUrl":"https:\/\/secure.gravatar.com\/avatar\/55cb5e37c1efa326397366e6974cb338056df65cb50e7d64d1cf314e87504837?s=96&d=mm&r=g","caption":"Arnaldo Botto"},"url":"https:\/\/www.noticiasradioreflejos.com.ar\/2021\/author\/arnaldo\/"}]}},"_links":{"self":[{"href":"https:\/\/www.noticiasradioreflejos.com.ar\/2021\/wp-json\/wp\/v2\/posts\/43694","targetHints":{"allow":["GET"]}}],"collection":[{"href":"https:\/\/www.noticiasradioreflejos.com.ar\/2021\/wp-json\/wp\/v2\/posts"}],"about":[{"href":"https:\/\/www.noticiasradioreflejos.com.ar\/2021\/wp-json\/wp\/v2\/types\/post"}],"author":[{"embeddable":true,"href":"https:\/\/www.noticiasradioreflejos.com.ar\/2021\/wp-json\/wp\/v2\/users\/3"}],"replies":[{"embeddable":true,"href":"https:\/\/www.noticiasradioreflejos.com.ar\/2021\/wp-json\/wp\/v2\/comments?post=43694"}],"version-history":[{"count":0,"href":"https:\/\/www.noticiasradioreflejos.com.ar\/2021\/wp-json\/wp\/v2\/posts\/43694\/revisions"}],"wp:attachment":[{"href":"https:\/\/www.noticiasradioreflejos.com.ar\/2021\/wp-json\/wp\/v2\/media?parent=43694"}],"wp:term":[{"taxonomy":"category","embeddable":true,"href":"https:\/\/www.noticiasradioreflejos.com.ar\/2021\/wp-json\/wp\/v2\/categories?post=43694"},{"taxonomy":"post_tag","embeddable":true,"href":"https:\/\/www.noticiasradioreflejos.com.ar\/2021\/wp-json\/wp\/v2\/tags?post=43694"}],"curies":[{"name":"wp","href":"https:\/\/api.w.org\/{rel}","templated":true}]}}