{"id":43647,"date":"2020-06-25T08:24:24","date_gmt":"2020-06-25T11:24:24","guid":{"rendered":"http:\/\/www.noticiasradioreflejos.com.ar\/noticias\/?p=43647"},"modified":"2020-06-25T08:24:24","modified_gmt":"2020-06-25T11:24:24","slug":"abrigo-para-todos-ha-sido-un-exito","status":"publish","type":"post","link":"https:\/\/www.noticiasradioreflejos.com.ar\/2021\/abrigo-para-todos-ha-sido-un-exito\/","title":{"rendered":"ABRIGO PARA TODOS, ha sido un \u00e9xito."},"content":{"rendered":"<p><a href=\"http:\/\/www.noticiasradioreflejos.com.ar\/noticias\/wp-content\/uploads\/2020\/06\/firma-acta-de-entrega-desarrollo-humano-2.jpg\"><img loading=\"lazy\" decoding=\"async\" class=\"alignleft size-full wp-image-43649\" src=\"http:\/\/www.noticiasradioreflejos.com.ar\/noticias\/wp-content\/uploads\/2020\/06\/firma-acta-de-entrega-desarrollo-humano-2.jpg\" alt=\"firma acta de entrega desarrollo humano 2\" width=\"446\" height=\"246\" \/><\/a>Desde el FRENTE DE TODOS TORNQUIST, al cumplirse el bicentenario del fallecimiento del creador de nuestra bandera nacional, Manuel Belgrano, nos propusimos honrarlo escuchando y atendiendo las necesidades de los vecinos de nuestra comunidad. Al constatar las necesidades de abrigo, nos pusimos manos a la obra y, entre el 3 y el 19 de Junio concretamos la acci\u00f3n solidaria \u201cABRIGO PARA TODOS\u201d.<!--more--><\/p>\n<p>Al esfuerzo inicial de todas las agrupaciones pol\u00edticas y organizaciones sociales del Frente de TODOS Tornquist, y algunos afiliados a los gremios SUTEBA, Sindicato de Empleados de Casino, y Sindicato de Obreros y Empleados Papeleros, se fue sumando la colaboraci\u00f3n de numerosos vecinos y vecinas del distrito. Queremos destacar, la ayuda de una importante empresa como JOLUNAN, que consigui\u00f3 frazadas a muy bajo costo y posibilit\u00f3 que se pudiera recibir dinero; y la presencia de un importante club como Automoto de Tornquist, que con generosidad nos acompa\u00f1\u00f3 en la gesti\u00f3n del pedido que realizamos al ministro Daniel Arroyo, responsable del Ministerio de Desarrollo de la Naci\u00f3n, y que posibilit\u00f3 la llegada de un importante aporte para la campa\u00f1a.<\/p>\n<p>Deseamos destacar el aporte de los\/las legisladores\/as (Diputado\/as Marisol Merquel, Mar\u00eda Fernanda Bevilacqua, Pablo Garate, Susana Gonz\u00e1lez, y senadores\/as, Alfredo Fisher, Marcelo Feli\u00fa y Mar\u00eda Reigada), que se sumaron con importantes aportes econ\u00f3micos para la compra de frazadas. Tambi\u00e9n ha sido un apoyo importante la compa\u00f1\u00eda de los concejales del Frente de TODOS y el activo trabajo de los j\u00f3venes del frente renovador y del PJ de Tornquist.<br \/>\n<a title=\"parte de lo recibido para Campa\u00f1a Abrigo para Todos por MInisterio de Desarrollo de la Naci\u00f3n 1\" href=\"http:\/\/live.staticflickr.com\/65535\/50021648753_401699f462_s.jpg\" rel=\"\"><img loading=\"lazy\" decoding=\"async\" class=\"aligncenter\" title=\"parte de lo recibido para Campa\u00f1a Abrigo para Todos por MInisterio de Desarrollo de la Naci\u00f3n 1\" src=\"http:\/\/live.staticflickr.com\/65535\/50021648753_401699f462_z.jpg\" alt=\"parte de lo recibido para Campa\u00f1a Abrigo para Todos por MInisterio de Desarrollo de la Naci\u00f3n 1\" width=\"640\" height=\"480\" \/><\/a><\/p>\n<p>Todo lo colectado alcanz\u00f3 para las necesidades que nos llegaron durante la campa\u00f1a y adem\u00e1s nos permiti\u00f3 ayudar a la polic\u00eda local, a las escuelas, a los clubes; y a la Secretar\u00eda de Acci\u00f3n Social del Municipio a la que le entregamos, camperas, guantes, frazadas, sabanas aptas paa uso sanitario, blazers y pulverizadores.<\/p>\n<p>TODOS, sin mezquindades, tuvimos la mejor disposici\u00f3n para ayudar a cumplir el anhelado objetivo de la campa\u00f1a \u201cABRIGO PARA TODOS\u201d. Hay muchas historias y muchos rostros que podr\u00edan ser destacados pero deseamos contar la situaci\u00f3n de una vecina que cuando comenz\u00f3 la campa\u00f1a consigui\u00f3 lana para poder tejer una frazada y as\u00ed llegar al 19 de junio con la frazada terminada para que alguien pueda cubrirse del fr\u00edo. En esa vecina vaya nuestro agradecimiento a los coordinadores en cada localidad y a todas las colaboraciones recibidas durante la campa\u00f1a.<\/p>\n<p><a title=\"pulverizadores\" href=\"http:\/\/live.staticflickr.com\/65535\/50043713172_27495ca5c9_s.jpg\" rel=\"\"><img loading=\"lazy\" decoding=\"async\" class=\"alignleft\" style=\"float: left;\" title=\"pulverizadores\" src=\"http:\/\/live.staticflickr.com\/65535\/50043713172_27495ca5c9.jpg\" alt=\"pulverizadores\" width=\"441\" height=\"500\" \/><\/a>Estamos felices, porque la iniciativa del FRENTE DE TODOS TORNQUIST, ha sido un \u00e9xito, sobre todo porque pudimos comprobar que una ARGENTINA UNIDA no es solo un slogan, y que puede ser una propuesta concreta de trabajo para construir una nueva forma de articulaci\u00f3n social en nuestra comunidad.<\/p>\n<p>Al finalizar nos unimos a las palabras de Manuel Belgrano que dijo \u201cdeseo ardorosamente el mejoramiento de los pueblos\u201d, y adhiriendo a sus palabras, renovamos nuestro compromiso de trabajar para que Tornquist sea el lugar que TODOS deseamos y queremos para nuestros hijos e hijas.<\/p>\n<p>MUCHAS GRACIAS. FRENTE DE TODOS TORNQUIST.<\/p>\n","protected":false},"excerpt":{"rendered":"<p>Desde el FRENTE DE TODOS TORNQUIST, al cumplirse el bicentenario del fallecimiento del creador de nuestra bandera nacional, Manuel Belgrano, nos propusimos honrarlo escuchando y atendiendo las necesidades de los vecinos de nuestra comunidad. Al constatar las necesidades de abrigo, nos pusimos manos a la obra y, entre el 3 y el 19 de Junio [&hellip;]<\/p>\n","protected":false},"author":3,"featured_media":0,"comment_status":"closed","ping_status":"open","sticky":false,"template":"","format":"standard","meta":{"footnotes":""},"categories":[24],"tags":[],"class_list":["post-43647","post","type-post","status-publish","format-standard","hentry","category-politica"],"yoast_head":"<!-- This site is optimized with the Yoast SEO plugin v25.9 - https:\/\/yoast.com\/wordpress\/plugins\/seo\/ -->\n<title>ABRIGO PARA TODOS, ha sido un \u00e9xito. - Noticias Radio Reflejos<\/title>\n<meta name=\"robots\" content=\"index, follow, max-snippet:-1, max-image-preview:large, max-video-preview:-1\" \/>\n<link rel=\"canonical\" href=\"https:\/\/www.noticiasradioreflejos.com.ar\/2021\/abrigo-para-todos-ha-sido-un-exito\/\" \/>\n<meta property=\"og:locale\" content=\"es_ES\" \/>\n<meta property=\"og:type\" content=\"article\" \/>\n<meta property=\"og:title\" content=\"ABRIGO PARA TODOS, ha sido un \u00e9xito. - Noticias Radio Reflejos\" \/>\n<meta property=\"og:description\" content=\"Desde el FRENTE DE TODOS TORNQUIST, al cumplirse el bicentenario del fallecimiento del creador de nuestra bandera nacional, Manuel Belgrano, nos propusimos honrarlo escuchando y atendiendo las necesidades de los vecinos de nuestra comunidad. Al constatar las necesidades de abrigo, nos pusimos manos a la obra y, entre el 3 y el 19 de Junio [&hellip;]\" \/>\n<meta property=\"og:url\" content=\"https:\/\/www.noticiasradioreflejos.com.ar\/2021\/abrigo-para-todos-ha-sido-un-exito\/\" \/>\n<meta property=\"og:site_name\" content=\"Noticias Radio Reflejos\" \/>\n<meta property=\"article:published_time\" content=\"2020-06-25T11:24:24+00:00\" \/>\n<meta property=\"og:image\" content=\"https:\/\/www.noticiasradioreflejos.com.ar\/2021\/wp-content\/uploads\/2021\/07\/logosol300x200.png\" \/>\n\t<meta property=\"og:image:width\" content=\"300\" \/>\n\t<meta property=\"og:image:height\" content=\"200\" \/>\n\t<meta property=\"og:image:type\" content=\"image\/png\" \/>\n<meta name=\"author\" content=\"Arnaldo Botto\" \/>\n<meta name=\"twitter:card\" content=\"summary_large_image\" \/>\n<script type=\"application\/ld+json\" class=\"yoast-schema-graph\">{\"@context\":\"https:\/\/schema.org\",\"@graph\":[{\"@type\":\"WebPage\",\"@id\":\"https:\/\/www.noticiasradioreflejos.com.ar\/2021\/abrigo-para-todos-ha-sido-un-exito\/\",\"url\":\"https:\/\/www.noticiasradioreflejos.com.ar\/2021\/abrigo-para-todos-ha-sido-un-exito\/\",\"name\":\"ABRIGO PARA TODOS, ha sido un \u00e9xito. - Noticias Radio Reflejos\",\"isPartOf\":{\"@id\":\"https:\/\/www.noticiasradioreflejos.com.ar\/2021\/#website\"},\"primaryImageOfPage\":{\"@id\":\"https:\/\/www.noticiasradioreflejos.com.ar\/2021\/abrigo-para-todos-ha-sido-un-exito\/#primaryimage\"},\"image\":{\"@id\":\"https:\/\/www.noticiasradioreflejos.com.ar\/2021\/abrigo-para-todos-ha-sido-un-exito\/#primaryimage\"},\"thumbnailUrl\":\"http:\/\/www.noticiasradioreflejos.com.ar\/noticias\/wp-content\/uploads\/2020\/06\/firma-acta-de-entrega-desarrollo-humano-2.jpg\",\"datePublished\":\"2020-06-25T11:24:24+00:00\",\"author\":{\"@id\":\"https:\/\/www.noticiasradioreflejos.com.ar\/2021\/#\/schema\/person\/ad82545263dcc5ec0996818884fd5fb1\"},\"breadcrumb\":{\"@id\":\"https:\/\/www.noticiasradioreflejos.com.ar\/2021\/abrigo-para-todos-ha-sido-un-exito\/#breadcrumb\"},\"inLanguage\":\"es\",\"potentialAction\":[{\"@type\":\"ReadAction\",\"target\":[\"https:\/\/www.noticiasradioreflejos.com.ar\/2021\/abrigo-para-todos-ha-sido-un-exito\/\"]}]},{\"@type\":\"ImageObject\",\"inLanguage\":\"es\",\"@id\":\"https:\/\/www.noticiasradioreflejos.com.ar\/2021\/abrigo-para-todos-ha-sido-un-exito\/#primaryimage\",\"url\":\"http:\/\/www.noticiasradioreflejos.com.ar\/noticias\/wp-content\/uploads\/2020\/06\/firma-acta-de-entrega-desarrollo-humano-2.jpg\",\"contentUrl\":\"http:\/\/www.noticiasradioreflejos.com.ar\/noticias\/wp-content\/uploads\/2020\/06\/firma-acta-de-entrega-desarrollo-humano-2.jpg\"},{\"@type\":\"BreadcrumbList\",\"@id\":\"https:\/\/www.noticiasradioreflejos.com.ar\/2021\/abrigo-para-todos-ha-sido-un-exito\/#breadcrumb\",\"itemListElement\":[{\"@type\":\"ListItem\",\"position\":1,\"name\":\"Portada\",\"item\":\"https:\/\/www.noticiasradioreflejos.com.ar\/2021\/\"},{\"@type\":\"ListItem\",\"position\":2,\"name\":\"ABRIGO PARA TODOS, ha sido un \u00e9xito.\"}]},{\"@type\":\"WebSite\",\"@id\":\"https:\/\/www.noticiasradioreflejos.com.ar\/2021\/#website\",\"url\":\"https:\/\/www.noticiasradioreflejos.com.ar\/2021\/\",\"name\":\"Noticias Radio Reflejos\",\"description\":\"Las noticias de mi comarca\",\"potentialAction\":[{\"@type\":\"SearchAction\",\"target\":{\"@type\":\"EntryPoint\",\"urlTemplate\":\"https:\/\/www.noticiasradioreflejos.com.ar\/2021\/?s={search_term_string}\"},\"query-input\":{\"@type\":\"PropertyValueSpecification\",\"valueRequired\":true,\"valueName\":\"search_term_string\"}}],\"inLanguage\":\"es\"},{\"@type\":\"Person\",\"@id\":\"https:\/\/www.noticiasradioreflejos.com.ar\/2021\/#\/schema\/person\/ad82545263dcc5ec0996818884fd5fb1\",\"name\":\"Arnaldo Botto\",\"image\":{\"@type\":\"ImageObject\",\"inLanguage\":\"es\",\"@id\":\"https:\/\/www.noticiasradioreflejos.com.ar\/2021\/#\/schema\/person\/image\/\",\"url\":\"https:\/\/secure.gravatar.com\/avatar\/55cb5e37c1efa326397366e6974cb338056df65cb50e7d64d1cf314e87504837?s=96&d=mm&r=g\",\"contentUrl\":\"https:\/\/secure.gravatar.com\/avatar\/55cb5e37c1efa326397366e6974cb338056df65cb50e7d64d1cf314e87504837?s=96&d=mm&r=g\",\"caption\":\"Arnaldo Botto\"},\"url\":\"https:\/\/www.noticiasradioreflejos.com.ar\/2021\/author\/arnaldo\/\"}]}<\/script>\n<!-- \/ Yoast SEO plugin. -->","yoast_head_json":{"title":"ABRIGO PARA TODOS, ha sido un \u00e9xito. - Noticias Radio Reflejos","robots":{"index":"index","follow":"follow","max-snippet":"max-snippet:-1","max-image-preview":"max-image-preview:large","max-video-preview":"max-video-preview:-1"},"canonical":"https:\/\/www.noticiasradioreflejos.com.ar\/2021\/abrigo-para-todos-ha-sido-un-exito\/","og_locale":"es_ES","og_type":"article","og_title":"ABRIGO PARA TODOS, ha sido un \u00e9xito. - Noticias Radio Reflejos","og_description":"Desde el FRENTE DE TODOS TORNQUIST, al cumplirse el bicentenario del fallecimiento del creador de nuestra bandera nacional, Manuel Belgrano, nos propusimos honrarlo escuchando y atendiendo las necesidades de los vecinos de nuestra comunidad. Al constatar las necesidades de abrigo, nos pusimos manos a la obra y, entre el 3 y el 19 de Junio [&hellip;]","og_url":"https:\/\/www.noticiasradioreflejos.com.ar\/2021\/abrigo-para-todos-ha-sido-un-exito\/","og_site_name":"Noticias Radio Reflejos","article_published_time":"2020-06-25T11:24:24+00:00","og_image":[{"width":300,"height":200,"url":"https:\/\/www.noticiasradioreflejos.com.ar\/2021\/wp-content\/uploads\/2021\/07\/logosol300x200.png","type":"image\/png"}],"author":"Arnaldo Botto","twitter_card":"summary_large_image","schema":{"@context":"https:\/\/schema.org","@graph":[{"@type":"WebPage","@id":"https:\/\/www.noticiasradioreflejos.com.ar\/2021\/abrigo-para-todos-ha-sido-un-exito\/","url":"https:\/\/www.noticiasradioreflejos.com.ar\/2021\/abrigo-para-todos-ha-sido-un-exito\/","name":"ABRIGO PARA TODOS, ha sido un \u00e9xito. - Noticias Radio Reflejos","isPartOf":{"@id":"https:\/\/www.noticiasradioreflejos.com.ar\/2021\/#website"},"primaryImageOfPage":{"@id":"https:\/\/www.noticiasradioreflejos.com.ar\/2021\/abrigo-para-todos-ha-sido-un-exito\/#primaryimage"},"image":{"@id":"https:\/\/www.noticiasradioreflejos.com.ar\/2021\/abrigo-para-todos-ha-sido-un-exito\/#primaryimage"},"thumbnailUrl":"http:\/\/www.noticiasradioreflejos.com.ar\/noticias\/wp-content\/uploads\/2020\/06\/firma-acta-de-entrega-desarrollo-humano-2.jpg","datePublished":"2020-06-25T11:24:24+00:00","author":{"@id":"https:\/\/www.noticiasradioreflejos.com.ar\/2021\/#\/schema\/person\/ad82545263dcc5ec0996818884fd5fb1"},"breadcrumb":{"@id":"https:\/\/www.noticiasradioreflejos.com.ar\/2021\/abrigo-para-todos-ha-sido-un-exito\/#breadcrumb"},"inLanguage":"es","potentialAction":[{"@type":"ReadAction","target":["https:\/\/www.noticiasradioreflejos.com.ar\/2021\/abrigo-para-todos-ha-sido-un-exito\/"]}]},{"@type":"ImageObject","inLanguage":"es","@id":"https:\/\/www.noticiasradioreflejos.com.ar\/2021\/abrigo-para-todos-ha-sido-un-exito\/#primaryimage","url":"http:\/\/www.noticiasradioreflejos.com.ar\/noticias\/wp-content\/uploads\/2020\/06\/firma-acta-de-entrega-desarrollo-humano-2.jpg","contentUrl":"http:\/\/www.noticiasradioreflejos.com.ar\/noticias\/wp-content\/uploads\/2020\/06\/firma-acta-de-entrega-desarrollo-humano-2.jpg"},{"@type":"BreadcrumbList","@id":"https:\/\/www.noticiasradioreflejos.com.ar\/2021\/abrigo-para-todos-ha-sido-un-exito\/#breadcrumb","itemListElement":[{"@type":"ListItem","position":1,"name":"Portada","item":"https:\/\/www.noticiasradioreflejos.com.ar\/2021\/"},{"@type":"ListItem","position":2,"name":"ABRIGO PARA TODOS, ha sido un \u00e9xito."}]},{"@type":"WebSite","@id":"https:\/\/www.noticiasradioreflejos.com.ar\/2021\/#website","url":"https:\/\/www.noticiasradioreflejos.com.ar\/2021\/","name":"Noticias Radio Reflejos","description":"Las noticias de mi comarca","potentialAction":[{"@type":"SearchAction","target":{"@type":"EntryPoint","urlTemplate":"https:\/\/www.noticiasradioreflejos.com.ar\/2021\/?s={search_term_string}"},"query-input":{"@type":"PropertyValueSpecification","valueRequired":true,"valueName":"search_term_string"}}],"inLanguage":"es"},{"@type":"Person","@id":"https:\/\/www.noticiasradioreflejos.com.ar\/2021\/#\/schema\/person\/ad82545263dcc5ec0996818884fd5fb1","name":"Arnaldo Botto","image":{"@type":"ImageObject","inLanguage":"es","@id":"https:\/\/www.noticiasradioreflejos.com.ar\/2021\/#\/schema\/person\/image\/","url":"https:\/\/secure.gravatar.com\/avatar\/55cb5e37c1efa326397366e6974cb338056df65cb50e7d64d1cf314e87504837?s=96&d=mm&r=g","contentUrl":"https:\/\/secure.gravatar.com\/avatar\/55cb5e37c1efa326397366e6974cb338056df65cb50e7d64d1cf314e87504837?s=96&d=mm&r=g","caption":"Arnaldo Botto"},"url":"https:\/\/www.noticiasradioreflejos.com.ar\/2021\/author\/arnaldo\/"}]}},"_links":{"self":[{"href":"https:\/\/www.noticiasradioreflejos.com.ar\/2021\/wp-json\/wp\/v2\/posts\/43647","targetHints":{"allow":["GET"]}}],"collection":[{"href":"https:\/\/www.noticiasradioreflejos.com.ar\/2021\/wp-json\/wp\/v2\/posts"}],"about":[{"href":"https:\/\/www.noticiasradioreflejos.com.ar\/2021\/wp-json\/wp\/v2\/types\/post"}],"author":[{"embeddable":true,"href":"https:\/\/www.noticiasradioreflejos.com.ar\/2021\/wp-json\/wp\/v2\/users\/3"}],"replies":[{"embeddable":true,"href":"https:\/\/www.noticiasradioreflejos.com.ar\/2021\/wp-json\/wp\/v2\/comments?post=43647"}],"version-history":[{"count":0,"href":"https:\/\/www.noticiasradioreflejos.com.ar\/2021\/wp-json\/wp\/v2\/posts\/43647\/revisions"}],"wp:attachment":[{"href":"https:\/\/www.noticiasradioreflejos.com.ar\/2021\/wp-json\/wp\/v2\/media?parent=43647"}],"wp:term":[{"taxonomy":"category","embeddable":true,"href":"https:\/\/www.noticiasradioreflejos.com.ar\/2021\/wp-json\/wp\/v2\/categories?post=43647"},{"taxonomy":"post_tag","embeddable":true,"href":"https:\/\/www.noticiasradioreflejos.com.ar\/2021\/wp-json\/wp\/v2\/tags?post=43647"}],"curies":[{"name":"wp","href":"https:\/\/api.w.org\/{rel}","templated":true}]}}