{"id":43644,"date":"2020-06-25T08:21:47","date_gmt":"2020-06-25T11:21:47","guid":{"rendered":"http:\/\/www.noticiasradioreflejos.com.ar\/noticias\/?p=43644"},"modified":"2020-06-25T08:21:47","modified_gmt":"2020-06-25T11:21:47","slug":"fernandez-kicillof-y-larreta-anuncian-extension-de-cuarentena-en-el-amba-con-mayores-restricciones","status":"publish","type":"post","link":"https:\/\/www.noticiasradioreflejos.com.ar\/2021\/fernandez-kicillof-y-larreta-anuncian-extension-de-cuarentena-en-el-amba-con-mayores-restricciones\/","title":{"rendered":"Fern\u00e1ndez, Kicillof y Larreta anuncian extensi\u00f3n de cuarentena en el AMBA con mayores restricciones."},"content":{"rendered":"<p>El presidente Alberto Fern\u00e1ndez; el gobernador bonaerense, Axel Kicillof; y el jefe de Gobierno porte\u00f1o, Horacio Rodr\u00edguez Larreta, anunciar\u00e1n hoy la extensi\u00f3n del aislamiento social y obligatorio en el \u00c1rea Metropolitana Buenos Aires (AMBA) con mayores restricciones en la circulaci\u00f3n y un estricto control del transporte p\u00fablico, en el marco de la pandemia por coronavirus.<!--more--><br \/>\nAnoche el jefe de Gabinete, Santiago Cafiero, confirm\u00f3 que los tres mandatarios realizar\u00e1n hoy el anuncio en la residencia de Olivos -en horario a determinar-, y advirti\u00f3 que la nueva cuarentena ser\u00e1 restrictiva de actividades y servicios en el AMBA, donde se detecta una \u00abcrecimiento pronunciado\u00bb de contagios.<\/p>\n<p>Previo al anuncio, el comit\u00e9 de expertos epidemiol\u00f3gicos que asesora al gobierno se reunir\u00e1 en el Ministerio de Salud y luego ser\u00e1 consultado por el Presidente.<\/p>\n<p>\u00abM\u00e1s del 95 de los casos est\u00e1n emplazados ah\u00ed\u00bb, remarc\u00f3 Cafiero anoche en declaraciones al canal Todo Noticias (TN), al insistir en que la ciudad de Buenos y 40 partidos bonaerenses -incluidos todos los del conurbano- son el foco de la enfermedad respiratoria que oblig\u00f3 a decretar el aislamiento social, preventivo y obligatorio el 20 de marzo.<\/p>\n<p>El jefe de ministros diferenci\u00f3 que la mayor\u00eda del resto del pa\u00eds est\u00e1 en una virtual marcha hacia una nueva normalidad y que, incluso, los pocos casos de contagios que registran son a ra\u00edz de \u00abalguien que estuvo en la zona del AMBA\u00bb y vuelve al interior.<\/p>\n<p>El lunes, el presidente Fern\u00e1ndez se reuni\u00f3 con Kicillof y Rodr\u00edguez Larreta, para analizar las cifras de contagio de los \u00faltimos d\u00edas en el AMBA, y se coincidi\u00f3 en que el crecimiento es sostenido y que se marcha hacia un pico cuyo tope a\u00fan se desconoce.<\/p>\n<p>El resto del pa\u00eds, salvo una peque\u00f1a zona de C\u00f3rdoba, Resistencia y R\u00edo Negro, est\u00e1 ya desde principios de mes en fase de distanciamiento social, preventivo y obligatorio, debido a que los casos han ido disminuyendo y ya no se registra transmisi\u00f3n comunitaria del virus.<\/p>\n","protected":false},"excerpt":{"rendered":"<p>El presidente Alberto Fern\u00e1ndez; el gobernador bonaerense, Axel Kicillof; y el jefe de Gobierno porte\u00f1o, Horacio Rodr\u00edguez Larreta, anunciar\u00e1n hoy la extensi\u00f3n del aislamiento social y obligatorio en el \u00c1rea Metropolitana Buenos Aires (AMBA) con mayores restricciones en la circulaci\u00f3n y un estricto control del transporte p\u00fablico, en el marco de la pandemia por coronavirus.<\/p>\n","protected":false},"author":3,"featured_media":0,"comment_status":"closed","ping_status":"open","sticky":false,"template":"","format":"standard","meta":{"footnotes":""},"categories":[30],"tags":[32],"class_list":["post-43644","post","type-post","status-publish","format-standard","hentry","category-salud","tag-destacado"],"yoast_head":"<!-- This site is optimized with the Yoast SEO plugin v25.9 - https:\/\/yoast.com\/wordpress\/plugins\/seo\/ -->\n<title>Fern\u00e1ndez, Kicillof y Larreta anuncian extensi\u00f3n de cuarentena en el AMBA con mayores restricciones. - Noticias Radio Reflejos<\/title>\n<meta name=\"robots\" content=\"index, follow, max-snippet:-1, max-image-preview:large, max-video-preview:-1\" \/>\n<link rel=\"canonical\" href=\"https:\/\/www.noticiasradioreflejos.com.ar\/2021\/fernandez-kicillof-y-larreta-anuncian-extension-de-cuarentena-en-el-amba-con-mayores-restricciones\/\" \/>\n<meta property=\"og:locale\" content=\"es_ES\" \/>\n<meta property=\"og:type\" content=\"article\" \/>\n<meta property=\"og:title\" content=\"Fern\u00e1ndez, Kicillof y Larreta anuncian extensi\u00f3n de cuarentena en el AMBA con mayores restricciones. - Noticias Radio Reflejos\" \/>\n<meta property=\"og:description\" content=\"El presidente Alberto Fern\u00e1ndez; el gobernador bonaerense, Axel Kicillof; y el jefe de Gobierno porte\u00f1o, Horacio Rodr\u00edguez Larreta, anunciar\u00e1n hoy la extensi\u00f3n del aislamiento social y obligatorio en el \u00c1rea Metropolitana Buenos Aires (AMBA) con mayores restricciones en la circulaci\u00f3n y un estricto control del transporte p\u00fablico, en el marco de la pandemia por coronavirus.\" \/>\n<meta property=\"og:url\" content=\"https:\/\/www.noticiasradioreflejos.com.ar\/2021\/fernandez-kicillof-y-larreta-anuncian-extension-de-cuarentena-en-el-amba-con-mayores-restricciones\/\" \/>\n<meta property=\"og:site_name\" content=\"Noticias Radio Reflejos\" \/>\n<meta property=\"article:published_time\" content=\"2020-06-25T11:21:47+00:00\" \/>\n<meta property=\"og:image\" content=\"https:\/\/www.noticiasradioreflejos.com.ar\/2021\/wp-content\/uploads\/2021\/07\/logosol300x200.png\" \/>\n\t<meta property=\"og:image:width\" content=\"300\" \/>\n\t<meta property=\"og:image:height\" content=\"200\" \/>\n\t<meta property=\"og:image:type\" content=\"image\/png\" \/>\n<meta name=\"author\" content=\"Arnaldo Botto\" \/>\n<meta name=\"twitter:card\" content=\"summary_large_image\" \/>\n<script type=\"application\/ld+json\" class=\"yoast-schema-graph\">{\"@context\":\"https:\/\/schema.org\",\"@graph\":[{\"@type\":\"WebPage\",\"@id\":\"https:\/\/www.noticiasradioreflejos.com.ar\/2021\/fernandez-kicillof-y-larreta-anuncian-extension-de-cuarentena-en-el-amba-con-mayores-restricciones\/\",\"url\":\"https:\/\/www.noticiasradioreflejos.com.ar\/2021\/fernandez-kicillof-y-larreta-anuncian-extension-de-cuarentena-en-el-amba-con-mayores-restricciones\/\",\"name\":\"Fern\u00e1ndez, Kicillof y Larreta anuncian extensi\u00f3n de cuarentena en el AMBA con mayores restricciones. - Noticias Radio Reflejos\",\"isPartOf\":{\"@id\":\"https:\/\/www.noticiasradioreflejos.com.ar\/2021\/#website\"},\"datePublished\":\"2020-06-25T11:21:47+00:00\",\"author\":{\"@id\":\"https:\/\/www.noticiasradioreflejos.com.ar\/2021\/#\/schema\/person\/ad82545263dcc5ec0996818884fd5fb1\"},\"breadcrumb\":{\"@id\":\"https:\/\/www.noticiasradioreflejos.com.ar\/2021\/fernandez-kicillof-y-larreta-anuncian-extension-de-cuarentena-en-el-amba-con-mayores-restricciones\/#breadcrumb\"},\"inLanguage\":\"es\",\"potentialAction\":[{\"@type\":\"ReadAction\",\"target\":[\"https:\/\/www.noticiasradioreflejos.com.ar\/2021\/fernandez-kicillof-y-larreta-anuncian-extension-de-cuarentena-en-el-amba-con-mayores-restricciones\/\"]}]},{\"@type\":\"BreadcrumbList\",\"@id\":\"https:\/\/www.noticiasradioreflejos.com.ar\/2021\/fernandez-kicillof-y-larreta-anuncian-extension-de-cuarentena-en-el-amba-con-mayores-restricciones\/#breadcrumb\",\"itemListElement\":[{\"@type\":\"ListItem\",\"position\":1,\"name\":\"Portada\",\"item\":\"https:\/\/www.noticiasradioreflejos.com.ar\/2021\/\"},{\"@type\":\"ListItem\",\"position\":2,\"name\":\"Fern\u00e1ndez, Kicillof y Larreta anuncian extensi\u00f3n de cuarentena en el AMBA con mayores restricciones.\"}]},{\"@type\":\"WebSite\",\"@id\":\"https:\/\/www.noticiasradioreflejos.com.ar\/2021\/#website\",\"url\":\"https:\/\/www.noticiasradioreflejos.com.ar\/2021\/\",\"name\":\"Noticias Radio Reflejos\",\"description\":\"Las noticias de mi comarca\",\"potentialAction\":[{\"@type\":\"SearchAction\",\"target\":{\"@type\":\"EntryPoint\",\"urlTemplate\":\"https:\/\/www.noticiasradioreflejos.com.ar\/2021\/?s={search_term_string}\"},\"query-input\":{\"@type\":\"PropertyValueSpecification\",\"valueRequired\":true,\"valueName\":\"search_term_string\"}}],\"inLanguage\":\"es\"},{\"@type\":\"Person\",\"@id\":\"https:\/\/www.noticiasradioreflejos.com.ar\/2021\/#\/schema\/person\/ad82545263dcc5ec0996818884fd5fb1\",\"name\":\"Arnaldo Botto\",\"image\":{\"@type\":\"ImageObject\",\"inLanguage\":\"es\",\"@id\":\"https:\/\/www.noticiasradioreflejos.com.ar\/2021\/#\/schema\/person\/image\/\",\"url\":\"https:\/\/secure.gravatar.com\/avatar\/55cb5e37c1efa326397366e6974cb338056df65cb50e7d64d1cf314e87504837?s=96&d=mm&r=g\",\"contentUrl\":\"https:\/\/secure.gravatar.com\/avatar\/55cb5e37c1efa326397366e6974cb338056df65cb50e7d64d1cf314e87504837?s=96&d=mm&r=g\",\"caption\":\"Arnaldo Botto\"},\"url\":\"https:\/\/www.noticiasradioreflejos.com.ar\/2021\/author\/arnaldo\/\"}]}<\/script>\n<!-- \/ Yoast SEO plugin. -->","yoast_head_json":{"title":"Fern\u00e1ndez, Kicillof y Larreta anuncian extensi\u00f3n de cuarentena en el AMBA con mayores restricciones. - Noticias Radio Reflejos","robots":{"index":"index","follow":"follow","max-snippet":"max-snippet:-1","max-image-preview":"max-image-preview:large","max-video-preview":"max-video-preview:-1"},"canonical":"https:\/\/www.noticiasradioreflejos.com.ar\/2021\/fernandez-kicillof-y-larreta-anuncian-extension-de-cuarentena-en-el-amba-con-mayores-restricciones\/","og_locale":"es_ES","og_type":"article","og_title":"Fern\u00e1ndez, Kicillof y Larreta anuncian extensi\u00f3n de cuarentena en el AMBA con mayores restricciones. - Noticias Radio Reflejos","og_description":"El presidente Alberto Fern\u00e1ndez; el gobernador bonaerense, Axel Kicillof; y el jefe de Gobierno porte\u00f1o, Horacio Rodr\u00edguez Larreta, anunciar\u00e1n hoy la extensi\u00f3n del aislamiento social y obligatorio en el \u00c1rea Metropolitana Buenos Aires (AMBA) con mayores restricciones en la circulaci\u00f3n y un estricto control del transporte p\u00fablico, en el marco de la pandemia por coronavirus.","og_url":"https:\/\/www.noticiasradioreflejos.com.ar\/2021\/fernandez-kicillof-y-larreta-anuncian-extension-de-cuarentena-en-el-amba-con-mayores-restricciones\/","og_site_name":"Noticias Radio Reflejos","article_published_time":"2020-06-25T11:21:47+00:00","og_image":[{"width":300,"height":200,"url":"https:\/\/www.noticiasradioreflejos.com.ar\/2021\/wp-content\/uploads\/2021\/07\/logosol300x200.png","type":"image\/png"}],"author":"Arnaldo Botto","twitter_card":"summary_large_image","schema":{"@context":"https:\/\/schema.org","@graph":[{"@type":"WebPage","@id":"https:\/\/www.noticiasradioreflejos.com.ar\/2021\/fernandez-kicillof-y-larreta-anuncian-extension-de-cuarentena-en-el-amba-con-mayores-restricciones\/","url":"https:\/\/www.noticiasradioreflejos.com.ar\/2021\/fernandez-kicillof-y-larreta-anuncian-extension-de-cuarentena-en-el-amba-con-mayores-restricciones\/","name":"Fern\u00e1ndez, Kicillof y Larreta anuncian extensi\u00f3n de cuarentena en el AMBA con mayores restricciones. - Noticias Radio Reflejos","isPartOf":{"@id":"https:\/\/www.noticiasradioreflejos.com.ar\/2021\/#website"},"datePublished":"2020-06-25T11:21:47+00:00","author":{"@id":"https:\/\/www.noticiasradioreflejos.com.ar\/2021\/#\/schema\/person\/ad82545263dcc5ec0996818884fd5fb1"},"breadcrumb":{"@id":"https:\/\/www.noticiasradioreflejos.com.ar\/2021\/fernandez-kicillof-y-larreta-anuncian-extension-de-cuarentena-en-el-amba-con-mayores-restricciones\/#breadcrumb"},"inLanguage":"es","potentialAction":[{"@type":"ReadAction","target":["https:\/\/www.noticiasradioreflejos.com.ar\/2021\/fernandez-kicillof-y-larreta-anuncian-extension-de-cuarentena-en-el-amba-con-mayores-restricciones\/"]}]},{"@type":"BreadcrumbList","@id":"https:\/\/www.noticiasradioreflejos.com.ar\/2021\/fernandez-kicillof-y-larreta-anuncian-extension-de-cuarentena-en-el-amba-con-mayores-restricciones\/#breadcrumb","itemListElement":[{"@type":"ListItem","position":1,"name":"Portada","item":"https:\/\/www.noticiasradioreflejos.com.ar\/2021\/"},{"@type":"ListItem","position":2,"name":"Fern\u00e1ndez, Kicillof y Larreta anuncian extensi\u00f3n de cuarentena en el AMBA con mayores restricciones."}]},{"@type":"WebSite","@id":"https:\/\/www.noticiasradioreflejos.com.ar\/2021\/#website","url":"https:\/\/www.noticiasradioreflejos.com.ar\/2021\/","name":"Noticias Radio Reflejos","description":"Las noticias de mi comarca","potentialAction":[{"@type":"SearchAction","target":{"@type":"EntryPoint","urlTemplate":"https:\/\/www.noticiasradioreflejos.com.ar\/2021\/?s={search_term_string}"},"query-input":{"@type":"PropertyValueSpecification","valueRequired":true,"valueName":"search_term_string"}}],"inLanguage":"es"},{"@type":"Person","@id":"https:\/\/www.noticiasradioreflejos.com.ar\/2021\/#\/schema\/person\/ad82545263dcc5ec0996818884fd5fb1","name":"Arnaldo Botto","image":{"@type":"ImageObject","inLanguage":"es","@id":"https:\/\/www.noticiasradioreflejos.com.ar\/2021\/#\/schema\/person\/image\/","url":"https:\/\/secure.gravatar.com\/avatar\/55cb5e37c1efa326397366e6974cb338056df65cb50e7d64d1cf314e87504837?s=96&d=mm&r=g","contentUrl":"https:\/\/secure.gravatar.com\/avatar\/55cb5e37c1efa326397366e6974cb338056df65cb50e7d64d1cf314e87504837?s=96&d=mm&r=g","caption":"Arnaldo Botto"},"url":"https:\/\/www.noticiasradioreflejos.com.ar\/2021\/author\/arnaldo\/"}]}},"_links":{"self":[{"href":"https:\/\/www.noticiasradioreflejos.com.ar\/2021\/wp-json\/wp\/v2\/posts\/43644","targetHints":{"allow":["GET"]}}],"collection":[{"href":"https:\/\/www.noticiasradioreflejos.com.ar\/2021\/wp-json\/wp\/v2\/posts"}],"about":[{"href":"https:\/\/www.noticiasradioreflejos.com.ar\/2021\/wp-json\/wp\/v2\/types\/post"}],"author":[{"embeddable":true,"href":"https:\/\/www.noticiasradioreflejos.com.ar\/2021\/wp-json\/wp\/v2\/users\/3"}],"replies":[{"embeddable":true,"href":"https:\/\/www.noticiasradioreflejos.com.ar\/2021\/wp-json\/wp\/v2\/comments?post=43644"}],"version-history":[{"count":0,"href":"https:\/\/www.noticiasradioreflejos.com.ar\/2021\/wp-json\/wp\/v2\/posts\/43644\/revisions"}],"wp:attachment":[{"href":"https:\/\/www.noticiasradioreflejos.com.ar\/2021\/wp-json\/wp\/v2\/media?parent=43644"}],"wp:term":[{"taxonomy":"category","embeddable":true,"href":"https:\/\/www.noticiasradioreflejos.com.ar\/2021\/wp-json\/wp\/v2\/categories?post=43644"},{"taxonomy":"post_tag","embeddable":true,"href":"https:\/\/www.noticiasradioreflejos.com.ar\/2021\/wp-json\/wp\/v2\/tags?post=43644"}],"curies":[{"name":"wp","href":"https:\/\/api.w.org\/{rel}","templated":true}]}}