{"id":43638,"date":"2020-06-25T08:12:50","date_gmt":"2020-06-25T11:12:50","guid":{"rendered":"http:\/\/www.noticiasradioreflejos.com.ar\/noticias\/?p=43638"},"modified":"2020-06-25T08:12:50","modified_gmt":"2020-06-25T11:12:50","slug":"cuarto-encuentro-docente-del-comando-de-patrullas-rurales-bonaerense","status":"publish","type":"post","link":"https:\/\/www.noticiasradioreflejos.com.ar\/2021\/cuarto-encuentro-docente-del-comando-de-patrullas-rurales-bonaerense\/","title":{"rendered":"Cuarto Encuentro Docente del Comando de Patrullas Rurales Bonaerense."},"content":{"rendered":"<p>En la capacitaci\u00f3n participaron efectivos de Tornquist<!--more-->Particip\u00f3 En el d\u00eda de la fecha, y siguiendo lineamientos del Ministerio de Seguridad de la Provincia de Buenos aires y Se\u00f1or Superintendente de Seguridad Rural, Comisario General FERNANDO ARRUBIA, se hicieron presentes en la Coordinaci\u00f3n de Zona de Seguridad Rural Mar del Plata, el Comisario Mayor MARCELO RICARDO PALUMBO, junto al Comisario MAXIMILIANO TONELLO, ambos responsables del \u00e1rea acad\u00e9mica de la mencionada Superintendencia, a efectos realizar el Cuarto encuentro docente con el objetivo de ultimar detalles para el inicio del Curso B\u00e1sico de Seguridad Rural &#8211; Nivel I, el que se llevar\u00e1 a cabo mediante plataforma virtual Cisco Webex, cedida por el Ministerio de Seguridad, con inicio el d\u00eda Viernes 26 del corriente mes y a\u00f1o. Es digno de mencionarse que tambi\u00e9n particip\u00f3 de la jornada personal de la Secci\u00f3n Inform\u00e1tica de dicha Superintendencia, Sargento Nicol\u00e1s Griffiths, quien tuvo a su cargo el an\u00e1lisis y explicaci\u00f3n de las herramientas disponibles para el dictado de clases en la plataforma virtual en menci\u00f3n, para con los profesores designados pertenecientes a la zona sur de \u00e9sta Provincia.<\/p>\n<p><a title=\"4\" href=\"http:\/\/live.staticflickr.com\/65535\/50042873643_72e931084c_s.jpg\" rel=\"\"><img loading=\"lazy\" decoding=\"async\" class=\"alignleft\" style=\"float: left;\" title=\"4\" src=\"http:\/\/live.staticflickr.com\/65535\/50042873643_72e931084c.jpg\" alt=\"4\" width=\"500\" height=\"375\" \/><\/a>Cabe mencionarse adem\u00e1s que por gestiones del Superintendente Rural y Ministerio de Seguridad, es inminente el inicio de otro curso de capacitaci\u00f3n a distancia de nivel internacional, denominado \u201cDiplomado B\u00e1sico Antidrogas virtual\u201d, el que ser\u00e1 dictado por la Polic\u00eda Antidrogas de Colombia.<\/p>\n<p>Las tareas de capacitaci\u00f3n alcanzan entre otros Comisario Ivan Alberto Molina titular del C.P.R de Tornquist y Oficial Inspector Sergio Victor Palma segundo Jefe C.P.R Tornquist y Oficial Ayudante Bruno Damian Perez Oficial de servicio C.P.R Tornquist.<\/p>\n","protected":false},"excerpt":{"rendered":"<p>En la capacitaci\u00f3n participaron efectivos de Tornquist<\/p>\n","protected":false},"author":3,"featured_media":0,"comment_status":"closed","ping_status":"open","sticky":false,"template":"","format":"standard","meta":{"footnotes":""},"categories":[29],"tags":[],"class_list":["post-43638","post","type-post","status-publish","format-standard","hentry","category-policiales"],"yoast_head":"<!-- This site is optimized with the Yoast SEO plugin v25.9 - https:\/\/yoast.com\/wordpress\/plugins\/seo\/ -->\n<title>Cuarto Encuentro Docente del Comando de Patrullas Rurales Bonaerense. - Noticias Radio Reflejos<\/title>\n<meta name=\"robots\" content=\"index, follow, max-snippet:-1, max-image-preview:large, max-video-preview:-1\" \/>\n<link rel=\"canonical\" href=\"https:\/\/www.noticiasradioreflejos.com.ar\/2021\/cuarto-encuentro-docente-del-comando-de-patrullas-rurales-bonaerense\/\" \/>\n<meta property=\"og:locale\" content=\"es_ES\" \/>\n<meta property=\"og:type\" content=\"article\" \/>\n<meta property=\"og:title\" content=\"Cuarto Encuentro Docente del Comando de Patrullas Rurales Bonaerense. - Noticias Radio Reflejos\" \/>\n<meta property=\"og:description\" content=\"En la capacitaci\u00f3n participaron efectivos de Tornquist\" \/>\n<meta property=\"og:url\" content=\"https:\/\/www.noticiasradioreflejos.com.ar\/2021\/cuarto-encuentro-docente-del-comando-de-patrullas-rurales-bonaerense\/\" \/>\n<meta property=\"og:site_name\" content=\"Noticias Radio Reflejos\" \/>\n<meta property=\"article:published_time\" content=\"2020-06-25T11:12:50+00:00\" \/>\n<meta property=\"og:image\" content=\"http:\/\/live.staticflickr.com\/65535\/50042873643_72e931084c.jpg\" \/>\n<meta name=\"author\" content=\"Arnaldo Botto\" \/>\n<meta name=\"twitter:card\" content=\"summary_large_image\" \/>\n<script type=\"application\/ld+json\" class=\"yoast-schema-graph\">{\"@context\":\"https:\/\/schema.org\",\"@graph\":[{\"@type\":\"WebPage\",\"@id\":\"https:\/\/www.noticiasradioreflejos.com.ar\/2021\/cuarto-encuentro-docente-del-comando-de-patrullas-rurales-bonaerense\/\",\"url\":\"https:\/\/www.noticiasradioreflejos.com.ar\/2021\/cuarto-encuentro-docente-del-comando-de-patrullas-rurales-bonaerense\/\",\"name\":\"Cuarto Encuentro Docente del Comando de Patrullas Rurales Bonaerense. - Noticias Radio Reflejos\",\"isPartOf\":{\"@id\":\"https:\/\/www.noticiasradioreflejos.com.ar\/2021\/#website\"},\"primaryImageOfPage\":{\"@id\":\"https:\/\/www.noticiasradioreflejos.com.ar\/2021\/cuarto-encuentro-docente-del-comando-de-patrullas-rurales-bonaerense\/#primaryimage\"},\"image\":{\"@id\":\"https:\/\/www.noticiasradioreflejos.com.ar\/2021\/cuarto-encuentro-docente-del-comando-de-patrullas-rurales-bonaerense\/#primaryimage\"},\"thumbnailUrl\":\"http:\/\/live.staticflickr.com\/65535\/50042873643_72e931084c.jpg\",\"datePublished\":\"2020-06-25T11:12:50+00:00\",\"author\":{\"@id\":\"https:\/\/www.noticiasradioreflejos.com.ar\/2021\/#\/schema\/person\/ad82545263dcc5ec0996818884fd5fb1\"},\"breadcrumb\":{\"@id\":\"https:\/\/www.noticiasradioreflejos.com.ar\/2021\/cuarto-encuentro-docente-del-comando-de-patrullas-rurales-bonaerense\/#breadcrumb\"},\"inLanguage\":\"es\",\"potentialAction\":[{\"@type\":\"ReadAction\",\"target\":[\"https:\/\/www.noticiasradioreflejos.com.ar\/2021\/cuarto-encuentro-docente-del-comando-de-patrullas-rurales-bonaerense\/\"]}]},{\"@type\":\"ImageObject\",\"inLanguage\":\"es\",\"@id\":\"https:\/\/www.noticiasradioreflejos.com.ar\/2021\/cuarto-encuentro-docente-del-comando-de-patrullas-rurales-bonaerense\/#primaryimage\",\"url\":\"http:\/\/live.staticflickr.com\/65535\/50042873643_72e931084c.jpg\",\"contentUrl\":\"http:\/\/live.staticflickr.com\/65535\/50042873643_72e931084c.jpg\"},{\"@type\":\"BreadcrumbList\",\"@id\":\"https:\/\/www.noticiasradioreflejos.com.ar\/2021\/cuarto-encuentro-docente-del-comando-de-patrullas-rurales-bonaerense\/#breadcrumb\",\"itemListElement\":[{\"@type\":\"ListItem\",\"position\":1,\"name\":\"Portada\",\"item\":\"https:\/\/www.noticiasradioreflejos.com.ar\/2021\/\"},{\"@type\":\"ListItem\",\"position\":2,\"name\":\"Cuarto Encuentro Docente del Comando de Patrullas Rurales Bonaerense.\"}]},{\"@type\":\"WebSite\",\"@id\":\"https:\/\/www.noticiasradioreflejos.com.ar\/2021\/#website\",\"url\":\"https:\/\/www.noticiasradioreflejos.com.ar\/2021\/\",\"name\":\"Noticias Radio Reflejos\",\"description\":\"Las noticias de mi comarca\",\"potentialAction\":[{\"@type\":\"SearchAction\",\"target\":{\"@type\":\"EntryPoint\",\"urlTemplate\":\"https:\/\/www.noticiasradioreflejos.com.ar\/2021\/?s={search_term_string}\"},\"query-input\":{\"@type\":\"PropertyValueSpecification\",\"valueRequired\":true,\"valueName\":\"search_term_string\"}}],\"inLanguage\":\"es\"},{\"@type\":\"Person\",\"@id\":\"https:\/\/www.noticiasradioreflejos.com.ar\/2021\/#\/schema\/person\/ad82545263dcc5ec0996818884fd5fb1\",\"name\":\"Arnaldo Botto\",\"image\":{\"@type\":\"ImageObject\",\"inLanguage\":\"es\",\"@id\":\"https:\/\/www.noticiasradioreflejos.com.ar\/2021\/#\/schema\/person\/image\/\",\"url\":\"https:\/\/secure.gravatar.com\/avatar\/55cb5e37c1efa326397366e6974cb338056df65cb50e7d64d1cf314e87504837?s=96&d=mm&r=g\",\"contentUrl\":\"https:\/\/secure.gravatar.com\/avatar\/55cb5e37c1efa326397366e6974cb338056df65cb50e7d64d1cf314e87504837?s=96&d=mm&r=g\",\"caption\":\"Arnaldo Botto\"},\"url\":\"https:\/\/www.noticiasradioreflejos.com.ar\/2021\/author\/arnaldo\/\"}]}<\/script>\n<!-- \/ Yoast SEO plugin. -->","yoast_head_json":{"title":"Cuarto Encuentro Docente del Comando de Patrullas Rurales Bonaerense. - Noticias Radio Reflejos","robots":{"index":"index","follow":"follow","max-snippet":"max-snippet:-1","max-image-preview":"max-image-preview:large","max-video-preview":"max-video-preview:-1"},"canonical":"https:\/\/www.noticiasradioreflejos.com.ar\/2021\/cuarto-encuentro-docente-del-comando-de-patrullas-rurales-bonaerense\/","og_locale":"es_ES","og_type":"article","og_title":"Cuarto Encuentro Docente del Comando de Patrullas Rurales Bonaerense. - Noticias Radio Reflejos","og_description":"En la capacitaci\u00f3n participaron efectivos de Tornquist","og_url":"https:\/\/www.noticiasradioreflejos.com.ar\/2021\/cuarto-encuentro-docente-del-comando-de-patrullas-rurales-bonaerense\/","og_site_name":"Noticias Radio Reflejos","article_published_time":"2020-06-25T11:12:50+00:00","og_image":[{"url":"http:\/\/live.staticflickr.com\/65535\/50042873643_72e931084c.jpg","type":"","width":"","height":""}],"author":"Arnaldo Botto","twitter_card":"summary_large_image","schema":{"@context":"https:\/\/schema.org","@graph":[{"@type":"WebPage","@id":"https:\/\/www.noticiasradioreflejos.com.ar\/2021\/cuarto-encuentro-docente-del-comando-de-patrullas-rurales-bonaerense\/","url":"https:\/\/www.noticiasradioreflejos.com.ar\/2021\/cuarto-encuentro-docente-del-comando-de-patrullas-rurales-bonaerense\/","name":"Cuarto Encuentro Docente del Comando de Patrullas Rurales Bonaerense. - Noticias Radio Reflejos","isPartOf":{"@id":"https:\/\/www.noticiasradioreflejos.com.ar\/2021\/#website"},"primaryImageOfPage":{"@id":"https:\/\/www.noticiasradioreflejos.com.ar\/2021\/cuarto-encuentro-docente-del-comando-de-patrullas-rurales-bonaerense\/#primaryimage"},"image":{"@id":"https:\/\/www.noticiasradioreflejos.com.ar\/2021\/cuarto-encuentro-docente-del-comando-de-patrullas-rurales-bonaerense\/#primaryimage"},"thumbnailUrl":"http:\/\/live.staticflickr.com\/65535\/50042873643_72e931084c.jpg","datePublished":"2020-06-25T11:12:50+00:00","author":{"@id":"https:\/\/www.noticiasradioreflejos.com.ar\/2021\/#\/schema\/person\/ad82545263dcc5ec0996818884fd5fb1"},"breadcrumb":{"@id":"https:\/\/www.noticiasradioreflejos.com.ar\/2021\/cuarto-encuentro-docente-del-comando-de-patrullas-rurales-bonaerense\/#breadcrumb"},"inLanguage":"es","potentialAction":[{"@type":"ReadAction","target":["https:\/\/www.noticiasradioreflejos.com.ar\/2021\/cuarto-encuentro-docente-del-comando-de-patrullas-rurales-bonaerense\/"]}]},{"@type":"ImageObject","inLanguage":"es","@id":"https:\/\/www.noticiasradioreflejos.com.ar\/2021\/cuarto-encuentro-docente-del-comando-de-patrullas-rurales-bonaerense\/#primaryimage","url":"http:\/\/live.staticflickr.com\/65535\/50042873643_72e931084c.jpg","contentUrl":"http:\/\/live.staticflickr.com\/65535\/50042873643_72e931084c.jpg"},{"@type":"BreadcrumbList","@id":"https:\/\/www.noticiasradioreflejos.com.ar\/2021\/cuarto-encuentro-docente-del-comando-de-patrullas-rurales-bonaerense\/#breadcrumb","itemListElement":[{"@type":"ListItem","position":1,"name":"Portada","item":"https:\/\/www.noticiasradioreflejos.com.ar\/2021\/"},{"@type":"ListItem","position":2,"name":"Cuarto Encuentro Docente del Comando de Patrullas Rurales Bonaerense."}]},{"@type":"WebSite","@id":"https:\/\/www.noticiasradioreflejos.com.ar\/2021\/#website","url":"https:\/\/www.noticiasradioreflejos.com.ar\/2021\/","name":"Noticias Radio Reflejos","description":"Las noticias de mi comarca","potentialAction":[{"@type":"SearchAction","target":{"@type":"EntryPoint","urlTemplate":"https:\/\/www.noticiasradioreflejos.com.ar\/2021\/?s={search_term_string}"},"query-input":{"@type":"PropertyValueSpecification","valueRequired":true,"valueName":"search_term_string"}}],"inLanguage":"es"},{"@type":"Person","@id":"https:\/\/www.noticiasradioreflejos.com.ar\/2021\/#\/schema\/person\/ad82545263dcc5ec0996818884fd5fb1","name":"Arnaldo Botto","image":{"@type":"ImageObject","inLanguage":"es","@id":"https:\/\/www.noticiasradioreflejos.com.ar\/2021\/#\/schema\/person\/image\/","url":"https:\/\/secure.gravatar.com\/avatar\/55cb5e37c1efa326397366e6974cb338056df65cb50e7d64d1cf314e87504837?s=96&d=mm&r=g","contentUrl":"https:\/\/secure.gravatar.com\/avatar\/55cb5e37c1efa326397366e6974cb338056df65cb50e7d64d1cf314e87504837?s=96&d=mm&r=g","caption":"Arnaldo Botto"},"url":"https:\/\/www.noticiasradioreflejos.com.ar\/2021\/author\/arnaldo\/"}]}},"_links":{"self":[{"href":"https:\/\/www.noticiasradioreflejos.com.ar\/2021\/wp-json\/wp\/v2\/posts\/43638","targetHints":{"allow":["GET"]}}],"collection":[{"href":"https:\/\/www.noticiasradioreflejos.com.ar\/2021\/wp-json\/wp\/v2\/posts"}],"about":[{"href":"https:\/\/www.noticiasradioreflejos.com.ar\/2021\/wp-json\/wp\/v2\/types\/post"}],"author":[{"embeddable":true,"href":"https:\/\/www.noticiasradioreflejos.com.ar\/2021\/wp-json\/wp\/v2\/users\/3"}],"replies":[{"embeddable":true,"href":"https:\/\/www.noticiasradioreflejos.com.ar\/2021\/wp-json\/wp\/v2\/comments?post=43638"}],"version-history":[{"count":0,"href":"https:\/\/www.noticiasradioreflejos.com.ar\/2021\/wp-json\/wp\/v2\/posts\/43638\/revisions"}],"wp:attachment":[{"href":"https:\/\/www.noticiasradioreflejos.com.ar\/2021\/wp-json\/wp\/v2\/media?parent=43638"}],"wp:term":[{"taxonomy":"category","embeddable":true,"href":"https:\/\/www.noticiasradioreflejos.com.ar\/2021\/wp-json\/wp\/v2\/categories?post=43638"},{"taxonomy":"post_tag","embeddable":true,"href":"https:\/\/www.noticiasradioreflejos.com.ar\/2021\/wp-json\/wp\/v2\/tags?post=43638"}],"curies":[{"name":"wp","href":"https:\/\/api.w.org\/{rel}","templated":true}]}}