{"id":43536,"date":"2020-06-22T17:08:22","date_gmt":"2020-06-22T20:08:22","guid":{"rendered":"http:\/\/www.noticiasradioreflejos.com.ar\/noticias\/?p=43536"},"modified":"2020-06-22T17:08:22","modified_gmt":"2020-06-22T20:08:22","slug":"detienen-a-un-ex-funcionario-de-tornquist-acusado-de-abusar-de-su-hija-adoptiva","status":"publish","type":"post","link":"https:\/\/www.noticiasradioreflejos.com.ar\/2021\/detienen-a-un-ex-funcionario-de-tornquist-acusado-de-abusar-de-su-hija-adoptiva\/","title":{"rendered":"Detienen a un ex funcionario de Tornquist, acusado de abusar de su hija adoptiva"},"content":{"rendered":"<p>El hombre fue detenido en Bah\u00eda Blanca, aunque los abusos ocurrieron en la vecina localidad, en la que incluso se desempe\u00f1\u00f3 como responsable del \u00e1rea de Ni\u00f1ez<!--more--><br \/>\nUn hombre de 60 a\u00f1os fue detenido en nuestra ciudad, acusado de abusar de su hija adoptiva durante varios a\u00f1os.<br \/>\nLos hechos denunciados ocurrieron en Tornquist, donde esta persona lleg\u00f3 incluso a desempe\u00f1arse como responsable del \u00e1rea de Ni\u00f1ez.<br \/>\nEl hombre est\u00e1 acusado de haber manoseado a la ni\u00f1a desde que era menor de edad y a lo largo de muchos a\u00f1os, a sabiendas del temor que sent\u00eda la ni\u00f1a hacia la figura del imputado.<br \/>\nEl ex funcionario declar\u00f3 en las \u00faltimas horas ante la fiscal de delitos sexuales, Marina Lara y neg\u00f3 los cargos en su contra.<\/p>\n","protected":false},"excerpt":{"rendered":"<p>El hombre fue detenido en Bah\u00eda Blanca, aunque los abusos ocurrieron en la vecina localidad, en la que incluso se desempe\u00f1\u00f3 como responsable del \u00e1rea de Ni\u00f1ez<\/p>\n","protected":false},"author":3,"featured_media":43537,"comment_status":"closed","ping_status":"open","sticky":false,"template":"","format":"standard","meta":{"footnotes":""},"categories":[29],"tags":[],"class_list":["post-43536","post","type-post","status-publish","format-standard","has-post-thumbnail","hentry","category-policiales"],"yoast_head":"<!-- This site is optimized with the Yoast SEO plugin v25.9 - https:\/\/yoast.com\/wordpress\/plugins\/seo\/ -->\n<title>Detienen a un ex funcionario de Tornquist, acusado de abusar de su hija adoptiva - Noticias Radio Reflejos<\/title>\n<meta name=\"robots\" content=\"index, follow, max-snippet:-1, max-image-preview:large, max-video-preview:-1\" \/>\n<link rel=\"canonical\" href=\"https:\/\/www.noticiasradioreflejos.com.ar\/2021\/detienen-a-un-ex-funcionario-de-tornquist-acusado-de-abusar-de-su-hija-adoptiva\/\" \/>\n<meta property=\"og:locale\" content=\"es_ES\" \/>\n<meta property=\"og:type\" content=\"article\" \/>\n<meta property=\"og:title\" content=\"Detienen a un ex funcionario de Tornquist, acusado de abusar de su hija adoptiva - Noticias Radio Reflejos\" \/>\n<meta property=\"og:description\" content=\"El hombre fue detenido en Bah\u00eda Blanca, aunque los abusos ocurrieron en la vecina localidad, en la que incluso se desempe\u00f1\u00f3 como responsable del \u00e1rea de Ni\u00f1ez\" \/>\n<meta property=\"og:url\" content=\"https:\/\/www.noticiasradioreflejos.com.ar\/2021\/detienen-a-un-ex-funcionario-de-tornquist-acusado-de-abusar-de-su-hija-adoptiva\/\" \/>\n<meta property=\"og:site_name\" content=\"Noticias Radio Reflejos\" \/>\n<meta property=\"article:published_time\" content=\"2020-06-22T20:08:22+00:00\" \/>\n<meta property=\"og:image\" content=\"https:\/\/www.noticiasradioreflejos.com.ar\/2021\/wp-content\/uploads\/2020\/06\/ABUSO_sexual_menores.jpg\" \/>\n\t<meta property=\"og:image:width\" content=\"550\" \/>\n\t<meta property=\"og:image:height\" content=\"361\" \/>\n\t<meta property=\"og:image:type\" content=\"image\/jpeg\" \/>\n<meta name=\"author\" content=\"Arnaldo Botto\" \/>\n<meta name=\"twitter:card\" content=\"summary_large_image\" \/>\n<script type=\"application\/ld+json\" class=\"yoast-schema-graph\">{\"@context\":\"https:\/\/schema.org\",\"@graph\":[{\"@type\":\"WebPage\",\"@id\":\"https:\/\/www.noticiasradioreflejos.com.ar\/2021\/detienen-a-un-ex-funcionario-de-tornquist-acusado-de-abusar-de-su-hija-adoptiva\/\",\"url\":\"https:\/\/www.noticiasradioreflejos.com.ar\/2021\/detienen-a-un-ex-funcionario-de-tornquist-acusado-de-abusar-de-su-hija-adoptiva\/\",\"name\":\"Detienen a un ex funcionario de Tornquist, acusado de abusar de su hija adoptiva - Noticias Radio Reflejos\",\"isPartOf\":{\"@id\":\"https:\/\/www.noticiasradioreflejos.com.ar\/2021\/#website\"},\"primaryImageOfPage\":{\"@id\":\"https:\/\/www.noticiasradioreflejos.com.ar\/2021\/detienen-a-un-ex-funcionario-de-tornquist-acusado-de-abusar-de-su-hija-adoptiva\/#primaryimage\"},\"image\":{\"@id\":\"https:\/\/www.noticiasradioreflejos.com.ar\/2021\/detienen-a-un-ex-funcionario-de-tornquist-acusado-de-abusar-de-su-hija-adoptiva\/#primaryimage\"},\"thumbnailUrl\":\"https:\/\/www.noticiasradioreflejos.com.ar\/2021\/wp-content\/uploads\/2020\/06\/ABUSO_sexual_menores.jpg\",\"datePublished\":\"2020-06-22T20:08:22+00:00\",\"author\":{\"@id\":\"https:\/\/www.noticiasradioreflejos.com.ar\/2021\/#\/schema\/person\/ad82545263dcc5ec0996818884fd5fb1\"},\"breadcrumb\":{\"@id\":\"https:\/\/www.noticiasradioreflejos.com.ar\/2021\/detienen-a-un-ex-funcionario-de-tornquist-acusado-de-abusar-de-su-hija-adoptiva\/#breadcrumb\"},\"inLanguage\":\"es\",\"potentialAction\":[{\"@type\":\"ReadAction\",\"target\":[\"https:\/\/www.noticiasradioreflejos.com.ar\/2021\/detienen-a-un-ex-funcionario-de-tornquist-acusado-de-abusar-de-su-hija-adoptiva\/\"]}]},{\"@type\":\"ImageObject\",\"inLanguage\":\"es\",\"@id\":\"https:\/\/www.noticiasradioreflejos.com.ar\/2021\/detienen-a-un-ex-funcionario-de-tornquist-acusado-de-abusar-de-su-hija-adoptiva\/#primaryimage\",\"url\":\"https:\/\/www.noticiasradioreflejos.com.ar\/2021\/wp-content\/uploads\/2020\/06\/ABUSO_sexual_menores.jpg\",\"contentUrl\":\"https:\/\/www.noticiasradioreflejos.com.ar\/2021\/wp-content\/uploads\/2020\/06\/ABUSO_sexual_menores.jpg\",\"width\":550,\"height\":361},{\"@type\":\"BreadcrumbList\",\"@id\":\"https:\/\/www.noticiasradioreflejos.com.ar\/2021\/detienen-a-un-ex-funcionario-de-tornquist-acusado-de-abusar-de-su-hija-adoptiva\/#breadcrumb\",\"itemListElement\":[{\"@type\":\"ListItem\",\"position\":1,\"name\":\"Portada\",\"item\":\"https:\/\/www.noticiasradioreflejos.com.ar\/2021\/\"},{\"@type\":\"ListItem\",\"position\":2,\"name\":\"Detienen a un ex funcionario de Tornquist, acusado de abusar de su hija adoptiva\"}]},{\"@type\":\"WebSite\",\"@id\":\"https:\/\/www.noticiasradioreflejos.com.ar\/2021\/#website\",\"url\":\"https:\/\/www.noticiasradioreflejos.com.ar\/2021\/\",\"name\":\"Noticias Radio Reflejos\",\"description\":\"Las noticias de mi comarca\",\"potentialAction\":[{\"@type\":\"SearchAction\",\"target\":{\"@type\":\"EntryPoint\",\"urlTemplate\":\"https:\/\/www.noticiasradioreflejos.com.ar\/2021\/?s={search_term_string}\"},\"query-input\":{\"@type\":\"PropertyValueSpecification\",\"valueRequired\":true,\"valueName\":\"search_term_string\"}}],\"inLanguage\":\"es\"},{\"@type\":\"Person\",\"@id\":\"https:\/\/www.noticiasradioreflejos.com.ar\/2021\/#\/schema\/person\/ad82545263dcc5ec0996818884fd5fb1\",\"name\":\"Arnaldo Botto\",\"image\":{\"@type\":\"ImageObject\",\"inLanguage\":\"es\",\"@id\":\"https:\/\/www.noticiasradioreflejos.com.ar\/2021\/#\/schema\/person\/image\/\",\"url\":\"https:\/\/secure.gravatar.com\/avatar\/55cb5e37c1efa326397366e6974cb338056df65cb50e7d64d1cf314e87504837?s=96&d=mm&r=g\",\"contentUrl\":\"https:\/\/secure.gravatar.com\/avatar\/55cb5e37c1efa326397366e6974cb338056df65cb50e7d64d1cf314e87504837?s=96&d=mm&r=g\",\"caption\":\"Arnaldo Botto\"},\"url\":\"https:\/\/www.noticiasradioreflejos.com.ar\/2021\/author\/arnaldo\/\"}]}<\/script>\n<!-- \/ Yoast SEO plugin. -->","yoast_head_json":{"title":"Detienen a un ex funcionario de Tornquist, acusado de abusar de su hija adoptiva - Noticias Radio Reflejos","robots":{"index":"index","follow":"follow","max-snippet":"max-snippet:-1","max-image-preview":"max-image-preview:large","max-video-preview":"max-video-preview:-1"},"canonical":"https:\/\/www.noticiasradioreflejos.com.ar\/2021\/detienen-a-un-ex-funcionario-de-tornquist-acusado-de-abusar-de-su-hija-adoptiva\/","og_locale":"es_ES","og_type":"article","og_title":"Detienen a un ex funcionario de Tornquist, acusado de abusar de su hija adoptiva - Noticias Radio Reflejos","og_description":"El hombre fue detenido en Bah\u00eda Blanca, aunque los abusos ocurrieron en la vecina localidad, en la que incluso se desempe\u00f1\u00f3 como responsable del \u00e1rea de Ni\u00f1ez","og_url":"https:\/\/www.noticiasradioreflejos.com.ar\/2021\/detienen-a-un-ex-funcionario-de-tornquist-acusado-de-abusar-de-su-hija-adoptiva\/","og_site_name":"Noticias Radio Reflejos","article_published_time":"2020-06-22T20:08:22+00:00","og_image":[{"width":550,"height":361,"url":"https:\/\/www.noticiasradioreflejos.com.ar\/2021\/wp-content\/uploads\/2020\/06\/ABUSO_sexual_menores.jpg","type":"image\/jpeg"}],"author":"Arnaldo Botto","twitter_card":"summary_large_image","schema":{"@context":"https:\/\/schema.org","@graph":[{"@type":"WebPage","@id":"https:\/\/www.noticiasradioreflejos.com.ar\/2021\/detienen-a-un-ex-funcionario-de-tornquist-acusado-de-abusar-de-su-hija-adoptiva\/","url":"https:\/\/www.noticiasradioreflejos.com.ar\/2021\/detienen-a-un-ex-funcionario-de-tornquist-acusado-de-abusar-de-su-hija-adoptiva\/","name":"Detienen a un ex funcionario de Tornquist, acusado de abusar de su hija adoptiva - Noticias Radio Reflejos","isPartOf":{"@id":"https:\/\/www.noticiasradioreflejos.com.ar\/2021\/#website"},"primaryImageOfPage":{"@id":"https:\/\/www.noticiasradioreflejos.com.ar\/2021\/detienen-a-un-ex-funcionario-de-tornquist-acusado-de-abusar-de-su-hija-adoptiva\/#primaryimage"},"image":{"@id":"https:\/\/www.noticiasradioreflejos.com.ar\/2021\/detienen-a-un-ex-funcionario-de-tornquist-acusado-de-abusar-de-su-hija-adoptiva\/#primaryimage"},"thumbnailUrl":"https:\/\/www.noticiasradioreflejos.com.ar\/2021\/wp-content\/uploads\/2020\/06\/ABUSO_sexual_menores.jpg","datePublished":"2020-06-22T20:08:22+00:00","author":{"@id":"https:\/\/www.noticiasradioreflejos.com.ar\/2021\/#\/schema\/person\/ad82545263dcc5ec0996818884fd5fb1"},"breadcrumb":{"@id":"https:\/\/www.noticiasradioreflejos.com.ar\/2021\/detienen-a-un-ex-funcionario-de-tornquist-acusado-de-abusar-de-su-hija-adoptiva\/#breadcrumb"},"inLanguage":"es","potentialAction":[{"@type":"ReadAction","target":["https:\/\/www.noticiasradioreflejos.com.ar\/2021\/detienen-a-un-ex-funcionario-de-tornquist-acusado-de-abusar-de-su-hija-adoptiva\/"]}]},{"@type":"ImageObject","inLanguage":"es","@id":"https:\/\/www.noticiasradioreflejos.com.ar\/2021\/detienen-a-un-ex-funcionario-de-tornquist-acusado-de-abusar-de-su-hija-adoptiva\/#primaryimage","url":"https:\/\/www.noticiasradioreflejos.com.ar\/2021\/wp-content\/uploads\/2020\/06\/ABUSO_sexual_menores.jpg","contentUrl":"https:\/\/www.noticiasradioreflejos.com.ar\/2021\/wp-content\/uploads\/2020\/06\/ABUSO_sexual_menores.jpg","width":550,"height":361},{"@type":"BreadcrumbList","@id":"https:\/\/www.noticiasradioreflejos.com.ar\/2021\/detienen-a-un-ex-funcionario-de-tornquist-acusado-de-abusar-de-su-hija-adoptiva\/#breadcrumb","itemListElement":[{"@type":"ListItem","position":1,"name":"Portada","item":"https:\/\/www.noticiasradioreflejos.com.ar\/2021\/"},{"@type":"ListItem","position":2,"name":"Detienen a un ex funcionario de Tornquist, acusado de abusar de su hija adoptiva"}]},{"@type":"WebSite","@id":"https:\/\/www.noticiasradioreflejos.com.ar\/2021\/#website","url":"https:\/\/www.noticiasradioreflejos.com.ar\/2021\/","name":"Noticias Radio Reflejos","description":"Las noticias de mi comarca","potentialAction":[{"@type":"SearchAction","target":{"@type":"EntryPoint","urlTemplate":"https:\/\/www.noticiasradioreflejos.com.ar\/2021\/?s={search_term_string}"},"query-input":{"@type":"PropertyValueSpecification","valueRequired":true,"valueName":"search_term_string"}}],"inLanguage":"es"},{"@type":"Person","@id":"https:\/\/www.noticiasradioreflejos.com.ar\/2021\/#\/schema\/person\/ad82545263dcc5ec0996818884fd5fb1","name":"Arnaldo Botto","image":{"@type":"ImageObject","inLanguage":"es","@id":"https:\/\/www.noticiasradioreflejos.com.ar\/2021\/#\/schema\/person\/image\/","url":"https:\/\/secure.gravatar.com\/avatar\/55cb5e37c1efa326397366e6974cb338056df65cb50e7d64d1cf314e87504837?s=96&d=mm&r=g","contentUrl":"https:\/\/secure.gravatar.com\/avatar\/55cb5e37c1efa326397366e6974cb338056df65cb50e7d64d1cf314e87504837?s=96&d=mm&r=g","caption":"Arnaldo Botto"},"url":"https:\/\/www.noticiasradioreflejos.com.ar\/2021\/author\/arnaldo\/"}]}},"_links":{"self":[{"href":"https:\/\/www.noticiasradioreflejos.com.ar\/2021\/wp-json\/wp\/v2\/posts\/43536","targetHints":{"allow":["GET"]}}],"collection":[{"href":"https:\/\/www.noticiasradioreflejos.com.ar\/2021\/wp-json\/wp\/v2\/posts"}],"about":[{"href":"https:\/\/www.noticiasradioreflejos.com.ar\/2021\/wp-json\/wp\/v2\/types\/post"}],"author":[{"embeddable":true,"href":"https:\/\/www.noticiasradioreflejos.com.ar\/2021\/wp-json\/wp\/v2\/users\/3"}],"replies":[{"embeddable":true,"href":"https:\/\/www.noticiasradioreflejos.com.ar\/2021\/wp-json\/wp\/v2\/comments?post=43536"}],"version-history":[{"count":0,"href":"https:\/\/www.noticiasradioreflejos.com.ar\/2021\/wp-json\/wp\/v2\/posts\/43536\/revisions"}],"wp:featuredmedia":[{"embeddable":true,"href":"https:\/\/www.noticiasradioreflejos.com.ar\/2021\/wp-json\/wp\/v2\/media\/43537"}],"wp:attachment":[{"href":"https:\/\/www.noticiasradioreflejos.com.ar\/2021\/wp-json\/wp\/v2\/media?parent=43536"}],"wp:term":[{"taxonomy":"category","embeddable":true,"href":"https:\/\/www.noticiasradioreflejos.com.ar\/2021\/wp-json\/wp\/v2\/categories?post=43536"},{"taxonomy":"post_tag","embeddable":true,"href":"https:\/\/www.noticiasradioreflejos.com.ar\/2021\/wp-json\/wp\/v2\/tags?post=43536"}],"curies":[{"name":"wp","href":"https:\/\/api.w.org\/{rel}","templated":true}]}}