{"id":43533,"date":"2020-06-22T13:36:03","date_gmt":"2020-06-22T16:36:03","guid":{"rendered":"http:\/\/www.noticiasradioreflejos.com.ar\/noticias\/?p=43533"},"modified":"2020-06-22T13:36:03","modified_gmt":"2020-06-22T16:36:03","slug":"amplian-comunicado-sobre-el-robo-con-empleo-de-armas-en-tornquist","status":"publish","type":"post","link":"https:\/\/www.noticiasradioreflejos.com.ar\/2021\/amplian-comunicado-sobre-el-robo-con-empleo-de-armas-en-tornquist\/","title":{"rendered":"Ampl\u00edan Comunicado sobre el  robo con empleo de armas en Tornquist."},"content":{"rendered":"<p><a title=\"WhatsApp Image 2020-06-22 at 12.38.08\" href=\"http:\/\/live.staticflickr.com\/65535\/50034106686_ddfe1b2b69_s.jpg\" rel=\"\"><img loading=\"lazy\" decoding=\"async\" class=\"alignleft\" style=\"float: left;\" title=\"WhatsApp Image 2020-06-22 at 12.38.08\" src=\"http:\/\/live.staticflickr.com\/65535\/50034106686_3a8f64ba6c_o.jpg\" alt=\"WhatsApp Image 2020-06-22 at 12.38.08\" width=\"489\" height=\"616\" \/><\/a>La Secretaria de Seguridad del Distrito de Tornquist, lleva a conocimiento de la Poblaci\u00f3n, que respecto al parte de prensa emitido con fecha 19 de Junio del corriente a\u00f1o, donde personal policial dependiente de la Estaci\u00f3n de Polic\u00eda Comunal Tornquist precedi\u00f3 a la aprehensi\u00f3n de tres personas, sexo masculino, entre ellas dos mayores y un menor de edad resultando que un cuarto sujeto (participe del asalto) lograra evadirse,<!--more--> quienes habr\u00edan irrumpido violentamente en el domicilio de calle Mitre 616 de este medio, donde golpean y amenazan con arma blanca al se\u00f1or Juan Jes\u00fas Noel, (vecino del medio) para sustraerle dinero en efectivo (recaudaci\u00f3n diaria) y mercader\u00eda en general del comercio lindante a su domicilio del rubro Kiosco, denominado TODO SUELTO, inici\u00e1ndose en cuesti\u00f3n Actuaciones Prevencionales caratuladas ROBO CALIFICADO EN POBLADO Y EN BANDA, consecuentemente a ello personal policial en el sector de la plaza central Ernesto Tornquist procedi\u00f3 a la aprehensi\u00f3n de los ciudadanos LUCAS LEONEL DOBAL de 20 a\u00f1os de edad, oriundo de Tornquist, y de NICOLAS PATRICIO DOBAL VAZQUEZ de 18 a\u00f1os, (hermano de Lucas Dobal) y un tercer sujeto menor de edad, en un principio no se emitieron identidades de los mayores de edad por encontrarse en curso la investigaci\u00f3n, faltando dar con el cuarto sujeto que hab\u00eda logrado huir.<\/p>\n<p><a title=\"WhatsApp Image 2020-06-22 at 12.38.09\" href=\"http:\/\/live.staticflickr.com\/65535\/50033567443_5a2858b599_s.jpg\" rel=\"\"><img loading=\"lazy\" decoding=\"async\" class=\"aligncenter\" title=\"WhatsApp Image 2020-06-22 at 12.38.09\" src=\"http:\/\/live.staticflickr.com\/65535\/50033567443_5a2858b599_c.jpg\" alt=\"WhatsApp Image 2020-06-22 at 12.38.09\" width=\"800\" height=\"615\" \/><\/a><\/p>\n<p>Que por el mismo hecho el d\u00eda viernes 19 del corriente, personal de la Estaci\u00f3n de Polic\u00eda Comunal Tornquist, procedi\u00f3 a dar cumplimiento de una orden de ALLANAMIENTO y DETENCION para con el se\u00f1or FACUNDO COLADO ordenado por el Juzgado de Garant\u00edas N\u00b0 4 del Departamento Judicial Bah\u00eda Blanca, a cargo de la Dra Marisa Prome en el domicilio ubicado sobre Avenida 25 de Mayo nro. 415 de este medio, en relaci\u00f3n a actuaciones recaratuladas por la fiscal\u00eda de intervenci\u00f3n como \u201cROBO AGRAVADO POR EL EMPLEO DE ARMA Y POR SU COMISION EN LUGAR EN POBLADO Y EN BANDA CON LA AGRAVANTE DE LA PARTICIPACION DE UN MENOR DE 18 A\u00d1OS DE EDAD\u201d, donde resultara victima JUAN JESUS NOEL, asimismo realizada la diligencia judicial los efectivos policiales no pudieron dar con moradores en dicho domicilio al momento de realizar el allanamiento, posteriormente se procede a la detenci\u00f3n del ciudadano FACUNDO COLADO de 28 a\u00f1os,(oriundo de Tornquist) en una obra en construcci\u00f3n de este medio, siendo alojado en los calabozos de la Estaci\u00f3n Tornquist, a disposici\u00f3n de la Unidad Fiscal de Instrucci\u00f3n y Juicio N\u00b0 3 del Fuero de Responsabilidad Penal Juvenil, el cual por tareas investigativas llevadas a cabo, se pudo establecer se trata del cuarto sujeto que ingreso al domicilio de Juan Jes\u00fas Noel el d\u00eda del hecho.<\/p>\n<p><a title=\"WhatsApp Image 2020-06-22 at 12.38.08 (1)\" href=\"http:\/\/live.staticflickr.com\/65535\/50034366092_9fdee2e6b7_s.jpg\" rel=\"\"><img loading=\"lazy\" decoding=\"async\" class=\"aligncenter\" title=\"WhatsApp Image 2020-06-22 at 12.38.08 (1)\" src=\"http:\/\/live.staticflickr.com\/65535\/50034366092_86318c81ec_o.jpg\" alt=\"WhatsApp Image 2020-06-22 at 12.38.08 (1)\" width=\"489\" height=\"543\" \/><\/a><\/p>\n","protected":false},"excerpt":{"rendered":"<p>La Secretaria de Seguridad del Distrito de Tornquist, lleva a conocimiento de la Poblaci\u00f3n, que respecto al parte de prensa emitido con fecha 19 de Junio del corriente a\u00f1o, donde personal policial dependiente de la Estaci\u00f3n de Polic\u00eda Comunal Tornquist precedi\u00f3 a la aprehensi\u00f3n de tres personas, sexo masculino, entre ellas dos mayores y un [&hellip;]<\/p>\n","protected":false},"author":3,"featured_media":0,"comment_status":"closed","ping_status":"open","sticky":false,"template":"","format":"standard","meta":{"footnotes":""},"categories":[29],"tags":[32],"class_list":["post-43533","post","type-post","status-publish","format-standard","hentry","category-policiales","tag-destacado"],"yoast_head":"<!-- This site is optimized with the Yoast SEO plugin v25.9 - https:\/\/yoast.com\/wordpress\/plugins\/seo\/ -->\n<title>Ampl\u00edan Comunicado sobre el robo con empleo de armas en Tornquist. - Noticias Radio Reflejos<\/title>\n<meta name=\"robots\" content=\"index, follow, max-snippet:-1, max-image-preview:large, max-video-preview:-1\" \/>\n<link rel=\"canonical\" href=\"https:\/\/www.noticiasradioreflejos.com.ar\/2021\/amplian-comunicado-sobre-el-robo-con-empleo-de-armas-en-tornquist\/\" \/>\n<meta property=\"og:locale\" content=\"es_ES\" \/>\n<meta property=\"og:type\" content=\"article\" \/>\n<meta property=\"og:title\" content=\"Ampl\u00edan Comunicado sobre el robo con empleo de armas en Tornquist. - Noticias Radio Reflejos\" \/>\n<meta property=\"og:description\" content=\"La Secretaria de Seguridad del Distrito de Tornquist, lleva a conocimiento de la Poblaci\u00f3n, que respecto al parte de prensa emitido con fecha 19 de Junio del corriente a\u00f1o, donde personal policial dependiente de la Estaci\u00f3n de Polic\u00eda Comunal Tornquist precedi\u00f3 a la aprehensi\u00f3n de tres personas, sexo masculino, entre ellas dos mayores y un [&hellip;]\" \/>\n<meta property=\"og:url\" content=\"https:\/\/www.noticiasradioreflejos.com.ar\/2021\/amplian-comunicado-sobre-el-robo-con-empleo-de-armas-en-tornquist\/\" \/>\n<meta property=\"og:site_name\" content=\"Noticias Radio Reflejos\" \/>\n<meta property=\"article:published_time\" content=\"2020-06-22T16:36:03+00:00\" \/>\n<meta property=\"og:image\" content=\"http:\/\/live.staticflickr.com\/65535\/50034106686_3a8f64ba6c_o.jpg\" \/>\n<meta name=\"author\" content=\"Arnaldo Botto\" \/>\n<meta name=\"twitter:card\" content=\"summary_large_image\" \/>\n<script type=\"application\/ld+json\" class=\"yoast-schema-graph\">{\"@context\":\"https:\/\/schema.org\",\"@graph\":[{\"@type\":\"WebPage\",\"@id\":\"https:\/\/www.noticiasradioreflejos.com.ar\/2021\/amplian-comunicado-sobre-el-robo-con-empleo-de-armas-en-tornquist\/\",\"url\":\"https:\/\/www.noticiasradioreflejos.com.ar\/2021\/amplian-comunicado-sobre-el-robo-con-empleo-de-armas-en-tornquist\/\",\"name\":\"Ampl\u00edan Comunicado sobre el robo con empleo de armas en Tornquist. - Noticias Radio Reflejos\",\"isPartOf\":{\"@id\":\"https:\/\/www.noticiasradioreflejos.com.ar\/2021\/#website\"},\"primaryImageOfPage\":{\"@id\":\"https:\/\/www.noticiasradioreflejos.com.ar\/2021\/amplian-comunicado-sobre-el-robo-con-empleo-de-armas-en-tornquist\/#primaryimage\"},\"image\":{\"@id\":\"https:\/\/www.noticiasradioreflejos.com.ar\/2021\/amplian-comunicado-sobre-el-robo-con-empleo-de-armas-en-tornquist\/#primaryimage\"},\"thumbnailUrl\":\"http:\/\/live.staticflickr.com\/65535\/50034106686_3a8f64ba6c_o.jpg\",\"datePublished\":\"2020-06-22T16:36:03+00:00\",\"author\":{\"@id\":\"https:\/\/www.noticiasradioreflejos.com.ar\/2021\/#\/schema\/person\/ad82545263dcc5ec0996818884fd5fb1\"},\"breadcrumb\":{\"@id\":\"https:\/\/www.noticiasradioreflejos.com.ar\/2021\/amplian-comunicado-sobre-el-robo-con-empleo-de-armas-en-tornquist\/#breadcrumb\"},\"inLanguage\":\"es\",\"potentialAction\":[{\"@type\":\"ReadAction\",\"target\":[\"https:\/\/www.noticiasradioreflejos.com.ar\/2021\/amplian-comunicado-sobre-el-robo-con-empleo-de-armas-en-tornquist\/\"]}]},{\"@type\":\"ImageObject\",\"inLanguage\":\"es\",\"@id\":\"https:\/\/www.noticiasradioreflejos.com.ar\/2021\/amplian-comunicado-sobre-el-robo-con-empleo-de-armas-en-tornquist\/#primaryimage\",\"url\":\"http:\/\/live.staticflickr.com\/65535\/50034106686_3a8f64ba6c_o.jpg\",\"contentUrl\":\"http:\/\/live.staticflickr.com\/65535\/50034106686_3a8f64ba6c_o.jpg\"},{\"@type\":\"BreadcrumbList\",\"@id\":\"https:\/\/www.noticiasradioreflejos.com.ar\/2021\/amplian-comunicado-sobre-el-robo-con-empleo-de-armas-en-tornquist\/#breadcrumb\",\"itemListElement\":[{\"@type\":\"ListItem\",\"position\":1,\"name\":\"Portada\",\"item\":\"https:\/\/www.noticiasradioreflejos.com.ar\/2021\/\"},{\"@type\":\"ListItem\",\"position\":2,\"name\":\"Ampl\u00edan Comunicado sobre el robo con empleo de armas en Tornquist.\"}]},{\"@type\":\"WebSite\",\"@id\":\"https:\/\/www.noticiasradioreflejos.com.ar\/2021\/#website\",\"url\":\"https:\/\/www.noticiasradioreflejos.com.ar\/2021\/\",\"name\":\"Noticias Radio Reflejos\",\"description\":\"Las noticias de mi comarca\",\"potentialAction\":[{\"@type\":\"SearchAction\",\"target\":{\"@type\":\"EntryPoint\",\"urlTemplate\":\"https:\/\/www.noticiasradioreflejos.com.ar\/2021\/?s={search_term_string}\"},\"query-input\":{\"@type\":\"PropertyValueSpecification\",\"valueRequired\":true,\"valueName\":\"search_term_string\"}}],\"inLanguage\":\"es\"},{\"@type\":\"Person\",\"@id\":\"https:\/\/www.noticiasradioreflejos.com.ar\/2021\/#\/schema\/person\/ad82545263dcc5ec0996818884fd5fb1\",\"name\":\"Arnaldo Botto\",\"image\":{\"@type\":\"ImageObject\",\"inLanguage\":\"es\",\"@id\":\"https:\/\/www.noticiasradioreflejos.com.ar\/2021\/#\/schema\/person\/image\/\",\"url\":\"https:\/\/secure.gravatar.com\/avatar\/55cb5e37c1efa326397366e6974cb338056df65cb50e7d64d1cf314e87504837?s=96&d=mm&r=g\",\"contentUrl\":\"https:\/\/secure.gravatar.com\/avatar\/55cb5e37c1efa326397366e6974cb338056df65cb50e7d64d1cf314e87504837?s=96&d=mm&r=g\",\"caption\":\"Arnaldo Botto\"},\"url\":\"https:\/\/www.noticiasradioreflejos.com.ar\/2021\/author\/arnaldo\/\"}]}<\/script>\n<!-- \/ Yoast SEO plugin. -->","yoast_head_json":{"title":"Ampl\u00edan Comunicado sobre el robo con empleo de armas en Tornquist. - Noticias Radio Reflejos","robots":{"index":"index","follow":"follow","max-snippet":"max-snippet:-1","max-image-preview":"max-image-preview:large","max-video-preview":"max-video-preview:-1"},"canonical":"https:\/\/www.noticiasradioreflejos.com.ar\/2021\/amplian-comunicado-sobre-el-robo-con-empleo-de-armas-en-tornquist\/","og_locale":"es_ES","og_type":"article","og_title":"Ampl\u00edan Comunicado sobre el robo con empleo de armas en Tornquist. - Noticias Radio Reflejos","og_description":"La Secretaria de Seguridad del Distrito de Tornquist, lleva a conocimiento de la Poblaci\u00f3n, que respecto al parte de prensa emitido con fecha 19 de Junio del corriente a\u00f1o, donde personal policial dependiente de la Estaci\u00f3n de Polic\u00eda Comunal Tornquist precedi\u00f3 a la aprehensi\u00f3n de tres personas, sexo masculino, entre ellas dos mayores y un [&hellip;]","og_url":"https:\/\/www.noticiasradioreflejos.com.ar\/2021\/amplian-comunicado-sobre-el-robo-con-empleo-de-armas-en-tornquist\/","og_site_name":"Noticias Radio Reflejos","article_published_time":"2020-06-22T16:36:03+00:00","og_image":[{"url":"http:\/\/live.staticflickr.com\/65535\/50034106686_3a8f64ba6c_o.jpg","type":"","width":"","height":""}],"author":"Arnaldo Botto","twitter_card":"summary_large_image","schema":{"@context":"https:\/\/schema.org","@graph":[{"@type":"WebPage","@id":"https:\/\/www.noticiasradioreflejos.com.ar\/2021\/amplian-comunicado-sobre-el-robo-con-empleo-de-armas-en-tornquist\/","url":"https:\/\/www.noticiasradioreflejos.com.ar\/2021\/amplian-comunicado-sobre-el-robo-con-empleo-de-armas-en-tornquist\/","name":"Ampl\u00edan Comunicado sobre el robo con empleo de armas en Tornquist. - Noticias Radio Reflejos","isPartOf":{"@id":"https:\/\/www.noticiasradioreflejos.com.ar\/2021\/#website"},"primaryImageOfPage":{"@id":"https:\/\/www.noticiasradioreflejos.com.ar\/2021\/amplian-comunicado-sobre-el-robo-con-empleo-de-armas-en-tornquist\/#primaryimage"},"image":{"@id":"https:\/\/www.noticiasradioreflejos.com.ar\/2021\/amplian-comunicado-sobre-el-robo-con-empleo-de-armas-en-tornquist\/#primaryimage"},"thumbnailUrl":"http:\/\/live.staticflickr.com\/65535\/50034106686_3a8f64ba6c_o.jpg","datePublished":"2020-06-22T16:36:03+00:00","author":{"@id":"https:\/\/www.noticiasradioreflejos.com.ar\/2021\/#\/schema\/person\/ad82545263dcc5ec0996818884fd5fb1"},"breadcrumb":{"@id":"https:\/\/www.noticiasradioreflejos.com.ar\/2021\/amplian-comunicado-sobre-el-robo-con-empleo-de-armas-en-tornquist\/#breadcrumb"},"inLanguage":"es","potentialAction":[{"@type":"ReadAction","target":["https:\/\/www.noticiasradioreflejos.com.ar\/2021\/amplian-comunicado-sobre-el-robo-con-empleo-de-armas-en-tornquist\/"]}]},{"@type":"ImageObject","inLanguage":"es","@id":"https:\/\/www.noticiasradioreflejos.com.ar\/2021\/amplian-comunicado-sobre-el-robo-con-empleo-de-armas-en-tornquist\/#primaryimage","url":"http:\/\/live.staticflickr.com\/65535\/50034106686_3a8f64ba6c_o.jpg","contentUrl":"http:\/\/live.staticflickr.com\/65535\/50034106686_3a8f64ba6c_o.jpg"},{"@type":"BreadcrumbList","@id":"https:\/\/www.noticiasradioreflejos.com.ar\/2021\/amplian-comunicado-sobre-el-robo-con-empleo-de-armas-en-tornquist\/#breadcrumb","itemListElement":[{"@type":"ListItem","position":1,"name":"Portada","item":"https:\/\/www.noticiasradioreflejos.com.ar\/2021\/"},{"@type":"ListItem","position":2,"name":"Ampl\u00edan Comunicado sobre el robo con empleo de armas en Tornquist."}]},{"@type":"WebSite","@id":"https:\/\/www.noticiasradioreflejos.com.ar\/2021\/#website","url":"https:\/\/www.noticiasradioreflejos.com.ar\/2021\/","name":"Noticias Radio Reflejos","description":"Las noticias de mi comarca","potentialAction":[{"@type":"SearchAction","target":{"@type":"EntryPoint","urlTemplate":"https:\/\/www.noticiasradioreflejos.com.ar\/2021\/?s={search_term_string}"},"query-input":{"@type":"PropertyValueSpecification","valueRequired":true,"valueName":"search_term_string"}}],"inLanguage":"es"},{"@type":"Person","@id":"https:\/\/www.noticiasradioreflejos.com.ar\/2021\/#\/schema\/person\/ad82545263dcc5ec0996818884fd5fb1","name":"Arnaldo Botto","image":{"@type":"ImageObject","inLanguage":"es","@id":"https:\/\/www.noticiasradioreflejos.com.ar\/2021\/#\/schema\/person\/image\/","url":"https:\/\/secure.gravatar.com\/avatar\/55cb5e37c1efa326397366e6974cb338056df65cb50e7d64d1cf314e87504837?s=96&d=mm&r=g","contentUrl":"https:\/\/secure.gravatar.com\/avatar\/55cb5e37c1efa326397366e6974cb338056df65cb50e7d64d1cf314e87504837?s=96&d=mm&r=g","caption":"Arnaldo Botto"},"url":"https:\/\/www.noticiasradioreflejos.com.ar\/2021\/author\/arnaldo\/"}]}},"_links":{"self":[{"href":"https:\/\/www.noticiasradioreflejos.com.ar\/2021\/wp-json\/wp\/v2\/posts\/43533","targetHints":{"allow":["GET"]}}],"collection":[{"href":"https:\/\/www.noticiasradioreflejos.com.ar\/2021\/wp-json\/wp\/v2\/posts"}],"about":[{"href":"https:\/\/www.noticiasradioreflejos.com.ar\/2021\/wp-json\/wp\/v2\/types\/post"}],"author":[{"embeddable":true,"href":"https:\/\/www.noticiasradioreflejos.com.ar\/2021\/wp-json\/wp\/v2\/users\/3"}],"replies":[{"embeddable":true,"href":"https:\/\/www.noticiasradioreflejos.com.ar\/2021\/wp-json\/wp\/v2\/comments?post=43533"}],"version-history":[{"count":0,"href":"https:\/\/www.noticiasradioreflejos.com.ar\/2021\/wp-json\/wp\/v2\/posts\/43533\/revisions"}],"wp:attachment":[{"href":"https:\/\/www.noticiasradioreflejos.com.ar\/2021\/wp-json\/wp\/v2\/media?parent=43533"}],"wp:term":[{"taxonomy":"category","embeddable":true,"href":"https:\/\/www.noticiasradioreflejos.com.ar\/2021\/wp-json\/wp\/v2\/categories?post=43533"},{"taxonomy":"post_tag","embeddable":true,"href":"https:\/\/www.noticiasradioreflejos.com.ar\/2021\/wp-json\/wp\/v2\/tags?post=43533"}],"curies":[{"name":"wp","href":"https:\/\/api.w.org\/{rel}","templated":true}]}}