{"id":43519,"date":"2020-06-22T12:48:00","date_gmt":"2020-06-22T15:48:00","guid":{"rendered":"http:\/\/www.noticiasradioreflejos.com.ar\/noticias\/?p=43519"},"modified":"2020-06-22T12:48:00","modified_gmt":"2020-06-22T15:48:00","slug":"destacan-la-necesidad-de-sostener-los-esquemas-de-vacunacion","status":"publish","type":"post","link":"https:\/\/www.noticiasradioreflejos.com.ar\/2021\/destacan-la-necesidad-de-sostener-los-esquemas-de-vacunacion\/","title":{"rendered":"Destacan la necesidad de sostener los esquemas de vacunaci\u00f3n."},"content":{"rendered":"<p>La directora de Control de Enfermedades Inmunoprevenibles, Anal\u00eda Mykietiuk del Ministerio de Salud, remarc\u00f3 hoy la necesidad de sostener los esquemas de vacunaci\u00f3n de la poblaci\u00f3n a\u00fan durante la cuarentena por coronavirus y record\u00f3 que la prevenci\u00f3n de enfermedades ayuda a que las personas no tengan que ocupar camas hospitalarias.<!--more--><br \/>\n\u00abSi nosotros prevenimos enfermedades con vacunas, esos pacientes no van a ir a los hospitales y as\u00ed van a tener m\u00e1s camas libres. El sost\u00e9n de actividades distintas a la atenci\u00f3n de pacientes con coronavirus es muy importante no solamente para no saturar el sistema sino para preservar la salud\u00bb, explic\u00f3 la funcionaria al participar del reporte diario que emite la cartera sanitaria.<\/p>\n<p>En ese sentido, dijo que la actividad en vacunatorios se desarrolla con normalidad y que el personal destinado a esas tareas no ha sido afectado al cuidado de los pacientes de Covid-19 en ning\u00fan momento desde el inicio de la pandemia.<\/p>\n<p>Adicionalmente, Mykietiuk brind\u00f3 detalles sobre dos experiencias que se vienen llevando adelante en los \u00faltimos meses, como son la campa\u00f1a \u00abde invierno\u00bb y la relacionada con la poliomielitis.<\/p>\n<p>Sobre la primera, la funcionaria dijo que vacunaci\u00f3n contra la gripe y neumococo signific\u00f3 la distribuci\u00f3n de casi 9 millones de vacunas, con una estrategia que debi\u00f3 recurrir a diversas t\u00e1cticas para \u00abllegar a la poblaci\u00f3n que estaba en el aislamiento\u00bb.<\/p>\n<p>\u00abFue una experiencia de lo m\u00e1s emotiva e innovadora\u00bb, dijo Mykietiuk e inform\u00f3 que, por ahora, \u00abno hay circulaci\u00f3n de virus de influenza y del virus sincitial respiratorio\u00bb.<\/p>\n<p>Por otra parte, destac\u00f3 la decisi\u00f3n de cambiar la estrategia de combate contra la poliomielitis, pasando de la vacuna Sabin oral a la Salk intramuscular.<\/p>\n<p>Adem\u00e1s, destac\u00f3 el trabajo que se realizar\u00e1 con el Ministerio de Educaci\u00f3n para \u00abusar las escuelas para acciones de vacunaci\u00f3n\u00bb durante la pandemia y para mantener dentro de los contenidos la importancia de este m\u00e9todo de prevenci\u00f3n de enfermedades.<\/p>\n","protected":false},"excerpt":{"rendered":"<p>La directora de Control de Enfermedades Inmunoprevenibles, Anal\u00eda Mykietiuk del Ministerio de Salud, remarc\u00f3 hoy la necesidad de sostener los esquemas de vacunaci\u00f3n de la poblaci\u00f3n a\u00fan durante la cuarentena por coronavirus y record\u00f3 que la prevenci\u00f3n de enfermedades ayuda a que las personas no tengan que ocupar camas hospitalarias.<\/p>\n","protected":false},"author":3,"featured_media":0,"comment_status":"closed","ping_status":"open","sticky":false,"template":"","format":"standard","meta":{"footnotes":""},"categories":[30],"tags":[],"class_list":["post-43519","post","type-post","status-publish","format-standard","hentry","category-salud"],"yoast_head":"<!-- This site is optimized with the Yoast SEO plugin v25.9 - https:\/\/yoast.com\/wordpress\/plugins\/seo\/ -->\n<title>Destacan la necesidad de sostener los esquemas de vacunaci\u00f3n. - Noticias Radio Reflejos<\/title>\n<meta name=\"robots\" content=\"index, follow, max-snippet:-1, max-image-preview:large, max-video-preview:-1\" \/>\n<link rel=\"canonical\" href=\"https:\/\/www.noticiasradioreflejos.com.ar\/2021\/destacan-la-necesidad-de-sostener-los-esquemas-de-vacunacion\/\" \/>\n<meta property=\"og:locale\" content=\"es_ES\" \/>\n<meta property=\"og:type\" content=\"article\" \/>\n<meta property=\"og:title\" content=\"Destacan la necesidad de sostener los esquemas de vacunaci\u00f3n. - Noticias Radio Reflejos\" \/>\n<meta property=\"og:description\" content=\"La directora de Control de Enfermedades Inmunoprevenibles, Anal\u00eda Mykietiuk del Ministerio de Salud, remarc\u00f3 hoy la necesidad de sostener los esquemas de vacunaci\u00f3n de la poblaci\u00f3n a\u00fan durante la cuarentena por coronavirus y record\u00f3 que la prevenci\u00f3n de enfermedades ayuda a que las personas no tengan que ocupar camas hospitalarias.\" \/>\n<meta property=\"og:url\" content=\"https:\/\/www.noticiasradioreflejos.com.ar\/2021\/destacan-la-necesidad-de-sostener-los-esquemas-de-vacunacion\/\" \/>\n<meta property=\"og:site_name\" content=\"Noticias Radio Reflejos\" \/>\n<meta property=\"article:published_time\" content=\"2020-06-22T15:48:00+00:00\" \/>\n<meta property=\"og:image\" content=\"https:\/\/www.noticiasradioreflejos.com.ar\/2021\/wp-content\/uploads\/2021\/07\/logosol300x200.png\" \/>\n\t<meta property=\"og:image:width\" content=\"300\" \/>\n\t<meta property=\"og:image:height\" content=\"200\" \/>\n\t<meta property=\"og:image:type\" content=\"image\/png\" \/>\n<meta name=\"author\" content=\"Arnaldo Botto\" \/>\n<meta name=\"twitter:card\" content=\"summary_large_image\" \/>\n<script type=\"application\/ld+json\" class=\"yoast-schema-graph\">{\"@context\":\"https:\/\/schema.org\",\"@graph\":[{\"@type\":\"WebPage\",\"@id\":\"https:\/\/www.noticiasradioreflejos.com.ar\/2021\/destacan-la-necesidad-de-sostener-los-esquemas-de-vacunacion\/\",\"url\":\"https:\/\/www.noticiasradioreflejos.com.ar\/2021\/destacan-la-necesidad-de-sostener-los-esquemas-de-vacunacion\/\",\"name\":\"Destacan la necesidad de sostener los esquemas de vacunaci\u00f3n. - Noticias Radio Reflejos\",\"isPartOf\":{\"@id\":\"https:\/\/www.noticiasradioreflejos.com.ar\/2021\/#website\"},\"datePublished\":\"2020-06-22T15:48:00+00:00\",\"author\":{\"@id\":\"https:\/\/www.noticiasradioreflejos.com.ar\/2021\/#\/schema\/person\/ad82545263dcc5ec0996818884fd5fb1\"},\"breadcrumb\":{\"@id\":\"https:\/\/www.noticiasradioreflejos.com.ar\/2021\/destacan-la-necesidad-de-sostener-los-esquemas-de-vacunacion\/#breadcrumb\"},\"inLanguage\":\"es\",\"potentialAction\":[{\"@type\":\"ReadAction\",\"target\":[\"https:\/\/www.noticiasradioreflejos.com.ar\/2021\/destacan-la-necesidad-de-sostener-los-esquemas-de-vacunacion\/\"]}]},{\"@type\":\"BreadcrumbList\",\"@id\":\"https:\/\/www.noticiasradioreflejos.com.ar\/2021\/destacan-la-necesidad-de-sostener-los-esquemas-de-vacunacion\/#breadcrumb\",\"itemListElement\":[{\"@type\":\"ListItem\",\"position\":1,\"name\":\"Portada\",\"item\":\"https:\/\/www.noticiasradioreflejos.com.ar\/2021\/\"},{\"@type\":\"ListItem\",\"position\":2,\"name\":\"Destacan la necesidad de sostener los esquemas de vacunaci\u00f3n.\"}]},{\"@type\":\"WebSite\",\"@id\":\"https:\/\/www.noticiasradioreflejos.com.ar\/2021\/#website\",\"url\":\"https:\/\/www.noticiasradioreflejos.com.ar\/2021\/\",\"name\":\"Noticias Radio Reflejos\",\"description\":\"Las noticias de mi comarca\",\"potentialAction\":[{\"@type\":\"SearchAction\",\"target\":{\"@type\":\"EntryPoint\",\"urlTemplate\":\"https:\/\/www.noticiasradioreflejos.com.ar\/2021\/?s={search_term_string}\"},\"query-input\":{\"@type\":\"PropertyValueSpecification\",\"valueRequired\":true,\"valueName\":\"search_term_string\"}}],\"inLanguage\":\"es\"},{\"@type\":\"Person\",\"@id\":\"https:\/\/www.noticiasradioreflejos.com.ar\/2021\/#\/schema\/person\/ad82545263dcc5ec0996818884fd5fb1\",\"name\":\"Arnaldo Botto\",\"image\":{\"@type\":\"ImageObject\",\"inLanguage\":\"es\",\"@id\":\"https:\/\/www.noticiasradioreflejos.com.ar\/2021\/#\/schema\/person\/image\/\",\"url\":\"https:\/\/secure.gravatar.com\/avatar\/55cb5e37c1efa326397366e6974cb338056df65cb50e7d64d1cf314e87504837?s=96&d=mm&r=g\",\"contentUrl\":\"https:\/\/secure.gravatar.com\/avatar\/55cb5e37c1efa326397366e6974cb338056df65cb50e7d64d1cf314e87504837?s=96&d=mm&r=g\",\"caption\":\"Arnaldo Botto\"},\"url\":\"https:\/\/www.noticiasradioreflejos.com.ar\/2021\/author\/arnaldo\/\"}]}<\/script>\n<!-- \/ Yoast SEO plugin. -->","yoast_head_json":{"title":"Destacan la necesidad de sostener los esquemas de vacunaci\u00f3n. - Noticias Radio Reflejos","robots":{"index":"index","follow":"follow","max-snippet":"max-snippet:-1","max-image-preview":"max-image-preview:large","max-video-preview":"max-video-preview:-1"},"canonical":"https:\/\/www.noticiasradioreflejos.com.ar\/2021\/destacan-la-necesidad-de-sostener-los-esquemas-de-vacunacion\/","og_locale":"es_ES","og_type":"article","og_title":"Destacan la necesidad de sostener los esquemas de vacunaci\u00f3n. - Noticias Radio Reflejos","og_description":"La directora de Control de Enfermedades Inmunoprevenibles, Anal\u00eda Mykietiuk del Ministerio de Salud, remarc\u00f3 hoy la necesidad de sostener los esquemas de vacunaci\u00f3n de la poblaci\u00f3n a\u00fan durante la cuarentena por coronavirus y record\u00f3 que la prevenci\u00f3n de enfermedades ayuda a que las personas no tengan que ocupar camas hospitalarias.","og_url":"https:\/\/www.noticiasradioreflejos.com.ar\/2021\/destacan-la-necesidad-de-sostener-los-esquemas-de-vacunacion\/","og_site_name":"Noticias Radio Reflejos","article_published_time":"2020-06-22T15:48:00+00:00","og_image":[{"width":300,"height":200,"url":"https:\/\/www.noticiasradioreflejos.com.ar\/2021\/wp-content\/uploads\/2021\/07\/logosol300x200.png","type":"image\/png"}],"author":"Arnaldo Botto","twitter_card":"summary_large_image","schema":{"@context":"https:\/\/schema.org","@graph":[{"@type":"WebPage","@id":"https:\/\/www.noticiasradioreflejos.com.ar\/2021\/destacan-la-necesidad-de-sostener-los-esquemas-de-vacunacion\/","url":"https:\/\/www.noticiasradioreflejos.com.ar\/2021\/destacan-la-necesidad-de-sostener-los-esquemas-de-vacunacion\/","name":"Destacan la necesidad de sostener los esquemas de vacunaci\u00f3n. - Noticias Radio Reflejos","isPartOf":{"@id":"https:\/\/www.noticiasradioreflejos.com.ar\/2021\/#website"},"datePublished":"2020-06-22T15:48:00+00:00","author":{"@id":"https:\/\/www.noticiasradioreflejos.com.ar\/2021\/#\/schema\/person\/ad82545263dcc5ec0996818884fd5fb1"},"breadcrumb":{"@id":"https:\/\/www.noticiasradioreflejos.com.ar\/2021\/destacan-la-necesidad-de-sostener-los-esquemas-de-vacunacion\/#breadcrumb"},"inLanguage":"es","potentialAction":[{"@type":"ReadAction","target":["https:\/\/www.noticiasradioreflejos.com.ar\/2021\/destacan-la-necesidad-de-sostener-los-esquemas-de-vacunacion\/"]}]},{"@type":"BreadcrumbList","@id":"https:\/\/www.noticiasradioreflejos.com.ar\/2021\/destacan-la-necesidad-de-sostener-los-esquemas-de-vacunacion\/#breadcrumb","itemListElement":[{"@type":"ListItem","position":1,"name":"Portada","item":"https:\/\/www.noticiasradioreflejos.com.ar\/2021\/"},{"@type":"ListItem","position":2,"name":"Destacan la necesidad de sostener los esquemas de vacunaci\u00f3n."}]},{"@type":"WebSite","@id":"https:\/\/www.noticiasradioreflejos.com.ar\/2021\/#website","url":"https:\/\/www.noticiasradioreflejos.com.ar\/2021\/","name":"Noticias Radio Reflejos","description":"Las noticias de mi comarca","potentialAction":[{"@type":"SearchAction","target":{"@type":"EntryPoint","urlTemplate":"https:\/\/www.noticiasradioreflejos.com.ar\/2021\/?s={search_term_string}"},"query-input":{"@type":"PropertyValueSpecification","valueRequired":true,"valueName":"search_term_string"}}],"inLanguage":"es"},{"@type":"Person","@id":"https:\/\/www.noticiasradioreflejos.com.ar\/2021\/#\/schema\/person\/ad82545263dcc5ec0996818884fd5fb1","name":"Arnaldo Botto","image":{"@type":"ImageObject","inLanguage":"es","@id":"https:\/\/www.noticiasradioreflejos.com.ar\/2021\/#\/schema\/person\/image\/","url":"https:\/\/secure.gravatar.com\/avatar\/55cb5e37c1efa326397366e6974cb338056df65cb50e7d64d1cf314e87504837?s=96&d=mm&r=g","contentUrl":"https:\/\/secure.gravatar.com\/avatar\/55cb5e37c1efa326397366e6974cb338056df65cb50e7d64d1cf314e87504837?s=96&d=mm&r=g","caption":"Arnaldo Botto"},"url":"https:\/\/www.noticiasradioreflejos.com.ar\/2021\/author\/arnaldo\/"}]}},"_links":{"self":[{"href":"https:\/\/www.noticiasradioreflejos.com.ar\/2021\/wp-json\/wp\/v2\/posts\/43519","targetHints":{"allow":["GET"]}}],"collection":[{"href":"https:\/\/www.noticiasradioreflejos.com.ar\/2021\/wp-json\/wp\/v2\/posts"}],"about":[{"href":"https:\/\/www.noticiasradioreflejos.com.ar\/2021\/wp-json\/wp\/v2\/types\/post"}],"author":[{"embeddable":true,"href":"https:\/\/www.noticiasradioreflejos.com.ar\/2021\/wp-json\/wp\/v2\/users\/3"}],"replies":[{"embeddable":true,"href":"https:\/\/www.noticiasradioreflejos.com.ar\/2021\/wp-json\/wp\/v2\/comments?post=43519"}],"version-history":[{"count":0,"href":"https:\/\/www.noticiasradioreflejos.com.ar\/2021\/wp-json\/wp\/v2\/posts\/43519\/revisions"}],"wp:attachment":[{"href":"https:\/\/www.noticiasradioreflejos.com.ar\/2021\/wp-json\/wp\/v2\/media?parent=43519"}],"wp:term":[{"taxonomy":"category","embeddable":true,"href":"https:\/\/www.noticiasradioreflejos.com.ar\/2021\/wp-json\/wp\/v2\/categories?post=43519"},{"taxonomy":"post_tag","embeddable":true,"href":"https:\/\/www.noticiasradioreflejos.com.ar\/2021\/wp-json\/wp\/v2\/tags?post=43519"}],"curies":[{"name":"wp","href":"https:\/\/api.w.org\/{rel}","templated":true}]}}