{"id":43514,"date":"2020-06-22T10:19:58","date_gmt":"2020-06-22T13:19:58","guid":{"rendered":"http:\/\/www.noticiasradioreflejos.com.ar\/noticias\/?p=43514"},"modified":"2020-06-22T10:19:58","modified_gmt":"2020-06-22T13:19:58","slug":"lanzan-alerta-en-cordoba-por-el-acecho-de-una-manga-de-langostas","status":"publish","type":"post","link":"https:\/\/www.noticiasradioreflejos.com.ar\/2021\/lanzan-alerta-en-cordoba-por-el-acecho-de-una-manga-de-langostas\/","title":{"rendered":"Lanzan alerta en C\u00f3rdoba por el acecho de una manga de langostas"},"content":{"rendered":"<p>Funcionarios y t\u00e9cnicos de organismos nacionales y provinciales de C\u00f3rdoba comenzaron con la tarea de articular acciones de seguimiento y monitoreo, para eventualmente activar el protocolo correspondiente, luego de detectar que una manga de plaga de langostas ingres\u00f3 por el sector norte de Santa Fe.<!--more--><br \/>\nDe acuerdo con la informaci\u00f3n suministrada por el Gobierno de C\u00f3rdoba, el seguimiento est\u00e1 a cargo de distintas \u00e1reas de la delegaci\u00f3n local del Servicio Nacional de Sanidad y Calidad Agroalimentaria (Senasa) y del Ministerio de Agricultura y Ganader\u00eda de la provincia.<\/p>\n<p>La informaci\u00f3n oficial sostiene que la manga de langostas ingres\u00f3 al pa\u00eds proveniente de Paraguay y, desde el viernes \u00faltimo, se instal\u00f3 en zonas del departamento General Obligado de la vecina provincia.<\/p>\n<p>Se advirti\u00f3 adem\u00e1s que en aproximadamente un kil\u00f3metro cuadrado pueden movilizarse hasta 40 millones de insectos de la denominada langosta sudamericana, comiendo cultivos y pastizales equivalentes a lo que pueden consumir 2.000 vacas en un d\u00eda.<\/p>\n<p>Los organismos solicitaron a los productores denunciar la presencia de las langostas a trav\u00e9s del 0800-999-2386, del correo electr\u00f3nico acridios@senasa.gob.ar o a trav\u00e9s de la aplicaci\u00f3n Alertas Senasa, en tanto que el Ministerio de Agricultura y Ganader\u00eda de la provincia tambi\u00e9n cuenta con la l\u00ednea 0800-8888-AGRO.<\/p>\n","protected":false},"excerpt":{"rendered":"<p>Funcionarios y t\u00e9cnicos de organismos nacionales y provinciales de C\u00f3rdoba comenzaron con la tarea de articular acciones de seguimiento y monitoreo, para eventualmente activar el protocolo correspondiente, luego de detectar que una manga de plaga de langostas ingres\u00f3 por el sector norte de Santa Fe.<\/p>\n","protected":false},"author":3,"featured_media":0,"comment_status":"closed","ping_status":"open","sticky":false,"template":"","format":"standard","meta":{"footnotes":""},"categories":[36],"tags":[],"class_list":["post-43514","post","type-post","status-publish","format-standard","hentry","category-economia"],"yoast_head":"<!-- This site is optimized with the Yoast SEO plugin v25.9 - https:\/\/yoast.com\/wordpress\/plugins\/seo\/ -->\n<title>Lanzan alerta en C\u00f3rdoba por el acecho de una manga de langostas - Noticias Radio Reflejos<\/title>\n<meta name=\"robots\" content=\"index, follow, max-snippet:-1, max-image-preview:large, max-video-preview:-1\" \/>\n<link rel=\"canonical\" href=\"https:\/\/www.noticiasradioreflejos.com.ar\/2021\/lanzan-alerta-en-cordoba-por-el-acecho-de-una-manga-de-langostas\/\" \/>\n<meta property=\"og:locale\" content=\"es_ES\" \/>\n<meta property=\"og:type\" content=\"article\" \/>\n<meta property=\"og:title\" content=\"Lanzan alerta en C\u00f3rdoba por el acecho de una manga de langostas - Noticias Radio Reflejos\" \/>\n<meta property=\"og:description\" content=\"Funcionarios y t\u00e9cnicos de organismos nacionales y provinciales de C\u00f3rdoba comenzaron con la tarea de articular acciones de seguimiento y monitoreo, para eventualmente activar el protocolo correspondiente, luego de detectar que una manga de plaga de langostas ingres\u00f3 por el sector norte de Santa Fe.\" \/>\n<meta property=\"og:url\" content=\"https:\/\/www.noticiasradioreflejos.com.ar\/2021\/lanzan-alerta-en-cordoba-por-el-acecho-de-una-manga-de-langostas\/\" \/>\n<meta property=\"og:site_name\" content=\"Noticias Radio Reflejos\" \/>\n<meta property=\"article:published_time\" content=\"2020-06-22T13:19:58+00:00\" \/>\n<meta property=\"og:image\" content=\"https:\/\/www.noticiasradioreflejos.com.ar\/2021\/wp-content\/uploads\/2021\/07\/logosol300x200.png\" \/>\n\t<meta property=\"og:image:width\" content=\"300\" \/>\n\t<meta property=\"og:image:height\" content=\"200\" \/>\n\t<meta property=\"og:image:type\" content=\"image\/png\" \/>\n<meta name=\"author\" content=\"Arnaldo Botto\" \/>\n<meta name=\"twitter:card\" content=\"summary_large_image\" \/>\n<script type=\"application\/ld+json\" class=\"yoast-schema-graph\">{\"@context\":\"https:\/\/schema.org\",\"@graph\":[{\"@type\":\"WebPage\",\"@id\":\"https:\/\/www.noticiasradioreflejos.com.ar\/2021\/lanzan-alerta-en-cordoba-por-el-acecho-de-una-manga-de-langostas\/\",\"url\":\"https:\/\/www.noticiasradioreflejos.com.ar\/2021\/lanzan-alerta-en-cordoba-por-el-acecho-de-una-manga-de-langostas\/\",\"name\":\"Lanzan alerta en C\u00f3rdoba por el acecho de una manga de langostas - Noticias Radio Reflejos\",\"isPartOf\":{\"@id\":\"https:\/\/www.noticiasradioreflejos.com.ar\/2021\/#website\"},\"datePublished\":\"2020-06-22T13:19:58+00:00\",\"author\":{\"@id\":\"https:\/\/www.noticiasradioreflejos.com.ar\/2021\/#\/schema\/person\/ad82545263dcc5ec0996818884fd5fb1\"},\"breadcrumb\":{\"@id\":\"https:\/\/www.noticiasradioreflejos.com.ar\/2021\/lanzan-alerta-en-cordoba-por-el-acecho-de-una-manga-de-langostas\/#breadcrumb\"},\"inLanguage\":\"es\",\"potentialAction\":[{\"@type\":\"ReadAction\",\"target\":[\"https:\/\/www.noticiasradioreflejos.com.ar\/2021\/lanzan-alerta-en-cordoba-por-el-acecho-de-una-manga-de-langostas\/\"]}]},{\"@type\":\"BreadcrumbList\",\"@id\":\"https:\/\/www.noticiasradioreflejos.com.ar\/2021\/lanzan-alerta-en-cordoba-por-el-acecho-de-una-manga-de-langostas\/#breadcrumb\",\"itemListElement\":[{\"@type\":\"ListItem\",\"position\":1,\"name\":\"Portada\",\"item\":\"https:\/\/www.noticiasradioreflejos.com.ar\/2021\/\"},{\"@type\":\"ListItem\",\"position\":2,\"name\":\"Lanzan alerta en C\u00f3rdoba por el acecho de una manga de langostas\"}]},{\"@type\":\"WebSite\",\"@id\":\"https:\/\/www.noticiasradioreflejos.com.ar\/2021\/#website\",\"url\":\"https:\/\/www.noticiasradioreflejos.com.ar\/2021\/\",\"name\":\"Noticias Radio Reflejos\",\"description\":\"Las noticias de mi comarca\",\"potentialAction\":[{\"@type\":\"SearchAction\",\"target\":{\"@type\":\"EntryPoint\",\"urlTemplate\":\"https:\/\/www.noticiasradioreflejos.com.ar\/2021\/?s={search_term_string}\"},\"query-input\":{\"@type\":\"PropertyValueSpecification\",\"valueRequired\":true,\"valueName\":\"search_term_string\"}}],\"inLanguage\":\"es\"},{\"@type\":\"Person\",\"@id\":\"https:\/\/www.noticiasradioreflejos.com.ar\/2021\/#\/schema\/person\/ad82545263dcc5ec0996818884fd5fb1\",\"name\":\"Arnaldo Botto\",\"image\":{\"@type\":\"ImageObject\",\"inLanguage\":\"es\",\"@id\":\"https:\/\/www.noticiasradioreflejos.com.ar\/2021\/#\/schema\/person\/image\/\",\"url\":\"https:\/\/secure.gravatar.com\/avatar\/55cb5e37c1efa326397366e6974cb338056df65cb50e7d64d1cf314e87504837?s=96&d=mm&r=g\",\"contentUrl\":\"https:\/\/secure.gravatar.com\/avatar\/55cb5e37c1efa326397366e6974cb338056df65cb50e7d64d1cf314e87504837?s=96&d=mm&r=g\",\"caption\":\"Arnaldo Botto\"},\"url\":\"https:\/\/www.noticiasradioreflejos.com.ar\/2021\/author\/arnaldo\/\"}]}<\/script>\n<!-- \/ Yoast SEO plugin. -->","yoast_head_json":{"title":"Lanzan alerta en C\u00f3rdoba por el acecho de una manga de langostas - Noticias Radio Reflejos","robots":{"index":"index","follow":"follow","max-snippet":"max-snippet:-1","max-image-preview":"max-image-preview:large","max-video-preview":"max-video-preview:-1"},"canonical":"https:\/\/www.noticiasradioreflejos.com.ar\/2021\/lanzan-alerta-en-cordoba-por-el-acecho-de-una-manga-de-langostas\/","og_locale":"es_ES","og_type":"article","og_title":"Lanzan alerta en C\u00f3rdoba por el acecho de una manga de langostas - Noticias Radio Reflejos","og_description":"Funcionarios y t\u00e9cnicos de organismos nacionales y provinciales de C\u00f3rdoba comenzaron con la tarea de articular acciones de seguimiento y monitoreo, para eventualmente activar el protocolo correspondiente, luego de detectar que una manga de plaga de langostas ingres\u00f3 por el sector norte de Santa Fe.","og_url":"https:\/\/www.noticiasradioreflejos.com.ar\/2021\/lanzan-alerta-en-cordoba-por-el-acecho-de-una-manga-de-langostas\/","og_site_name":"Noticias Radio Reflejos","article_published_time":"2020-06-22T13:19:58+00:00","og_image":[{"width":300,"height":200,"url":"https:\/\/www.noticiasradioreflejos.com.ar\/2021\/wp-content\/uploads\/2021\/07\/logosol300x200.png","type":"image\/png"}],"author":"Arnaldo Botto","twitter_card":"summary_large_image","schema":{"@context":"https:\/\/schema.org","@graph":[{"@type":"WebPage","@id":"https:\/\/www.noticiasradioreflejos.com.ar\/2021\/lanzan-alerta-en-cordoba-por-el-acecho-de-una-manga-de-langostas\/","url":"https:\/\/www.noticiasradioreflejos.com.ar\/2021\/lanzan-alerta-en-cordoba-por-el-acecho-de-una-manga-de-langostas\/","name":"Lanzan alerta en C\u00f3rdoba por el acecho de una manga de langostas - Noticias Radio Reflejos","isPartOf":{"@id":"https:\/\/www.noticiasradioreflejos.com.ar\/2021\/#website"},"datePublished":"2020-06-22T13:19:58+00:00","author":{"@id":"https:\/\/www.noticiasradioreflejos.com.ar\/2021\/#\/schema\/person\/ad82545263dcc5ec0996818884fd5fb1"},"breadcrumb":{"@id":"https:\/\/www.noticiasradioreflejos.com.ar\/2021\/lanzan-alerta-en-cordoba-por-el-acecho-de-una-manga-de-langostas\/#breadcrumb"},"inLanguage":"es","potentialAction":[{"@type":"ReadAction","target":["https:\/\/www.noticiasradioreflejos.com.ar\/2021\/lanzan-alerta-en-cordoba-por-el-acecho-de-una-manga-de-langostas\/"]}]},{"@type":"BreadcrumbList","@id":"https:\/\/www.noticiasradioreflejos.com.ar\/2021\/lanzan-alerta-en-cordoba-por-el-acecho-de-una-manga-de-langostas\/#breadcrumb","itemListElement":[{"@type":"ListItem","position":1,"name":"Portada","item":"https:\/\/www.noticiasradioreflejos.com.ar\/2021\/"},{"@type":"ListItem","position":2,"name":"Lanzan alerta en C\u00f3rdoba por el acecho de una manga de langostas"}]},{"@type":"WebSite","@id":"https:\/\/www.noticiasradioreflejos.com.ar\/2021\/#website","url":"https:\/\/www.noticiasradioreflejos.com.ar\/2021\/","name":"Noticias Radio Reflejos","description":"Las noticias de mi comarca","potentialAction":[{"@type":"SearchAction","target":{"@type":"EntryPoint","urlTemplate":"https:\/\/www.noticiasradioreflejos.com.ar\/2021\/?s={search_term_string}"},"query-input":{"@type":"PropertyValueSpecification","valueRequired":true,"valueName":"search_term_string"}}],"inLanguage":"es"},{"@type":"Person","@id":"https:\/\/www.noticiasradioreflejos.com.ar\/2021\/#\/schema\/person\/ad82545263dcc5ec0996818884fd5fb1","name":"Arnaldo Botto","image":{"@type":"ImageObject","inLanguage":"es","@id":"https:\/\/www.noticiasradioreflejos.com.ar\/2021\/#\/schema\/person\/image\/","url":"https:\/\/secure.gravatar.com\/avatar\/55cb5e37c1efa326397366e6974cb338056df65cb50e7d64d1cf314e87504837?s=96&d=mm&r=g","contentUrl":"https:\/\/secure.gravatar.com\/avatar\/55cb5e37c1efa326397366e6974cb338056df65cb50e7d64d1cf314e87504837?s=96&d=mm&r=g","caption":"Arnaldo Botto"},"url":"https:\/\/www.noticiasradioreflejos.com.ar\/2021\/author\/arnaldo\/"}]}},"_links":{"self":[{"href":"https:\/\/www.noticiasradioreflejos.com.ar\/2021\/wp-json\/wp\/v2\/posts\/43514","targetHints":{"allow":["GET"]}}],"collection":[{"href":"https:\/\/www.noticiasradioreflejos.com.ar\/2021\/wp-json\/wp\/v2\/posts"}],"about":[{"href":"https:\/\/www.noticiasradioreflejos.com.ar\/2021\/wp-json\/wp\/v2\/types\/post"}],"author":[{"embeddable":true,"href":"https:\/\/www.noticiasradioreflejos.com.ar\/2021\/wp-json\/wp\/v2\/users\/3"}],"replies":[{"embeddable":true,"href":"https:\/\/www.noticiasradioreflejos.com.ar\/2021\/wp-json\/wp\/v2\/comments?post=43514"}],"version-history":[{"count":0,"href":"https:\/\/www.noticiasradioreflejos.com.ar\/2021\/wp-json\/wp\/v2\/posts\/43514\/revisions"}],"wp:attachment":[{"href":"https:\/\/www.noticiasradioreflejos.com.ar\/2021\/wp-json\/wp\/v2\/media?parent=43514"}],"wp:term":[{"taxonomy":"category","embeddable":true,"href":"https:\/\/www.noticiasradioreflejos.com.ar\/2021\/wp-json\/wp\/v2\/categories?post=43514"},{"taxonomy":"post_tag","embeddable":true,"href":"https:\/\/www.noticiasradioreflejos.com.ar\/2021\/wp-json\/wp\/v2\/tags?post=43514"}],"curies":[{"name":"wp","href":"https:\/\/api.w.org\/{rel}","templated":true}]}}