{"id":43509,"date":"2020-06-22T08:14:05","date_gmt":"2020-06-22T11:14:05","guid":{"rendered":"http:\/\/www.noticiasradioreflejos.com.ar\/noticias\/?p=43509"},"modified":"2020-06-22T08:14:05","modified_gmt":"2020-06-22T11:14:05","slug":"hoy-cobran-jubilados-y-pensionados-y-el-ife-los-beneficiarios-de-la-auh-con-dni-terminado-en-9","status":"publish","type":"post","link":"https:\/\/www.noticiasradioreflejos.com.ar\/2021\/hoy-cobran-jubilados-y-pensionados-y-el-ife-los-beneficiarios-de-la-auh-con-dni-terminado-en-9\/","title":{"rendered":"Hoy cobran jubilados y pensionados con DNI terminado en 9  y el IFE los beneficiarios de la AUH."},"content":{"rendered":"<p>Los titulares de la Asignaci\u00f3n Universal por Hijo (AUH) cuyo Documento Nacional de Identidad (DNI) termina en 9 cobrar\u00e1n hoy la segunda ronda del Ingreso Familiar de Emergencia (IFE), la ayuda de $10.000 otorgada por el Gobierno para paliar la crisis econ\u00f3mica derivada de la pandemia de coronavirus. Tambi\u00e9n lo har\u00e1n los titulares de la Asignaci\u00f3n Universal por Embarazo, con DNI terminado en 7.<!--more--><\/p>\n<p>Asimismo, los jubilados y pensionados con DNI finalizado en 9, y cuyos haberes no superen los $18.952, podr\u00e1n cobrar el haber correspondiente a junio en las sucursales bancarias por ventanilla.<\/p>\n<p>As\u00ed lo precis\u00f3 la Administraci\u00f3n Nacional de la Seguridad Social (Anses) y record\u00f3 que, si bien los titulares no tienen que solicitar turno previo para cobrar este beneficio, deben acercarse a la sucursal bancaria \u00fanicamente en las fechas que corresponden seg\u00fan la terminaci\u00f3n del DNI.<\/p>\n<p>En tanto, indic\u00f3 que, a diferencia del pago de la primera ronda del IFE, en la que los beneficiarios pod\u00edan elegir cobrar a trav\u00e9s de retiro del dinero en cajeros de las redes Banelco o Link o v\u00eda Correo Argentino, el objetivo es que esta vez todos esos pagos se canalicen a trav\u00e9s de bancos y que se les abra a todos sus beneficiarios una caja de ahorros para asegurar su inclusi\u00f3n financiera.<\/p>\n","protected":false},"excerpt":{"rendered":"<p>Los titulares de la Asignaci\u00f3n Universal por Hijo (AUH) cuyo Documento Nacional de Identidad (DNI) termina en 9 cobrar\u00e1n hoy la segunda ronda del Ingreso Familiar de Emergencia (IFE), la ayuda de $10.000 otorgada por el Gobierno para paliar la crisis econ\u00f3mica derivada de la pandemia de coronavirus. Tambi\u00e9n lo har\u00e1n los titulares de la [&hellip;]<\/p>\n","protected":false},"author":3,"featured_media":0,"comment_status":"closed","ping_status":"open","sticky":false,"template":"","format":"standard","meta":{"footnotes":""},"categories":[36],"tags":[],"class_list":["post-43509","post","type-post","status-publish","format-standard","hentry","category-economia"],"yoast_head":"<!-- This site is optimized with the Yoast SEO plugin v25.9 - https:\/\/yoast.com\/wordpress\/plugins\/seo\/ -->\n<title>Hoy cobran jubilados y pensionados con DNI terminado en 9 y el IFE los beneficiarios de la AUH. - Noticias Radio Reflejos<\/title>\n<meta name=\"robots\" content=\"index, follow, max-snippet:-1, max-image-preview:large, max-video-preview:-1\" \/>\n<link rel=\"canonical\" href=\"https:\/\/www.noticiasradioreflejos.com.ar\/2021\/hoy-cobran-jubilados-y-pensionados-y-el-ife-los-beneficiarios-de-la-auh-con-dni-terminado-en-9\/\" \/>\n<meta property=\"og:locale\" content=\"es_ES\" \/>\n<meta property=\"og:type\" content=\"article\" \/>\n<meta property=\"og:title\" content=\"Hoy cobran jubilados y pensionados con DNI terminado en 9 y el IFE los beneficiarios de la AUH. - Noticias Radio Reflejos\" \/>\n<meta property=\"og:description\" content=\"Los titulares de la Asignaci\u00f3n Universal por Hijo (AUH) cuyo Documento Nacional de Identidad (DNI) termina en 9 cobrar\u00e1n hoy la segunda ronda del Ingreso Familiar de Emergencia (IFE), la ayuda de $10.000 otorgada por el Gobierno para paliar la crisis econ\u00f3mica derivada de la pandemia de coronavirus. Tambi\u00e9n lo har\u00e1n los titulares de la [&hellip;]\" \/>\n<meta property=\"og:url\" content=\"https:\/\/www.noticiasradioreflejos.com.ar\/2021\/hoy-cobran-jubilados-y-pensionados-y-el-ife-los-beneficiarios-de-la-auh-con-dni-terminado-en-9\/\" \/>\n<meta property=\"og:site_name\" content=\"Noticias Radio Reflejos\" \/>\n<meta property=\"article:published_time\" content=\"2020-06-22T11:14:05+00:00\" \/>\n<meta property=\"og:image\" content=\"https:\/\/www.noticiasradioreflejos.com.ar\/2021\/wp-content\/uploads\/2021\/07\/logosol300x200.png\" \/>\n\t<meta property=\"og:image:width\" content=\"300\" \/>\n\t<meta property=\"og:image:height\" content=\"200\" \/>\n\t<meta property=\"og:image:type\" content=\"image\/png\" \/>\n<meta name=\"author\" content=\"Arnaldo Botto\" \/>\n<meta name=\"twitter:card\" content=\"summary_large_image\" \/>\n<script type=\"application\/ld+json\" class=\"yoast-schema-graph\">{\"@context\":\"https:\/\/schema.org\",\"@graph\":[{\"@type\":\"WebPage\",\"@id\":\"https:\/\/www.noticiasradioreflejos.com.ar\/2021\/hoy-cobran-jubilados-y-pensionados-y-el-ife-los-beneficiarios-de-la-auh-con-dni-terminado-en-9\/\",\"url\":\"https:\/\/www.noticiasradioreflejos.com.ar\/2021\/hoy-cobran-jubilados-y-pensionados-y-el-ife-los-beneficiarios-de-la-auh-con-dni-terminado-en-9\/\",\"name\":\"Hoy cobran jubilados y pensionados con DNI terminado en 9 y el IFE los beneficiarios de la AUH. - Noticias Radio Reflejos\",\"isPartOf\":{\"@id\":\"https:\/\/www.noticiasradioreflejos.com.ar\/2021\/#website\"},\"datePublished\":\"2020-06-22T11:14:05+00:00\",\"author\":{\"@id\":\"https:\/\/www.noticiasradioreflejos.com.ar\/2021\/#\/schema\/person\/ad82545263dcc5ec0996818884fd5fb1\"},\"breadcrumb\":{\"@id\":\"https:\/\/www.noticiasradioreflejos.com.ar\/2021\/hoy-cobran-jubilados-y-pensionados-y-el-ife-los-beneficiarios-de-la-auh-con-dni-terminado-en-9\/#breadcrumb\"},\"inLanguage\":\"es\",\"potentialAction\":[{\"@type\":\"ReadAction\",\"target\":[\"https:\/\/www.noticiasradioreflejos.com.ar\/2021\/hoy-cobran-jubilados-y-pensionados-y-el-ife-los-beneficiarios-de-la-auh-con-dni-terminado-en-9\/\"]}]},{\"@type\":\"BreadcrumbList\",\"@id\":\"https:\/\/www.noticiasradioreflejos.com.ar\/2021\/hoy-cobran-jubilados-y-pensionados-y-el-ife-los-beneficiarios-de-la-auh-con-dni-terminado-en-9\/#breadcrumb\",\"itemListElement\":[{\"@type\":\"ListItem\",\"position\":1,\"name\":\"Portada\",\"item\":\"https:\/\/www.noticiasradioreflejos.com.ar\/2021\/\"},{\"@type\":\"ListItem\",\"position\":2,\"name\":\"Hoy cobran jubilados y pensionados con DNI terminado en 9 y el IFE los beneficiarios de la AUH.\"}]},{\"@type\":\"WebSite\",\"@id\":\"https:\/\/www.noticiasradioreflejos.com.ar\/2021\/#website\",\"url\":\"https:\/\/www.noticiasradioreflejos.com.ar\/2021\/\",\"name\":\"Noticias Radio Reflejos\",\"description\":\"Las noticias de mi comarca\",\"potentialAction\":[{\"@type\":\"SearchAction\",\"target\":{\"@type\":\"EntryPoint\",\"urlTemplate\":\"https:\/\/www.noticiasradioreflejos.com.ar\/2021\/?s={search_term_string}\"},\"query-input\":{\"@type\":\"PropertyValueSpecification\",\"valueRequired\":true,\"valueName\":\"search_term_string\"}}],\"inLanguage\":\"es\"},{\"@type\":\"Person\",\"@id\":\"https:\/\/www.noticiasradioreflejos.com.ar\/2021\/#\/schema\/person\/ad82545263dcc5ec0996818884fd5fb1\",\"name\":\"Arnaldo Botto\",\"image\":{\"@type\":\"ImageObject\",\"inLanguage\":\"es\",\"@id\":\"https:\/\/www.noticiasradioreflejos.com.ar\/2021\/#\/schema\/person\/image\/\",\"url\":\"https:\/\/secure.gravatar.com\/avatar\/55cb5e37c1efa326397366e6974cb338056df65cb50e7d64d1cf314e87504837?s=96&d=mm&r=g\",\"contentUrl\":\"https:\/\/secure.gravatar.com\/avatar\/55cb5e37c1efa326397366e6974cb338056df65cb50e7d64d1cf314e87504837?s=96&d=mm&r=g\",\"caption\":\"Arnaldo Botto\"},\"url\":\"https:\/\/www.noticiasradioreflejos.com.ar\/2021\/author\/arnaldo\/\"}]}<\/script>\n<!-- \/ Yoast SEO plugin. -->","yoast_head_json":{"title":"Hoy cobran jubilados y pensionados con DNI terminado en 9 y el IFE los beneficiarios de la AUH. - Noticias Radio Reflejos","robots":{"index":"index","follow":"follow","max-snippet":"max-snippet:-1","max-image-preview":"max-image-preview:large","max-video-preview":"max-video-preview:-1"},"canonical":"https:\/\/www.noticiasradioreflejos.com.ar\/2021\/hoy-cobran-jubilados-y-pensionados-y-el-ife-los-beneficiarios-de-la-auh-con-dni-terminado-en-9\/","og_locale":"es_ES","og_type":"article","og_title":"Hoy cobran jubilados y pensionados con DNI terminado en 9 y el IFE los beneficiarios de la AUH. - Noticias Radio Reflejos","og_description":"Los titulares de la Asignaci\u00f3n Universal por Hijo (AUH) cuyo Documento Nacional de Identidad (DNI) termina en 9 cobrar\u00e1n hoy la segunda ronda del Ingreso Familiar de Emergencia (IFE), la ayuda de $10.000 otorgada por el Gobierno para paliar la crisis econ\u00f3mica derivada de la pandemia de coronavirus. Tambi\u00e9n lo har\u00e1n los titulares de la [&hellip;]","og_url":"https:\/\/www.noticiasradioreflejos.com.ar\/2021\/hoy-cobran-jubilados-y-pensionados-y-el-ife-los-beneficiarios-de-la-auh-con-dni-terminado-en-9\/","og_site_name":"Noticias Radio Reflejos","article_published_time":"2020-06-22T11:14:05+00:00","og_image":[{"width":300,"height":200,"url":"https:\/\/www.noticiasradioreflejos.com.ar\/2021\/wp-content\/uploads\/2021\/07\/logosol300x200.png","type":"image\/png"}],"author":"Arnaldo Botto","twitter_card":"summary_large_image","schema":{"@context":"https:\/\/schema.org","@graph":[{"@type":"WebPage","@id":"https:\/\/www.noticiasradioreflejos.com.ar\/2021\/hoy-cobran-jubilados-y-pensionados-y-el-ife-los-beneficiarios-de-la-auh-con-dni-terminado-en-9\/","url":"https:\/\/www.noticiasradioreflejos.com.ar\/2021\/hoy-cobran-jubilados-y-pensionados-y-el-ife-los-beneficiarios-de-la-auh-con-dni-terminado-en-9\/","name":"Hoy cobran jubilados y pensionados con DNI terminado en 9 y el IFE los beneficiarios de la AUH. - Noticias Radio Reflejos","isPartOf":{"@id":"https:\/\/www.noticiasradioreflejos.com.ar\/2021\/#website"},"datePublished":"2020-06-22T11:14:05+00:00","author":{"@id":"https:\/\/www.noticiasradioreflejos.com.ar\/2021\/#\/schema\/person\/ad82545263dcc5ec0996818884fd5fb1"},"breadcrumb":{"@id":"https:\/\/www.noticiasradioreflejos.com.ar\/2021\/hoy-cobran-jubilados-y-pensionados-y-el-ife-los-beneficiarios-de-la-auh-con-dni-terminado-en-9\/#breadcrumb"},"inLanguage":"es","potentialAction":[{"@type":"ReadAction","target":["https:\/\/www.noticiasradioreflejos.com.ar\/2021\/hoy-cobran-jubilados-y-pensionados-y-el-ife-los-beneficiarios-de-la-auh-con-dni-terminado-en-9\/"]}]},{"@type":"BreadcrumbList","@id":"https:\/\/www.noticiasradioreflejos.com.ar\/2021\/hoy-cobran-jubilados-y-pensionados-y-el-ife-los-beneficiarios-de-la-auh-con-dni-terminado-en-9\/#breadcrumb","itemListElement":[{"@type":"ListItem","position":1,"name":"Portada","item":"https:\/\/www.noticiasradioreflejos.com.ar\/2021\/"},{"@type":"ListItem","position":2,"name":"Hoy cobran jubilados y pensionados con DNI terminado en 9 y el IFE los beneficiarios de la AUH."}]},{"@type":"WebSite","@id":"https:\/\/www.noticiasradioreflejos.com.ar\/2021\/#website","url":"https:\/\/www.noticiasradioreflejos.com.ar\/2021\/","name":"Noticias Radio Reflejos","description":"Las noticias de mi comarca","potentialAction":[{"@type":"SearchAction","target":{"@type":"EntryPoint","urlTemplate":"https:\/\/www.noticiasradioreflejos.com.ar\/2021\/?s={search_term_string}"},"query-input":{"@type":"PropertyValueSpecification","valueRequired":true,"valueName":"search_term_string"}}],"inLanguage":"es"},{"@type":"Person","@id":"https:\/\/www.noticiasradioreflejos.com.ar\/2021\/#\/schema\/person\/ad82545263dcc5ec0996818884fd5fb1","name":"Arnaldo Botto","image":{"@type":"ImageObject","inLanguage":"es","@id":"https:\/\/www.noticiasradioreflejos.com.ar\/2021\/#\/schema\/person\/image\/","url":"https:\/\/secure.gravatar.com\/avatar\/55cb5e37c1efa326397366e6974cb338056df65cb50e7d64d1cf314e87504837?s=96&d=mm&r=g","contentUrl":"https:\/\/secure.gravatar.com\/avatar\/55cb5e37c1efa326397366e6974cb338056df65cb50e7d64d1cf314e87504837?s=96&d=mm&r=g","caption":"Arnaldo Botto"},"url":"https:\/\/www.noticiasradioreflejos.com.ar\/2021\/author\/arnaldo\/"}]}},"_links":{"self":[{"href":"https:\/\/www.noticiasradioreflejos.com.ar\/2021\/wp-json\/wp\/v2\/posts\/43509","targetHints":{"allow":["GET"]}}],"collection":[{"href":"https:\/\/www.noticiasradioreflejos.com.ar\/2021\/wp-json\/wp\/v2\/posts"}],"about":[{"href":"https:\/\/www.noticiasradioreflejos.com.ar\/2021\/wp-json\/wp\/v2\/types\/post"}],"author":[{"embeddable":true,"href":"https:\/\/www.noticiasradioreflejos.com.ar\/2021\/wp-json\/wp\/v2\/users\/3"}],"replies":[{"embeddable":true,"href":"https:\/\/www.noticiasradioreflejos.com.ar\/2021\/wp-json\/wp\/v2\/comments?post=43509"}],"version-history":[{"count":0,"href":"https:\/\/www.noticiasradioreflejos.com.ar\/2021\/wp-json\/wp\/v2\/posts\/43509\/revisions"}],"wp:attachment":[{"href":"https:\/\/www.noticiasradioreflejos.com.ar\/2021\/wp-json\/wp\/v2\/media?parent=43509"}],"wp:term":[{"taxonomy":"category","embeddable":true,"href":"https:\/\/www.noticiasradioreflejos.com.ar\/2021\/wp-json\/wp\/v2\/categories?post=43509"},{"taxonomy":"post_tag","embeddable":true,"href":"https:\/\/www.noticiasradioreflejos.com.ar\/2021\/wp-json\/wp\/v2\/tags?post=43509"}],"curies":[{"name":"wp","href":"https:\/\/api.w.org\/{rel}","templated":true}]}}