{"id":43494,"date":"2020-06-20T16:39:42","date_gmt":"2020-06-20T19:39:42","guid":{"rendered":"http:\/\/www.noticiasradioreflejos.com.ar\/noticias\/?p=43494"},"modified":"2020-06-20T16:39:42","modified_gmt":"2020-06-20T19:39:42","slug":"kicillof-conmemoro-el-dia-de-la-bandera-con-un-encuentro-virtual-con-alumnos-de-los-135-municipios","status":"publish","type":"post","link":"https:\/\/www.noticiasradioreflejos.com.ar\/2021\/kicillof-conmemoro-el-dia-de-la-bandera-con-un-encuentro-virtual-con-alumnos-de-los-135-municipios\/","title":{"rendered":"Kicillof conmemor\u00f3 el D\u00eda de la Bandera con un encuentro virtual con alumnos de los 135 municipios"},"content":{"rendered":"<p style=\"text-align: left;\">El gobernador bonaerense, Axel Kicillof, celebr\u00f3 hoy en modalidad virtual el D\u00eda de la Bandera con 135 alumnos de la provincia, con quienes reflexion\u00f3 que la insignia nacional \u00abes s\u00edmbolo de la patria y la patria es pensar en el otro, en el que la est\u00e1 pasando peor y necesita de nosotros\u00bb.<br \/>\n<!--more--><\/p>\n<p>\u00abMiro la bandera y pienso en los millones de bonaerenses que todos los d\u00edas nos encargamos de que esa insignia tenga un significado y represente algo\u00bb, dijo Kicillof ante numerosos alumnos de cuarto grado que segu\u00edan la videoconferencia desde sus casas, en los 135 municipios del distrito.<\/p>\n<p>El aislamiento social por la pandemia de coronavirus oblig\u00f3 a la provincia de uenos Aires a postergar para el pr\u00f3ximo 10 de diciembre la realizaci\u00f3n del tradicional acto de jura a la bandera.<\/p>\n<p>Kicillof dialog\u00f3 tambi\u00e9n con algunos alumnos y les pregunt\u00f3 qu\u00e9 prometer\u00edan a la bandera.<\/p>\n<p>\u00abAmarla con todo mi coraz\u00f3n\u00bb, dijo Nerea de Chivilcoy; \u00abmi orgullo y mi libertad\u00bb, asegur\u00f3 Robertino de Pehuaj\u00f3; \u00abamar a mi patria y a la provincia\u00bb, afirm\u00f3 Sof\u00eda de La Matanza, y \u00abque cada ni\u00f1o tenga comida\u00bb, respondi\u00f3 M\u00e1ximo de Avellaneda.<\/p>\n<hr \/>\n<p><a title=\"2020-06-20_04-18-39\" href=\"http:\/\/live.staticflickr.com\/65535\/50026317628_1ddbaaae0f_s.jpg\" rel=\"\"><img loading=\"lazy\" decoding=\"async\" class=\"aligncenter\" title=\"2020-06-20_04-18-39\" src=\"http:\/\/live.staticflickr.com\/65535\/50026317628_1ddbaaae0f_b.jpg\" alt=\"2020-06-20_04-18-39\" width=\"1024\" height=\"640\" \/><\/a>Acompa\u00f1ado por la vicegobernadora, Ver\u00f3nica Magario, y la directora de Educaci\u00f3n y Cultura bonaerense, Agustina Vila, el mandatario le cont\u00f3 a los ni\u00f1os que Belgrano es uno de sus \u00abpatriotas favoritos\u00bb y relat\u00f3 c\u00f3mo el pr\u00f3cer cre\u00f3 la bandera nacional.<\/p>\n<p>\u00abCuando hablo de la patria, pienso en todos los que la construimos, los que trabajamos, estudiamos y vivimos en este pa\u00eds; jurar a la bandera es pensar en la paz y en que todos tengan su plato de comida, que cada uno tenga compromiso y respeto\u00bb, afirm\u00f3.<\/p>\n<p>Kicillof agreg\u00f3 que \u00abla patria no es algo que flota en el aire, sino que es la solidaridad y la identidad, que es distinta en cada uno y, a la vez, es bonaerense y argentina, ya que todos tenemos una misma bandera y un mismo pa\u00eds\u00bb.<\/p>\n<p>\u00abEn este momento tan dif\u00edcil por la pandemia hay que pensar en qu\u00e9 puede hacer cada uno para que tengamos una provincia y un pa\u00eds mejor, y eso es la patria\u00bb, concluy\u00f3.<\/p>\n","protected":false},"excerpt":{"rendered":"<p>El gobernador bonaerense, Axel Kicillof, celebr\u00f3 hoy en modalidad virtual el D\u00eda de la Bandera con 135 alumnos de la provincia, con quienes reflexion\u00f3 que la insignia nacional \u00abes s\u00edmbolo de la patria y la patria es pensar en el otro, en el que la est\u00e1 pasando peor y necesita de nosotros\u00bb.<\/p>\n","protected":false},"author":3,"featured_media":0,"comment_status":"closed","ping_status":"open","sticky":false,"template":"","format":"standard","meta":{"footnotes":""},"categories":[25],"tags":[],"class_list":["post-43494","post","type-post","status-publish","format-standard","hentry","category-uncategorized"],"yoast_head":"<!-- This site is optimized with the Yoast SEO plugin v25.9 - https:\/\/yoast.com\/wordpress\/plugins\/seo\/ -->\n<title>Kicillof conmemor\u00f3 el D\u00eda de la Bandera con un encuentro virtual con alumnos de los 135 municipios - Noticias Radio Reflejos<\/title>\n<meta name=\"robots\" content=\"index, follow, max-snippet:-1, max-image-preview:large, max-video-preview:-1\" \/>\n<link rel=\"canonical\" href=\"https:\/\/www.noticiasradioreflejos.com.ar\/2021\/kicillof-conmemoro-el-dia-de-la-bandera-con-un-encuentro-virtual-con-alumnos-de-los-135-municipios\/\" \/>\n<meta property=\"og:locale\" content=\"es_ES\" \/>\n<meta property=\"og:type\" content=\"article\" \/>\n<meta property=\"og:title\" content=\"Kicillof conmemor\u00f3 el D\u00eda de la Bandera con un encuentro virtual con alumnos de los 135 municipios - Noticias Radio Reflejos\" \/>\n<meta property=\"og:description\" content=\"El gobernador bonaerense, Axel Kicillof, celebr\u00f3 hoy en modalidad virtual el D\u00eda de la Bandera con 135 alumnos de la provincia, con quienes reflexion\u00f3 que la insignia nacional \u00abes s\u00edmbolo de la patria y la patria es pensar en el otro, en el que la est\u00e1 pasando peor y necesita de nosotros\u00bb.\" \/>\n<meta property=\"og:url\" content=\"https:\/\/www.noticiasradioreflejos.com.ar\/2021\/kicillof-conmemoro-el-dia-de-la-bandera-con-un-encuentro-virtual-con-alumnos-de-los-135-municipios\/\" \/>\n<meta property=\"og:site_name\" content=\"Noticias Radio Reflejos\" \/>\n<meta property=\"article:published_time\" content=\"2020-06-20T19:39:42+00:00\" \/>\n<meta property=\"og:image\" content=\"http:\/\/live.staticflickr.com\/65535\/50026317628_1ddbaaae0f_b.jpg\" \/>\n<meta name=\"author\" content=\"Arnaldo Botto\" \/>\n<meta name=\"twitter:card\" content=\"summary_large_image\" \/>\n<script type=\"application\/ld+json\" class=\"yoast-schema-graph\">{\"@context\":\"https:\/\/schema.org\",\"@graph\":[{\"@type\":\"WebPage\",\"@id\":\"https:\/\/www.noticiasradioreflejos.com.ar\/2021\/kicillof-conmemoro-el-dia-de-la-bandera-con-un-encuentro-virtual-con-alumnos-de-los-135-municipios\/\",\"url\":\"https:\/\/www.noticiasradioreflejos.com.ar\/2021\/kicillof-conmemoro-el-dia-de-la-bandera-con-un-encuentro-virtual-con-alumnos-de-los-135-municipios\/\",\"name\":\"Kicillof conmemor\u00f3 el D\u00eda de la Bandera con un encuentro virtual con alumnos de los 135 municipios - Noticias Radio Reflejos\",\"isPartOf\":{\"@id\":\"https:\/\/www.noticiasradioreflejos.com.ar\/2021\/#website\"},\"primaryImageOfPage\":{\"@id\":\"https:\/\/www.noticiasradioreflejos.com.ar\/2021\/kicillof-conmemoro-el-dia-de-la-bandera-con-un-encuentro-virtual-con-alumnos-de-los-135-municipios\/#primaryimage\"},\"image\":{\"@id\":\"https:\/\/www.noticiasradioreflejos.com.ar\/2021\/kicillof-conmemoro-el-dia-de-la-bandera-con-un-encuentro-virtual-con-alumnos-de-los-135-municipios\/#primaryimage\"},\"thumbnailUrl\":\"http:\/\/live.staticflickr.com\/65535\/50026317628_1ddbaaae0f_b.jpg\",\"datePublished\":\"2020-06-20T19:39:42+00:00\",\"author\":{\"@id\":\"https:\/\/www.noticiasradioreflejos.com.ar\/2021\/#\/schema\/person\/ad82545263dcc5ec0996818884fd5fb1\"},\"breadcrumb\":{\"@id\":\"https:\/\/www.noticiasradioreflejos.com.ar\/2021\/kicillof-conmemoro-el-dia-de-la-bandera-con-un-encuentro-virtual-con-alumnos-de-los-135-municipios\/#breadcrumb\"},\"inLanguage\":\"es\",\"potentialAction\":[{\"@type\":\"ReadAction\",\"target\":[\"https:\/\/www.noticiasradioreflejos.com.ar\/2021\/kicillof-conmemoro-el-dia-de-la-bandera-con-un-encuentro-virtual-con-alumnos-de-los-135-municipios\/\"]}]},{\"@type\":\"ImageObject\",\"inLanguage\":\"es\",\"@id\":\"https:\/\/www.noticiasradioreflejos.com.ar\/2021\/kicillof-conmemoro-el-dia-de-la-bandera-con-un-encuentro-virtual-con-alumnos-de-los-135-municipios\/#primaryimage\",\"url\":\"http:\/\/live.staticflickr.com\/65535\/50026317628_1ddbaaae0f_b.jpg\",\"contentUrl\":\"http:\/\/live.staticflickr.com\/65535\/50026317628_1ddbaaae0f_b.jpg\"},{\"@type\":\"BreadcrumbList\",\"@id\":\"https:\/\/www.noticiasradioreflejos.com.ar\/2021\/kicillof-conmemoro-el-dia-de-la-bandera-con-un-encuentro-virtual-con-alumnos-de-los-135-municipios\/#breadcrumb\",\"itemListElement\":[{\"@type\":\"ListItem\",\"position\":1,\"name\":\"Portada\",\"item\":\"https:\/\/www.noticiasradioreflejos.com.ar\/2021\/\"},{\"@type\":\"ListItem\",\"position\":2,\"name\":\"Kicillof conmemor\u00f3 el D\u00eda de la Bandera con un encuentro virtual con alumnos de los 135 municipios\"}]},{\"@type\":\"WebSite\",\"@id\":\"https:\/\/www.noticiasradioreflejos.com.ar\/2021\/#website\",\"url\":\"https:\/\/www.noticiasradioreflejos.com.ar\/2021\/\",\"name\":\"Noticias Radio Reflejos\",\"description\":\"Las noticias de mi comarca\",\"potentialAction\":[{\"@type\":\"SearchAction\",\"target\":{\"@type\":\"EntryPoint\",\"urlTemplate\":\"https:\/\/www.noticiasradioreflejos.com.ar\/2021\/?s={search_term_string}\"},\"query-input\":{\"@type\":\"PropertyValueSpecification\",\"valueRequired\":true,\"valueName\":\"search_term_string\"}}],\"inLanguage\":\"es\"},{\"@type\":\"Person\",\"@id\":\"https:\/\/www.noticiasradioreflejos.com.ar\/2021\/#\/schema\/person\/ad82545263dcc5ec0996818884fd5fb1\",\"name\":\"Arnaldo Botto\",\"image\":{\"@type\":\"ImageObject\",\"inLanguage\":\"es\",\"@id\":\"https:\/\/www.noticiasradioreflejos.com.ar\/2021\/#\/schema\/person\/image\/\",\"url\":\"https:\/\/secure.gravatar.com\/avatar\/55cb5e37c1efa326397366e6974cb338056df65cb50e7d64d1cf314e87504837?s=96&d=mm&r=g\",\"contentUrl\":\"https:\/\/secure.gravatar.com\/avatar\/55cb5e37c1efa326397366e6974cb338056df65cb50e7d64d1cf314e87504837?s=96&d=mm&r=g\",\"caption\":\"Arnaldo Botto\"},\"url\":\"https:\/\/www.noticiasradioreflejos.com.ar\/2021\/author\/arnaldo\/\"}]}<\/script>\n<!-- \/ Yoast SEO plugin. -->","yoast_head_json":{"title":"Kicillof conmemor\u00f3 el D\u00eda de la Bandera con un encuentro virtual con alumnos de los 135 municipios - Noticias Radio Reflejos","robots":{"index":"index","follow":"follow","max-snippet":"max-snippet:-1","max-image-preview":"max-image-preview:large","max-video-preview":"max-video-preview:-1"},"canonical":"https:\/\/www.noticiasradioreflejos.com.ar\/2021\/kicillof-conmemoro-el-dia-de-la-bandera-con-un-encuentro-virtual-con-alumnos-de-los-135-municipios\/","og_locale":"es_ES","og_type":"article","og_title":"Kicillof conmemor\u00f3 el D\u00eda de la Bandera con un encuentro virtual con alumnos de los 135 municipios - Noticias Radio Reflejos","og_description":"El gobernador bonaerense, Axel Kicillof, celebr\u00f3 hoy en modalidad virtual el D\u00eda de la Bandera con 135 alumnos de la provincia, con quienes reflexion\u00f3 que la insignia nacional \u00abes s\u00edmbolo de la patria y la patria es pensar en el otro, en el que la est\u00e1 pasando peor y necesita de nosotros\u00bb.","og_url":"https:\/\/www.noticiasradioreflejos.com.ar\/2021\/kicillof-conmemoro-el-dia-de-la-bandera-con-un-encuentro-virtual-con-alumnos-de-los-135-municipios\/","og_site_name":"Noticias Radio Reflejos","article_published_time":"2020-06-20T19:39:42+00:00","og_image":[{"url":"http:\/\/live.staticflickr.com\/65535\/50026317628_1ddbaaae0f_b.jpg","type":"","width":"","height":""}],"author":"Arnaldo Botto","twitter_card":"summary_large_image","schema":{"@context":"https:\/\/schema.org","@graph":[{"@type":"WebPage","@id":"https:\/\/www.noticiasradioreflejos.com.ar\/2021\/kicillof-conmemoro-el-dia-de-la-bandera-con-un-encuentro-virtual-con-alumnos-de-los-135-municipios\/","url":"https:\/\/www.noticiasradioreflejos.com.ar\/2021\/kicillof-conmemoro-el-dia-de-la-bandera-con-un-encuentro-virtual-con-alumnos-de-los-135-municipios\/","name":"Kicillof conmemor\u00f3 el D\u00eda de la Bandera con un encuentro virtual con alumnos de los 135 municipios - Noticias Radio Reflejos","isPartOf":{"@id":"https:\/\/www.noticiasradioreflejos.com.ar\/2021\/#website"},"primaryImageOfPage":{"@id":"https:\/\/www.noticiasradioreflejos.com.ar\/2021\/kicillof-conmemoro-el-dia-de-la-bandera-con-un-encuentro-virtual-con-alumnos-de-los-135-municipios\/#primaryimage"},"image":{"@id":"https:\/\/www.noticiasradioreflejos.com.ar\/2021\/kicillof-conmemoro-el-dia-de-la-bandera-con-un-encuentro-virtual-con-alumnos-de-los-135-municipios\/#primaryimage"},"thumbnailUrl":"http:\/\/live.staticflickr.com\/65535\/50026317628_1ddbaaae0f_b.jpg","datePublished":"2020-06-20T19:39:42+00:00","author":{"@id":"https:\/\/www.noticiasradioreflejos.com.ar\/2021\/#\/schema\/person\/ad82545263dcc5ec0996818884fd5fb1"},"breadcrumb":{"@id":"https:\/\/www.noticiasradioreflejos.com.ar\/2021\/kicillof-conmemoro-el-dia-de-la-bandera-con-un-encuentro-virtual-con-alumnos-de-los-135-municipios\/#breadcrumb"},"inLanguage":"es","potentialAction":[{"@type":"ReadAction","target":["https:\/\/www.noticiasradioreflejos.com.ar\/2021\/kicillof-conmemoro-el-dia-de-la-bandera-con-un-encuentro-virtual-con-alumnos-de-los-135-municipios\/"]}]},{"@type":"ImageObject","inLanguage":"es","@id":"https:\/\/www.noticiasradioreflejos.com.ar\/2021\/kicillof-conmemoro-el-dia-de-la-bandera-con-un-encuentro-virtual-con-alumnos-de-los-135-municipios\/#primaryimage","url":"http:\/\/live.staticflickr.com\/65535\/50026317628_1ddbaaae0f_b.jpg","contentUrl":"http:\/\/live.staticflickr.com\/65535\/50026317628_1ddbaaae0f_b.jpg"},{"@type":"BreadcrumbList","@id":"https:\/\/www.noticiasradioreflejos.com.ar\/2021\/kicillof-conmemoro-el-dia-de-la-bandera-con-un-encuentro-virtual-con-alumnos-de-los-135-municipios\/#breadcrumb","itemListElement":[{"@type":"ListItem","position":1,"name":"Portada","item":"https:\/\/www.noticiasradioreflejos.com.ar\/2021\/"},{"@type":"ListItem","position":2,"name":"Kicillof conmemor\u00f3 el D\u00eda de la Bandera con un encuentro virtual con alumnos de los 135 municipios"}]},{"@type":"WebSite","@id":"https:\/\/www.noticiasradioreflejos.com.ar\/2021\/#website","url":"https:\/\/www.noticiasradioreflejos.com.ar\/2021\/","name":"Noticias Radio Reflejos","description":"Las noticias de mi comarca","potentialAction":[{"@type":"SearchAction","target":{"@type":"EntryPoint","urlTemplate":"https:\/\/www.noticiasradioreflejos.com.ar\/2021\/?s={search_term_string}"},"query-input":{"@type":"PropertyValueSpecification","valueRequired":true,"valueName":"search_term_string"}}],"inLanguage":"es"},{"@type":"Person","@id":"https:\/\/www.noticiasradioreflejos.com.ar\/2021\/#\/schema\/person\/ad82545263dcc5ec0996818884fd5fb1","name":"Arnaldo Botto","image":{"@type":"ImageObject","inLanguage":"es","@id":"https:\/\/www.noticiasradioreflejos.com.ar\/2021\/#\/schema\/person\/image\/","url":"https:\/\/secure.gravatar.com\/avatar\/55cb5e37c1efa326397366e6974cb338056df65cb50e7d64d1cf314e87504837?s=96&d=mm&r=g","contentUrl":"https:\/\/secure.gravatar.com\/avatar\/55cb5e37c1efa326397366e6974cb338056df65cb50e7d64d1cf314e87504837?s=96&d=mm&r=g","caption":"Arnaldo Botto"},"url":"https:\/\/www.noticiasradioreflejos.com.ar\/2021\/author\/arnaldo\/"}]}},"_links":{"self":[{"href":"https:\/\/www.noticiasradioreflejos.com.ar\/2021\/wp-json\/wp\/v2\/posts\/43494","targetHints":{"allow":["GET"]}}],"collection":[{"href":"https:\/\/www.noticiasradioreflejos.com.ar\/2021\/wp-json\/wp\/v2\/posts"}],"about":[{"href":"https:\/\/www.noticiasradioreflejos.com.ar\/2021\/wp-json\/wp\/v2\/types\/post"}],"author":[{"embeddable":true,"href":"https:\/\/www.noticiasradioreflejos.com.ar\/2021\/wp-json\/wp\/v2\/users\/3"}],"replies":[{"embeddable":true,"href":"https:\/\/www.noticiasradioreflejos.com.ar\/2021\/wp-json\/wp\/v2\/comments?post=43494"}],"version-history":[{"count":0,"href":"https:\/\/www.noticiasradioreflejos.com.ar\/2021\/wp-json\/wp\/v2\/posts\/43494\/revisions"}],"wp:attachment":[{"href":"https:\/\/www.noticiasradioreflejos.com.ar\/2021\/wp-json\/wp\/v2\/media?parent=43494"}],"wp:term":[{"taxonomy":"category","embeddable":true,"href":"https:\/\/www.noticiasradioreflejos.com.ar\/2021\/wp-json\/wp\/v2\/categories?post=43494"},{"taxonomy":"post_tag","embeddable":true,"href":"https:\/\/www.noticiasradioreflejos.com.ar\/2021\/wp-json\/wp\/v2\/tags?post=43494"}],"curies":[{"name":"wp","href":"https:\/\/api.w.org\/{rel}","templated":true}]}}