{"id":43490,"date":"2020-06-20T16:30:32","date_gmt":"2020-06-20T19:30:32","guid":{"rendered":"http:\/\/www.noticiasradioreflejos.com.ar\/noticias\/?p=43490"},"modified":"2020-06-20T16:30:32","modified_gmt":"2020-06-20T19:30:32","slug":"la-bandera-que-unio-y-une-a-sierra-de-la-ventana","status":"publish","type":"post","link":"https:\/\/www.noticiasradioreflejos.com.ar\/2021\/la-bandera-que-unio-y-une-a-sierra-de-la-ventana\/","title":{"rendered":"La bandera que uni\u00f3 y une a Sierra de la Ventana."},"content":{"rendered":"<p style=\"text-align: left;\">En el d\u00eda de la bandera, conversamos con Rub\u00e9n Medrano, propietario del supermercado \u00abMel\u00edn\u00bb de Sierra de la Ventana y uno de los impulsores de la creaci\u00f3n de un espacio para el desarrollo de los actos p\u00fablicos vecinales en la localidad. Nos cuenta la historia de la gran bandera colgada en su local en el d\u00eda de hoy y c\u00f3mo se les ocurri\u00f3 saciar la necesidad de los vecinos de celebrar juntos las fechas patrias en los d\u00edas correspondientes.<!--more--><\/p>\n<p>El comenzar la nota, Rub\u00e9n nos cont\u00f3 c\u00f3mo es que se les ocurri\u00f3 realizar esta celebraci\u00f3n. Un 20 de Junio, hace a\u00f1os atr\u00e1s, \u00e9l y su hijo estaban tomando un caf\u00e9 en Mel\u00edn cuando lleg\u00f3 un amigo. \u00abNos pusimos a charlar sobre que las fechas patrias ya no se celebran en la fecha exacta, entonces se nos ocurri\u00f3 celebrar la bandera el d\u00eda que corresponde\u00bb comenz\u00f3 explicando. Convocaron a varios vecinos quienes se organizaron para comenzar las gestiones necesarias para generar un espacio donde los actos p\u00fablicos tomen lugar. \u00abUno puso el auto, otro la m\u00fasica, y a Rodrigo (su hijo) se le ocurri\u00f3 poner la bandera\u00bb record\u00f3.<\/p>\n<p>Se contactaron con la f\u00e1brica de banderas de Buenos Aires, a quienes les informaron las medidas del m\u00e1stil disponible para recibir un pabell\u00f3n acorde en proporciones. La bandera fue tomada como una donaci\u00f3n de la f\u00e1brica, quien ayud\u00f3 a aquellos vecinos del pueblo que quer\u00edan celebrar los actos patrios de manera conjunta. \u00abSe arm\u00f3 algo muy lindo, la gente tra\u00eda cosas para compartir con los dem\u00e1s en los d\u00edas patrios, y siempre en calidad de vecinos. Autoridades, vecinos, bomberos, oficiales, etc, todos compartiendo la celebraci\u00f3n desde el mismo lugar.\u00bb explic\u00f3 orgulloso.<a href=\"http:\/\/www.noticiasradioreflejos.com.ar\/noticias\/wp-content\/uploads\/2020\/06\/WhatsApp-Image-2020-06-20-at-15.19.51.jpeg\"><img loading=\"lazy\" decoding=\"async\" class=\"alignright size-medium wp-image-43493\" src=\"http:\/\/www.noticiasradioreflejos.com.ar\/noticias\/wp-content\/uploads\/2020\/06\/WhatsApp-Image-2020-06-20-at-15.19.51-300x191.jpeg\" alt=\"WhatsApp Image 2020-06-20 at 15.19.51\" width=\"300\" height=\"191\" \/><\/a><\/p>\n<p>Al pasar el tiempo, la municipalidad compr\u00f3 otro pabell\u00f3n nacional para colocar en el espacio compartido por los habitantes de Sierra y Rub\u00e9n y su hijo se quedaron con la gran bandera obtenida por el primer grupo de vecinos. \u00abEsta ma\u00f1ana nos juntamos con Rodrigo y me dijo: &#8216;tengo una idea. \u00bfPor qu\u00e9 no colgamos, en el local, la bandera que utilizamos en los actos patrios?'\u00bb y as\u00ed fue como se pusieron en marcha para celebrar de otra manera la efem\u00e9ride del d\u00eda de la fecha.<\/p>\n<p>\u00abDe aqu\u00ed en m\u00e1s, la volveremos a poner en todas las fechas patrias porque es lo que corresponde, porque nos une\u00bb expres\u00f3 Rub\u00e9n contento y orgulloso para finalizar la nota.<\/p>\n<p>Nota completa a continuaci\u00f3n:<br \/>\n<iframe loading=\"lazy\" src=\"https:\/\/w.soundcloud.com\/player\/?url=https%3A\/\/api.soundcloud.com\/tracks\/843777379&amp;color=%23ff5500&amp;auto_play=false&amp;hide_related=false&amp;show_comments=true&amp;show_user=true&amp;show_reposts=false&amp;show_teaser=true&amp;visual=true\" width=\"100%\" height=\"300\" frameborder=\"no\" scrolling=\"no\"><\/iframe><\/p>\n<div style=\"font-size: 10px; color: #cccccc; line-break: anywhere; word-break: normal; overflow: hidden; white-space: nowrap; text-overflow: ellipsis; font-family: Interstate,Lucida Grande,Lucida Sans Unicode,Lucida Sans,Garuda,Verdana,Tahoma,sans-serif; font-weight: 100;\"><a style=\"color: #cccccc; text-decoration: none;\" title=\"fmreflejos 103.7\" href=\"https:\/\/soundcloud.com\/fmreflejos-103-7\" target=\"_blank\" rel=\"noopener\">fmreflejos 103.7<\/a> \u00b7 <a style=\"color: #cccccc; text-decoration: none;\" title=\"Rub\u00e9n Medrano - D\u00eda de la Bandera\" href=\"https:\/\/soundcloud.com\/fmreflejos-103-7\/ruben-medrano-dia-de-la\" target=\"_blank\" rel=\"noopener\">Rub\u00e9n Medrano &#8211; D\u00eda de la Bandera<\/a><\/div>\n","protected":false},"excerpt":{"rendered":"<p>En el d\u00eda de la bandera, conversamos con Rub\u00e9n Medrano, propietario del supermercado \u00abMel\u00edn\u00bb de Sierra de la Ventana y uno de los impulsores de la creaci\u00f3n de un espacio para el desarrollo de los actos p\u00fablicos vecinales en la localidad. Nos cuenta la historia de la gran bandera colgada en su local en el [&hellip;]<\/p>\n","protected":false},"author":3,"featured_media":0,"comment_status":"closed","ping_status":"open","sticky":false,"template":"","format":"standard","meta":{"footnotes":""},"categories":[25],"tags":[],"class_list":["post-43490","post","type-post","status-publish","format-standard","hentry","category-uncategorized"],"yoast_head":"<!-- This site is optimized with the Yoast SEO plugin v25.9 - https:\/\/yoast.com\/wordpress\/plugins\/seo\/ -->\n<title>La bandera que uni\u00f3 y une a Sierra de la Ventana. - Noticias Radio Reflejos<\/title>\n<meta name=\"robots\" content=\"index, follow, max-snippet:-1, max-image-preview:large, max-video-preview:-1\" \/>\n<link rel=\"canonical\" href=\"https:\/\/www.noticiasradioreflejos.com.ar\/2021\/la-bandera-que-unio-y-une-a-sierra-de-la-ventana\/\" \/>\n<meta property=\"og:locale\" content=\"es_ES\" \/>\n<meta property=\"og:type\" content=\"article\" \/>\n<meta property=\"og:title\" content=\"La bandera que uni\u00f3 y une a Sierra de la Ventana. - Noticias Radio Reflejos\" \/>\n<meta property=\"og:description\" content=\"En el d\u00eda de la bandera, conversamos con Rub\u00e9n Medrano, propietario del supermercado \u00abMel\u00edn\u00bb de Sierra de la Ventana y uno de los impulsores de la creaci\u00f3n de un espacio para el desarrollo de los actos p\u00fablicos vecinales en la localidad. Nos cuenta la historia de la gran bandera colgada en su local en el [&hellip;]\" \/>\n<meta property=\"og:url\" content=\"https:\/\/www.noticiasradioreflejos.com.ar\/2021\/la-bandera-que-unio-y-une-a-sierra-de-la-ventana\/\" \/>\n<meta property=\"og:site_name\" content=\"Noticias Radio Reflejos\" \/>\n<meta property=\"article:published_time\" content=\"2020-06-20T19:30:32+00:00\" \/>\n<meta property=\"og:image\" content=\"https:\/\/www.noticiasradioreflejos.com.ar\/2021\/wp-content\/uploads\/2021\/07\/logosol300x200.png\" \/>\n\t<meta property=\"og:image:width\" content=\"300\" \/>\n\t<meta property=\"og:image:height\" content=\"200\" \/>\n\t<meta property=\"og:image:type\" content=\"image\/png\" \/>\n<meta name=\"author\" content=\"Arnaldo Botto\" \/>\n<meta name=\"twitter:card\" content=\"summary_large_image\" \/>\n<script type=\"application\/ld+json\" class=\"yoast-schema-graph\">{\"@context\":\"https:\/\/schema.org\",\"@graph\":[{\"@type\":\"WebPage\",\"@id\":\"https:\/\/www.noticiasradioreflejos.com.ar\/2021\/la-bandera-que-unio-y-une-a-sierra-de-la-ventana\/\",\"url\":\"https:\/\/www.noticiasradioreflejos.com.ar\/2021\/la-bandera-que-unio-y-une-a-sierra-de-la-ventana\/\",\"name\":\"La bandera que uni\u00f3 y une a Sierra de la Ventana. - Noticias Radio Reflejos\",\"isPartOf\":{\"@id\":\"https:\/\/www.noticiasradioreflejos.com.ar\/2021\/#website\"},\"primaryImageOfPage\":{\"@id\":\"https:\/\/www.noticiasradioreflejos.com.ar\/2021\/la-bandera-que-unio-y-une-a-sierra-de-la-ventana\/#primaryimage\"},\"image\":{\"@id\":\"https:\/\/www.noticiasradioreflejos.com.ar\/2021\/la-bandera-que-unio-y-une-a-sierra-de-la-ventana\/#primaryimage\"},\"thumbnailUrl\":\"http:\/\/www.noticiasradioreflejos.com.ar\/noticias\/wp-content\/uploads\/2020\/06\/WhatsApp-Image-2020-06-20-at-15.19.51-300x191.jpeg\",\"datePublished\":\"2020-06-20T19:30:32+00:00\",\"author\":{\"@id\":\"https:\/\/www.noticiasradioreflejos.com.ar\/2021\/#\/schema\/person\/ad82545263dcc5ec0996818884fd5fb1\"},\"breadcrumb\":{\"@id\":\"https:\/\/www.noticiasradioreflejos.com.ar\/2021\/la-bandera-que-unio-y-une-a-sierra-de-la-ventana\/#breadcrumb\"},\"inLanguage\":\"es\",\"potentialAction\":[{\"@type\":\"ReadAction\",\"target\":[\"https:\/\/www.noticiasradioreflejos.com.ar\/2021\/la-bandera-que-unio-y-une-a-sierra-de-la-ventana\/\"]}]},{\"@type\":\"ImageObject\",\"inLanguage\":\"es\",\"@id\":\"https:\/\/www.noticiasradioreflejos.com.ar\/2021\/la-bandera-que-unio-y-une-a-sierra-de-la-ventana\/#primaryimage\",\"url\":\"http:\/\/www.noticiasradioreflejos.com.ar\/noticias\/wp-content\/uploads\/2020\/06\/WhatsApp-Image-2020-06-20-at-15.19.51-300x191.jpeg\",\"contentUrl\":\"http:\/\/www.noticiasradioreflejos.com.ar\/noticias\/wp-content\/uploads\/2020\/06\/WhatsApp-Image-2020-06-20-at-15.19.51-300x191.jpeg\"},{\"@type\":\"BreadcrumbList\",\"@id\":\"https:\/\/www.noticiasradioreflejos.com.ar\/2021\/la-bandera-que-unio-y-une-a-sierra-de-la-ventana\/#breadcrumb\",\"itemListElement\":[{\"@type\":\"ListItem\",\"position\":1,\"name\":\"Portada\",\"item\":\"https:\/\/www.noticiasradioreflejos.com.ar\/2021\/\"},{\"@type\":\"ListItem\",\"position\":2,\"name\":\"La bandera que uni\u00f3 y une a Sierra de la Ventana.\"}]},{\"@type\":\"WebSite\",\"@id\":\"https:\/\/www.noticiasradioreflejos.com.ar\/2021\/#website\",\"url\":\"https:\/\/www.noticiasradioreflejos.com.ar\/2021\/\",\"name\":\"Noticias Radio Reflejos\",\"description\":\"Las noticias de mi comarca\",\"potentialAction\":[{\"@type\":\"SearchAction\",\"target\":{\"@type\":\"EntryPoint\",\"urlTemplate\":\"https:\/\/www.noticiasradioreflejos.com.ar\/2021\/?s={search_term_string}\"},\"query-input\":{\"@type\":\"PropertyValueSpecification\",\"valueRequired\":true,\"valueName\":\"search_term_string\"}}],\"inLanguage\":\"es\"},{\"@type\":\"Person\",\"@id\":\"https:\/\/www.noticiasradioreflejos.com.ar\/2021\/#\/schema\/person\/ad82545263dcc5ec0996818884fd5fb1\",\"name\":\"Arnaldo Botto\",\"image\":{\"@type\":\"ImageObject\",\"inLanguage\":\"es\",\"@id\":\"https:\/\/www.noticiasradioreflejos.com.ar\/2021\/#\/schema\/person\/image\/\",\"url\":\"https:\/\/secure.gravatar.com\/avatar\/55cb5e37c1efa326397366e6974cb338056df65cb50e7d64d1cf314e87504837?s=96&d=mm&r=g\",\"contentUrl\":\"https:\/\/secure.gravatar.com\/avatar\/55cb5e37c1efa326397366e6974cb338056df65cb50e7d64d1cf314e87504837?s=96&d=mm&r=g\",\"caption\":\"Arnaldo Botto\"},\"url\":\"https:\/\/www.noticiasradioreflejos.com.ar\/2021\/author\/arnaldo\/\"}]}<\/script>\n<!-- \/ Yoast SEO plugin. -->","yoast_head_json":{"title":"La bandera que uni\u00f3 y une a Sierra de la Ventana. - Noticias Radio Reflejos","robots":{"index":"index","follow":"follow","max-snippet":"max-snippet:-1","max-image-preview":"max-image-preview:large","max-video-preview":"max-video-preview:-1"},"canonical":"https:\/\/www.noticiasradioreflejos.com.ar\/2021\/la-bandera-que-unio-y-une-a-sierra-de-la-ventana\/","og_locale":"es_ES","og_type":"article","og_title":"La bandera que uni\u00f3 y une a Sierra de la Ventana. - Noticias Radio Reflejos","og_description":"En el d\u00eda de la bandera, conversamos con Rub\u00e9n Medrano, propietario del supermercado \u00abMel\u00edn\u00bb de Sierra de la Ventana y uno de los impulsores de la creaci\u00f3n de un espacio para el desarrollo de los actos p\u00fablicos vecinales en la localidad. Nos cuenta la historia de la gran bandera colgada en su local en el [&hellip;]","og_url":"https:\/\/www.noticiasradioreflejos.com.ar\/2021\/la-bandera-que-unio-y-une-a-sierra-de-la-ventana\/","og_site_name":"Noticias Radio Reflejos","article_published_time":"2020-06-20T19:30:32+00:00","og_image":[{"width":300,"height":200,"url":"https:\/\/www.noticiasradioreflejos.com.ar\/2021\/wp-content\/uploads\/2021\/07\/logosol300x200.png","type":"image\/png"}],"author":"Arnaldo Botto","twitter_card":"summary_large_image","schema":{"@context":"https:\/\/schema.org","@graph":[{"@type":"WebPage","@id":"https:\/\/www.noticiasradioreflejos.com.ar\/2021\/la-bandera-que-unio-y-une-a-sierra-de-la-ventana\/","url":"https:\/\/www.noticiasradioreflejos.com.ar\/2021\/la-bandera-que-unio-y-une-a-sierra-de-la-ventana\/","name":"La bandera que uni\u00f3 y une a Sierra de la Ventana. - Noticias Radio Reflejos","isPartOf":{"@id":"https:\/\/www.noticiasradioreflejos.com.ar\/2021\/#website"},"primaryImageOfPage":{"@id":"https:\/\/www.noticiasradioreflejos.com.ar\/2021\/la-bandera-que-unio-y-une-a-sierra-de-la-ventana\/#primaryimage"},"image":{"@id":"https:\/\/www.noticiasradioreflejos.com.ar\/2021\/la-bandera-que-unio-y-une-a-sierra-de-la-ventana\/#primaryimage"},"thumbnailUrl":"http:\/\/www.noticiasradioreflejos.com.ar\/noticias\/wp-content\/uploads\/2020\/06\/WhatsApp-Image-2020-06-20-at-15.19.51-300x191.jpeg","datePublished":"2020-06-20T19:30:32+00:00","author":{"@id":"https:\/\/www.noticiasradioreflejos.com.ar\/2021\/#\/schema\/person\/ad82545263dcc5ec0996818884fd5fb1"},"breadcrumb":{"@id":"https:\/\/www.noticiasradioreflejos.com.ar\/2021\/la-bandera-que-unio-y-une-a-sierra-de-la-ventana\/#breadcrumb"},"inLanguage":"es","potentialAction":[{"@type":"ReadAction","target":["https:\/\/www.noticiasradioreflejos.com.ar\/2021\/la-bandera-que-unio-y-une-a-sierra-de-la-ventana\/"]}]},{"@type":"ImageObject","inLanguage":"es","@id":"https:\/\/www.noticiasradioreflejos.com.ar\/2021\/la-bandera-que-unio-y-une-a-sierra-de-la-ventana\/#primaryimage","url":"http:\/\/www.noticiasradioreflejos.com.ar\/noticias\/wp-content\/uploads\/2020\/06\/WhatsApp-Image-2020-06-20-at-15.19.51-300x191.jpeg","contentUrl":"http:\/\/www.noticiasradioreflejos.com.ar\/noticias\/wp-content\/uploads\/2020\/06\/WhatsApp-Image-2020-06-20-at-15.19.51-300x191.jpeg"},{"@type":"BreadcrumbList","@id":"https:\/\/www.noticiasradioreflejos.com.ar\/2021\/la-bandera-que-unio-y-une-a-sierra-de-la-ventana\/#breadcrumb","itemListElement":[{"@type":"ListItem","position":1,"name":"Portada","item":"https:\/\/www.noticiasradioreflejos.com.ar\/2021\/"},{"@type":"ListItem","position":2,"name":"La bandera que uni\u00f3 y une a Sierra de la Ventana."}]},{"@type":"WebSite","@id":"https:\/\/www.noticiasradioreflejos.com.ar\/2021\/#website","url":"https:\/\/www.noticiasradioreflejos.com.ar\/2021\/","name":"Noticias Radio Reflejos","description":"Las noticias de mi comarca","potentialAction":[{"@type":"SearchAction","target":{"@type":"EntryPoint","urlTemplate":"https:\/\/www.noticiasradioreflejos.com.ar\/2021\/?s={search_term_string}"},"query-input":{"@type":"PropertyValueSpecification","valueRequired":true,"valueName":"search_term_string"}}],"inLanguage":"es"},{"@type":"Person","@id":"https:\/\/www.noticiasradioreflejos.com.ar\/2021\/#\/schema\/person\/ad82545263dcc5ec0996818884fd5fb1","name":"Arnaldo Botto","image":{"@type":"ImageObject","inLanguage":"es","@id":"https:\/\/www.noticiasradioreflejos.com.ar\/2021\/#\/schema\/person\/image\/","url":"https:\/\/secure.gravatar.com\/avatar\/55cb5e37c1efa326397366e6974cb338056df65cb50e7d64d1cf314e87504837?s=96&d=mm&r=g","contentUrl":"https:\/\/secure.gravatar.com\/avatar\/55cb5e37c1efa326397366e6974cb338056df65cb50e7d64d1cf314e87504837?s=96&d=mm&r=g","caption":"Arnaldo Botto"},"url":"https:\/\/www.noticiasradioreflejos.com.ar\/2021\/author\/arnaldo\/"}]}},"_links":{"self":[{"href":"https:\/\/www.noticiasradioreflejos.com.ar\/2021\/wp-json\/wp\/v2\/posts\/43490","targetHints":{"allow":["GET"]}}],"collection":[{"href":"https:\/\/www.noticiasradioreflejos.com.ar\/2021\/wp-json\/wp\/v2\/posts"}],"about":[{"href":"https:\/\/www.noticiasradioreflejos.com.ar\/2021\/wp-json\/wp\/v2\/types\/post"}],"author":[{"embeddable":true,"href":"https:\/\/www.noticiasradioreflejos.com.ar\/2021\/wp-json\/wp\/v2\/users\/3"}],"replies":[{"embeddable":true,"href":"https:\/\/www.noticiasradioreflejos.com.ar\/2021\/wp-json\/wp\/v2\/comments?post=43490"}],"version-history":[{"count":0,"href":"https:\/\/www.noticiasradioreflejos.com.ar\/2021\/wp-json\/wp\/v2\/posts\/43490\/revisions"}],"wp:attachment":[{"href":"https:\/\/www.noticiasradioreflejos.com.ar\/2021\/wp-json\/wp\/v2\/media?parent=43490"}],"wp:term":[{"taxonomy":"category","embeddable":true,"href":"https:\/\/www.noticiasradioreflejos.com.ar\/2021\/wp-json\/wp\/v2\/categories?post=43490"},{"taxonomy":"post_tag","embeddable":true,"href":"https:\/\/www.noticiasradioreflejos.com.ar\/2021\/wp-json\/wp\/v2\/tags?post=43490"}],"curies":[{"name":"wp","href":"https:\/\/api.w.org\/{rel}","templated":true}]}}