{"id":43488,"date":"2020-06-20T11:24:57","date_gmt":"2020-06-20T14:24:57","guid":{"rendered":"http:\/\/www.noticiasradioreflejos.com.ar\/noticias\/?p=43488"},"modified":"2020-06-20T11:24:57","modified_gmt":"2020-06-20T14:24:57","slug":"hasta-el-30-de-junio-podran-inscribirse-al-fines-quienes-deseen-terminar-la-secundaria","status":"publish","type":"post","link":"https:\/\/www.noticiasradioreflejos.com.ar\/2021\/hasta-el-30-de-junio-podran-inscribirse-al-fines-quienes-deseen-terminar-la-secundaria\/","title":{"rendered":"Hasta el 30 de junio podr\u00e1n inscribirse al FinES quienes deseen terminar la secundaria."},"content":{"rendered":"<p>El gobierno bonaerense resolvi\u00f3 reabrir hasta el pr\u00f3ximo 30 de junio la inscripci\u00f3n para los estudiantes del Plan de Finalizaci\u00f3n de Estudios Primarios y Secundarios (FinES), inform\u00f3 la Direcci\u00f3n General de Cultura y Educaci\u00f3n de la provincia de Buenos Aires.<!--more--><\/p>\n<p>Seg\u00fan precis\u00f3 un comunicado, la medida se tom\u00f3 para asegurar que quienes cursaron hasta el a\u00f1o pasado puedan seguir en este programa, cuyas clases comenzar\u00e1n en agosto.<\/p>\n<p>El ministerio de Educaci\u00f3n de la Naci\u00f3n y la Provincia acordaron la reapertura de la inscripci\u00f3n para los y las estudiantes que hasta el a\u00f1o pasado cursaron bajo la modalidad de FinES Secundaria (incluyendo Secundaria con Oficios) y Deudores\/as que no hubieren podido inscribirse dentro del plazo previo establecido.<\/p>\n<p>La inscripci\u00f3n se podr\u00e1 realizar a trav\u00e9s de la plataforma https:\/\/fines.educacion.gob.ar\/ hasta el 30 de junio.<\/p>\n<p>Los estudiantes que se hayan preinscripto anteriormente tambi\u00e9n podr\u00e1n ingresar a la plataforma para confirmar sus datos y brindar informaci\u00f3n adicional para una mejor trayectoria educativa en el marco de la Continuidad Pedag\u00f3gica.<\/p>\n<p>Este nuevo llamado permitir\u00e1 ampliar y asegurar el acceso a la terminalidad educativa de los estudiantes que por distintas circunstancias no se hab\u00edan inscripto.<\/p>\n<p>El Plan FinES fue creado en el a\u00f1o 2008 en consonancia con la obligatoriedad escolar establecida en las Leyes Nacional N\u00b0 26.206 y Provincial N\u00b0 13.688, con el objetivo de incorporar al sistema educativo a j\u00f3venes, adultos y adultas para la finalizaci\u00f3n de sus estudios primarios y secundarios.<\/p>\n<p>Por su parte, los estudiantes que estaban inscriptos en Secundaria con Oficios continuar\u00e1n su trayectoria a trav\u00e9s de una propuesta institucional que articular\u00e1 la terminalidad de j\u00f3venes, adultos y adultas con la formaci\u00f3n profesional.<\/p>\n<p>El inicio de clases de FinES ser\u00e1 en agosto y durante el tiempo que dure el aislamiento social preventivo y obligatorio, las clases se realizar\u00e1n en forma no presencial a trav\u00e9s de cuadernillos con actividades educativas y entornos virtuales adaptados para la educaci\u00f3n de adultos.<\/p>\n","protected":false},"excerpt":{"rendered":"<p>El gobierno bonaerense resolvi\u00f3 reabrir hasta el pr\u00f3ximo 30 de junio la inscripci\u00f3n para los estudiantes del Plan de Finalizaci\u00f3n de Estudios Primarios y Secundarios (FinES), inform\u00f3 la Direcci\u00f3n General de Cultura y Educaci\u00f3n de la provincia de Buenos Aires.<\/p>\n","protected":false},"author":3,"featured_media":0,"comment_status":"closed","ping_status":"open","sticky":false,"template":"","format":"standard","meta":{"footnotes":""},"categories":[34],"tags":[],"class_list":["post-43488","post","type-post","status-publish","format-standard","hentry","category-educacion"],"yoast_head":"<!-- This site is optimized with the Yoast SEO plugin v25.9 - https:\/\/yoast.com\/wordpress\/plugins\/seo\/ -->\n<title>Hasta el 30 de junio podr\u00e1n inscribirse al FinES quienes deseen terminar la secundaria. - Noticias Radio Reflejos<\/title>\n<meta name=\"robots\" content=\"index, follow, max-snippet:-1, max-image-preview:large, max-video-preview:-1\" \/>\n<link rel=\"canonical\" href=\"https:\/\/www.noticiasradioreflejos.com.ar\/2021\/hasta-el-30-de-junio-podran-inscribirse-al-fines-quienes-deseen-terminar-la-secundaria\/\" \/>\n<meta property=\"og:locale\" content=\"es_ES\" \/>\n<meta property=\"og:type\" content=\"article\" \/>\n<meta property=\"og:title\" content=\"Hasta el 30 de junio podr\u00e1n inscribirse al FinES quienes deseen terminar la secundaria. - Noticias Radio Reflejos\" \/>\n<meta property=\"og:description\" content=\"El gobierno bonaerense resolvi\u00f3 reabrir hasta el pr\u00f3ximo 30 de junio la inscripci\u00f3n para los estudiantes del Plan de Finalizaci\u00f3n de Estudios Primarios y Secundarios (FinES), inform\u00f3 la Direcci\u00f3n General de Cultura y Educaci\u00f3n de la provincia de Buenos Aires.\" \/>\n<meta property=\"og:url\" content=\"https:\/\/www.noticiasradioreflejos.com.ar\/2021\/hasta-el-30-de-junio-podran-inscribirse-al-fines-quienes-deseen-terminar-la-secundaria\/\" \/>\n<meta property=\"og:site_name\" content=\"Noticias Radio Reflejos\" \/>\n<meta property=\"article:published_time\" content=\"2020-06-20T14:24:57+00:00\" \/>\n<meta property=\"og:image\" content=\"https:\/\/www.noticiasradioreflejos.com.ar\/2021\/wp-content\/uploads\/2021\/07\/logosol300x200.png\" \/>\n\t<meta property=\"og:image:width\" content=\"300\" \/>\n\t<meta property=\"og:image:height\" content=\"200\" \/>\n\t<meta property=\"og:image:type\" content=\"image\/png\" \/>\n<meta name=\"author\" content=\"Arnaldo Botto\" \/>\n<meta name=\"twitter:card\" content=\"summary_large_image\" \/>\n<script type=\"application\/ld+json\" class=\"yoast-schema-graph\">{\"@context\":\"https:\/\/schema.org\",\"@graph\":[{\"@type\":\"WebPage\",\"@id\":\"https:\/\/www.noticiasradioreflejos.com.ar\/2021\/hasta-el-30-de-junio-podran-inscribirse-al-fines-quienes-deseen-terminar-la-secundaria\/\",\"url\":\"https:\/\/www.noticiasradioreflejos.com.ar\/2021\/hasta-el-30-de-junio-podran-inscribirse-al-fines-quienes-deseen-terminar-la-secundaria\/\",\"name\":\"Hasta el 30 de junio podr\u00e1n inscribirse al FinES quienes deseen terminar la secundaria. - Noticias Radio Reflejos\",\"isPartOf\":{\"@id\":\"https:\/\/www.noticiasradioreflejos.com.ar\/2021\/#website\"},\"datePublished\":\"2020-06-20T14:24:57+00:00\",\"author\":{\"@id\":\"https:\/\/www.noticiasradioreflejos.com.ar\/2021\/#\/schema\/person\/ad82545263dcc5ec0996818884fd5fb1\"},\"breadcrumb\":{\"@id\":\"https:\/\/www.noticiasradioreflejos.com.ar\/2021\/hasta-el-30-de-junio-podran-inscribirse-al-fines-quienes-deseen-terminar-la-secundaria\/#breadcrumb\"},\"inLanguage\":\"es\",\"potentialAction\":[{\"@type\":\"ReadAction\",\"target\":[\"https:\/\/www.noticiasradioreflejos.com.ar\/2021\/hasta-el-30-de-junio-podran-inscribirse-al-fines-quienes-deseen-terminar-la-secundaria\/\"]}]},{\"@type\":\"BreadcrumbList\",\"@id\":\"https:\/\/www.noticiasradioreflejos.com.ar\/2021\/hasta-el-30-de-junio-podran-inscribirse-al-fines-quienes-deseen-terminar-la-secundaria\/#breadcrumb\",\"itemListElement\":[{\"@type\":\"ListItem\",\"position\":1,\"name\":\"Portada\",\"item\":\"https:\/\/www.noticiasradioreflejos.com.ar\/2021\/\"},{\"@type\":\"ListItem\",\"position\":2,\"name\":\"Hasta el 30 de junio podr\u00e1n inscribirse al FinES quienes deseen terminar la secundaria.\"}]},{\"@type\":\"WebSite\",\"@id\":\"https:\/\/www.noticiasradioreflejos.com.ar\/2021\/#website\",\"url\":\"https:\/\/www.noticiasradioreflejos.com.ar\/2021\/\",\"name\":\"Noticias Radio Reflejos\",\"description\":\"Las noticias de mi comarca\",\"potentialAction\":[{\"@type\":\"SearchAction\",\"target\":{\"@type\":\"EntryPoint\",\"urlTemplate\":\"https:\/\/www.noticiasradioreflejos.com.ar\/2021\/?s={search_term_string}\"},\"query-input\":{\"@type\":\"PropertyValueSpecification\",\"valueRequired\":true,\"valueName\":\"search_term_string\"}}],\"inLanguage\":\"es\"},{\"@type\":\"Person\",\"@id\":\"https:\/\/www.noticiasradioreflejos.com.ar\/2021\/#\/schema\/person\/ad82545263dcc5ec0996818884fd5fb1\",\"name\":\"Arnaldo Botto\",\"image\":{\"@type\":\"ImageObject\",\"inLanguage\":\"es\",\"@id\":\"https:\/\/www.noticiasradioreflejos.com.ar\/2021\/#\/schema\/person\/image\/\",\"url\":\"https:\/\/secure.gravatar.com\/avatar\/55cb5e37c1efa326397366e6974cb338056df65cb50e7d64d1cf314e87504837?s=96&d=mm&r=g\",\"contentUrl\":\"https:\/\/secure.gravatar.com\/avatar\/55cb5e37c1efa326397366e6974cb338056df65cb50e7d64d1cf314e87504837?s=96&d=mm&r=g\",\"caption\":\"Arnaldo Botto\"},\"url\":\"https:\/\/www.noticiasradioreflejos.com.ar\/2021\/author\/arnaldo\/\"}]}<\/script>\n<!-- \/ Yoast SEO plugin. -->","yoast_head_json":{"title":"Hasta el 30 de junio podr\u00e1n inscribirse al FinES quienes deseen terminar la secundaria. - Noticias Radio Reflejos","robots":{"index":"index","follow":"follow","max-snippet":"max-snippet:-1","max-image-preview":"max-image-preview:large","max-video-preview":"max-video-preview:-1"},"canonical":"https:\/\/www.noticiasradioreflejos.com.ar\/2021\/hasta-el-30-de-junio-podran-inscribirse-al-fines-quienes-deseen-terminar-la-secundaria\/","og_locale":"es_ES","og_type":"article","og_title":"Hasta el 30 de junio podr\u00e1n inscribirse al FinES quienes deseen terminar la secundaria. - Noticias Radio Reflejos","og_description":"El gobierno bonaerense resolvi\u00f3 reabrir hasta el pr\u00f3ximo 30 de junio la inscripci\u00f3n para los estudiantes del Plan de Finalizaci\u00f3n de Estudios Primarios y Secundarios (FinES), inform\u00f3 la Direcci\u00f3n General de Cultura y Educaci\u00f3n de la provincia de Buenos Aires.","og_url":"https:\/\/www.noticiasradioreflejos.com.ar\/2021\/hasta-el-30-de-junio-podran-inscribirse-al-fines-quienes-deseen-terminar-la-secundaria\/","og_site_name":"Noticias Radio Reflejos","article_published_time":"2020-06-20T14:24:57+00:00","og_image":[{"width":300,"height":200,"url":"https:\/\/www.noticiasradioreflejos.com.ar\/2021\/wp-content\/uploads\/2021\/07\/logosol300x200.png","type":"image\/png"}],"author":"Arnaldo Botto","twitter_card":"summary_large_image","schema":{"@context":"https:\/\/schema.org","@graph":[{"@type":"WebPage","@id":"https:\/\/www.noticiasradioreflejos.com.ar\/2021\/hasta-el-30-de-junio-podran-inscribirse-al-fines-quienes-deseen-terminar-la-secundaria\/","url":"https:\/\/www.noticiasradioreflejos.com.ar\/2021\/hasta-el-30-de-junio-podran-inscribirse-al-fines-quienes-deseen-terminar-la-secundaria\/","name":"Hasta el 30 de junio podr\u00e1n inscribirse al FinES quienes deseen terminar la secundaria. - Noticias Radio Reflejos","isPartOf":{"@id":"https:\/\/www.noticiasradioreflejos.com.ar\/2021\/#website"},"datePublished":"2020-06-20T14:24:57+00:00","author":{"@id":"https:\/\/www.noticiasradioreflejos.com.ar\/2021\/#\/schema\/person\/ad82545263dcc5ec0996818884fd5fb1"},"breadcrumb":{"@id":"https:\/\/www.noticiasradioreflejos.com.ar\/2021\/hasta-el-30-de-junio-podran-inscribirse-al-fines-quienes-deseen-terminar-la-secundaria\/#breadcrumb"},"inLanguage":"es","potentialAction":[{"@type":"ReadAction","target":["https:\/\/www.noticiasradioreflejos.com.ar\/2021\/hasta-el-30-de-junio-podran-inscribirse-al-fines-quienes-deseen-terminar-la-secundaria\/"]}]},{"@type":"BreadcrumbList","@id":"https:\/\/www.noticiasradioreflejos.com.ar\/2021\/hasta-el-30-de-junio-podran-inscribirse-al-fines-quienes-deseen-terminar-la-secundaria\/#breadcrumb","itemListElement":[{"@type":"ListItem","position":1,"name":"Portada","item":"https:\/\/www.noticiasradioreflejos.com.ar\/2021\/"},{"@type":"ListItem","position":2,"name":"Hasta el 30 de junio podr\u00e1n inscribirse al FinES quienes deseen terminar la secundaria."}]},{"@type":"WebSite","@id":"https:\/\/www.noticiasradioreflejos.com.ar\/2021\/#website","url":"https:\/\/www.noticiasradioreflejos.com.ar\/2021\/","name":"Noticias Radio Reflejos","description":"Las noticias de mi comarca","potentialAction":[{"@type":"SearchAction","target":{"@type":"EntryPoint","urlTemplate":"https:\/\/www.noticiasradioreflejos.com.ar\/2021\/?s={search_term_string}"},"query-input":{"@type":"PropertyValueSpecification","valueRequired":true,"valueName":"search_term_string"}}],"inLanguage":"es"},{"@type":"Person","@id":"https:\/\/www.noticiasradioreflejos.com.ar\/2021\/#\/schema\/person\/ad82545263dcc5ec0996818884fd5fb1","name":"Arnaldo Botto","image":{"@type":"ImageObject","inLanguage":"es","@id":"https:\/\/www.noticiasradioreflejos.com.ar\/2021\/#\/schema\/person\/image\/","url":"https:\/\/secure.gravatar.com\/avatar\/55cb5e37c1efa326397366e6974cb338056df65cb50e7d64d1cf314e87504837?s=96&d=mm&r=g","contentUrl":"https:\/\/secure.gravatar.com\/avatar\/55cb5e37c1efa326397366e6974cb338056df65cb50e7d64d1cf314e87504837?s=96&d=mm&r=g","caption":"Arnaldo Botto"},"url":"https:\/\/www.noticiasradioreflejos.com.ar\/2021\/author\/arnaldo\/"}]}},"_links":{"self":[{"href":"https:\/\/www.noticiasradioreflejos.com.ar\/2021\/wp-json\/wp\/v2\/posts\/43488","targetHints":{"allow":["GET"]}}],"collection":[{"href":"https:\/\/www.noticiasradioreflejos.com.ar\/2021\/wp-json\/wp\/v2\/posts"}],"about":[{"href":"https:\/\/www.noticiasradioreflejos.com.ar\/2021\/wp-json\/wp\/v2\/types\/post"}],"author":[{"embeddable":true,"href":"https:\/\/www.noticiasradioreflejos.com.ar\/2021\/wp-json\/wp\/v2\/users\/3"}],"replies":[{"embeddable":true,"href":"https:\/\/www.noticiasradioreflejos.com.ar\/2021\/wp-json\/wp\/v2\/comments?post=43488"}],"version-history":[{"count":0,"href":"https:\/\/www.noticiasradioreflejos.com.ar\/2021\/wp-json\/wp\/v2\/posts\/43488\/revisions"}],"wp:attachment":[{"href":"https:\/\/www.noticiasradioreflejos.com.ar\/2021\/wp-json\/wp\/v2\/media?parent=43488"}],"wp:term":[{"taxonomy":"category","embeddable":true,"href":"https:\/\/www.noticiasradioreflejos.com.ar\/2021\/wp-json\/wp\/v2\/categories?post=43488"},{"taxonomy":"post_tag","embeddable":true,"href":"https:\/\/www.noticiasradioreflejos.com.ar\/2021\/wp-json\/wp\/v2\/tags?post=43488"}],"curies":[{"name":"wp","href":"https:\/\/api.w.org\/{rel}","templated":true}]}}