{"id":43443,"date":"2020-06-19T11:24:44","date_gmt":"2020-06-19T14:24:44","guid":{"rendered":"http:\/\/www.noticiasradioreflejos.com.ar\/noticias\/?p=43443"},"modified":"2020-06-19T11:24:44","modified_gmt":"2020-06-19T14:24:44","slug":"apelan-a-la-responsabilidad-de-adultos-mayores-para-celebrar-el-dia-del-padre-con-distanciamiento","status":"publish","type":"post","link":"https:\/\/www.noticiasradioreflejos.com.ar\/2021\/apelan-a-la-responsabilidad-de-adultos-mayores-para-celebrar-el-dia-del-padre-con-distanciamiento\/","title":{"rendered":"Apelan a la responsabilidad de adultos mayores para celebrar el D\u00eda del Padre con distanciamiento"},"content":{"rendered":"<p>El ministro de Salud porte\u00f1o, Fern\u00e1n Quir\u00f3s, apel\u00f3 hoy a la \u00absabidur\u00eda\u00bb de los adultos mayores para que el pr\u00f3ximo domingo, que se celebra el D\u00eda del Padre, se tenga la responsabilidad de brindar mucho afecto pero con el distanciamiento social establecido por la pandemia de coronavirus. \u00abEsa realidad va a resultar de lo que expliquemos los responsables de Gobierno, de lo que muestren los l\u00edderes comunitarios y, sobre todo, de la sabidur\u00eda de nuestros adultos mayores\u00bb, dijo el ministro durante la conferencia de prensa que brind\u00f3 esta ma\u00f1ana para evaluar la situaci\u00f3n epidemiol\u00f3gica en el distrito.<!--more--><br \/>\nAdem\u00e1s, sostuvo que \u00abellos (por los padres) son los que tuvieron posibilidad de aprender de la vida y son los sabios\u00bb, con lo cual llam\u00f3 \u00aba los abuelos y a los padres a pasar este domingo como corresponde, con mucho afecto pero tambi\u00e9n con mucho distanciamiento social\u00bb.<br \/>\nQuir\u00f3s indic\u00f3 que es importante \u00abhacer un esfuerzo estas semanas\u00bb y reiter\u00f3 que \u00abdebemos ser precavidos y encontrar formas alternativas de saludarnos y vernos, sobre todo este domingom que es el D\u00eda del Padre\u00bb.<br \/>\n\u00abSi seguimos intensificando y cumpliendo el distanciamiento, vamos a reducir el \u00edndice de contagiosidad\u00bb, subray\u00f3 el funcionario porte\u00f1o, en la conferencia de prensa brindada esta ma\u00f1ana en la sede del Ejecutivo, ubicada en el barrio de Parque Patricios.<br \/>\nEn este punto se\u00f1al\u00f3 que \u00abcada ciudad, cada pa\u00eds tiene un capital social y cultural determinado, y nosotros pasaremos este domingo seg\u00fan c\u00f3mo seamos capaces de pasarlo\u00bb.<br \/>\n\u00abEntendemos que hay una proporci\u00f3n de la sociedad que considera que se no es un riesgo juntarse , y otra que cree que esto es extremadamente peligroso y no importan las consecuencias. No hay que enojarse con esa realidad; es la riqueza de la diversidad\u00bb, concluy\u00f3 Quir\u00f3s.<\/p>\n","protected":false},"excerpt":{"rendered":"<p>El ministro de Salud porte\u00f1o, Fern\u00e1n Quir\u00f3s, apel\u00f3 hoy a la \u00absabidur\u00eda\u00bb de los adultos mayores para que el pr\u00f3ximo domingo, que se celebra el D\u00eda del Padre, se tenga la responsabilidad de brindar mucho afecto pero con el distanciamiento social establecido por la pandemia de coronavirus. \u00abEsa realidad va a resultar de lo que [&hellip;]<\/p>\n","protected":false},"author":3,"featured_media":0,"comment_status":"closed","ping_status":"open","sticky":false,"template":"","format":"standard","meta":{"footnotes":""},"categories":[30],"tags":[],"class_list":["post-43443","post","type-post","status-publish","format-standard","hentry","category-salud"],"yoast_head":"<!-- This site is optimized with the Yoast SEO plugin v25.9 - https:\/\/yoast.com\/wordpress\/plugins\/seo\/ -->\n<title>Apelan a la responsabilidad de adultos mayores para celebrar el D\u00eda del Padre con distanciamiento - Noticias Radio Reflejos<\/title>\n<meta name=\"robots\" content=\"index, follow, max-snippet:-1, max-image-preview:large, max-video-preview:-1\" \/>\n<link rel=\"canonical\" href=\"https:\/\/www.noticiasradioreflejos.com.ar\/2021\/apelan-a-la-responsabilidad-de-adultos-mayores-para-celebrar-el-dia-del-padre-con-distanciamiento\/\" \/>\n<meta property=\"og:locale\" content=\"es_ES\" \/>\n<meta property=\"og:type\" content=\"article\" \/>\n<meta property=\"og:title\" content=\"Apelan a la responsabilidad de adultos mayores para celebrar el D\u00eda del Padre con distanciamiento - Noticias Radio Reflejos\" \/>\n<meta property=\"og:description\" content=\"El ministro de Salud porte\u00f1o, Fern\u00e1n Quir\u00f3s, apel\u00f3 hoy a la \u00absabidur\u00eda\u00bb de los adultos mayores para que el pr\u00f3ximo domingo, que se celebra el D\u00eda del Padre, se tenga la responsabilidad de brindar mucho afecto pero con el distanciamiento social establecido por la pandemia de coronavirus. \u00abEsa realidad va a resultar de lo que [&hellip;]\" \/>\n<meta property=\"og:url\" content=\"https:\/\/www.noticiasradioreflejos.com.ar\/2021\/apelan-a-la-responsabilidad-de-adultos-mayores-para-celebrar-el-dia-del-padre-con-distanciamiento\/\" \/>\n<meta property=\"og:site_name\" content=\"Noticias Radio Reflejos\" \/>\n<meta property=\"article:published_time\" content=\"2020-06-19T14:24:44+00:00\" \/>\n<meta property=\"og:image\" content=\"https:\/\/www.noticiasradioreflejos.com.ar\/2021\/wp-content\/uploads\/2021\/07\/logosol300x200.png\" \/>\n\t<meta property=\"og:image:width\" content=\"300\" \/>\n\t<meta property=\"og:image:height\" content=\"200\" \/>\n\t<meta property=\"og:image:type\" content=\"image\/png\" \/>\n<meta name=\"author\" content=\"Arnaldo Botto\" \/>\n<meta name=\"twitter:card\" content=\"summary_large_image\" \/>\n<script type=\"application\/ld+json\" class=\"yoast-schema-graph\">{\"@context\":\"https:\/\/schema.org\",\"@graph\":[{\"@type\":\"WebPage\",\"@id\":\"https:\/\/www.noticiasradioreflejos.com.ar\/2021\/apelan-a-la-responsabilidad-de-adultos-mayores-para-celebrar-el-dia-del-padre-con-distanciamiento\/\",\"url\":\"https:\/\/www.noticiasradioreflejos.com.ar\/2021\/apelan-a-la-responsabilidad-de-adultos-mayores-para-celebrar-el-dia-del-padre-con-distanciamiento\/\",\"name\":\"Apelan a la responsabilidad de adultos mayores para celebrar el D\u00eda del Padre con distanciamiento - Noticias Radio Reflejos\",\"isPartOf\":{\"@id\":\"https:\/\/www.noticiasradioreflejos.com.ar\/2021\/#website\"},\"datePublished\":\"2020-06-19T14:24:44+00:00\",\"author\":{\"@id\":\"https:\/\/www.noticiasradioreflejos.com.ar\/2021\/#\/schema\/person\/ad82545263dcc5ec0996818884fd5fb1\"},\"breadcrumb\":{\"@id\":\"https:\/\/www.noticiasradioreflejos.com.ar\/2021\/apelan-a-la-responsabilidad-de-adultos-mayores-para-celebrar-el-dia-del-padre-con-distanciamiento\/#breadcrumb\"},\"inLanguage\":\"es\",\"potentialAction\":[{\"@type\":\"ReadAction\",\"target\":[\"https:\/\/www.noticiasradioreflejos.com.ar\/2021\/apelan-a-la-responsabilidad-de-adultos-mayores-para-celebrar-el-dia-del-padre-con-distanciamiento\/\"]}]},{\"@type\":\"BreadcrumbList\",\"@id\":\"https:\/\/www.noticiasradioreflejos.com.ar\/2021\/apelan-a-la-responsabilidad-de-adultos-mayores-para-celebrar-el-dia-del-padre-con-distanciamiento\/#breadcrumb\",\"itemListElement\":[{\"@type\":\"ListItem\",\"position\":1,\"name\":\"Portada\",\"item\":\"https:\/\/www.noticiasradioreflejos.com.ar\/2021\/\"},{\"@type\":\"ListItem\",\"position\":2,\"name\":\"Apelan a la responsabilidad de adultos mayores para celebrar el D\u00eda del Padre con distanciamiento\"}]},{\"@type\":\"WebSite\",\"@id\":\"https:\/\/www.noticiasradioreflejos.com.ar\/2021\/#website\",\"url\":\"https:\/\/www.noticiasradioreflejos.com.ar\/2021\/\",\"name\":\"Noticias Radio Reflejos\",\"description\":\"Las noticias de mi comarca\",\"potentialAction\":[{\"@type\":\"SearchAction\",\"target\":{\"@type\":\"EntryPoint\",\"urlTemplate\":\"https:\/\/www.noticiasradioreflejos.com.ar\/2021\/?s={search_term_string}\"},\"query-input\":{\"@type\":\"PropertyValueSpecification\",\"valueRequired\":true,\"valueName\":\"search_term_string\"}}],\"inLanguage\":\"es\"},{\"@type\":\"Person\",\"@id\":\"https:\/\/www.noticiasradioreflejos.com.ar\/2021\/#\/schema\/person\/ad82545263dcc5ec0996818884fd5fb1\",\"name\":\"Arnaldo Botto\",\"image\":{\"@type\":\"ImageObject\",\"inLanguage\":\"es\",\"@id\":\"https:\/\/www.noticiasradioreflejos.com.ar\/2021\/#\/schema\/person\/image\/\",\"url\":\"https:\/\/secure.gravatar.com\/avatar\/55cb5e37c1efa326397366e6974cb338056df65cb50e7d64d1cf314e87504837?s=96&d=mm&r=g\",\"contentUrl\":\"https:\/\/secure.gravatar.com\/avatar\/55cb5e37c1efa326397366e6974cb338056df65cb50e7d64d1cf314e87504837?s=96&d=mm&r=g\",\"caption\":\"Arnaldo Botto\"},\"url\":\"https:\/\/www.noticiasradioreflejos.com.ar\/2021\/author\/arnaldo\/\"}]}<\/script>\n<!-- \/ Yoast SEO plugin. -->","yoast_head_json":{"title":"Apelan a la responsabilidad de adultos mayores para celebrar el D\u00eda del Padre con distanciamiento - Noticias Radio Reflejos","robots":{"index":"index","follow":"follow","max-snippet":"max-snippet:-1","max-image-preview":"max-image-preview:large","max-video-preview":"max-video-preview:-1"},"canonical":"https:\/\/www.noticiasradioreflejos.com.ar\/2021\/apelan-a-la-responsabilidad-de-adultos-mayores-para-celebrar-el-dia-del-padre-con-distanciamiento\/","og_locale":"es_ES","og_type":"article","og_title":"Apelan a la responsabilidad de adultos mayores para celebrar el D\u00eda del Padre con distanciamiento - Noticias Radio Reflejos","og_description":"El ministro de Salud porte\u00f1o, Fern\u00e1n Quir\u00f3s, apel\u00f3 hoy a la \u00absabidur\u00eda\u00bb de los adultos mayores para que el pr\u00f3ximo domingo, que se celebra el D\u00eda del Padre, se tenga la responsabilidad de brindar mucho afecto pero con el distanciamiento social establecido por la pandemia de coronavirus. \u00abEsa realidad va a resultar de lo que [&hellip;]","og_url":"https:\/\/www.noticiasradioreflejos.com.ar\/2021\/apelan-a-la-responsabilidad-de-adultos-mayores-para-celebrar-el-dia-del-padre-con-distanciamiento\/","og_site_name":"Noticias Radio Reflejos","article_published_time":"2020-06-19T14:24:44+00:00","og_image":[{"width":300,"height":200,"url":"https:\/\/www.noticiasradioreflejos.com.ar\/2021\/wp-content\/uploads\/2021\/07\/logosol300x200.png","type":"image\/png"}],"author":"Arnaldo Botto","twitter_card":"summary_large_image","schema":{"@context":"https:\/\/schema.org","@graph":[{"@type":"WebPage","@id":"https:\/\/www.noticiasradioreflejos.com.ar\/2021\/apelan-a-la-responsabilidad-de-adultos-mayores-para-celebrar-el-dia-del-padre-con-distanciamiento\/","url":"https:\/\/www.noticiasradioreflejos.com.ar\/2021\/apelan-a-la-responsabilidad-de-adultos-mayores-para-celebrar-el-dia-del-padre-con-distanciamiento\/","name":"Apelan a la responsabilidad de adultos mayores para celebrar el D\u00eda del Padre con distanciamiento - Noticias Radio Reflejos","isPartOf":{"@id":"https:\/\/www.noticiasradioreflejos.com.ar\/2021\/#website"},"datePublished":"2020-06-19T14:24:44+00:00","author":{"@id":"https:\/\/www.noticiasradioreflejos.com.ar\/2021\/#\/schema\/person\/ad82545263dcc5ec0996818884fd5fb1"},"breadcrumb":{"@id":"https:\/\/www.noticiasradioreflejos.com.ar\/2021\/apelan-a-la-responsabilidad-de-adultos-mayores-para-celebrar-el-dia-del-padre-con-distanciamiento\/#breadcrumb"},"inLanguage":"es","potentialAction":[{"@type":"ReadAction","target":["https:\/\/www.noticiasradioreflejos.com.ar\/2021\/apelan-a-la-responsabilidad-de-adultos-mayores-para-celebrar-el-dia-del-padre-con-distanciamiento\/"]}]},{"@type":"BreadcrumbList","@id":"https:\/\/www.noticiasradioreflejos.com.ar\/2021\/apelan-a-la-responsabilidad-de-adultos-mayores-para-celebrar-el-dia-del-padre-con-distanciamiento\/#breadcrumb","itemListElement":[{"@type":"ListItem","position":1,"name":"Portada","item":"https:\/\/www.noticiasradioreflejos.com.ar\/2021\/"},{"@type":"ListItem","position":2,"name":"Apelan a la responsabilidad de adultos mayores para celebrar el D\u00eda del Padre con distanciamiento"}]},{"@type":"WebSite","@id":"https:\/\/www.noticiasradioreflejos.com.ar\/2021\/#website","url":"https:\/\/www.noticiasradioreflejos.com.ar\/2021\/","name":"Noticias Radio Reflejos","description":"Las noticias de mi comarca","potentialAction":[{"@type":"SearchAction","target":{"@type":"EntryPoint","urlTemplate":"https:\/\/www.noticiasradioreflejos.com.ar\/2021\/?s={search_term_string}"},"query-input":{"@type":"PropertyValueSpecification","valueRequired":true,"valueName":"search_term_string"}}],"inLanguage":"es"},{"@type":"Person","@id":"https:\/\/www.noticiasradioreflejos.com.ar\/2021\/#\/schema\/person\/ad82545263dcc5ec0996818884fd5fb1","name":"Arnaldo Botto","image":{"@type":"ImageObject","inLanguage":"es","@id":"https:\/\/www.noticiasradioreflejos.com.ar\/2021\/#\/schema\/person\/image\/","url":"https:\/\/secure.gravatar.com\/avatar\/55cb5e37c1efa326397366e6974cb338056df65cb50e7d64d1cf314e87504837?s=96&d=mm&r=g","contentUrl":"https:\/\/secure.gravatar.com\/avatar\/55cb5e37c1efa326397366e6974cb338056df65cb50e7d64d1cf314e87504837?s=96&d=mm&r=g","caption":"Arnaldo Botto"},"url":"https:\/\/www.noticiasradioreflejos.com.ar\/2021\/author\/arnaldo\/"}]}},"_links":{"self":[{"href":"https:\/\/www.noticiasradioreflejos.com.ar\/2021\/wp-json\/wp\/v2\/posts\/43443","targetHints":{"allow":["GET"]}}],"collection":[{"href":"https:\/\/www.noticiasradioreflejos.com.ar\/2021\/wp-json\/wp\/v2\/posts"}],"about":[{"href":"https:\/\/www.noticiasradioreflejos.com.ar\/2021\/wp-json\/wp\/v2\/types\/post"}],"author":[{"embeddable":true,"href":"https:\/\/www.noticiasradioreflejos.com.ar\/2021\/wp-json\/wp\/v2\/users\/3"}],"replies":[{"embeddable":true,"href":"https:\/\/www.noticiasradioreflejos.com.ar\/2021\/wp-json\/wp\/v2\/comments?post=43443"}],"version-history":[{"count":0,"href":"https:\/\/www.noticiasradioreflejos.com.ar\/2021\/wp-json\/wp\/v2\/posts\/43443\/revisions"}],"wp:attachment":[{"href":"https:\/\/www.noticiasradioreflejos.com.ar\/2021\/wp-json\/wp\/v2\/media?parent=43443"}],"wp:term":[{"taxonomy":"category","embeddable":true,"href":"https:\/\/www.noticiasradioreflejos.com.ar\/2021\/wp-json\/wp\/v2\/categories?post=43443"},{"taxonomy":"post_tag","embeddable":true,"href":"https:\/\/www.noticiasradioreflejos.com.ar\/2021\/wp-json\/wp\/v2\/tags?post=43443"}],"curies":[{"name":"wp","href":"https:\/\/api.w.org\/{rel}","templated":true}]}}