{"id":43435,"date":"2020-06-19T10:30:52","date_gmt":"2020-06-19T13:30:52","guid":{"rendered":"http:\/\/www.noticiasradioreflejos.com.ar\/noticias\/?p=43435"},"modified":"2020-06-19T10:30:52","modified_gmt":"2020-06-19T13:30:52","slug":"desde-la-provincia-insisten-en-que-en-20-dias-estaria-colapsado-el-sistema-de-salud","status":"publish","type":"post","link":"https:\/\/www.noticiasradioreflejos.com.ar\/2021\/desde-la-provincia-insisten-en-que-en-20-dias-estaria-colapsado-el-sistema-de-salud\/","title":{"rendered":"Desde la Provincia insisten en que en 20 d\u00edas estar\u00eda \u00abcolapsado\u00bb el sistema de salud."},"content":{"rendered":"<p>La subsecretaria de Gesti\u00f3n de la Informaci\u00f3n, Educaci\u00f3n Permanente y Fiscalizaci\u00f3n Sanitaria de la Provincia de Buenos Aires, Leticia Ceriani, advirti\u00f3 hoy que, en base a los \u00faltimos indicadores, en 20 d\u00edas el sistema de salud \u00abva a estar al tope de su capacidad\u00bb e indic\u00f3 que lo \u00fanico que puede evitar m\u00e1s contagios de coronavirus \u00abes que baje la circulaci\u00f3n de la gente\u00bb.<!--more--><br \/>\n\u00abEstamos haciendo todos los d\u00edas una estimaci\u00f3n tomando indicadores que tenemos y ayer por la noche vimos que en 20 d\u00edas el sistema de salud va a estar al tope de su capacidad\u00bb, dijo la funcionaria hoy en declaraciones a radio La Red.<br \/>\nEn ese marco, agreg\u00f3 que es una estimaci\u00f3n y no \u00abun dato certero, de que tal d\u00eda ser\u00e1, pero s\u00ed se pueden hacer estimaciones con n\u00fameros aproximados y es que que en 20 d\u00edas estar\u00eda colapsado el sistema de salud\u00bb.<br \/>\n\u00abHace un mes est\u00e1bamos abajo de 100 casos por d\u00eda y ayer tuvimos 1.100, el crecimiento es muy exponencial. Estamos en el momento del crecimiento de la curva aunque todav\u00eda no estamos en el pico y lo \u00fanico que podemos hacer para evitar m\u00e1s casos es que baje la circulaci\u00f3n de la gente\u00bb, remarc\u00f3 la funcionaria.<br \/>\nCeriani inform\u00f3 que, en la provincia de Buenos Aires, hay m\u00e1s camas y que, desde marzo, incorporaron unas 5 mil de terapia intensiva, ya que \u00abel objetivo del aislamiento era achatar la curva para preparar el sistema de salud\u00bb.<br \/>\nEn este punto, dijo que no se trata solo de \u00abagregar camas, sino tecnolog\u00eda, monitores, respiradores y profesionales capacitados\u00bb.<br \/>\nEn ese sentido, puntualiz\u00f3 que en estos meses se fortaleci\u00f3 y se ampli\u00f3 el sistema de salud, y que eso \u00abnos ubica estar mejor que en marzo, pero tambi\u00e9n sabemos que no es suficiente si la curva sigue aumentando\u00bb.<br \/>\n\u00abLo que viene aumentando considerablemente es Covid 19, en la regi\u00f3n del AMBA, el porcentaje aumenta. En GBA hoy es un 52%, venimos en curva ascendente, lleg\u00f3 hace unos d\u00edas a m\u00e1s del 60%\u00bb, detall\u00f3.<br \/>\nPor \u00faltimo, subray\u00f3 que los casos aumentan acompa\u00f1ado de la circulaci\u00f3n de la gente, y, en ese sentido, dijo que habr\u00e1 que esperar unos d\u00edas para evaluar los resultados de las restricciones en el trasporte p\u00fablico implementadas hoy, y ver si de esa manera se logra \u00abfrenar un poco ese crecimiento\u00bb en el n\u00famero de contagios.<\/p>\n","protected":false},"excerpt":{"rendered":"<p>La subsecretaria de Gesti\u00f3n de la Informaci\u00f3n, Educaci\u00f3n Permanente y Fiscalizaci\u00f3n Sanitaria de la Provincia de Buenos Aires, Leticia Ceriani, advirti\u00f3 hoy que, en base a los \u00faltimos indicadores, en 20 d\u00edas el sistema de salud \u00abva a estar al tope de su capacidad\u00bb e indic\u00f3 que lo \u00fanico que puede evitar m\u00e1s contagios de [&hellip;]<\/p>\n","protected":false},"author":3,"featured_media":0,"comment_status":"closed","ping_status":"open","sticky":false,"template":"","format":"standard","meta":{"footnotes":""},"categories":[30],"tags":[],"class_list":["post-43435","post","type-post","status-publish","format-standard","hentry","category-salud"],"yoast_head":"<!-- This site is optimized with the Yoast SEO plugin v25.9 - https:\/\/yoast.com\/wordpress\/plugins\/seo\/ -->\n<title>Desde la Provincia insisten en que en 20 d\u00edas estar\u00eda &quot;colapsado&quot; el sistema de salud. - Noticias Radio Reflejos<\/title>\n<meta name=\"robots\" content=\"index, follow, max-snippet:-1, max-image-preview:large, max-video-preview:-1\" \/>\n<link rel=\"canonical\" href=\"https:\/\/www.noticiasradioreflejos.com.ar\/2021\/desde-la-provincia-insisten-en-que-en-20-dias-estaria-colapsado-el-sistema-de-salud\/\" \/>\n<meta property=\"og:locale\" content=\"es_ES\" \/>\n<meta property=\"og:type\" content=\"article\" \/>\n<meta property=\"og:title\" content=\"Desde la Provincia insisten en que en 20 d\u00edas estar\u00eda &quot;colapsado&quot; el sistema de salud. - Noticias Radio Reflejos\" \/>\n<meta property=\"og:description\" content=\"La subsecretaria de Gesti\u00f3n de la Informaci\u00f3n, Educaci\u00f3n Permanente y Fiscalizaci\u00f3n Sanitaria de la Provincia de Buenos Aires, Leticia Ceriani, advirti\u00f3 hoy que, en base a los \u00faltimos indicadores, en 20 d\u00edas el sistema de salud \u00abva a estar al tope de su capacidad\u00bb e indic\u00f3 que lo \u00fanico que puede evitar m\u00e1s contagios de [&hellip;]\" \/>\n<meta property=\"og:url\" content=\"https:\/\/www.noticiasradioreflejos.com.ar\/2021\/desde-la-provincia-insisten-en-que-en-20-dias-estaria-colapsado-el-sistema-de-salud\/\" \/>\n<meta property=\"og:site_name\" content=\"Noticias Radio Reflejos\" \/>\n<meta property=\"article:published_time\" content=\"2020-06-19T13:30:52+00:00\" \/>\n<meta property=\"og:image\" content=\"https:\/\/www.noticiasradioreflejos.com.ar\/2021\/wp-content\/uploads\/2021\/07\/logosol300x200.png\" \/>\n\t<meta property=\"og:image:width\" content=\"300\" \/>\n\t<meta property=\"og:image:height\" content=\"200\" \/>\n\t<meta property=\"og:image:type\" content=\"image\/png\" \/>\n<meta name=\"author\" content=\"Arnaldo Botto\" \/>\n<meta name=\"twitter:card\" content=\"summary_large_image\" \/>\n<script type=\"application\/ld+json\" class=\"yoast-schema-graph\">{\"@context\":\"https:\/\/schema.org\",\"@graph\":[{\"@type\":\"WebPage\",\"@id\":\"https:\/\/www.noticiasradioreflejos.com.ar\/2021\/desde-la-provincia-insisten-en-que-en-20-dias-estaria-colapsado-el-sistema-de-salud\/\",\"url\":\"https:\/\/www.noticiasradioreflejos.com.ar\/2021\/desde-la-provincia-insisten-en-que-en-20-dias-estaria-colapsado-el-sistema-de-salud\/\",\"name\":\"Desde la Provincia insisten en que en 20 d\u00edas estar\u00eda \\\"colapsado\\\" el sistema de salud. - Noticias Radio Reflejos\",\"isPartOf\":{\"@id\":\"https:\/\/www.noticiasradioreflejos.com.ar\/2021\/#website\"},\"datePublished\":\"2020-06-19T13:30:52+00:00\",\"author\":{\"@id\":\"https:\/\/www.noticiasradioreflejos.com.ar\/2021\/#\/schema\/person\/ad82545263dcc5ec0996818884fd5fb1\"},\"breadcrumb\":{\"@id\":\"https:\/\/www.noticiasradioreflejos.com.ar\/2021\/desde-la-provincia-insisten-en-que-en-20-dias-estaria-colapsado-el-sistema-de-salud\/#breadcrumb\"},\"inLanguage\":\"es\",\"potentialAction\":[{\"@type\":\"ReadAction\",\"target\":[\"https:\/\/www.noticiasradioreflejos.com.ar\/2021\/desde-la-provincia-insisten-en-que-en-20-dias-estaria-colapsado-el-sistema-de-salud\/\"]}]},{\"@type\":\"BreadcrumbList\",\"@id\":\"https:\/\/www.noticiasradioreflejos.com.ar\/2021\/desde-la-provincia-insisten-en-que-en-20-dias-estaria-colapsado-el-sistema-de-salud\/#breadcrumb\",\"itemListElement\":[{\"@type\":\"ListItem\",\"position\":1,\"name\":\"Portada\",\"item\":\"https:\/\/www.noticiasradioreflejos.com.ar\/2021\/\"},{\"@type\":\"ListItem\",\"position\":2,\"name\":\"Desde la Provincia insisten en que en 20 d\u00edas estar\u00eda \u00abcolapsado\u00bb el sistema de salud.\"}]},{\"@type\":\"WebSite\",\"@id\":\"https:\/\/www.noticiasradioreflejos.com.ar\/2021\/#website\",\"url\":\"https:\/\/www.noticiasradioreflejos.com.ar\/2021\/\",\"name\":\"Noticias Radio Reflejos\",\"description\":\"Las noticias de mi comarca\",\"potentialAction\":[{\"@type\":\"SearchAction\",\"target\":{\"@type\":\"EntryPoint\",\"urlTemplate\":\"https:\/\/www.noticiasradioreflejos.com.ar\/2021\/?s={search_term_string}\"},\"query-input\":{\"@type\":\"PropertyValueSpecification\",\"valueRequired\":true,\"valueName\":\"search_term_string\"}}],\"inLanguage\":\"es\"},{\"@type\":\"Person\",\"@id\":\"https:\/\/www.noticiasradioreflejos.com.ar\/2021\/#\/schema\/person\/ad82545263dcc5ec0996818884fd5fb1\",\"name\":\"Arnaldo Botto\",\"image\":{\"@type\":\"ImageObject\",\"inLanguage\":\"es\",\"@id\":\"https:\/\/www.noticiasradioreflejos.com.ar\/2021\/#\/schema\/person\/image\/\",\"url\":\"https:\/\/secure.gravatar.com\/avatar\/55cb5e37c1efa326397366e6974cb338056df65cb50e7d64d1cf314e87504837?s=96&d=mm&r=g\",\"contentUrl\":\"https:\/\/secure.gravatar.com\/avatar\/55cb5e37c1efa326397366e6974cb338056df65cb50e7d64d1cf314e87504837?s=96&d=mm&r=g\",\"caption\":\"Arnaldo Botto\"},\"url\":\"https:\/\/www.noticiasradioreflejos.com.ar\/2021\/author\/arnaldo\/\"}]}<\/script>\n<!-- \/ Yoast SEO plugin. -->","yoast_head_json":{"title":"Desde la Provincia insisten en que en 20 d\u00edas estar\u00eda \"colapsado\" el sistema de salud. - Noticias Radio Reflejos","robots":{"index":"index","follow":"follow","max-snippet":"max-snippet:-1","max-image-preview":"max-image-preview:large","max-video-preview":"max-video-preview:-1"},"canonical":"https:\/\/www.noticiasradioreflejos.com.ar\/2021\/desde-la-provincia-insisten-en-que-en-20-dias-estaria-colapsado-el-sistema-de-salud\/","og_locale":"es_ES","og_type":"article","og_title":"Desde la Provincia insisten en que en 20 d\u00edas estar\u00eda \"colapsado\" el sistema de salud. - Noticias Radio Reflejos","og_description":"La subsecretaria de Gesti\u00f3n de la Informaci\u00f3n, Educaci\u00f3n Permanente y Fiscalizaci\u00f3n Sanitaria de la Provincia de Buenos Aires, Leticia Ceriani, advirti\u00f3 hoy que, en base a los \u00faltimos indicadores, en 20 d\u00edas el sistema de salud \u00abva a estar al tope de su capacidad\u00bb e indic\u00f3 que lo \u00fanico que puede evitar m\u00e1s contagios de [&hellip;]","og_url":"https:\/\/www.noticiasradioreflejos.com.ar\/2021\/desde-la-provincia-insisten-en-que-en-20-dias-estaria-colapsado-el-sistema-de-salud\/","og_site_name":"Noticias Radio Reflejos","article_published_time":"2020-06-19T13:30:52+00:00","og_image":[{"width":300,"height":200,"url":"https:\/\/www.noticiasradioreflejos.com.ar\/2021\/wp-content\/uploads\/2021\/07\/logosol300x200.png","type":"image\/png"}],"author":"Arnaldo Botto","twitter_card":"summary_large_image","schema":{"@context":"https:\/\/schema.org","@graph":[{"@type":"WebPage","@id":"https:\/\/www.noticiasradioreflejos.com.ar\/2021\/desde-la-provincia-insisten-en-que-en-20-dias-estaria-colapsado-el-sistema-de-salud\/","url":"https:\/\/www.noticiasradioreflejos.com.ar\/2021\/desde-la-provincia-insisten-en-que-en-20-dias-estaria-colapsado-el-sistema-de-salud\/","name":"Desde la Provincia insisten en que en 20 d\u00edas estar\u00eda \"colapsado\" el sistema de salud. - Noticias Radio Reflejos","isPartOf":{"@id":"https:\/\/www.noticiasradioreflejos.com.ar\/2021\/#website"},"datePublished":"2020-06-19T13:30:52+00:00","author":{"@id":"https:\/\/www.noticiasradioreflejos.com.ar\/2021\/#\/schema\/person\/ad82545263dcc5ec0996818884fd5fb1"},"breadcrumb":{"@id":"https:\/\/www.noticiasradioreflejos.com.ar\/2021\/desde-la-provincia-insisten-en-que-en-20-dias-estaria-colapsado-el-sistema-de-salud\/#breadcrumb"},"inLanguage":"es","potentialAction":[{"@type":"ReadAction","target":["https:\/\/www.noticiasradioreflejos.com.ar\/2021\/desde-la-provincia-insisten-en-que-en-20-dias-estaria-colapsado-el-sistema-de-salud\/"]}]},{"@type":"BreadcrumbList","@id":"https:\/\/www.noticiasradioreflejos.com.ar\/2021\/desde-la-provincia-insisten-en-que-en-20-dias-estaria-colapsado-el-sistema-de-salud\/#breadcrumb","itemListElement":[{"@type":"ListItem","position":1,"name":"Portada","item":"https:\/\/www.noticiasradioreflejos.com.ar\/2021\/"},{"@type":"ListItem","position":2,"name":"Desde la Provincia insisten en que en 20 d\u00edas estar\u00eda \u00abcolapsado\u00bb el sistema de salud."}]},{"@type":"WebSite","@id":"https:\/\/www.noticiasradioreflejos.com.ar\/2021\/#website","url":"https:\/\/www.noticiasradioreflejos.com.ar\/2021\/","name":"Noticias Radio Reflejos","description":"Las noticias de mi comarca","potentialAction":[{"@type":"SearchAction","target":{"@type":"EntryPoint","urlTemplate":"https:\/\/www.noticiasradioreflejos.com.ar\/2021\/?s={search_term_string}"},"query-input":{"@type":"PropertyValueSpecification","valueRequired":true,"valueName":"search_term_string"}}],"inLanguage":"es"},{"@type":"Person","@id":"https:\/\/www.noticiasradioreflejos.com.ar\/2021\/#\/schema\/person\/ad82545263dcc5ec0996818884fd5fb1","name":"Arnaldo Botto","image":{"@type":"ImageObject","inLanguage":"es","@id":"https:\/\/www.noticiasradioreflejos.com.ar\/2021\/#\/schema\/person\/image\/","url":"https:\/\/secure.gravatar.com\/avatar\/55cb5e37c1efa326397366e6974cb338056df65cb50e7d64d1cf314e87504837?s=96&d=mm&r=g","contentUrl":"https:\/\/secure.gravatar.com\/avatar\/55cb5e37c1efa326397366e6974cb338056df65cb50e7d64d1cf314e87504837?s=96&d=mm&r=g","caption":"Arnaldo Botto"},"url":"https:\/\/www.noticiasradioreflejos.com.ar\/2021\/author\/arnaldo\/"}]}},"_links":{"self":[{"href":"https:\/\/www.noticiasradioreflejos.com.ar\/2021\/wp-json\/wp\/v2\/posts\/43435","targetHints":{"allow":["GET"]}}],"collection":[{"href":"https:\/\/www.noticiasradioreflejos.com.ar\/2021\/wp-json\/wp\/v2\/posts"}],"about":[{"href":"https:\/\/www.noticiasradioreflejos.com.ar\/2021\/wp-json\/wp\/v2\/types\/post"}],"author":[{"embeddable":true,"href":"https:\/\/www.noticiasradioreflejos.com.ar\/2021\/wp-json\/wp\/v2\/users\/3"}],"replies":[{"embeddable":true,"href":"https:\/\/www.noticiasradioreflejos.com.ar\/2021\/wp-json\/wp\/v2\/comments?post=43435"}],"version-history":[{"count":0,"href":"https:\/\/www.noticiasradioreflejos.com.ar\/2021\/wp-json\/wp\/v2\/posts\/43435\/revisions"}],"wp:attachment":[{"href":"https:\/\/www.noticiasradioreflejos.com.ar\/2021\/wp-json\/wp\/v2\/media?parent=43435"}],"wp:term":[{"taxonomy":"category","embeddable":true,"href":"https:\/\/www.noticiasradioreflejos.com.ar\/2021\/wp-json\/wp\/v2\/categories?post=43435"},{"taxonomy":"post_tag","embeddable":true,"href":"https:\/\/www.noticiasradioreflejos.com.ar\/2021\/wp-json\/wp\/v2\/tags?post=43435"}],"curies":[{"name":"wp","href":"https:\/\/api.w.org\/{rel}","templated":true}]}}