{"id":43423,"date":"2020-06-19T07:38:57","date_gmt":"2020-06-19T10:38:57","guid":{"rendered":"http:\/\/www.noticiasradioreflejos.com.ar\/noticias\/?p=43423"},"modified":"2020-06-19T07:38:57","modified_gmt":"2020-06-19T10:38:57","slug":"kreplak-hay-que-volver-al-quedate-en-casa-aumentan-los-casos-y-tenemos-muy-poco-tiempo","status":"publish","type":"post","link":"https:\/\/www.noticiasradioreflejos.com.ar\/2021\/kreplak-hay-que-volver-al-quedate-en-casa-aumentan-los-casos-y-tenemos-muy-poco-tiempo\/","title":{"rendered":"Kreplak: \u00abHay que volver al quedate en casa, aumentan los casos y tenemos muy poco tiempo\u00bb"},"content":{"rendered":"<p>El viceministro de Salud de la provincia de Buenos Aires, Nicol\u00e1s Kreplak, afirm\u00f3 hoy que \u00abhay que reconstruir la idea del quedate en casa que hab\u00eda al inicio del aislamiento\u00bb ya que \u00abnos queda muy poco tiempo, aumentan los casos y las camas de terapia intensiva est\u00e1n ocupadas en un 60%\u00bb .<br \/>\n\u00abEs necesario volver a la \u00e9pica del principio del aislamiento, al quedate en casa, que haya menos circulaci\u00f3n, todos los d\u00edas vemos que aumentan un dos por ciento la ocupaci\u00f3n de camas y ya llegan al 60%\u00bb, dijo Kreplak en declaraciones al canal de Tv A24.<!--more--><br \/>\nPrecis\u00f3 adem\u00e1s que \u00ablo que vemos ahora en n\u00fameros es la foto de hace diez d\u00edas y todos los d\u00edas encontramos casos, por eso nos queda poco tiempo, pocas semanas para poder revertir esta tendencia de cantidad de contagios\u00bb.<\/p>\n<p>El funcionario destac\u00f3 que \u00abhace pocos d\u00edas fui a un hospital y los m\u00e9dicos me dec\u00edan que est\u00e1n atendiendo ahora a la misma cantidad de personas por accidentes que hab\u00eda antes del aislamiento, cuando ese n\u00famero hab\u00eda bajado los primeros meses de la cuarentena, esto da una idea de que la circulaci\u00f3n de personas est\u00e1 aumentando\u00bb.<\/p>\n<p>\u00abHasta que no lleguemos al pico es m\u00e1s que esperable que cada d\u00eda sea peor que el anterior\u00bb, dijo Kreplak y a\u00f1adi\u00f3: \u00abHace unas semanas hac\u00edamos testeos en los barrios y encontr\u00e1bamos muy pocos casos positivos o sospechosos, ahora hallamos decenas de casos todos los d\u00edas\u00bb.<\/p>\n<p>\u00abSuben mucho los contagios y cada vez hay m\u00e1s camas ocupadas, pese a que se ampliaron en m\u00e1s de un 80% de las que hab\u00eda, la mayor cifra en 200 a\u00f1os de historia, pero cuando aumentan los casos tan vertiginosamente y no se hace nada para pararlos colapsa el sistema\u00bb, dijo el funcionario.<\/p>\n<p>Y agreg\u00f3: Sabemos que eso puede llegar a pasar y si no hacemos nada para pararlo vamos a tener que pagar por eso\u00bb.<\/p>\n<p>Para Kreplak \u00abhay que tomar una medida ahora, una medida restrictiva, porque de ninguna manera est\u00e1n pasando los contagios, estamos en el peor momento, hacemos testeos, b\u00fasquedas activas, rastreos de contactos, no tenemos m\u00e1s tiempo para m\u00e1s cosas, pero cuando los contagios superan a las medidas de contenci\u00f3n, hay que tomar medidas restrictivas\u00bb.<\/p>\n<p>Explic\u00f3 que \u00absi logramos frenar hoy la cantidad de contagios, los casos igual van a seguir subiendo, porque el virus tarda siete d\u00edas en manifestarse, lo que vemos ahora es la foto de hace diez d\u00edas, por eso hay que tomarse muy en serio lo que viene ahora y todos en forma solidaria quedarnos en casa\u00bb.<\/p>\n<p>Para Kreplak \u00abla circulaci\u00f3n que tenemos es muy grande en este momento, hay que volver a buscar la \u00e9pica del principio de la cuarentena, no hay vidas que no valgan la pena salvar Los aplausos a los m\u00e9dicos no se hacen m\u00e1s pero es ahora en donde ellos necesitan todo el apoyo\u00bb.<\/p>\n","protected":false},"excerpt":{"rendered":"<p>El viceministro de Salud de la provincia de Buenos Aires, Nicol\u00e1s Kreplak, afirm\u00f3 hoy que \u00abhay que reconstruir la idea del quedate en casa que hab\u00eda al inicio del aislamiento\u00bb ya que \u00abnos queda muy poco tiempo, aumentan los casos y las camas de terapia intensiva est\u00e1n ocupadas en un 60%\u00bb . \u00abEs necesario volver [&hellip;]<\/p>\n","protected":false},"author":3,"featured_media":0,"comment_status":"closed","ping_status":"open","sticky":false,"template":"","format":"standard","meta":{"footnotes":""},"categories":[30],"tags":[],"class_list":["post-43423","post","type-post","status-publish","format-standard","hentry","category-salud"],"yoast_head":"<!-- This site is optimized with the Yoast SEO plugin v25.9 - https:\/\/yoast.com\/wordpress\/plugins\/seo\/ -->\n<title>Kreplak: &quot;Hay que volver al quedate en casa, aumentan los casos y tenemos muy poco tiempo&quot; - Noticias Radio Reflejos<\/title>\n<meta name=\"robots\" content=\"index, follow, max-snippet:-1, max-image-preview:large, max-video-preview:-1\" \/>\n<link rel=\"canonical\" href=\"https:\/\/www.noticiasradioreflejos.com.ar\/2021\/kreplak-hay-que-volver-al-quedate-en-casa-aumentan-los-casos-y-tenemos-muy-poco-tiempo\/\" \/>\n<meta property=\"og:locale\" content=\"es_ES\" \/>\n<meta property=\"og:type\" content=\"article\" \/>\n<meta property=\"og:title\" content=\"Kreplak: &quot;Hay que volver al quedate en casa, aumentan los casos y tenemos muy poco tiempo&quot; - Noticias Radio Reflejos\" \/>\n<meta property=\"og:description\" content=\"El viceministro de Salud de la provincia de Buenos Aires, Nicol\u00e1s Kreplak, afirm\u00f3 hoy que \u00abhay que reconstruir la idea del quedate en casa que hab\u00eda al inicio del aislamiento\u00bb ya que \u00abnos queda muy poco tiempo, aumentan los casos y las camas de terapia intensiva est\u00e1n ocupadas en un 60%\u00bb . \u00abEs necesario volver [&hellip;]\" \/>\n<meta property=\"og:url\" content=\"https:\/\/www.noticiasradioreflejos.com.ar\/2021\/kreplak-hay-que-volver-al-quedate-en-casa-aumentan-los-casos-y-tenemos-muy-poco-tiempo\/\" \/>\n<meta property=\"og:site_name\" content=\"Noticias Radio Reflejos\" \/>\n<meta property=\"article:published_time\" content=\"2020-06-19T10:38:57+00:00\" \/>\n<meta property=\"og:image\" content=\"https:\/\/www.noticiasradioreflejos.com.ar\/2021\/wp-content\/uploads\/2021\/07\/logosol300x200.png\" \/>\n\t<meta property=\"og:image:width\" content=\"300\" \/>\n\t<meta property=\"og:image:height\" content=\"200\" \/>\n\t<meta property=\"og:image:type\" content=\"image\/png\" \/>\n<meta name=\"author\" content=\"Arnaldo Botto\" \/>\n<meta name=\"twitter:card\" content=\"summary_large_image\" \/>\n<script type=\"application\/ld+json\" class=\"yoast-schema-graph\">{\"@context\":\"https:\/\/schema.org\",\"@graph\":[{\"@type\":\"WebPage\",\"@id\":\"https:\/\/www.noticiasradioreflejos.com.ar\/2021\/kreplak-hay-que-volver-al-quedate-en-casa-aumentan-los-casos-y-tenemos-muy-poco-tiempo\/\",\"url\":\"https:\/\/www.noticiasradioreflejos.com.ar\/2021\/kreplak-hay-que-volver-al-quedate-en-casa-aumentan-los-casos-y-tenemos-muy-poco-tiempo\/\",\"name\":\"Kreplak: \\\"Hay que volver al quedate en casa, aumentan los casos y tenemos muy poco tiempo\\\" - Noticias Radio Reflejos\",\"isPartOf\":{\"@id\":\"https:\/\/www.noticiasradioreflejos.com.ar\/2021\/#website\"},\"datePublished\":\"2020-06-19T10:38:57+00:00\",\"author\":{\"@id\":\"https:\/\/www.noticiasradioreflejos.com.ar\/2021\/#\/schema\/person\/ad82545263dcc5ec0996818884fd5fb1\"},\"breadcrumb\":{\"@id\":\"https:\/\/www.noticiasradioreflejos.com.ar\/2021\/kreplak-hay-que-volver-al-quedate-en-casa-aumentan-los-casos-y-tenemos-muy-poco-tiempo\/#breadcrumb\"},\"inLanguage\":\"es\",\"potentialAction\":[{\"@type\":\"ReadAction\",\"target\":[\"https:\/\/www.noticiasradioreflejos.com.ar\/2021\/kreplak-hay-que-volver-al-quedate-en-casa-aumentan-los-casos-y-tenemos-muy-poco-tiempo\/\"]}]},{\"@type\":\"BreadcrumbList\",\"@id\":\"https:\/\/www.noticiasradioreflejos.com.ar\/2021\/kreplak-hay-que-volver-al-quedate-en-casa-aumentan-los-casos-y-tenemos-muy-poco-tiempo\/#breadcrumb\",\"itemListElement\":[{\"@type\":\"ListItem\",\"position\":1,\"name\":\"Portada\",\"item\":\"https:\/\/www.noticiasradioreflejos.com.ar\/2021\/\"},{\"@type\":\"ListItem\",\"position\":2,\"name\":\"Kreplak: \u00abHay que volver al quedate en casa, aumentan los casos y tenemos muy poco tiempo\u00bb\"}]},{\"@type\":\"WebSite\",\"@id\":\"https:\/\/www.noticiasradioreflejos.com.ar\/2021\/#website\",\"url\":\"https:\/\/www.noticiasradioreflejos.com.ar\/2021\/\",\"name\":\"Noticias Radio Reflejos\",\"description\":\"Las noticias de mi comarca\",\"potentialAction\":[{\"@type\":\"SearchAction\",\"target\":{\"@type\":\"EntryPoint\",\"urlTemplate\":\"https:\/\/www.noticiasradioreflejos.com.ar\/2021\/?s={search_term_string}\"},\"query-input\":{\"@type\":\"PropertyValueSpecification\",\"valueRequired\":true,\"valueName\":\"search_term_string\"}}],\"inLanguage\":\"es\"},{\"@type\":\"Person\",\"@id\":\"https:\/\/www.noticiasradioreflejos.com.ar\/2021\/#\/schema\/person\/ad82545263dcc5ec0996818884fd5fb1\",\"name\":\"Arnaldo Botto\",\"image\":{\"@type\":\"ImageObject\",\"inLanguage\":\"es\",\"@id\":\"https:\/\/www.noticiasradioreflejos.com.ar\/2021\/#\/schema\/person\/image\/\",\"url\":\"https:\/\/secure.gravatar.com\/avatar\/55cb5e37c1efa326397366e6974cb338056df65cb50e7d64d1cf314e87504837?s=96&d=mm&r=g\",\"contentUrl\":\"https:\/\/secure.gravatar.com\/avatar\/55cb5e37c1efa326397366e6974cb338056df65cb50e7d64d1cf314e87504837?s=96&d=mm&r=g\",\"caption\":\"Arnaldo Botto\"},\"url\":\"https:\/\/www.noticiasradioreflejos.com.ar\/2021\/author\/arnaldo\/\"}]}<\/script>\n<!-- \/ Yoast SEO plugin. -->","yoast_head_json":{"title":"Kreplak: \"Hay que volver al quedate en casa, aumentan los casos y tenemos muy poco tiempo\" - Noticias Radio Reflejos","robots":{"index":"index","follow":"follow","max-snippet":"max-snippet:-1","max-image-preview":"max-image-preview:large","max-video-preview":"max-video-preview:-1"},"canonical":"https:\/\/www.noticiasradioreflejos.com.ar\/2021\/kreplak-hay-que-volver-al-quedate-en-casa-aumentan-los-casos-y-tenemos-muy-poco-tiempo\/","og_locale":"es_ES","og_type":"article","og_title":"Kreplak: \"Hay que volver al quedate en casa, aumentan los casos y tenemos muy poco tiempo\" - Noticias Radio Reflejos","og_description":"El viceministro de Salud de la provincia de Buenos Aires, Nicol\u00e1s Kreplak, afirm\u00f3 hoy que \u00abhay que reconstruir la idea del quedate en casa que hab\u00eda al inicio del aislamiento\u00bb ya que \u00abnos queda muy poco tiempo, aumentan los casos y las camas de terapia intensiva est\u00e1n ocupadas en un 60%\u00bb . \u00abEs necesario volver [&hellip;]","og_url":"https:\/\/www.noticiasradioreflejos.com.ar\/2021\/kreplak-hay-que-volver-al-quedate-en-casa-aumentan-los-casos-y-tenemos-muy-poco-tiempo\/","og_site_name":"Noticias Radio Reflejos","article_published_time":"2020-06-19T10:38:57+00:00","og_image":[{"width":300,"height":200,"url":"https:\/\/www.noticiasradioreflejos.com.ar\/2021\/wp-content\/uploads\/2021\/07\/logosol300x200.png","type":"image\/png"}],"author":"Arnaldo Botto","twitter_card":"summary_large_image","schema":{"@context":"https:\/\/schema.org","@graph":[{"@type":"WebPage","@id":"https:\/\/www.noticiasradioreflejos.com.ar\/2021\/kreplak-hay-que-volver-al-quedate-en-casa-aumentan-los-casos-y-tenemos-muy-poco-tiempo\/","url":"https:\/\/www.noticiasradioreflejos.com.ar\/2021\/kreplak-hay-que-volver-al-quedate-en-casa-aumentan-los-casos-y-tenemos-muy-poco-tiempo\/","name":"Kreplak: \"Hay que volver al quedate en casa, aumentan los casos y tenemos muy poco tiempo\" - Noticias Radio Reflejos","isPartOf":{"@id":"https:\/\/www.noticiasradioreflejos.com.ar\/2021\/#website"},"datePublished":"2020-06-19T10:38:57+00:00","author":{"@id":"https:\/\/www.noticiasradioreflejos.com.ar\/2021\/#\/schema\/person\/ad82545263dcc5ec0996818884fd5fb1"},"breadcrumb":{"@id":"https:\/\/www.noticiasradioreflejos.com.ar\/2021\/kreplak-hay-que-volver-al-quedate-en-casa-aumentan-los-casos-y-tenemos-muy-poco-tiempo\/#breadcrumb"},"inLanguage":"es","potentialAction":[{"@type":"ReadAction","target":["https:\/\/www.noticiasradioreflejos.com.ar\/2021\/kreplak-hay-que-volver-al-quedate-en-casa-aumentan-los-casos-y-tenemos-muy-poco-tiempo\/"]}]},{"@type":"BreadcrumbList","@id":"https:\/\/www.noticiasradioreflejos.com.ar\/2021\/kreplak-hay-que-volver-al-quedate-en-casa-aumentan-los-casos-y-tenemos-muy-poco-tiempo\/#breadcrumb","itemListElement":[{"@type":"ListItem","position":1,"name":"Portada","item":"https:\/\/www.noticiasradioreflejos.com.ar\/2021\/"},{"@type":"ListItem","position":2,"name":"Kreplak: \u00abHay que volver al quedate en casa, aumentan los casos y tenemos muy poco tiempo\u00bb"}]},{"@type":"WebSite","@id":"https:\/\/www.noticiasradioreflejos.com.ar\/2021\/#website","url":"https:\/\/www.noticiasradioreflejos.com.ar\/2021\/","name":"Noticias Radio Reflejos","description":"Las noticias de mi comarca","potentialAction":[{"@type":"SearchAction","target":{"@type":"EntryPoint","urlTemplate":"https:\/\/www.noticiasradioreflejos.com.ar\/2021\/?s={search_term_string}"},"query-input":{"@type":"PropertyValueSpecification","valueRequired":true,"valueName":"search_term_string"}}],"inLanguage":"es"},{"@type":"Person","@id":"https:\/\/www.noticiasradioreflejos.com.ar\/2021\/#\/schema\/person\/ad82545263dcc5ec0996818884fd5fb1","name":"Arnaldo Botto","image":{"@type":"ImageObject","inLanguage":"es","@id":"https:\/\/www.noticiasradioreflejos.com.ar\/2021\/#\/schema\/person\/image\/","url":"https:\/\/secure.gravatar.com\/avatar\/55cb5e37c1efa326397366e6974cb338056df65cb50e7d64d1cf314e87504837?s=96&d=mm&r=g","contentUrl":"https:\/\/secure.gravatar.com\/avatar\/55cb5e37c1efa326397366e6974cb338056df65cb50e7d64d1cf314e87504837?s=96&d=mm&r=g","caption":"Arnaldo Botto"},"url":"https:\/\/www.noticiasradioreflejos.com.ar\/2021\/author\/arnaldo\/"}]}},"_links":{"self":[{"href":"https:\/\/www.noticiasradioreflejos.com.ar\/2021\/wp-json\/wp\/v2\/posts\/43423","targetHints":{"allow":["GET"]}}],"collection":[{"href":"https:\/\/www.noticiasradioreflejos.com.ar\/2021\/wp-json\/wp\/v2\/posts"}],"about":[{"href":"https:\/\/www.noticiasradioreflejos.com.ar\/2021\/wp-json\/wp\/v2\/types\/post"}],"author":[{"embeddable":true,"href":"https:\/\/www.noticiasradioreflejos.com.ar\/2021\/wp-json\/wp\/v2\/users\/3"}],"replies":[{"embeddable":true,"href":"https:\/\/www.noticiasradioreflejos.com.ar\/2021\/wp-json\/wp\/v2\/comments?post=43423"}],"version-history":[{"count":0,"href":"https:\/\/www.noticiasradioreflejos.com.ar\/2021\/wp-json\/wp\/v2\/posts\/43423\/revisions"}],"wp:attachment":[{"href":"https:\/\/www.noticiasradioreflejos.com.ar\/2021\/wp-json\/wp\/v2\/media?parent=43423"}],"wp:term":[{"taxonomy":"category","embeddable":true,"href":"https:\/\/www.noticiasradioreflejos.com.ar\/2021\/wp-json\/wp\/v2\/categories?post=43423"},{"taxonomy":"post_tag","embeddable":true,"href":"https:\/\/www.noticiasradioreflejos.com.ar\/2021\/wp-json\/wp\/v2\/tags?post=43423"}],"curies":[{"name":"wp","href":"https:\/\/api.w.org\/{rel}","templated":true}]}}