{"id":43333,"date":"2020-06-17T12:31:49","date_gmt":"2020-06-17T15:31:49","guid":{"rendered":"http:\/\/www.noticiasradioreflejos.com.ar\/noticias\/?p=43333"},"modified":"2020-06-17T12:31:49","modified_gmt":"2020-06-17T15:31:49","slug":"la-transmision-comunitaria-paso-a-ser-la-forma-principal-de-contagio-por-coronavirus","status":"publish","type":"post","link":"https:\/\/www.noticiasradioreflejos.com.ar\/2021\/la-transmision-comunitaria-paso-a-ser-la-forma-principal-de-contagio-por-coronavirus\/","title":{"rendered":"La transmisi\u00f3n comunitaria pas\u00f3 a ser la forma principal de contagio por coronavirus."},"content":{"rendered":"<p>Los casos por transmisi\u00f3n comunitaria, es decir, que no se puede determinar c\u00f3mo se infect\u00f3 la persona, se convirtieron en los que representan el mayor porcentaje del total de casos acumulados con coronavirus en el pa\u00eds \u00ablo que no impide seguir trabajando en el seguimiento de los contactos estrechos\u00bb, aseguraron hoy especialistas.<!--more--><\/p>\n<p> El acumulado de casos de transmisi\u00f3n comunitaria alcanz\u00f3 en el reporte oficial de la noche de ayer la cifra de 13.602 casos, 262 m\u00e1s que los acumulados por contacto estrecho con una persona infectada y por conglomerado que fue de 13.340; en tanto todav\u00eda hay 6.187 casos en investigaci\u00f3n.<!--more--><br \/>\nEl porcentaje se sostuvo en el reporte matutino de hoy: \u00abDel total de casos, 3% hab\u00edan tenido antecedente de viaje; el 39,1% fue por contacto estrecho y el 39,8% por transmisi\u00f3n comunitaria\u00bb, inform\u00f3 hoy la secretaria de Acceso a la Salud de Naci\u00f3n, Carla Vizzotti.<\/p>\n<p>La funcionaria detall\u00f3 que este tipo de contagio se da en la Ciudad de Buenos Aires y los partidos que conforman el \u00c1rea Metropolitana de Buenos Aires (AMBA); en la provincia de Chaco sucede en Resistencia, Barranqueras, Fontana, Puerto Vilelas; en C\u00f3rdoba en la capital; en R\u00edo Negro en Bariloche, Cipoletti y se agreg\u00f3 General Roca y en Chubut en la ciudad de Trelew.<\/p>\n<p>\u00abEs muy importante bajar la transmisi\u00f3n comunitaria. La \u00fanica forma que se logra esto es identificando a todos los contactos de 48 horas previas de un caso positivo, registr\u00e1ndolos y poni\u00e9ndolos en aislamiento y seguir as\u00ed hasta llegar a la mayor cantidad de personas posibles que sepamos que fueron la causa de contagio\u00bb, dijo hoy a T\u00e9lam el infect\u00f3logo Omar Sued, que integra el Comit\u00e9 de Expertos que asesora al ministerio de Salud de la Naci\u00f3n.<\/p>\n<p>Sued asegur\u00f3 que \u00abhasta lo que sabemos hoy, el virus tiene una fase de transmisi\u00f3n corta, de una semana a 10 d\u00edas desde que se empieza con s\u00edntomas, entonces si hay muchos casos de transmisi\u00f3n comunitaria lo m\u00e1s l\u00f3gico ser\u00eda cerrar esa \u00e1rea geogr\u00e1fica\u00bb.<\/p>\n<p>El infect\u00f3logo describi\u00f3 que \u00abesto se hizo, por ejemplo, en Jujuy, que tuvo dos casos de transmisi\u00f3n comunitaria y entonces volvi\u00f3 a fase 1; o en Resistencia, Chaco\u00bb e indic\u00f3 que \u00aben los casos donde la transmisi\u00f3n comunitaria es muy alta, quiz\u00e1s se podr\u00eda poner medidas restrictivas durante una semana para hacer que toda la gente infectada se cure y los siguientes casos que aparezcan est\u00e9n ligados a casos positivos que es m\u00e1s f\u00e1cil de detectar y aislar\u00bb.<\/p>\n<p>Por su parte, el investigador de Conicet Jorge Aliaga, sostuvo que \u00abla transmisi\u00f3n comunitaria es un indicador de que el virus est\u00e1 circulando, pero no hay que asociar eso con que no se puede frenar\u00bb.<\/p>\n<p>En el mismo sentido que Sued, Aliaga se\u00f1al\u00f3 que \u00absi una persona da positivo en la prueba, puede no saberse de qui\u00e9n se contagio, pero s\u00ed se puede hacer un rastreo de con qui\u00e9n estuvo para identificar y aislar a los contacto que es lo relevante para frenar la epidemia\u00bb.<\/p>\n<p>En este aspecto, la Directora Nacional de Epidemiolog\u00eda e Informaci\u00f3n Estrat\u00e9gica, Anal\u00eda Rearte, record\u00f3 esta ma\u00f1ana en el reporte del Ministerio que \u00abes muy importante que las personas que dan positivo colaboren en el cuestionario de con qui\u00e9nes estuvieron en las \u00faltimas horas\u00bb para poder llevar adelante este rastreo de contactos.<\/p>\n<p>Rearte indic\u00f3 que \u00abtoda persona que estuvo con alguien que dio positivo en la prueba por m\u00e1s de 15 minutos y a menos de dos metros\u00bb se considera contacto estrecho y debe estar en cuarentena durante 14 d\u00edas para descartar que no se haya infectado.<\/p>\n","protected":false},"excerpt":{"rendered":"<p>Los casos por transmisi\u00f3n comunitaria, es decir, que no se puede determinar c\u00f3mo se infect\u00f3 la persona, se convirtieron en los que representan el mayor porcentaje del total de casos acumulados con coronavirus en el pa\u00eds \u00ablo que no impide seguir trabajando en el seguimiento de los contactos estrechos\u00bb, aseguraron hoy especialistas.<\/p>\n","protected":false},"author":3,"featured_media":0,"comment_status":"closed","ping_status":"open","sticky":false,"template":"","format":"standard","meta":{"footnotes":""},"categories":[30],"tags":[],"class_list":["post-43333","post","type-post","status-publish","format-standard","hentry","category-salud"],"yoast_head":"<!-- This site is optimized with the Yoast SEO plugin v25.9 - https:\/\/yoast.com\/wordpress\/plugins\/seo\/ -->\n<title>La transmisi\u00f3n comunitaria pas\u00f3 a ser la forma principal de contagio por coronavirus. - Noticias Radio Reflejos<\/title>\n<meta name=\"robots\" content=\"index, follow, max-snippet:-1, max-image-preview:large, max-video-preview:-1\" \/>\n<link rel=\"canonical\" href=\"https:\/\/www.noticiasradioreflejos.com.ar\/2021\/la-transmision-comunitaria-paso-a-ser-la-forma-principal-de-contagio-por-coronavirus\/\" \/>\n<meta property=\"og:locale\" content=\"es_ES\" \/>\n<meta property=\"og:type\" content=\"article\" \/>\n<meta property=\"og:title\" content=\"La transmisi\u00f3n comunitaria pas\u00f3 a ser la forma principal de contagio por coronavirus. - Noticias Radio Reflejos\" \/>\n<meta property=\"og:description\" content=\"Los casos por transmisi\u00f3n comunitaria, es decir, que no se puede determinar c\u00f3mo se infect\u00f3 la persona, se convirtieron en los que representan el mayor porcentaje del total de casos acumulados con coronavirus en el pa\u00eds \u00ablo que no impide seguir trabajando en el seguimiento de los contactos estrechos\u00bb, aseguraron hoy especialistas.\" \/>\n<meta property=\"og:url\" content=\"https:\/\/www.noticiasradioreflejos.com.ar\/2021\/la-transmision-comunitaria-paso-a-ser-la-forma-principal-de-contagio-por-coronavirus\/\" \/>\n<meta property=\"og:site_name\" content=\"Noticias Radio Reflejos\" \/>\n<meta property=\"article:published_time\" content=\"2020-06-17T15:31:49+00:00\" \/>\n<meta property=\"og:image\" content=\"https:\/\/www.noticiasradioreflejos.com.ar\/2021\/wp-content\/uploads\/2021\/07\/logosol300x200.png\" \/>\n\t<meta property=\"og:image:width\" content=\"300\" \/>\n\t<meta property=\"og:image:height\" content=\"200\" \/>\n\t<meta property=\"og:image:type\" content=\"image\/png\" \/>\n<meta name=\"author\" content=\"Arnaldo Botto\" \/>\n<meta name=\"twitter:card\" content=\"summary_large_image\" \/>\n<script type=\"application\/ld+json\" class=\"yoast-schema-graph\">{\"@context\":\"https:\/\/schema.org\",\"@graph\":[{\"@type\":\"WebPage\",\"@id\":\"https:\/\/www.noticiasradioreflejos.com.ar\/2021\/la-transmision-comunitaria-paso-a-ser-la-forma-principal-de-contagio-por-coronavirus\/\",\"url\":\"https:\/\/www.noticiasradioreflejos.com.ar\/2021\/la-transmision-comunitaria-paso-a-ser-la-forma-principal-de-contagio-por-coronavirus\/\",\"name\":\"La transmisi\u00f3n comunitaria pas\u00f3 a ser la forma principal de contagio por coronavirus. - Noticias Radio Reflejos\",\"isPartOf\":{\"@id\":\"https:\/\/www.noticiasradioreflejos.com.ar\/2021\/#website\"},\"datePublished\":\"2020-06-17T15:31:49+00:00\",\"author\":{\"@id\":\"https:\/\/www.noticiasradioreflejos.com.ar\/2021\/#\/schema\/person\/ad82545263dcc5ec0996818884fd5fb1\"},\"breadcrumb\":{\"@id\":\"https:\/\/www.noticiasradioreflejos.com.ar\/2021\/la-transmision-comunitaria-paso-a-ser-la-forma-principal-de-contagio-por-coronavirus\/#breadcrumb\"},\"inLanguage\":\"es\",\"potentialAction\":[{\"@type\":\"ReadAction\",\"target\":[\"https:\/\/www.noticiasradioreflejos.com.ar\/2021\/la-transmision-comunitaria-paso-a-ser-la-forma-principal-de-contagio-por-coronavirus\/\"]}]},{\"@type\":\"BreadcrumbList\",\"@id\":\"https:\/\/www.noticiasradioreflejos.com.ar\/2021\/la-transmision-comunitaria-paso-a-ser-la-forma-principal-de-contagio-por-coronavirus\/#breadcrumb\",\"itemListElement\":[{\"@type\":\"ListItem\",\"position\":1,\"name\":\"Portada\",\"item\":\"https:\/\/www.noticiasradioreflejos.com.ar\/2021\/\"},{\"@type\":\"ListItem\",\"position\":2,\"name\":\"La transmisi\u00f3n comunitaria pas\u00f3 a ser la forma principal de contagio por coronavirus.\"}]},{\"@type\":\"WebSite\",\"@id\":\"https:\/\/www.noticiasradioreflejos.com.ar\/2021\/#website\",\"url\":\"https:\/\/www.noticiasradioreflejos.com.ar\/2021\/\",\"name\":\"Noticias Radio Reflejos\",\"description\":\"Las noticias de mi comarca\",\"potentialAction\":[{\"@type\":\"SearchAction\",\"target\":{\"@type\":\"EntryPoint\",\"urlTemplate\":\"https:\/\/www.noticiasradioreflejos.com.ar\/2021\/?s={search_term_string}\"},\"query-input\":{\"@type\":\"PropertyValueSpecification\",\"valueRequired\":true,\"valueName\":\"search_term_string\"}}],\"inLanguage\":\"es\"},{\"@type\":\"Person\",\"@id\":\"https:\/\/www.noticiasradioreflejos.com.ar\/2021\/#\/schema\/person\/ad82545263dcc5ec0996818884fd5fb1\",\"name\":\"Arnaldo Botto\",\"image\":{\"@type\":\"ImageObject\",\"inLanguage\":\"es\",\"@id\":\"https:\/\/www.noticiasradioreflejos.com.ar\/2021\/#\/schema\/person\/image\/\",\"url\":\"https:\/\/secure.gravatar.com\/avatar\/55cb5e37c1efa326397366e6974cb338056df65cb50e7d64d1cf314e87504837?s=96&d=mm&r=g\",\"contentUrl\":\"https:\/\/secure.gravatar.com\/avatar\/55cb5e37c1efa326397366e6974cb338056df65cb50e7d64d1cf314e87504837?s=96&d=mm&r=g\",\"caption\":\"Arnaldo Botto\"},\"url\":\"https:\/\/www.noticiasradioreflejos.com.ar\/2021\/author\/arnaldo\/\"}]}<\/script>\n<!-- \/ Yoast SEO plugin. -->","yoast_head_json":{"title":"La transmisi\u00f3n comunitaria pas\u00f3 a ser la forma principal de contagio por coronavirus. - Noticias Radio Reflejos","robots":{"index":"index","follow":"follow","max-snippet":"max-snippet:-1","max-image-preview":"max-image-preview:large","max-video-preview":"max-video-preview:-1"},"canonical":"https:\/\/www.noticiasradioreflejos.com.ar\/2021\/la-transmision-comunitaria-paso-a-ser-la-forma-principal-de-contagio-por-coronavirus\/","og_locale":"es_ES","og_type":"article","og_title":"La transmisi\u00f3n comunitaria pas\u00f3 a ser la forma principal de contagio por coronavirus. - Noticias Radio Reflejos","og_description":"Los casos por transmisi\u00f3n comunitaria, es decir, que no se puede determinar c\u00f3mo se infect\u00f3 la persona, se convirtieron en los que representan el mayor porcentaje del total de casos acumulados con coronavirus en el pa\u00eds \u00ablo que no impide seguir trabajando en el seguimiento de los contactos estrechos\u00bb, aseguraron hoy especialistas.","og_url":"https:\/\/www.noticiasradioreflejos.com.ar\/2021\/la-transmision-comunitaria-paso-a-ser-la-forma-principal-de-contagio-por-coronavirus\/","og_site_name":"Noticias Radio Reflejos","article_published_time":"2020-06-17T15:31:49+00:00","og_image":[{"width":300,"height":200,"url":"https:\/\/www.noticiasradioreflejos.com.ar\/2021\/wp-content\/uploads\/2021\/07\/logosol300x200.png","type":"image\/png"}],"author":"Arnaldo Botto","twitter_card":"summary_large_image","schema":{"@context":"https:\/\/schema.org","@graph":[{"@type":"WebPage","@id":"https:\/\/www.noticiasradioreflejos.com.ar\/2021\/la-transmision-comunitaria-paso-a-ser-la-forma-principal-de-contagio-por-coronavirus\/","url":"https:\/\/www.noticiasradioreflejos.com.ar\/2021\/la-transmision-comunitaria-paso-a-ser-la-forma-principal-de-contagio-por-coronavirus\/","name":"La transmisi\u00f3n comunitaria pas\u00f3 a ser la forma principal de contagio por coronavirus. - Noticias Radio Reflejos","isPartOf":{"@id":"https:\/\/www.noticiasradioreflejos.com.ar\/2021\/#website"},"datePublished":"2020-06-17T15:31:49+00:00","author":{"@id":"https:\/\/www.noticiasradioreflejos.com.ar\/2021\/#\/schema\/person\/ad82545263dcc5ec0996818884fd5fb1"},"breadcrumb":{"@id":"https:\/\/www.noticiasradioreflejos.com.ar\/2021\/la-transmision-comunitaria-paso-a-ser-la-forma-principal-de-contagio-por-coronavirus\/#breadcrumb"},"inLanguage":"es","potentialAction":[{"@type":"ReadAction","target":["https:\/\/www.noticiasradioreflejos.com.ar\/2021\/la-transmision-comunitaria-paso-a-ser-la-forma-principal-de-contagio-por-coronavirus\/"]}]},{"@type":"BreadcrumbList","@id":"https:\/\/www.noticiasradioreflejos.com.ar\/2021\/la-transmision-comunitaria-paso-a-ser-la-forma-principal-de-contagio-por-coronavirus\/#breadcrumb","itemListElement":[{"@type":"ListItem","position":1,"name":"Portada","item":"https:\/\/www.noticiasradioreflejos.com.ar\/2021\/"},{"@type":"ListItem","position":2,"name":"La transmisi\u00f3n comunitaria pas\u00f3 a ser la forma principal de contagio por coronavirus."}]},{"@type":"WebSite","@id":"https:\/\/www.noticiasradioreflejos.com.ar\/2021\/#website","url":"https:\/\/www.noticiasradioreflejos.com.ar\/2021\/","name":"Noticias Radio Reflejos","description":"Las noticias de mi comarca","potentialAction":[{"@type":"SearchAction","target":{"@type":"EntryPoint","urlTemplate":"https:\/\/www.noticiasradioreflejos.com.ar\/2021\/?s={search_term_string}"},"query-input":{"@type":"PropertyValueSpecification","valueRequired":true,"valueName":"search_term_string"}}],"inLanguage":"es"},{"@type":"Person","@id":"https:\/\/www.noticiasradioreflejos.com.ar\/2021\/#\/schema\/person\/ad82545263dcc5ec0996818884fd5fb1","name":"Arnaldo Botto","image":{"@type":"ImageObject","inLanguage":"es","@id":"https:\/\/www.noticiasradioreflejos.com.ar\/2021\/#\/schema\/person\/image\/","url":"https:\/\/secure.gravatar.com\/avatar\/55cb5e37c1efa326397366e6974cb338056df65cb50e7d64d1cf314e87504837?s=96&d=mm&r=g","contentUrl":"https:\/\/secure.gravatar.com\/avatar\/55cb5e37c1efa326397366e6974cb338056df65cb50e7d64d1cf314e87504837?s=96&d=mm&r=g","caption":"Arnaldo Botto"},"url":"https:\/\/www.noticiasradioreflejos.com.ar\/2021\/author\/arnaldo\/"}]}},"_links":{"self":[{"href":"https:\/\/www.noticiasradioreflejos.com.ar\/2021\/wp-json\/wp\/v2\/posts\/43333","targetHints":{"allow":["GET"]}}],"collection":[{"href":"https:\/\/www.noticiasradioreflejos.com.ar\/2021\/wp-json\/wp\/v2\/posts"}],"about":[{"href":"https:\/\/www.noticiasradioreflejos.com.ar\/2021\/wp-json\/wp\/v2\/types\/post"}],"author":[{"embeddable":true,"href":"https:\/\/www.noticiasradioreflejos.com.ar\/2021\/wp-json\/wp\/v2\/users\/3"}],"replies":[{"embeddable":true,"href":"https:\/\/www.noticiasradioreflejos.com.ar\/2021\/wp-json\/wp\/v2\/comments?post=43333"}],"version-history":[{"count":0,"href":"https:\/\/www.noticiasradioreflejos.com.ar\/2021\/wp-json\/wp\/v2\/posts\/43333\/revisions"}],"wp:attachment":[{"href":"https:\/\/www.noticiasradioreflejos.com.ar\/2021\/wp-json\/wp\/v2\/media?parent=43333"}],"wp:term":[{"taxonomy":"category","embeddable":true,"href":"https:\/\/www.noticiasradioreflejos.com.ar\/2021\/wp-json\/wp\/v2\/categories?post=43333"},{"taxonomy":"post_tag","embeddable":true,"href":"https:\/\/www.noticiasradioreflejos.com.ar\/2021\/wp-json\/wp\/v2\/tags?post=43333"}],"curies":[{"name":"wp","href":"https:\/\/api.w.org\/{rel}","templated":true}]}}