{"id":43290,"date":"2020-06-16T18:48:36","date_gmt":"2020-06-16T21:48:36","guid":{"rendered":"http:\/\/www.noticiasradioreflejos.com.ar\/noticias\/?p=43290"},"modified":"2020-06-16T18:48:36","modified_gmt":"2020-06-16T21:48:36","slug":"el-centro-de-control-de-enfermedades-del-gobierno-de-ee-uu-ha-oficializado-la-evidencia-cientifica-emergente-sobre-la-transmision-del-coronavirus","status":"publish","type":"post","link":"https:\/\/www.noticiasradioreflejos.com.ar\/2021\/el-centro-de-control-de-enfermedades-del-gobierno-de-ee-uu-ha-oficializado-la-evidencia-cientifica-emergente-sobre-la-transmision-del-coronavirus\/","title":{"rendered":"El Centro de Control de Enfermedades del gobierno de EE. UU. ha oficializado la evidencia cient\u00edfica emergente sobre la transmisi\u00f3n del coronavirus"},"content":{"rendered":"<p>Conozca cu\u00e1l es la carga viral requerida para transmisi\u00f3n del Covid-19 y c\u00f3mo reducir riesgos<!--more--><\/p>\n<p>1. Muy bajo riesgo de transmisi\u00f3n desde las superficies.<br \/>\n2. Muy bajo riesgo de actividades al aire libre.<br \/>\n3. Riesgo muy alto de reuniones en espacios cerrados, como oficinas, lugares para servicios religiosos, cines o teatros.<\/p>\n<p><a title=\"WhatsApp Image 2020-06-16 at 18.37.43\" href=\"http:\/\/live.staticflickr.com\/65535\/50013590108_9b8a391985_s.jpg\" rel=\"\"><img loading=\"lazy\" decoding=\"async\" class=\"alignleft\" style=\"float: left;\" title=\"WhatsApp Image 2020-06-16 at 18.37.43\" src=\"http:\/\/live.staticflickr.com\/65535\/50013590108_9b8a391985_z.jpg\" alt=\"WhatsApp Image 2020-06-16 at 18.37.43\" width=\"479\" height=\"640\" \/><\/a>Otros datos interesantes, la carga viral requerida para iniciar la enfermedad es de ~ 1000 part\u00edculas virales (vp).<br \/>\n1. Respiraci\u00f3n: ~ 20 vp \/ minuto<br \/>\n2. Discurso: ~ 200 vp \/ minuto<br \/>\n3. Tos: ~ 200 millones de vp (suficiente puede permanecer en el aire durante horas en un entorno con poca ventilaci\u00f3n)<br \/>\n4. Estornudar: ~ 200 millones de vp<br \/>\n5. Estar cerca de alguien (~ 2m de distancia): bajo riesgo si el l\u00edmite es inferior a 45 minutos<br \/>\n6. Hablar con alguien cara a cara (con m\u00e1scara): bajo riesgo si el l\u00edmite es inferior a 4 minutos<br \/>\n7. Alguien caminando junto a ti \/ corriendo \/ en bicicleta: bajo riesgo<br \/>\n8. Espacios bien ventilados, con distancia: bajo riesgo.<br \/>\n9. Compras: riesgo medio (puede reducir a la baja, limitar el tiempo y seguir la higiene)<br \/>\n10. Espacios interiores: alto riesgo<br \/>\n11. Ba\u00f1os p\u00fablicos \/ \u00e1reas comunes: alto riesgo de f\u00f3mites \/ transferencia de superficie<br \/>\n12. Restaurantes: alto riesgo (puede reducir a riesgo medio al sentarse al aire libre con distancia y percepci\u00f3n del tacto en la superficie)<br \/>\n13. Lugares de trabajo \/ escuelas (incluso con distancia social): muy alto riesgo, incluido un alto riesgo de transferir fomites<br \/>\n14. Fiestas \/ Bodas: muy alto riesgo<br \/>\n15. Redes de negocios \/ conferencias: muy alto riesgo<br \/>\n16. Arenas \/ Conciertos \/ Cines: muy alto riesgo<\/p>\n<p>Los principales factores que puede usar para calcular su riesgo son:<br \/>\n1. interior vs exterior<br \/>\n2. espacios estrechos versus grandes espacios ventilados<br \/>\n3. alta densidad de personas vs baja densidad<br \/>\n4. exposici\u00f3n m\u00e1s larga vs exposici\u00f3n corta<\/p>\n<p>Fuente: https:\/\/www.cdc.gov\/coronavirus\/2019-ncov\/prevent-getting-sick\/how-covid-spreads.html<\/p>\n","protected":false},"excerpt":{"rendered":"<p>Conozca cu\u00e1l es la carga viral requerida para transmisi\u00f3n del Covid-19 y c\u00f3mo reducir riesgos<\/p>\n","protected":false},"author":3,"featured_media":0,"comment_status":"closed","ping_status":"open","sticky":false,"template":"","format":"standard","meta":{"footnotes":""},"categories":[30],"tags":[],"class_list":["post-43290","post","type-post","status-publish","format-standard","hentry","category-salud"],"yoast_head":"<!-- This site is optimized with the Yoast SEO plugin v25.9 - https:\/\/yoast.com\/wordpress\/plugins\/seo\/ -->\n<title>El Centro de Control de Enfermedades del gobierno de EE. UU. ha oficializado la evidencia cient\u00edfica emergente sobre la transmisi\u00f3n del coronavirus - Noticias Radio Reflejos<\/title>\n<meta name=\"robots\" content=\"index, follow, max-snippet:-1, max-image-preview:large, max-video-preview:-1\" \/>\n<link rel=\"canonical\" href=\"https:\/\/www.noticiasradioreflejos.com.ar\/2021\/el-centro-de-control-de-enfermedades-del-gobierno-de-ee-uu-ha-oficializado-la-evidencia-cientifica-emergente-sobre-la-transmision-del-coronavirus\/\" \/>\n<meta property=\"og:locale\" content=\"es_ES\" \/>\n<meta property=\"og:type\" content=\"article\" \/>\n<meta property=\"og:title\" content=\"El Centro de Control de Enfermedades del gobierno de EE. UU. ha oficializado la evidencia cient\u00edfica emergente sobre la transmisi\u00f3n del coronavirus - Noticias Radio Reflejos\" \/>\n<meta property=\"og:description\" content=\"Conozca cu\u00e1l es la carga viral requerida para transmisi\u00f3n del Covid-19 y c\u00f3mo reducir riesgos\" \/>\n<meta property=\"og:url\" content=\"https:\/\/www.noticiasradioreflejos.com.ar\/2021\/el-centro-de-control-de-enfermedades-del-gobierno-de-ee-uu-ha-oficializado-la-evidencia-cientifica-emergente-sobre-la-transmision-del-coronavirus\/\" \/>\n<meta property=\"og:site_name\" content=\"Noticias Radio Reflejos\" \/>\n<meta property=\"article:published_time\" content=\"2020-06-16T21:48:36+00:00\" \/>\n<meta property=\"og:image\" content=\"http:\/\/live.staticflickr.com\/65535\/50013590108_9b8a391985_z.jpg\" \/>\n<meta name=\"author\" content=\"Arnaldo Botto\" \/>\n<meta name=\"twitter:card\" content=\"summary_large_image\" \/>\n<script type=\"application\/ld+json\" class=\"yoast-schema-graph\">{\"@context\":\"https:\/\/schema.org\",\"@graph\":[{\"@type\":\"WebPage\",\"@id\":\"https:\/\/www.noticiasradioreflejos.com.ar\/2021\/el-centro-de-control-de-enfermedades-del-gobierno-de-ee-uu-ha-oficializado-la-evidencia-cientifica-emergente-sobre-la-transmision-del-coronavirus\/\",\"url\":\"https:\/\/www.noticiasradioreflejos.com.ar\/2021\/el-centro-de-control-de-enfermedades-del-gobierno-de-ee-uu-ha-oficializado-la-evidencia-cientifica-emergente-sobre-la-transmision-del-coronavirus\/\",\"name\":\"El Centro de Control de Enfermedades del gobierno de EE. UU. ha oficializado la evidencia cient\u00edfica emergente sobre la transmisi\u00f3n del coronavirus - Noticias Radio Reflejos\",\"isPartOf\":{\"@id\":\"https:\/\/www.noticiasradioreflejos.com.ar\/2021\/#website\"},\"primaryImageOfPage\":{\"@id\":\"https:\/\/www.noticiasradioreflejos.com.ar\/2021\/el-centro-de-control-de-enfermedades-del-gobierno-de-ee-uu-ha-oficializado-la-evidencia-cientifica-emergente-sobre-la-transmision-del-coronavirus\/#primaryimage\"},\"image\":{\"@id\":\"https:\/\/www.noticiasradioreflejos.com.ar\/2021\/el-centro-de-control-de-enfermedades-del-gobierno-de-ee-uu-ha-oficializado-la-evidencia-cientifica-emergente-sobre-la-transmision-del-coronavirus\/#primaryimage\"},\"thumbnailUrl\":\"http:\/\/live.staticflickr.com\/65535\/50013590108_9b8a391985_z.jpg\",\"datePublished\":\"2020-06-16T21:48:36+00:00\",\"author\":{\"@id\":\"https:\/\/www.noticiasradioreflejos.com.ar\/2021\/#\/schema\/person\/ad82545263dcc5ec0996818884fd5fb1\"},\"breadcrumb\":{\"@id\":\"https:\/\/www.noticiasradioreflejos.com.ar\/2021\/el-centro-de-control-de-enfermedades-del-gobierno-de-ee-uu-ha-oficializado-la-evidencia-cientifica-emergente-sobre-la-transmision-del-coronavirus\/#breadcrumb\"},\"inLanguage\":\"es\",\"potentialAction\":[{\"@type\":\"ReadAction\",\"target\":[\"https:\/\/www.noticiasradioreflejos.com.ar\/2021\/el-centro-de-control-de-enfermedades-del-gobierno-de-ee-uu-ha-oficializado-la-evidencia-cientifica-emergente-sobre-la-transmision-del-coronavirus\/\"]}]},{\"@type\":\"ImageObject\",\"inLanguage\":\"es\",\"@id\":\"https:\/\/www.noticiasradioreflejos.com.ar\/2021\/el-centro-de-control-de-enfermedades-del-gobierno-de-ee-uu-ha-oficializado-la-evidencia-cientifica-emergente-sobre-la-transmision-del-coronavirus\/#primaryimage\",\"url\":\"http:\/\/live.staticflickr.com\/65535\/50013590108_9b8a391985_z.jpg\",\"contentUrl\":\"http:\/\/live.staticflickr.com\/65535\/50013590108_9b8a391985_z.jpg\"},{\"@type\":\"BreadcrumbList\",\"@id\":\"https:\/\/www.noticiasradioreflejos.com.ar\/2021\/el-centro-de-control-de-enfermedades-del-gobierno-de-ee-uu-ha-oficializado-la-evidencia-cientifica-emergente-sobre-la-transmision-del-coronavirus\/#breadcrumb\",\"itemListElement\":[{\"@type\":\"ListItem\",\"position\":1,\"name\":\"Portada\",\"item\":\"https:\/\/www.noticiasradioreflejos.com.ar\/2021\/\"},{\"@type\":\"ListItem\",\"position\":2,\"name\":\"El Centro de Control de Enfermedades del gobierno de EE. UU. ha oficializado la evidencia cient\u00edfica emergente sobre la transmisi\u00f3n del coronavirus\"}]},{\"@type\":\"WebSite\",\"@id\":\"https:\/\/www.noticiasradioreflejos.com.ar\/2021\/#website\",\"url\":\"https:\/\/www.noticiasradioreflejos.com.ar\/2021\/\",\"name\":\"Noticias Radio Reflejos\",\"description\":\"Las noticias de mi comarca\",\"potentialAction\":[{\"@type\":\"SearchAction\",\"target\":{\"@type\":\"EntryPoint\",\"urlTemplate\":\"https:\/\/www.noticiasradioreflejos.com.ar\/2021\/?s={search_term_string}\"},\"query-input\":{\"@type\":\"PropertyValueSpecification\",\"valueRequired\":true,\"valueName\":\"search_term_string\"}}],\"inLanguage\":\"es\"},{\"@type\":\"Person\",\"@id\":\"https:\/\/www.noticiasradioreflejos.com.ar\/2021\/#\/schema\/person\/ad82545263dcc5ec0996818884fd5fb1\",\"name\":\"Arnaldo Botto\",\"image\":{\"@type\":\"ImageObject\",\"inLanguage\":\"es\",\"@id\":\"https:\/\/www.noticiasradioreflejos.com.ar\/2021\/#\/schema\/person\/image\/\",\"url\":\"https:\/\/secure.gravatar.com\/avatar\/55cb5e37c1efa326397366e6974cb338056df65cb50e7d64d1cf314e87504837?s=96&d=mm&r=g\",\"contentUrl\":\"https:\/\/secure.gravatar.com\/avatar\/55cb5e37c1efa326397366e6974cb338056df65cb50e7d64d1cf314e87504837?s=96&d=mm&r=g\",\"caption\":\"Arnaldo Botto\"},\"url\":\"https:\/\/www.noticiasradioreflejos.com.ar\/2021\/author\/arnaldo\/\"}]}<\/script>\n<!-- \/ Yoast SEO plugin. -->","yoast_head_json":{"title":"El Centro de Control de Enfermedades del gobierno de EE. UU. ha oficializado la evidencia cient\u00edfica emergente sobre la transmisi\u00f3n del coronavirus - Noticias Radio Reflejos","robots":{"index":"index","follow":"follow","max-snippet":"max-snippet:-1","max-image-preview":"max-image-preview:large","max-video-preview":"max-video-preview:-1"},"canonical":"https:\/\/www.noticiasradioreflejos.com.ar\/2021\/el-centro-de-control-de-enfermedades-del-gobierno-de-ee-uu-ha-oficializado-la-evidencia-cientifica-emergente-sobre-la-transmision-del-coronavirus\/","og_locale":"es_ES","og_type":"article","og_title":"El Centro de Control de Enfermedades del gobierno de EE. UU. ha oficializado la evidencia cient\u00edfica emergente sobre la transmisi\u00f3n del coronavirus - Noticias Radio Reflejos","og_description":"Conozca cu\u00e1l es la carga viral requerida para transmisi\u00f3n del Covid-19 y c\u00f3mo reducir riesgos","og_url":"https:\/\/www.noticiasradioreflejos.com.ar\/2021\/el-centro-de-control-de-enfermedades-del-gobierno-de-ee-uu-ha-oficializado-la-evidencia-cientifica-emergente-sobre-la-transmision-del-coronavirus\/","og_site_name":"Noticias Radio Reflejos","article_published_time":"2020-06-16T21:48:36+00:00","og_image":[{"url":"http:\/\/live.staticflickr.com\/65535\/50013590108_9b8a391985_z.jpg","type":"","width":"","height":""}],"author":"Arnaldo Botto","twitter_card":"summary_large_image","schema":{"@context":"https:\/\/schema.org","@graph":[{"@type":"WebPage","@id":"https:\/\/www.noticiasradioreflejos.com.ar\/2021\/el-centro-de-control-de-enfermedades-del-gobierno-de-ee-uu-ha-oficializado-la-evidencia-cientifica-emergente-sobre-la-transmision-del-coronavirus\/","url":"https:\/\/www.noticiasradioreflejos.com.ar\/2021\/el-centro-de-control-de-enfermedades-del-gobierno-de-ee-uu-ha-oficializado-la-evidencia-cientifica-emergente-sobre-la-transmision-del-coronavirus\/","name":"El Centro de Control de Enfermedades del gobierno de EE. UU. ha oficializado la evidencia cient\u00edfica emergente sobre la transmisi\u00f3n del coronavirus - Noticias Radio Reflejos","isPartOf":{"@id":"https:\/\/www.noticiasradioreflejos.com.ar\/2021\/#website"},"primaryImageOfPage":{"@id":"https:\/\/www.noticiasradioreflejos.com.ar\/2021\/el-centro-de-control-de-enfermedades-del-gobierno-de-ee-uu-ha-oficializado-la-evidencia-cientifica-emergente-sobre-la-transmision-del-coronavirus\/#primaryimage"},"image":{"@id":"https:\/\/www.noticiasradioreflejos.com.ar\/2021\/el-centro-de-control-de-enfermedades-del-gobierno-de-ee-uu-ha-oficializado-la-evidencia-cientifica-emergente-sobre-la-transmision-del-coronavirus\/#primaryimage"},"thumbnailUrl":"http:\/\/live.staticflickr.com\/65535\/50013590108_9b8a391985_z.jpg","datePublished":"2020-06-16T21:48:36+00:00","author":{"@id":"https:\/\/www.noticiasradioreflejos.com.ar\/2021\/#\/schema\/person\/ad82545263dcc5ec0996818884fd5fb1"},"breadcrumb":{"@id":"https:\/\/www.noticiasradioreflejos.com.ar\/2021\/el-centro-de-control-de-enfermedades-del-gobierno-de-ee-uu-ha-oficializado-la-evidencia-cientifica-emergente-sobre-la-transmision-del-coronavirus\/#breadcrumb"},"inLanguage":"es","potentialAction":[{"@type":"ReadAction","target":["https:\/\/www.noticiasradioreflejos.com.ar\/2021\/el-centro-de-control-de-enfermedades-del-gobierno-de-ee-uu-ha-oficializado-la-evidencia-cientifica-emergente-sobre-la-transmision-del-coronavirus\/"]}]},{"@type":"ImageObject","inLanguage":"es","@id":"https:\/\/www.noticiasradioreflejos.com.ar\/2021\/el-centro-de-control-de-enfermedades-del-gobierno-de-ee-uu-ha-oficializado-la-evidencia-cientifica-emergente-sobre-la-transmision-del-coronavirus\/#primaryimage","url":"http:\/\/live.staticflickr.com\/65535\/50013590108_9b8a391985_z.jpg","contentUrl":"http:\/\/live.staticflickr.com\/65535\/50013590108_9b8a391985_z.jpg"},{"@type":"BreadcrumbList","@id":"https:\/\/www.noticiasradioreflejos.com.ar\/2021\/el-centro-de-control-de-enfermedades-del-gobierno-de-ee-uu-ha-oficializado-la-evidencia-cientifica-emergente-sobre-la-transmision-del-coronavirus\/#breadcrumb","itemListElement":[{"@type":"ListItem","position":1,"name":"Portada","item":"https:\/\/www.noticiasradioreflejos.com.ar\/2021\/"},{"@type":"ListItem","position":2,"name":"El Centro de Control de Enfermedades del gobierno de EE. UU. ha oficializado la evidencia cient\u00edfica emergente sobre la transmisi\u00f3n del coronavirus"}]},{"@type":"WebSite","@id":"https:\/\/www.noticiasradioreflejos.com.ar\/2021\/#website","url":"https:\/\/www.noticiasradioreflejos.com.ar\/2021\/","name":"Noticias Radio Reflejos","description":"Las noticias de mi comarca","potentialAction":[{"@type":"SearchAction","target":{"@type":"EntryPoint","urlTemplate":"https:\/\/www.noticiasradioreflejos.com.ar\/2021\/?s={search_term_string}"},"query-input":{"@type":"PropertyValueSpecification","valueRequired":true,"valueName":"search_term_string"}}],"inLanguage":"es"},{"@type":"Person","@id":"https:\/\/www.noticiasradioreflejos.com.ar\/2021\/#\/schema\/person\/ad82545263dcc5ec0996818884fd5fb1","name":"Arnaldo Botto","image":{"@type":"ImageObject","inLanguage":"es","@id":"https:\/\/www.noticiasradioreflejos.com.ar\/2021\/#\/schema\/person\/image\/","url":"https:\/\/secure.gravatar.com\/avatar\/55cb5e37c1efa326397366e6974cb338056df65cb50e7d64d1cf314e87504837?s=96&d=mm&r=g","contentUrl":"https:\/\/secure.gravatar.com\/avatar\/55cb5e37c1efa326397366e6974cb338056df65cb50e7d64d1cf314e87504837?s=96&d=mm&r=g","caption":"Arnaldo Botto"},"url":"https:\/\/www.noticiasradioreflejos.com.ar\/2021\/author\/arnaldo\/"}]}},"_links":{"self":[{"href":"https:\/\/www.noticiasradioreflejos.com.ar\/2021\/wp-json\/wp\/v2\/posts\/43290","targetHints":{"allow":["GET"]}}],"collection":[{"href":"https:\/\/www.noticiasradioreflejos.com.ar\/2021\/wp-json\/wp\/v2\/posts"}],"about":[{"href":"https:\/\/www.noticiasradioreflejos.com.ar\/2021\/wp-json\/wp\/v2\/types\/post"}],"author":[{"embeddable":true,"href":"https:\/\/www.noticiasradioreflejos.com.ar\/2021\/wp-json\/wp\/v2\/users\/3"}],"replies":[{"embeddable":true,"href":"https:\/\/www.noticiasradioreflejos.com.ar\/2021\/wp-json\/wp\/v2\/comments?post=43290"}],"version-history":[{"count":0,"href":"https:\/\/www.noticiasradioreflejos.com.ar\/2021\/wp-json\/wp\/v2\/posts\/43290\/revisions"}],"wp:attachment":[{"href":"https:\/\/www.noticiasradioreflejos.com.ar\/2021\/wp-json\/wp\/v2\/media?parent=43290"}],"wp:term":[{"taxonomy":"category","embeddable":true,"href":"https:\/\/www.noticiasradioreflejos.com.ar\/2021\/wp-json\/wp\/v2\/categories?post=43290"},{"taxonomy":"post_tag","embeddable":true,"href":"https:\/\/www.noticiasradioreflejos.com.ar\/2021\/wp-json\/wp\/v2\/tags?post=43290"}],"curies":[{"name":"wp","href":"https:\/\/api.w.org\/{rel}","templated":true}]}}