{"id":43284,"date":"2020-06-16T13:20:33","date_gmt":"2020-06-16T16:20:33","guid":{"rendered":"http:\/\/www.noticiasradioreflejos.com.ar\/noticias\/?p=43284"},"modified":"2020-06-16T13:20:33","modified_gmt":"2020-06-16T16:20:33","slug":"comenzaran-a-realizar-testeos-preventivos-en-geriatricos-de-bahia-blanca","status":"publish","type":"post","link":"https:\/\/www.noticiasradioreflejos.com.ar\/2021\/comenzaran-a-realizar-testeos-preventivos-en-geriatricos-de-bahia-blanca\/","title":{"rendered":"Comenzar\u00e1n a realizar testeos preventivos en geri\u00e1tricos de Bah\u00eda Blanca"},"content":{"rendered":"<p>La Regi\u00f3n Sanitaria I, junto con la Secretar\u00eda de Salud de la municipalidad de Bah\u00eda Blanca, comenzar\u00e1 en los pr\u00f3ximos d\u00edas a realizar testeos preventivos en residencias de adultos mayores de esta ciudad de sur bonaerense en el marco de las tareas preventivas y de mitigaci\u00f3n ante la pandemia del coronavirus.<!--more--><br \/>\n\u00abEs un trabajo que se va a hacer junto con la comuna, en la cual se van a elegir geri\u00e1tricos seg\u00fan la densidad poblacional\u00bb, inform\u00f3 hoy a T\u00e9lam el director de Regi\u00f3n Sanitaria, Maximiliano Nu\u00f1ez Fari\u00f1a.<\/p>\n<p>El funcionario sostuvo. adem\u00e1s, que \u00abhabr\u00e1 que tener un consentimiento por parte de los geri\u00e1tricos, de los due\u00f1os y a su vez de las personas que ser\u00e1n hisopadas\u00bb.<\/p>\n<p>\u00abSe trata de un pool de hisopados, es decir en un geri\u00e1trico por ejemplo si hay 20 personas se realizar\u00e1n en 5 y despu\u00e9s llegado el caso que sea positivo se proceder\u00e1 a llevar a cabo un control m\u00e1s personalizado\u00bb, afirm\u00f3.<\/p>\n<p>El director de Regi\u00f3n Sanitaria dijo que \u00aben caso que sea negativo se pasar\u00eda a otro geri\u00e1trico en el marco de lo que se llama vigilancia activa\u00bb.<\/p>\n<p>\u00abHoy no hay circulaci\u00f3n del virus y es una actividad preventiva\u00bb, puntualiz\u00f3 al indicar que el operativo ser\u00e1 en conjunto, ya que adem\u00e1s participar\u00e1 el laboratorio ubicado en el Hospital provincial Interzonal de Agudos \u00abJos\u00e9 Penna\u00bb.<\/p>\n<p>En esta ciudad de sur bonaerense, y en el marco de la fase 4 de distanciamiento, hubo 74 casos confirmados de coronavirus, de los cuales 61 se recuperaron, 9 est\u00e1n activos y otros cuatro fallecieron.<\/p>\n<p>Seg\u00fan inform\u00f3 hoy el Comit\u00e9 de Contingencia por Covid-19, \u00abhace 11 d\u00edas consecutivos que no se registran nuevos casos positivos aut\u00f3ctonos en la ciudad y el tiempo de duplicaci\u00f3n es de 38 d\u00edas\u00bb.<\/p>\n","protected":false},"excerpt":{"rendered":"<p>La Regi\u00f3n Sanitaria I, junto con la Secretar\u00eda de Salud de la municipalidad de Bah\u00eda Blanca, comenzar\u00e1 en los pr\u00f3ximos d\u00edas a realizar testeos preventivos en residencias de adultos mayores de esta ciudad de sur bonaerense en el marco de las tareas preventivas y de mitigaci\u00f3n ante la pandemia del coronavirus.<\/p>\n","protected":false},"author":3,"featured_media":0,"comment_status":"closed","ping_status":"open","sticky":false,"template":"","format":"standard","meta":{"footnotes":""},"categories":[30],"tags":[],"class_list":["post-43284","post","type-post","status-publish","format-standard","hentry","category-salud"],"yoast_head":"<!-- This site is optimized with the Yoast SEO plugin v25.9 - https:\/\/yoast.com\/wordpress\/plugins\/seo\/ -->\n<title>Comenzar\u00e1n a realizar testeos preventivos en geri\u00e1tricos de Bah\u00eda Blanca - Noticias Radio Reflejos<\/title>\n<meta name=\"robots\" content=\"index, follow, max-snippet:-1, max-image-preview:large, max-video-preview:-1\" \/>\n<link rel=\"canonical\" href=\"https:\/\/www.noticiasradioreflejos.com.ar\/2021\/comenzaran-a-realizar-testeos-preventivos-en-geriatricos-de-bahia-blanca\/\" \/>\n<meta property=\"og:locale\" content=\"es_ES\" \/>\n<meta property=\"og:type\" content=\"article\" \/>\n<meta property=\"og:title\" content=\"Comenzar\u00e1n a realizar testeos preventivos en geri\u00e1tricos de Bah\u00eda Blanca - Noticias Radio Reflejos\" \/>\n<meta property=\"og:description\" content=\"La Regi\u00f3n Sanitaria I, junto con la Secretar\u00eda de Salud de la municipalidad de Bah\u00eda Blanca, comenzar\u00e1 en los pr\u00f3ximos d\u00edas a realizar testeos preventivos en residencias de adultos mayores de esta ciudad de sur bonaerense en el marco de las tareas preventivas y de mitigaci\u00f3n ante la pandemia del coronavirus.\" \/>\n<meta property=\"og:url\" content=\"https:\/\/www.noticiasradioreflejos.com.ar\/2021\/comenzaran-a-realizar-testeos-preventivos-en-geriatricos-de-bahia-blanca\/\" \/>\n<meta property=\"og:site_name\" content=\"Noticias Radio Reflejos\" \/>\n<meta property=\"article:published_time\" content=\"2020-06-16T16:20:33+00:00\" \/>\n<meta property=\"og:image\" content=\"https:\/\/www.noticiasradioreflejos.com.ar\/2021\/wp-content\/uploads\/2021\/07\/logosol300x200.png\" \/>\n\t<meta property=\"og:image:width\" content=\"300\" \/>\n\t<meta property=\"og:image:height\" content=\"200\" \/>\n\t<meta property=\"og:image:type\" content=\"image\/png\" \/>\n<meta name=\"author\" content=\"Arnaldo Botto\" \/>\n<meta name=\"twitter:card\" content=\"summary_large_image\" \/>\n<script type=\"application\/ld+json\" class=\"yoast-schema-graph\">{\"@context\":\"https:\/\/schema.org\",\"@graph\":[{\"@type\":\"WebPage\",\"@id\":\"https:\/\/www.noticiasradioreflejos.com.ar\/2021\/comenzaran-a-realizar-testeos-preventivos-en-geriatricos-de-bahia-blanca\/\",\"url\":\"https:\/\/www.noticiasradioreflejos.com.ar\/2021\/comenzaran-a-realizar-testeos-preventivos-en-geriatricos-de-bahia-blanca\/\",\"name\":\"Comenzar\u00e1n a realizar testeos preventivos en geri\u00e1tricos de Bah\u00eda Blanca - Noticias Radio Reflejos\",\"isPartOf\":{\"@id\":\"https:\/\/www.noticiasradioreflejos.com.ar\/2021\/#website\"},\"datePublished\":\"2020-06-16T16:20:33+00:00\",\"author\":{\"@id\":\"https:\/\/www.noticiasradioreflejos.com.ar\/2021\/#\/schema\/person\/ad82545263dcc5ec0996818884fd5fb1\"},\"breadcrumb\":{\"@id\":\"https:\/\/www.noticiasradioreflejos.com.ar\/2021\/comenzaran-a-realizar-testeos-preventivos-en-geriatricos-de-bahia-blanca\/#breadcrumb\"},\"inLanguage\":\"es\",\"potentialAction\":[{\"@type\":\"ReadAction\",\"target\":[\"https:\/\/www.noticiasradioreflejos.com.ar\/2021\/comenzaran-a-realizar-testeos-preventivos-en-geriatricos-de-bahia-blanca\/\"]}]},{\"@type\":\"BreadcrumbList\",\"@id\":\"https:\/\/www.noticiasradioreflejos.com.ar\/2021\/comenzaran-a-realizar-testeos-preventivos-en-geriatricos-de-bahia-blanca\/#breadcrumb\",\"itemListElement\":[{\"@type\":\"ListItem\",\"position\":1,\"name\":\"Portada\",\"item\":\"https:\/\/www.noticiasradioreflejos.com.ar\/2021\/\"},{\"@type\":\"ListItem\",\"position\":2,\"name\":\"Comenzar\u00e1n a realizar testeos preventivos en geri\u00e1tricos de Bah\u00eda Blanca\"}]},{\"@type\":\"WebSite\",\"@id\":\"https:\/\/www.noticiasradioreflejos.com.ar\/2021\/#website\",\"url\":\"https:\/\/www.noticiasradioreflejos.com.ar\/2021\/\",\"name\":\"Noticias Radio Reflejos\",\"description\":\"Las noticias de mi comarca\",\"potentialAction\":[{\"@type\":\"SearchAction\",\"target\":{\"@type\":\"EntryPoint\",\"urlTemplate\":\"https:\/\/www.noticiasradioreflejos.com.ar\/2021\/?s={search_term_string}\"},\"query-input\":{\"@type\":\"PropertyValueSpecification\",\"valueRequired\":true,\"valueName\":\"search_term_string\"}}],\"inLanguage\":\"es\"},{\"@type\":\"Person\",\"@id\":\"https:\/\/www.noticiasradioreflejos.com.ar\/2021\/#\/schema\/person\/ad82545263dcc5ec0996818884fd5fb1\",\"name\":\"Arnaldo Botto\",\"image\":{\"@type\":\"ImageObject\",\"inLanguage\":\"es\",\"@id\":\"https:\/\/www.noticiasradioreflejos.com.ar\/2021\/#\/schema\/person\/image\/\",\"url\":\"https:\/\/secure.gravatar.com\/avatar\/55cb5e37c1efa326397366e6974cb338056df65cb50e7d64d1cf314e87504837?s=96&d=mm&r=g\",\"contentUrl\":\"https:\/\/secure.gravatar.com\/avatar\/55cb5e37c1efa326397366e6974cb338056df65cb50e7d64d1cf314e87504837?s=96&d=mm&r=g\",\"caption\":\"Arnaldo Botto\"},\"url\":\"https:\/\/www.noticiasradioreflejos.com.ar\/2021\/author\/arnaldo\/\"}]}<\/script>\n<!-- \/ Yoast SEO plugin. -->","yoast_head_json":{"title":"Comenzar\u00e1n a realizar testeos preventivos en geri\u00e1tricos de Bah\u00eda Blanca - Noticias Radio Reflejos","robots":{"index":"index","follow":"follow","max-snippet":"max-snippet:-1","max-image-preview":"max-image-preview:large","max-video-preview":"max-video-preview:-1"},"canonical":"https:\/\/www.noticiasradioreflejos.com.ar\/2021\/comenzaran-a-realizar-testeos-preventivos-en-geriatricos-de-bahia-blanca\/","og_locale":"es_ES","og_type":"article","og_title":"Comenzar\u00e1n a realizar testeos preventivos en geri\u00e1tricos de Bah\u00eda Blanca - Noticias Radio Reflejos","og_description":"La Regi\u00f3n Sanitaria I, junto con la Secretar\u00eda de Salud de la municipalidad de Bah\u00eda Blanca, comenzar\u00e1 en los pr\u00f3ximos d\u00edas a realizar testeos preventivos en residencias de adultos mayores de esta ciudad de sur bonaerense en el marco de las tareas preventivas y de mitigaci\u00f3n ante la pandemia del coronavirus.","og_url":"https:\/\/www.noticiasradioreflejos.com.ar\/2021\/comenzaran-a-realizar-testeos-preventivos-en-geriatricos-de-bahia-blanca\/","og_site_name":"Noticias Radio Reflejos","article_published_time":"2020-06-16T16:20:33+00:00","og_image":[{"width":300,"height":200,"url":"https:\/\/www.noticiasradioreflejos.com.ar\/2021\/wp-content\/uploads\/2021\/07\/logosol300x200.png","type":"image\/png"}],"author":"Arnaldo Botto","twitter_card":"summary_large_image","schema":{"@context":"https:\/\/schema.org","@graph":[{"@type":"WebPage","@id":"https:\/\/www.noticiasradioreflejos.com.ar\/2021\/comenzaran-a-realizar-testeos-preventivos-en-geriatricos-de-bahia-blanca\/","url":"https:\/\/www.noticiasradioreflejos.com.ar\/2021\/comenzaran-a-realizar-testeos-preventivos-en-geriatricos-de-bahia-blanca\/","name":"Comenzar\u00e1n a realizar testeos preventivos en geri\u00e1tricos de Bah\u00eda Blanca - Noticias Radio Reflejos","isPartOf":{"@id":"https:\/\/www.noticiasradioreflejos.com.ar\/2021\/#website"},"datePublished":"2020-06-16T16:20:33+00:00","author":{"@id":"https:\/\/www.noticiasradioreflejos.com.ar\/2021\/#\/schema\/person\/ad82545263dcc5ec0996818884fd5fb1"},"breadcrumb":{"@id":"https:\/\/www.noticiasradioreflejos.com.ar\/2021\/comenzaran-a-realizar-testeos-preventivos-en-geriatricos-de-bahia-blanca\/#breadcrumb"},"inLanguage":"es","potentialAction":[{"@type":"ReadAction","target":["https:\/\/www.noticiasradioreflejos.com.ar\/2021\/comenzaran-a-realizar-testeos-preventivos-en-geriatricos-de-bahia-blanca\/"]}]},{"@type":"BreadcrumbList","@id":"https:\/\/www.noticiasradioreflejos.com.ar\/2021\/comenzaran-a-realizar-testeos-preventivos-en-geriatricos-de-bahia-blanca\/#breadcrumb","itemListElement":[{"@type":"ListItem","position":1,"name":"Portada","item":"https:\/\/www.noticiasradioreflejos.com.ar\/2021\/"},{"@type":"ListItem","position":2,"name":"Comenzar\u00e1n a realizar testeos preventivos en geri\u00e1tricos de Bah\u00eda Blanca"}]},{"@type":"WebSite","@id":"https:\/\/www.noticiasradioreflejos.com.ar\/2021\/#website","url":"https:\/\/www.noticiasradioreflejos.com.ar\/2021\/","name":"Noticias Radio Reflejos","description":"Las noticias de mi comarca","potentialAction":[{"@type":"SearchAction","target":{"@type":"EntryPoint","urlTemplate":"https:\/\/www.noticiasradioreflejos.com.ar\/2021\/?s={search_term_string}"},"query-input":{"@type":"PropertyValueSpecification","valueRequired":true,"valueName":"search_term_string"}}],"inLanguage":"es"},{"@type":"Person","@id":"https:\/\/www.noticiasradioreflejos.com.ar\/2021\/#\/schema\/person\/ad82545263dcc5ec0996818884fd5fb1","name":"Arnaldo Botto","image":{"@type":"ImageObject","inLanguage":"es","@id":"https:\/\/www.noticiasradioreflejos.com.ar\/2021\/#\/schema\/person\/image\/","url":"https:\/\/secure.gravatar.com\/avatar\/55cb5e37c1efa326397366e6974cb338056df65cb50e7d64d1cf314e87504837?s=96&d=mm&r=g","contentUrl":"https:\/\/secure.gravatar.com\/avatar\/55cb5e37c1efa326397366e6974cb338056df65cb50e7d64d1cf314e87504837?s=96&d=mm&r=g","caption":"Arnaldo Botto"},"url":"https:\/\/www.noticiasradioreflejos.com.ar\/2021\/author\/arnaldo\/"}]}},"_links":{"self":[{"href":"https:\/\/www.noticiasradioreflejos.com.ar\/2021\/wp-json\/wp\/v2\/posts\/43284","targetHints":{"allow":["GET"]}}],"collection":[{"href":"https:\/\/www.noticiasradioreflejos.com.ar\/2021\/wp-json\/wp\/v2\/posts"}],"about":[{"href":"https:\/\/www.noticiasradioreflejos.com.ar\/2021\/wp-json\/wp\/v2\/types\/post"}],"author":[{"embeddable":true,"href":"https:\/\/www.noticiasradioreflejos.com.ar\/2021\/wp-json\/wp\/v2\/users\/3"}],"replies":[{"embeddable":true,"href":"https:\/\/www.noticiasradioreflejos.com.ar\/2021\/wp-json\/wp\/v2\/comments?post=43284"}],"version-history":[{"count":0,"href":"https:\/\/www.noticiasradioreflejos.com.ar\/2021\/wp-json\/wp\/v2\/posts\/43284\/revisions"}],"wp:attachment":[{"href":"https:\/\/www.noticiasradioreflejos.com.ar\/2021\/wp-json\/wp\/v2\/media?parent=43284"}],"wp:term":[{"taxonomy":"category","embeddable":true,"href":"https:\/\/www.noticiasradioreflejos.com.ar\/2021\/wp-json\/wp\/v2\/categories?post=43284"},{"taxonomy":"post_tag","embeddable":true,"href":"https:\/\/www.noticiasradioreflejos.com.ar\/2021\/wp-json\/wp\/v2\/tags?post=43284"}],"curies":[{"name":"wp","href":"https:\/\/api.w.org\/{rel}","templated":true}]}}