{"id":43244,"date":"2020-06-15T16:05:25","date_gmt":"2020-06-15T19:05:25","guid":{"rendered":"http:\/\/www.noticiasradioreflejos.com.ar\/noticias\/?p=43244"},"modified":"2020-06-15T16:05:25","modified_gmt":"2020-06-15T19:05:25","slug":"apresan-a-tres-policias-bonaerenses-acusados-de-extorsionar-a-un-odontologo-en-bahia-blanca","status":"publish","type":"post","link":"https:\/\/www.noticiasradioreflejos.com.ar\/2021\/apresan-a-tres-policias-bonaerenses-acusados-de-extorsionar-a-un-odontologo-en-bahia-blanca\/","title":{"rendered":"Apresan a tres polic\u00edas bonaerenses acusados de extorsionar a un odont\u00f3logo en Bah\u00eda Blanca."},"content":{"rendered":"<p>Tres polic\u00edas bonaerenses que se desempe\u00f1aban en la ciudad de Bah\u00eda Blanca fueron detenidos acusados de extorsionar a un odont\u00f3logo, al que le pidieron 2.000 d\u00f3lares a cambio de no imputarlo en una causa por drogas, informaron hoy fuentes judiciales.<br \/>\n<!--more--><br \/>\nA ra\u00edz del hecho, la Justicia allan\u00f3 la seccional quinta de Bah\u00eda Blanca, secuestr\u00f3 un tel\u00e9fono celular propiedad del jefe de la seccional -quien solicit\u00f3 una licencia- e incaut\u00f3 los libros de guardia y varias actuaciones que nunca fueron comunicadas a las fiscal\u00edas, agregaron los voceros.<\/p>\n<p>Los polic\u00edas acusados fueron identificados por las fuentes como Daniel Enrique Dupr\u00e9, Cristian Garc\u00eda y Mat\u00edas Guerra Velarde, quienes se desempe\u00f1aban en el servicio de calle de esa dependencia, a cargo del comisario Nicol\u00e1s P\u00e9rez, y fueron detenidos por la Polic\u00eda Federal en momentos en que iban a recibir 2.000 d\u00f3lares producto de la extorsi\u00f3n.<br \/>\n<a title=\"Mauricio del Cero . Fiscal\" href=\"http:\/\/live.staticflickr.com\/65535\/50010061531_a63674a9f7_s.jpg\" rel=\"\"><img loading=\"lazy\" decoding=\"async\" class=\"alignleft\" style=\"float: left;\" title=\"Mauricio del Cero . Fiscal\" src=\"http:\/\/live.staticflickr.com\/65535\/50010061531_a63674a9f7_z.jpg\" alt=\"Mauricio del Cero . Fiscal\" width=\"640\" height=\"395\" \/><\/a><br \/>\nEl hecho, que fue dado a conocer hoy, ocurri\u00f3 el pasado viernes y concluy\u00f3 con un operativo desplegado por los federales para atrapar in fraganti a los polic\u00edas en el cruce de las calles Per\u00fa y Zellarray\u00e1n, a pocas cuadras del centro bahiense.<\/p>\n<p>Todo comenz\u00f3 el jueves a la noche a partir de un episodio en una vivienda del barrio Patagonia de Bah\u00eda Blanca, jurisdicci\u00f3n de la comisar\u00eda primera.<\/p>\n<p>Seg\u00fan lo establecido en la pesquisa, hubo un robo en una casa durante el cual una mujer result\u00f3 lesionada, por lo que fue llevada a un centro asistencial por su pareja, que es odont\u00f3logo.<\/p>\n<p>Una vez all\u00ed, y antes de que la mujer fuera dada de alta, llegaron al centro de salud efectivos de la comisar\u00eda quinta, quienes le dijeron al odont\u00f3logo que al d\u00eda siguiente a la ma\u00f1ana, es decir el viernes, deb\u00eda ir a la dependencia a radicar una denuncia del hecho.<\/p>\n<p>\u00abLa persona hizo la denuncia y a partir de ese momento los efectivos comenzaron a decirle que no le cre\u00edan, que era todo falso, que iba a terminar imputado como autor del delito de narcotr\u00e1fico y que adem\u00e1s iba a salir en los medios si no les pagaba 2.000 d\u00f3lares\u00bb, agreg\u00f3 un investigador judicial consultado por T\u00e9lam.<\/p>\n<p>La extorsi\u00f3n al parecer se sosten\u00eda en que la pareja del odont\u00f3logo es consumidora de drogas, hecho sobre el cual los polic\u00edas parec\u00edan tener informaci\u00f3n.<\/p>\n<p>En esas circunstancias y en la misma dependencia policial, el profesional accedi\u00f3 a reunir el dinero y qued\u00f3 en que se lo entregar\u00eda a los polic\u00edas la noche del viernes.<\/p>\n<p>Pero antes de ir a ese encuentro, el odont\u00f3logo denunci\u00f3 la extorsi\u00f3n ante la Justicia y tom\u00f3 intervenci\u00f3n el fiscal de Delitos Complejos de Bah\u00eda Blanca Mauricio Del Cero, quien convoc\u00f3 a la Polic\u00eda Federal de la delegaci\u00f3n local para que lo asista en la pesquisa.<\/p>\n<p>Los efectivos realizaron entonces un operativo e interceptaron y detuvieron a sus pares bonaerenses cuando acudieron a buscar el dinero, que hab\u00eda sido previamente marcado por orden judicial.<\/p>\n<p>En el lugar de la entrega fue detenido el polic\u00eda Dupr\u00e9, mientras que los otros dos fueron atrapados a bordo de autom\u00f3viles en las inmediaciones.<\/p>\n<p>En declaraciones realizadas esta ma\u00f1ana a la prensa, el fiscal dijo que es a\u00fan un \u00abmisterio\u00bb el motivo por el cual fueron los polic\u00edas de la comisar\u00eda quinta quienes intervinieron en un hecho sucedido en en el barrio Patagonia, jurisdicci\u00f3n de la primera.<\/p>\n<p>\u00abHay muchas cuestiones que quedan sin respuesta y que tienen que ver con el delito, una suerte de coima violenta, una extorsi\u00f3n\u00bb, expres\u00f3 Del Cero.<\/p>\n<p>Al ser consultado sobre los motivos por los cuales amenazaron al odont\u00f3logo con armarle una causa por narcotr\u00e1fico, el fiscal dijo que \u00abla pareja de esta persona es consumidora y seguramente alguna informaci\u00f3n la polic\u00eda tiene entorno a este asunto\u00bb.<\/p>\n<p>\u00abVos estabas vinculado a las drogas y eso es lo que vamos a hacer cuando te formemos la causa\u00bb, le indicaron los polic\u00edas a la v\u00edctima, seg\u00fan detall\u00f3 el fiscal.<\/p>\n<p>Del Cero inform\u00f3 que \u00abGarc\u00eda y Dupr\u00e9 se negaron a declarar en la v\u00edspera mientras que Guerra Velarde hizo su descargo y neg\u00f3 todo tipo de responsabilidad en los hechos al indicar que era ajeno y que no sab\u00eda si hab\u00eda alg\u00fan tipo de arreglo\u00bb.<\/p>\n<p>No obstante, agreg\u00f3 el fiscal, \u00abno pudo explicar por qu\u00e9 estaba en una esquina ajena a la jurisdicci\u00f3n de la comisar\u00eda quinta y en la que no hay c\u00e1maras de seguridad\u00bb.<\/p>\n<p>Tras las indagatorias, el fiscal solicit\u00f3 las detenciones formales de los tres polic\u00edas a la jueza de Garant\u00edas Susana Calcinelli, quien las otorg\u00f3.<\/p>\n","protected":false},"excerpt":{"rendered":"<p>Tres polic\u00edas bonaerenses que se desempe\u00f1aban en la ciudad de Bah\u00eda Blanca fueron detenidos acusados de extorsionar a un odont\u00f3logo, al que le pidieron 2.000 d\u00f3lares a cambio de no imputarlo en una causa por drogas, informaron hoy fuentes judiciales.<\/p>\n","protected":false},"author":3,"featured_media":0,"comment_status":"closed","ping_status":"open","sticky":false,"template":"","format":"standard","meta":{"footnotes":""},"categories":[29],"tags":[],"class_list":["post-43244","post","type-post","status-publish","format-standard","hentry","category-policiales"],"yoast_head":"<!-- This site is optimized with the Yoast SEO plugin v25.9 - https:\/\/yoast.com\/wordpress\/plugins\/seo\/ -->\n<title>Apresan a tres polic\u00edas bonaerenses acusados de extorsionar a un odont\u00f3logo en Bah\u00eda Blanca. - Noticias Radio Reflejos<\/title>\n<meta name=\"robots\" content=\"index, follow, max-snippet:-1, max-image-preview:large, max-video-preview:-1\" \/>\n<link rel=\"canonical\" href=\"https:\/\/www.noticiasradioreflejos.com.ar\/2021\/apresan-a-tres-policias-bonaerenses-acusados-de-extorsionar-a-un-odontologo-en-bahia-blanca\/\" \/>\n<meta property=\"og:locale\" content=\"es_ES\" \/>\n<meta property=\"og:type\" content=\"article\" \/>\n<meta property=\"og:title\" content=\"Apresan a tres polic\u00edas bonaerenses acusados de extorsionar a un odont\u00f3logo en Bah\u00eda Blanca. - Noticias Radio Reflejos\" \/>\n<meta property=\"og:description\" content=\"Tres polic\u00edas bonaerenses que se desempe\u00f1aban en la ciudad de Bah\u00eda Blanca fueron detenidos acusados de extorsionar a un odont\u00f3logo, al que le pidieron 2.000 d\u00f3lares a cambio de no imputarlo en una causa por drogas, informaron hoy fuentes judiciales.\" \/>\n<meta property=\"og:url\" content=\"https:\/\/www.noticiasradioreflejos.com.ar\/2021\/apresan-a-tres-policias-bonaerenses-acusados-de-extorsionar-a-un-odontologo-en-bahia-blanca\/\" \/>\n<meta property=\"og:site_name\" content=\"Noticias Radio Reflejos\" \/>\n<meta property=\"article:published_time\" content=\"2020-06-15T19:05:25+00:00\" \/>\n<meta property=\"og:image\" content=\"http:\/\/live.staticflickr.com\/65535\/50010061531_a63674a9f7_z.jpg\" \/>\n<meta name=\"author\" content=\"Arnaldo Botto\" \/>\n<meta name=\"twitter:card\" content=\"summary_large_image\" \/>\n<script type=\"application\/ld+json\" class=\"yoast-schema-graph\">{\"@context\":\"https:\/\/schema.org\",\"@graph\":[{\"@type\":\"WebPage\",\"@id\":\"https:\/\/www.noticiasradioreflejos.com.ar\/2021\/apresan-a-tres-policias-bonaerenses-acusados-de-extorsionar-a-un-odontologo-en-bahia-blanca\/\",\"url\":\"https:\/\/www.noticiasradioreflejos.com.ar\/2021\/apresan-a-tres-policias-bonaerenses-acusados-de-extorsionar-a-un-odontologo-en-bahia-blanca\/\",\"name\":\"Apresan a tres polic\u00edas bonaerenses acusados de extorsionar a un odont\u00f3logo en Bah\u00eda Blanca. - Noticias Radio Reflejos\",\"isPartOf\":{\"@id\":\"https:\/\/www.noticiasradioreflejos.com.ar\/2021\/#website\"},\"primaryImageOfPage\":{\"@id\":\"https:\/\/www.noticiasradioreflejos.com.ar\/2021\/apresan-a-tres-policias-bonaerenses-acusados-de-extorsionar-a-un-odontologo-en-bahia-blanca\/#primaryimage\"},\"image\":{\"@id\":\"https:\/\/www.noticiasradioreflejos.com.ar\/2021\/apresan-a-tres-policias-bonaerenses-acusados-de-extorsionar-a-un-odontologo-en-bahia-blanca\/#primaryimage\"},\"thumbnailUrl\":\"http:\/\/live.staticflickr.com\/65535\/50010061531_a63674a9f7_z.jpg\",\"datePublished\":\"2020-06-15T19:05:25+00:00\",\"author\":{\"@id\":\"https:\/\/www.noticiasradioreflejos.com.ar\/2021\/#\/schema\/person\/ad82545263dcc5ec0996818884fd5fb1\"},\"breadcrumb\":{\"@id\":\"https:\/\/www.noticiasradioreflejos.com.ar\/2021\/apresan-a-tres-policias-bonaerenses-acusados-de-extorsionar-a-un-odontologo-en-bahia-blanca\/#breadcrumb\"},\"inLanguage\":\"es\",\"potentialAction\":[{\"@type\":\"ReadAction\",\"target\":[\"https:\/\/www.noticiasradioreflejos.com.ar\/2021\/apresan-a-tres-policias-bonaerenses-acusados-de-extorsionar-a-un-odontologo-en-bahia-blanca\/\"]}]},{\"@type\":\"ImageObject\",\"inLanguage\":\"es\",\"@id\":\"https:\/\/www.noticiasradioreflejos.com.ar\/2021\/apresan-a-tres-policias-bonaerenses-acusados-de-extorsionar-a-un-odontologo-en-bahia-blanca\/#primaryimage\",\"url\":\"http:\/\/live.staticflickr.com\/65535\/50010061531_a63674a9f7_z.jpg\",\"contentUrl\":\"http:\/\/live.staticflickr.com\/65535\/50010061531_a63674a9f7_z.jpg\"},{\"@type\":\"BreadcrumbList\",\"@id\":\"https:\/\/www.noticiasradioreflejos.com.ar\/2021\/apresan-a-tres-policias-bonaerenses-acusados-de-extorsionar-a-un-odontologo-en-bahia-blanca\/#breadcrumb\",\"itemListElement\":[{\"@type\":\"ListItem\",\"position\":1,\"name\":\"Portada\",\"item\":\"https:\/\/www.noticiasradioreflejos.com.ar\/2021\/\"},{\"@type\":\"ListItem\",\"position\":2,\"name\":\"Apresan a tres polic\u00edas bonaerenses acusados de extorsionar a un odont\u00f3logo en Bah\u00eda Blanca.\"}]},{\"@type\":\"WebSite\",\"@id\":\"https:\/\/www.noticiasradioreflejos.com.ar\/2021\/#website\",\"url\":\"https:\/\/www.noticiasradioreflejos.com.ar\/2021\/\",\"name\":\"Noticias Radio Reflejos\",\"description\":\"Las noticias de mi comarca\",\"potentialAction\":[{\"@type\":\"SearchAction\",\"target\":{\"@type\":\"EntryPoint\",\"urlTemplate\":\"https:\/\/www.noticiasradioreflejos.com.ar\/2021\/?s={search_term_string}\"},\"query-input\":{\"@type\":\"PropertyValueSpecification\",\"valueRequired\":true,\"valueName\":\"search_term_string\"}}],\"inLanguage\":\"es\"},{\"@type\":\"Person\",\"@id\":\"https:\/\/www.noticiasradioreflejos.com.ar\/2021\/#\/schema\/person\/ad82545263dcc5ec0996818884fd5fb1\",\"name\":\"Arnaldo Botto\",\"image\":{\"@type\":\"ImageObject\",\"inLanguage\":\"es\",\"@id\":\"https:\/\/www.noticiasradioreflejos.com.ar\/2021\/#\/schema\/person\/image\/\",\"url\":\"https:\/\/secure.gravatar.com\/avatar\/55cb5e37c1efa326397366e6974cb338056df65cb50e7d64d1cf314e87504837?s=96&d=mm&r=g\",\"contentUrl\":\"https:\/\/secure.gravatar.com\/avatar\/55cb5e37c1efa326397366e6974cb338056df65cb50e7d64d1cf314e87504837?s=96&d=mm&r=g\",\"caption\":\"Arnaldo Botto\"},\"url\":\"https:\/\/www.noticiasradioreflejos.com.ar\/2021\/author\/arnaldo\/\"}]}<\/script>\n<!-- \/ Yoast SEO plugin. -->","yoast_head_json":{"title":"Apresan a tres polic\u00edas bonaerenses acusados de extorsionar a un odont\u00f3logo en Bah\u00eda Blanca. - Noticias Radio Reflejos","robots":{"index":"index","follow":"follow","max-snippet":"max-snippet:-1","max-image-preview":"max-image-preview:large","max-video-preview":"max-video-preview:-1"},"canonical":"https:\/\/www.noticiasradioreflejos.com.ar\/2021\/apresan-a-tres-policias-bonaerenses-acusados-de-extorsionar-a-un-odontologo-en-bahia-blanca\/","og_locale":"es_ES","og_type":"article","og_title":"Apresan a tres polic\u00edas bonaerenses acusados de extorsionar a un odont\u00f3logo en Bah\u00eda Blanca. - Noticias Radio Reflejos","og_description":"Tres polic\u00edas bonaerenses que se desempe\u00f1aban en la ciudad de Bah\u00eda Blanca fueron detenidos acusados de extorsionar a un odont\u00f3logo, al que le pidieron 2.000 d\u00f3lares a cambio de no imputarlo en una causa por drogas, informaron hoy fuentes judiciales.","og_url":"https:\/\/www.noticiasradioreflejos.com.ar\/2021\/apresan-a-tres-policias-bonaerenses-acusados-de-extorsionar-a-un-odontologo-en-bahia-blanca\/","og_site_name":"Noticias Radio Reflejos","article_published_time":"2020-06-15T19:05:25+00:00","og_image":[{"url":"http:\/\/live.staticflickr.com\/65535\/50010061531_a63674a9f7_z.jpg","type":"","width":"","height":""}],"author":"Arnaldo Botto","twitter_card":"summary_large_image","schema":{"@context":"https:\/\/schema.org","@graph":[{"@type":"WebPage","@id":"https:\/\/www.noticiasradioreflejos.com.ar\/2021\/apresan-a-tres-policias-bonaerenses-acusados-de-extorsionar-a-un-odontologo-en-bahia-blanca\/","url":"https:\/\/www.noticiasradioreflejos.com.ar\/2021\/apresan-a-tres-policias-bonaerenses-acusados-de-extorsionar-a-un-odontologo-en-bahia-blanca\/","name":"Apresan a tres polic\u00edas bonaerenses acusados de extorsionar a un odont\u00f3logo en Bah\u00eda Blanca. - Noticias Radio Reflejos","isPartOf":{"@id":"https:\/\/www.noticiasradioreflejos.com.ar\/2021\/#website"},"primaryImageOfPage":{"@id":"https:\/\/www.noticiasradioreflejos.com.ar\/2021\/apresan-a-tres-policias-bonaerenses-acusados-de-extorsionar-a-un-odontologo-en-bahia-blanca\/#primaryimage"},"image":{"@id":"https:\/\/www.noticiasradioreflejos.com.ar\/2021\/apresan-a-tres-policias-bonaerenses-acusados-de-extorsionar-a-un-odontologo-en-bahia-blanca\/#primaryimage"},"thumbnailUrl":"http:\/\/live.staticflickr.com\/65535\/50010061531_a63674a9f7_z.jpg","datePublished":"2020-06-15T19:05:25+00:00","author":{"@id":"https:\/\/www.noticiasradioreflejos.com.ar\/2021\/#\/schema\/person\/ad82545263dcc5ec0996818884fd5fb1"},"breadcrumb":{"@id":"https:\/\/www.noticiasradioreflejos.com.ar\/2021\/apresan-a-tres-policias-bonaerenses-acusados-de-extorsionar-a-un-odontologo-en-bahia-blanca\/#breadcrumb"},"inLanguage":"es","potentialAction":[{"@type":"ReadAction","target":["https:\/\/www.noticiasradioreflejos.com.ar\/2021\/apresan-a-tres-policias-bonaerenses-acusados-de-extorsionar-a-un-odontologo-en-bahia-blanca\/"]}]},{"@type":"ImageObject","inLanguage":"es","@id":"https:\/\/www.noticiasradioreflejos.com.ar\/2021\/apresan-a-tres-policias-bonaerenses-acusados-de-extorsionar-a-un-odontologo-en-bahia-blanca\/#primaryimage","url":"http:\/\/live.staticflickr.com\/65535\/50010061531_a63674a9f7_z.jpg","contentUrl":"http:\/\/live.staticflickr.com\/65535\/50010061531_a63674a9f7_z.jpg"},{"@type":"BreadcrumbList","@id":"https:\/\/www.noticiasradioreflejos.com.ar\/2021\/apresan-a-tres-policias-bonaerenses-acusados-de-extorsionar-a-un-odontologo-en-bahia-blanca\/#breadcrumb","itemListElement":[{"@type":"ListItem","position":1,"name":"Portada","item":"https:\/\/www.noticiasradioreflejos.com.ar\/2021\/"},{"@type":"ListItem","position":2,"name":"Apresan a tres polic\u00edas bonaerenses acusados de extorsionar a un odont\u00f3logo en Bah\u00eda Blanca."}]},{"@type":"WebSite","@id":"https:\/\/www.noticiasradioreflejos.com.ar\/2021\/#website","url":"https:\/\/www.noticiasradioreflejos.com.ar\/2021\/","name":"Noticias Radio Reflejos","description":"Las noticias de mi comarca","potentialAction":[{"@type":"SearchAction","target":{"@type":"EntryPoint","urlTemplate":"https:\/\/www.noticiasradioreflejos.com.ar\/2021\/?s={search_term_string}"},"query-input":{"@type":"PropertyValueSpecification","valueRequired":true,"valueName":"search_term_string"}}],"inLanguage":"es"},{"@type":"Person","@id":"https:\/\/www.noticiasradioreflejos.com.ar\/2021\/#\/schema\/person\/ad82545263dcc5ec0996818884fd5fb1","name":"Arnaldo Botto","image":{"@type":"ImageObject","inLanguage":"es","@id":"https:\/\/www.noticiasradioreflejos.com.ar\/2021\/#\/schema\/person\/image\/","url":"https:\/\/secure.gravatar.com\/avatar\/55cb5e37c1efa326397366e6974cb338056df65cb50e7d64d1cf314e87504837?s=96&d=mm&r=g","contentUrl":"https:\/\/secure.gravatar.com\/avatar\/55cb5e37c1efa326397366e6974cb338056df65cb50e7d64d1cf314e87504837?s=96&d=mm&r=g","caption":"Arnaldo Botto"},"url":"https:\/\/www.noticiasradioreflejos.com.ar\/2021\/author\/arnaldo\/"}]}},"_links":{"self":[{"href":"https:\/\/www.noticiasradioreflejos.com.ar\/2021\/wp-json\/wp\/v2\/posts\/43244","targetHints":{"allow":["GET"]}}],"collection":[{"href":"https:\/\/www.noticiasradioreflejos.com.ar\/2021\/wp-json\/wp\/v2\/posts"}],"about":[{"href":"https:\/\/www.noticiasradioreflejos.com.ar\/2021\/wp-json\/wp\/v2\/types\/post"}],"author":[{"embeddable":true,"href":"https:\/\/www.noticiasradioreflejos.com.ar\/2021\/wp-json\/wp\/v2\/users\/3"}],"replies":[{"embeddable":true,"href":"https:\/\/www.noticiasradioreflejos.com.ar\/2021\/wp-json\/wp\/v2\/comments?post=43244"}],"version-history":[{"count":0,"href":"https:\/\/www.noticiasradioreflejos.com.ar\/2021\/wp-json\/wp\/v2\/posts\/43244\/revisions"}],"wp:attachment":[{"href":"https:\/\/www.noticiasradioreflejos.com.ar\/2021\/wp-json\/wp\/v2\/media?parent=43244"}],"wp:term":[{"taxonomy":"category","embeddable":true,"href":"https:\/\/www.noticiasradioreflejos.com.ar\/2021\/wp-json\/wp\/v2\/categories?post=43244"},{"taxonomy":"post_tag","embeddable":true,"href":"https:\/\/www.noticiasradioreflejos.com.ar\/2021\/wp-json\/wp\/v2\/tags?post=43244"}],"curies":[{"name":"wp","href":"https:\/\/api.w.org\/{rel}","templated":true}]}}