{"id":43235,"date":"2020-06-14T19:28:09","date_gmt":"2020-06-14T22:28:09","guid":{"rendered":"http:\/\/www.noticiasradioreflejos.com.ar\/noticias\/?p=43235"},"modified":"2020-06-14T19:28:09","modified_gmt":"2020-06-14T22:28:09","slug":"el-desafio-es-preparar-la-escuela-para-sostener-el-distanciamiento-social-sostuvo-trotta","status":"publish","type":"post","link":"https:\/\/www.noticiasradioreflejos.com.ar\/2021\/el-desafio-es-preparar-la-escuela-para-sostener-el-distanciamiento-social-sostuvo-trotta\/","title":{"rendered":"\u00abEl desaf\u00edo es preparar la escuela para sostener el distanciamiento social\u00bb, sostuvo Trotta"},"content":{"rendered":"<p>El ministro de Educaci\u00f3n de la Naci\u00f3n, Nicol\u00e1s Trotta, dijo hoy que \u201cnos enfrentamos al desaf\u00edo de reorganizar el a\u00f1o y preparar la escuela para sostener el distanciamiento social\u201d que evite el contagio de coronavirus, y consider\u00f3 que los alumnos podr\u00edan retornar a las aulas en seis semanas en casi todo el pa\u00eds, excepto en la regi\u00f3n del \u00c1rea Metropolitana de Buenos Aires (AMBA), inform\u00f3 el Ministerio de Educaci\u00f3n.<!--more--><\/p>\n<p>\u201cNos enfrentamos al desaf\u00edo de reorganizar el a\u00f1o y garantizar los saberes, preparar a la escuela, a los docentes, al personal no docente para sostener el distanciamiento social y la limpieza\u201d, expres\u00f3 Trotta.<\/p>\n<p>El funcionario nacional tambi\u00e9n detall\u00f3 que se est\u00e1 trabajando con las 24 jurisdicciones en los protocolos que se deber\u00e1n adoptar y en la capacitaci\u00f3n a docentes y toda la comunidad educativa.<\/p>\n<p>\u00abNuestras aulas ser\u00e1n m\u00e1s heterog\u00e9neas cuando recuperemos la presencialidad, pero lo que nos define es todo lo que estamos haciendo para contener la desigualdad que se profundiza, no solo en Argentina sino en el mundo, a causa de la pandemia\u00bb, expres\u00f3 el funcionario.<\/p>\n<p>El Ministerio de Educaci\u00f3n \u201cest\u00e1 trabajando desde que se decret\u00f3 la suspensi\u00f3n a las aulas en propiciar la educaci\u00f3n a distancia, teniendo en cuenta las profundas desigualdades que existen en la Argentina por lo que, en el marco del programa Seguimos Educando, desarrolla 14 horas diarias de televisi\u00f3n, 7 horas de radio y ya ha distribuido 24 millones de cuadernillos para todos los niveles de la educaci\u00f3n obligatoria\u201d, se\u00f1al\u00f3 la cartera a trav\u00e9s de un comunicado.<\/p>\n<p>\u201cTambi\u00e9n ha garantizado la navegabilidad gratuita del portal federal seguimoseducando.gob.ar y de aquellos impulsados por los gobiernos provinciales y las universidades nacionales\u201d, sostuvo.<\/p>\n","protected":false},"excerpt":{"rendered":"<p>El ministro de Educaci\u00f3n de la Naci\u00f3n, Nicol\u00e1s Trotta, dijo hoy que \u201cnos enfrentamos al desaf\u00edo de reorganizar el a\u00f1o y preparar la escuela para sostener el distanciamiento social\u201d que evite el contagio de coronavirus, y consider\u00f3 que los alumnos podr\u00edan retornar a las aulas en seis semanas en casi todo el pa\u00eds, excepto en [&hellip;]<\/p>\n","protected":false},"author":3,"featured_media":0,"comment_status":"closed","ping_status":"open","sticky":false,"template":"","format":"standard","meta":{"footnotes":""},"categories":[29],"tags":[],"class_list":["post-43235","post","type-post","status-publish","format-standard","hentry","category-policiales"],"yoast_head":"<!-- This site is optimized with the Yoast SEO plugin v25.9 - https:\/\/yoast.com\/wordpress\/plugins\/seo\/ -->\n<title>&quot;El desaf\u00edo es preparar la escuela para sostener el distanciamiento social&quot;, sostuvo Trotta - Noticias Radio Reflejos<\/title>\n<meta name=\"robots\" content=\"index, follow, max-snippet:-1, max-image-preview:large, max-video-preview:-1\" \/>\n<link rel=\"canonical\" href=\"https:\/\/www.noticiasradioreflejos.com.ar\/2021\/el-desafio-es-preparar-la-escuela-para-sostener-el-distanciamiento-social-sostuvo-trotta\/\" \/>\n<meta property=\"og:locale\" content=\"es_ES\" \/>\n<meta property=\"og:type\" content=\"article\" \/>\n<meta property=\"og:title\" content=\"&quot;El desaf\u00edo es preparar la escuela para sostener el distanciamiento social&quot;, sostuvo Trotta - Noticias Radio Reflejos\" \/>\n<meta property=\"og:description\" content=\"El ministro de Educaci\u00f3n de la Naci\u00f3n, Nicol\u00e1s Trotta, dijo hoy que \u201cnos enfrentamos al desaf\u00edo de reorganizar el a\u00f1o y preparar la escuela para sostener el distanciamiento social\u201d que evite el contagio de coronavirus, y consider\u00f3 que los alumnos podr\u00edan retornar a las aulas en seis semanas en casi todo el pa\u00eds, excepto en [&hellip;]\" \/>\n<meta property=\"og:url\" content=\"https:\/\/www.noticiasradioreflejos.com.ar\/2021\/el-desafio-es-preparar-la-escuela-para-sostener-el-distanciamiento-social-sostuvo-trotta\/\" \/>\n<meta property=\"og:site_name\" content=\"Noticias Radio Reflejos\" \/>\n<meta property=\"article:published_time\" content=\"2020-06-14T22:28:09+00:00\" \/>\n<meta property=\"og:image\" content=\"https:\/\/www.noticiasradioreflejos.com.ar\/2021\/wp-content\/uploads\/2021\/07\/logosol300x200.png\" \/>\n\t<meta property=\"og:image:width\" content=\"300\" \/>\n\t<meta property=\"og:image:height\" content=\"200\" \/>\n\t<meta property=\"og:image:type\" content=\"image\/png\" \/>\n<meta name=\"author\" content=\"Arnaldo Botto\" \/>\n<meta name=\"twitter:card\" content=\"summary_large_image\" \/>\n<script type=\"application\/ld+json\" class=\"yoast-schema-graph\">{\"@context\":\"https:\/\/schema.org\",\"@graph\":[{\"@type\":\"WebPage\",\"@id\":\"https:\/\/www.noticiasradioreflejos.com.ar\/2021\/el-desafio-es-preparar-la-escuela-para-sostener-el-distanciamiento-social-sostuvo-trotta\/\",\"url\":\"https:\/\/www.noticiasradioreflejos.com.ar\/2021\/el-desafio-es-preparar-la-escuela-para-sostener-el-distanciamiento-social-sostuvo-trotta\/\",\"name\":\"\\\"El desaf\u00edo es preparar la escuela para sostener el distanciamiento social\\\", sostuvo Trotta - Noticias Radio Reflejos\",\"isPartOf\":{\"@id\":\"https:\/\/www.noticiasradioreflejos.com.ar\/2021\/#website\"},\"datePublished\":\"2020-06-14T22:28:09+00:00\",\"author\":{\"@id\":\"https:\/\/www.noticiasradioreflejos.com.ar\/2021\/#\/schema\/person\/ad82545263dcc5ec0996818884fd5fb1\"},\"breadcrumb\":{\"@id\":\"https:\/\/www.noticiasradioreflejos.com.ar\/2021\/el-desafio-es-preparar-la-escuela-para-sostener-el-distanciamiento-social-sostuvo-trotta\/#breadcrumb\"},\"inLanguage\":\"es\",\"potentialAction\":[{\"@type\":\"ReadAction\",\"target\":[\"https:\/\/www.noticiasradioreflejos.com.ar\/2021\/el-desafio-es-preparar-la-escuela-para-sostener-el-distanciamiento-social-sostuvo-trotta\/\"]}]},{\"@type\":\"BreadcrumbList\",\"@id\":\"https:\/\/www.noticiasradioreflejos.com.ar\/2021\/el-desafio-es-preparar-la-escuela-para-sostener-el-distanciamiento-social-sostuvo-trotta\/#breadcrumb\",\"itemListElement\":[{\"@type\":\"ListItem\",\"position\":1,\"name\":\"Portada\",\"item\":\"https:\/\/www.noticiasradioreflejos.com.ar\/2021\/\"},{\"@type\":\"ListItem\",\"position\":2,\"name\":\"\u00abEl desaf\u00edo es preparar la escuela para sostener el distanciamiento social\u00bb, sostuvo Trotta\"}]},{\"@type\":\"WebSite\",\"@id\":\"https:\/\/www.noticiasradioreflejos.com.ar\/2021\/#website\",\"url\":\"https:\/\/www.noticiasradioreflejos.com.ar\/2021\/\",\"name\":\"Noticias Radio Reflejos\",\"description\":\"Las noticias de mi comarca\",\"potentialAction\":[{\"@type\":\"SearchAction\",\"target\":{\"@type\":\"EntryPoint\",\"urlTemplate\":\"https:\/\/www.noticiasradioreflejos.com.ar\/2021\/?s={search_term_string}\"},\"query-input\":{\"@type\":\"PropertyValueSpecification\",\"valueRequired\":true,\"valueName\":\"search_term_string\"}}],\"inLanguage\":\"es\"},{\"@type\":\"Person\",\"@id\":\"https:\/\/www.noticiasradioreflejos.com.ar\/2021\/#\/schema\/person\/ad82545263dcc5ec0996818884fd5fb1\",\"name\":\"Arnaldo Botto\",\"image\":{\"@type\":\"ImageObject\",\"inLanguage\":\"es\",\"@id\":\"https:\/\/www.noticiasradioreflejos.com.ar\/2021\/#\/schema\/person\/image\/\",\"url\":\"https:\/\/secure.gravatar.com\/avatar\/55cb5e37c1efa326397366e6974cb338056df65cb50e7d64d1cf314e87504837?s=96&d=mm&r=g\",\"contentUrl\":\"https:\/\/secure.gravatar.com\/avatar\/55cb5e37c1efa326397366e6974cb338056df65cb50e7d64d1cf314e87504837?s=96&d=mm&r=g\",\"caption\":\"Arnaldo Botto\"},\"url\":\"https:\/\/www.noticiasradioreflejos.com.ar\/2021\/author\/arnaldo\/\"}]}<\/script>\n<!-- \/ Yoast SEO plugin. -->","yoast_head_json":{"title":"\"El desaf\u00edo es preparar la escuela para sostener el distanciamiento social\", sostuvo Trotta - Noticias Radio Reflejos","robots":{"index":"index","follow":"follow","max-snippet":"max-snippet:-1","max-image-preview":"max-image-preview:large","max-video-preview":"max-video-preview:-1"},"canonical":"https:\/\/www.noticiasradioreflejos.com.ar\/2021\/el-desafio-es-preparar-la-escuela-para-sostener-el-distanciamiento-social-sostuvo-trotta\/","og_locale":"es_ES","og_type":"article","og_title":"\"El desaf\u00edo es preparar la escuela para sostener el distanciamiento social\", sostuvo Trotta - Noticias Radio Reflejos","og_description":"El ministro de Educaci\u00f3n de la Naci\u00f3n, Nicol\u00e1s Trotta, dijo hoy que \u201cnos enfrentamos al desaf\u00edo de reorganizar el a\u00f1o y preparar la escuela para sostener el distanciamiento social\u201d que evite el contagio de coronavirus, y consider\u00f3 que los alumnos podr\u00edan retornar a las aulas en seis semanas en casi todo el pa\u00eds, excepto en [&hellip;]","og_url":"https:\/\/www.noticiasradioreflejos.com.ar\/2021\/el-desafio-es-preparar-la-escuela-para-sostener-el-distanciamiento-social-sostuvo-trotta\/","og_site_name":"Noticias Radio Reflejos","article_published_time":"2020-06-14T22:28:09+00:00","og_image":[{"width":300,"height":200,"url":"https:\/\/www.noticiasradioreflejos.com.ar\/2021\/wp-content\/uploads\/2021\/07\/logosol300x200.png","type":"image\/png"}],"author":"Arnaldo Botto","twitter_card":"summary_large_image","schema":{"@context":"https:\/\/schema.org","@graph":[{"@type":"WebPage","@id":"https:\/\/www.noticiasradioreflejos.com.ar\/2021\/el-desafio-es-preparar-la-escuela-para-sostener-el-distanciamiento-social-sostuvo-trotta\/","url":"https:\/\/www.noticiasradioreflejos.com.ar\/2021\/el-desafio-es-preparar-la-escuela-para-sostener-el-distanciamiento-social-sostuvo-trotta\/","name":"\"El desaf\u00edo es preparar la escuela para sostener el distanciamiento social\", sostuvo Trotta - Noticias Radio Reflejos","isPartOf":{"@id":"https:\/\/www.noticiasradioreflejos.com.ar\/2021\/#website"},"datePublished":"2020-06-14T22:28:09+00:00","author":{"@id":"https:\/\/www.noticiasradioreflejos.com.ar\/2021\/#\/schema\/person\/ad82545263dcc5ec0996818884fd5fb1"},"breadcrumb":{"@id":"https:\/\/www.noticiasradioreflejos.com.ar\/2021\/el-desafio-es-preparar-la-escuela-para-sostener-el-distanciamiento-social-sostuvo-trotta\/#breadcrumb"},"inLanguage":"es","potentialAction":[{"@type":"ReadAction","target":["https:\/\/www.noticiasradioreflejos.com.ar\/2021\/el-desafio-es-preparar-la-escuela-para-sostener-el-distanciamiento-social-sostuvo-trotta\/"]}]},{"@type":"BreadcrumbList","@id":"https:\/\/www.noticiasradioreflejos.com.ar\/2021\/el-desafio-es-preparar-la-escuela-para-sostener-el-distanciamiento-social-sostuvo-trotta\/#breadcrumb","itemListElement":[{"@type":"ListItem","position":1,"name":"Portada","item":"https:\/\/www.noticiasradioreflejos.com.ar\/2021\/"},{"@type":"ListItem","position":2,"name":"\u00abEl desaf\u00edo es preparar la escuela para sostener el distanciamiento social\u00bb, sostuvo Trotta"}]},{"@type":"WebSite","@id":"https:\/\/www.noticiasradioreflejos.com.ar\/2021\/#website","url":"https:\/\/www.noticiasradioreflejos.com.ar\/2021\/","name":"Noticias Radio Reflejos","description":"Las noticias de mi comarca","potentialAction":[{"@type":"SearchAction","target":{"@type":"EntryPoint","urlTemplate":"https:\/\/www.noticiasradioreflejos.com.ar\/2021\/?s={search_term_string}"},"query-input":{"@type":"PropertyValueSpecification","valueRequired":true,"valueName":"search_term_string"}}],"inLanguage":"es"},{"@type":"Person","@id":"https:\/\/www.noticiasradioreflejos.com.ar\/2021\/#\/schema\/person\/ad82545263dcc5ec0996818884fd5fb1","name":"Arnaldo Botto","image":{"@type":"ImageObject","inLanguage":"es","@id":"https:\/\/www.noticiasradioreflejos.com.ar\/2021\/#\/schema\/person\/image\/","url":"https:\/\/secure.gravatar.com\/avatar\/55cb5e37c1efa326397366e6974cb338056df65cb50e7d64d1cf314e87504837?s=96&d=mm&r=g","contentUrl":"https:\/\/secure.gravatar.com\/avatar\/55cb5e37c1efa326397366e6974cb338056df65cb50e7d64d1cf314e87504837?s=96&d=mm&r=g","caption":"Arnaldo Botto"},"url":"https:\/\/www.noticiasradioreflejos.com.ar\/2021\/author\/arnaldo\/"}]}},"_links":{"self":[{"href":"https:\/\/www.noticiasradioreflejos.com.ar\/2021\/wp-json\/wp\/v2\/posts\/43235","targetHints":{"allow":["GET"]}}],"collection":[{"href":"https:\/\/www.noticiasradioreflejos.com.ar\/2021\/wp-json\/wp\/v2\/posts"}],"about":[{"href":"https:\/\/www.noticiasradioreflejos.com.ar\/2021\/wp-json\/wp\/v2\/types\/post"}],"author":[{"embeddable":true,"href":"https:\/\/www.noticiasradioreflejos.com.ar\/2021\/wp-json\/wp\/v2\/users\/3"}],"replies":[{"embeddable":true,"href":"https:\/\/www.noticiasradioreflejos.com.ar\/2021\/wp-json\/wp\/v2\/comments?post=43235"}],"version-history":[{"count":0,"href":"https:\/\/www.noticiasradioreflejos.com.ar\/2021\/wp-json\/wp\/v2\/posts\/43235\/revisions"}],"wp:attachment":[{"href":"https:\/\/www.noticiasradioreflejos.com.ar\/2021\/wp-json\/wp\/v2\/media?parent=43235"}],"wp:term":[{"taxonomy":"category","embeddable":true,"href":"https:\/\/www.noticiasradioreflejos.com.ar\/2021\/wp-json\/wp\/v2\/categories?post=43235"},{"taxonomy":"post_tag","embeddable":true,"href":"https:\/\/www.noticiasradioreflejos.com.ar\/2021\/wp-json\/wp\/v2\/tags?post=43235"}],"curies":[{"name":"wp","href":"https:\/\/api.w.org\/{rel}","templated":true}]}}