{"id":43222,"date":"2020-06-14T17:49:55","date_gmt":"2020-06-14T20:49:55","guid":{"rendered":"http:\/\/www.noticiasradioreflejos.com.ar\/noticias\/?p=43222"},"modified":"2020-06-14T17:49:55","modified_gmt":"2020-06-14T20:49:55","slug":"inician-el-proceso-de-reapertura-progresiva-de-los-parques-nacionales","status":"publish","type":"post","link":"https:\/\/www.noticiasradioreflejos.com.ar\/2021\/inician-el-proceso-de-reapertura-progresiva-de-los-parques-nacionales\/","title":{"rendered":"Inician el proceso de reapertura progresiva de los Parques Nacionales."},"content":{"rendered":"<p>Los parques nacionales iniciaron el proceso para el retorno progresivo por fases de sus actividades, siendo el Parque Nacional Lan\u00edn el primero en contar con un plan de reapertura parcial con los protocolos establecidos para el COVID-19, inform\u00f3 hoy Ministerio de Ambiente y Desarrollo Sostenible.<br \/>\n<!--more--><\/p>\n<p>Los \u00abLineamientos para la Elaboraci\u00f3n de los Planes de Reapertura por Fases de las \u00c1reas Protegidas durante la pandemia por Covid-19\u00bb fueron aprobados junto a los protocolos tanto para la reapertura como para la realizaci\u00f3n de toda actividad tur\u00edstica, recreativa, cultural y social en las \u00e1reas protegidas bajo jurisdicci\u00f3n de la APN.<\/p>\n<p>\u00abLas reaperturas por fases en los parques se van a realizar con un sistema muy estricto de monitoreo de la evoluci\u00f3n de cada uno de los procedimientos que se adoptan. Es fundamental proteger la salud de trabajadores, comunidades, pobladores, visitantes y prestadores de servicios\u00bb, dijo el ministro de Ambiente y Desarrollo Sostenible, Juan Cabandi\u00e9.<\/p>\n<p>El presidente de Parques Nacionales, Daniel Somma, sostuvo que \u00abel procedimiento establecido involucra a otros actores locales reunidos en los comit\u00e9s de operaciones de emergencia (COE) y a los protocolos de las autoridades sanitarias\u00bb.<\/p>\n<p>Los planes de reapertura de las \u00e1reas protegidas ser\u00e1n aprobados por la Direcci\u00f3n Nacional de Operaciones del organismo, a partir de la propuesta de cada \u00e1rea y su acompa\u00f1amiento por el visto bueno de las autoridades sanitarias locales.<\/p>\n<p>Es decir que la restricci\u00f3n total al ingreso de visitantes y la suspensi\u00f3n de las actividades siguen vigentes hasta que se decida su reapertura, seg\u00fan cada caso particular.<\/p>\n<p>En este sentido, el documento aprobado tiene el objetivo de establecer lineamientos generales destinados a orientar a las \u00e1reas protegidas del sistema en la planificaci\u00f3n y elaboraci\u00f3n de sus planes de reapertura, en el marco de la transici\u00f3n y flexibilizaci\u00f3n de la medida de aislamiento social, preventivo y obligatorio.<\/p>\n<p>El Parque Nacional Lan\u00edn se convirti\u00f3 en la primera \u00e1rea protegida del sistema en contar con un plan de reapertura parcial de fase I aprobado para el retorno gradual de sus actividades, con base en el cumplimiento de los protocolos establecidos.<\/p>\n<p>Por otra parte, en la medida en que se realicen las reaperturas de los parques nacionales, se pondr\u00e1 en vigencia la iniciativa impulsada por el ministro Cabandi\u00e9 para la reducci\u00f3n progresiva y la prohibici\u00f3n espec\u00edfica de los pl\u00e1sticos de un solo uso en las \u00e1reas protegidas.<\/p>\n<p>Con esta decisi\u00f3n comenzar\u00e1 el proceso para la eliminaci\u00f3n de estos componentes que impactan en el entorno y ponen en peligro a la biodiversidad.<\/p>\n","protected":false},"excerpt":{"rendered":"<p>Los parques nacionales iniciaron el proceso para el retorno progresivo por fases de sus actividades, siendo el Parque Nacional Lan\u00edn el primero en contar con un plan de reapertura parcial con los protocolos establecidos para el COVID-19, inform\u00f3 hoy Ministerio de Ambiente y Desarrollo Sostenible.<\/p>\n","protected":false},"author":3,"featured_media":0,"comment_status":"closed","ping_status":"open","sticky":false,"template":"","format":"standard","meta":{"footnotes":""},"categories":[33],"tags":[],"class_list":["post-43222","post","type-post","status-publish","format-standard","hentry","category-turismo"],"yoast_head":"<!-- This site is optimized with the Yoast SEO plugin v25.9 - https:\/\/yoast.com\/wordpress\/plugins\/seo\/ -->\n<title>Inician el proceso de reapertura progresiva de los Parques Nacionales. - Noticias Radio Reflejos<\/title>\n<meta name=\"robots\" content=\"index, follow, max-snippet:-1, max-image-preview:large, max-video-preview:-1\" \/>\n<link rel=\"canonical\" href=\"https:\/\/www.noticiasradioreflejos.com.ar\/2021\/inician-el-proceso-de-reapertura-progresiva-de-los-parques-nacionales\/\" \/>\n<meta property=\"og:locale\" content=\"es_ES\" \/>\n<meta property=\"og:type\" content=\"article\" \/>\n<meta property=\"og:title\" content=\"Inician el proceso de reapertura progresiva de los Parques Nacionales. - Noticias Radio Reflejos\" \/>\n<meta property=\"og:description\" content=\"Los parques nacionales iniciaron el proceso para el retorno progresivo por fases de sus actividades, siendo el Parque Nacional Lan\u00edn el primero en contar con un plan de reapertura parcial con los protocolos establecidos para el COVID-19, inform\u00f3 hoy Ministerio de Ambiente y Desarrollo Sostenible.\" \/>\n<meta property=\"og:url\" content=\"https:\/\/www.noticiasradioreflejos.com.ar\/2021\/inician-el-proceso-de-reapertura-progresiva-de-los-parques-nacionales\/\" \/>\n<meta property=\"og:site_name\" content=\"Noticias Radio Reflejos\" \/>\n<meta property=\"article:published_time\" content=\"2020-06-14T20:49:55+00:00\" \/>\n<meta property=\"og:image\" content=\"https:\/\/www.noticiasradioreflejos.com.ar\/2021\/wp-content\/uploads\/2021\/07\/logosol300x200.png\" \/>\n\t<meta property=\"og:image:width\" content=\"300\" \/>\n\t<meta property=\"og:image:height\" content=\"200\" \/>\n\t<meta property=\"og:image:type\" content=\"image\/png\" \/>\n<meta name=\"author\" content=\"Arnaldo Botto\" \/>\n<meta name=\"twitter:card\" content=\"summary_large_image\" \/>\n<script type=\"application\/ld+json\" class=\"yoast-schema-graph\">{\"@context\":\"https:\/\/schema.org\",\"@graph\":[{\"@type\":\"WebPage\",\"@id\":\"https:\/\/www.noticiasradioreflejos.com.ar\/2021\/inician-el-proceso-de-reapertura-progresiva-de-los-parques-nacionales\/\",\"url\":\"https:\/\/www.noticiasradioreflejos.com.ar\/2021\/inician-el-proceso-de-reapertura-progresiva-de-los-parques-nacionales\/\",\"name\":\"Inician el proceso de reapertura progresiva de los Parques Nacionales. - Noticias Radio Reflejos\",\"isPartOf\":{\"@id\":\"https:\/\/www.noticiasradioreflejos.com.ar\/2021\/#website\"},\"datePublished\":\"2020-06-14T20:49:55+00:00\",\"author\":{\"@id\":\"https:\/\/www.noticiasradioreflejos.com.ar\/2021\/#\/schema\/person\/ad82545263dcc5ec0996818884fd5fb1\"},\"breadcrumb\":{\"@id\":\"https:\/\/www.noticiasradioreflejos.com.ar\/2021\/inician-el-proceso-de-reapertura-progresiva-de-los-parques-nacionales\/#breadcrumb\"},\"inLanguage\":\"es\",\"potentialAction\":[{\"@type\":\"ReadAction\",\"target\":[\"https:\/\/www.noticiasradioreflejos.com.ar\/2021\/inician-el-proceso-de-reapertura-progresiva-de-los-parques-nacionales\/\"]}]},{\"@type\":\"BreadcrumbList\",\"@id\":\"https:\/\/www.noticiasradioreflejos.com.ar\/2021\/inician-el-proceso-de-reapertura-progresiva-de-los-parques-nacionales\/#breadcrumb\",\"itemListElement\":[{\"@type\":\"ListItem\",\"position\":1,\"name\":\"Portada\",\"item\":\"https:\/\/www.noticiasradioreflejos.com.ar\/2021\/\"},{\"@type\":\"ListItem\",\"position\":2,\"name\":\"Inician el proceso de reapertura progresiva de los Parques Nacionales.\"}]},{\"@type\":\"WebSite\",\"@id\":\"https:\/\/www.noticiasradioreflejos.com.ar\/2021\/#website\",\"url\":\"https:\/\/www.noticiasradioreflejos.com.ar\/2021\/\",\"name\":\"Noticias Radio Reflejos\",\"description\":\"Las noticias de mi comarca\",\"potentialAction\":[{\"@type\":\"SearchAction\",\"target\":{\"@type\":\"EntryPoint\",\"urlTemplate\":\"https:\/\/www.noticiasradioreflejos.com.ar\/2021\/?s={search_term_string}\"},\"query-input\":{\"@type\":\"PropertyValueSpecification\",\"valueRequired\":true,\"valueName\":\"search_term_string\"}}],\"inLanguage\":\"es\"},{\"@type\":\"Person\",\"@id\":\"https:\/\/www.noticiasradioreflejos.com.ar\/2021\/#\/schema\/person\/ad82545263dcc5ec0996818884fd5fb1\",\"name\":\"Arnaldo Botto\",\"image\":{\"@type\":\"ImageObject\",\"inLanguage\":\"es\",\"@id\":\"https:\/\/www.noticiasradioreflejos.com.ar\/2021\/#\/schema\/person\/image\/\",\"url\":\"https:\/\/secure.gravatar.com\/avatar\/55cb5e37c1efa326397366e6974cb338056df65cb50e7d64d1cf314e87504837?s=96&d=mm&r=g\",\"contentUrl\":\"https:\/\/secure.gravatar.com\/avatar\/55cb5e37c1efa326397366e6974cb338056df65cb50e7d64d1cf314e87504837?s=96&d=mm&r=g\",\"caption\":\"Arnaldo Botto\"},\"url\":\"https:\/\/www.noticiasradioreflejos.com.ar\/2021\/author\/arnaldo\/\"}]}<\/script>\n<!-- \/ Yoast SEO plugin. -->","yoast_head_json":{"title":"Inician el proceso de reapertura progresiva de los Parques Nacionales. - Noticias Radio Reflejos","robots":{"index":"index","follow":"follow","max-snippet":"max-snippet:-1","max-image-preview":"max-image-preview:large","max-video-preview":"max-video-preview:-1"},"canonical":"https:\/\/www.noticiasradioreflejos.com.ar\/2021\/inician-el-proceso-de-reapertura-progresiva-de-los-parques-nacionales\/","og_locale":"es_ES","og_type":"article","og_title":"Inician el proceso de reapertura progresiva de los Parques Nacionales. - Noticias Radio Reflejos","og_description":"Los parques nacionales iniciaron el proceso para el retorno progresivo por fases de sus actividades, siendo el Parque Nacional Lan\u00edn el primero en contar con un plan de reapertura parcial con los protocolos establecidos para el COVID-19, inform\u00f3 hoy Ministerio de Ambiente y Desarrollo Sostenible.","og_url":"https:\/\/www.noticiasradioreflejos.com.ar\/2021\/inician-el-proceso-de-reapertura-progresiva-de-los-parques-nacionales\/","og_site_name":"Noticias Radio Reflejos","article_published_time":"2020-06-14T20:49:55+00:00","og_image":[{"width":300,"height":200,"url":"https:\/\/www.noticiasradioreflejos.com.ar\/2021\/wp-content\/uploads\/2021\/07\/logosol300x200.png","type":"image\/png"}],"author":"Arnaldo Botto","twitter_card":"summary_large_image","schema":{"@context":"https:\/\/schema.org","@graph":[{"@type":"WebPage","@id":"https:\/\/www.noticiasradioreflejos.com.ar\/2021\/inician-el-proceso-de-reapertura-progresiva-de-los-parques-nacionales\/","url":"https:\/\/www.noticiasradioreflejos.com.ar\/2021\/inician-el-proceso-de-reapertura-progresiva-de-los-parques-nacionales\/","name":"Inician el proceso de reapertura progresiva de los Parques Nacionales. - Noticias Radio Reflejos","isPartOf":{"@id":"https:\/\/www.noticiasradioreflejos.com.ar\/2021\/#website"},"datePublished":"2020-06-14T20:49:55+00:00","author":{"@id":"https:\/\/www.noticiasradioreflejos.com.ar\/2021\/#\/schema\/person\/ad82545263dcc5ec0996818884fd5fb1"},"breadcrumb":{"@id":"https:\/\/www.noticiasradioreflejos.com.ar\/2021\/inician-el-proceso-de-reapertura-progresiva-de-los-parques-nacionales\/#breadcrumb"},"inLanguage":"es","potentialAction":[{"@type":"ReadAction","target":["https:\/\/www.noticiasradioreflejos.com.ar\/2021\/inician-el-proceso-de-reapertura-progresiva-de-los-parques-nacionales\/"]}]},{"@type":"BreadcrumbList","@id":"https:\/\/www.noticiasradioreflejos.com.ar\/2021\/inician-el-proceso-de-reapertura-progresiva-de-los-parques-nacionales\/#breadcrumb","itemListElement":[{"@type":"ListItem","position":1,"name":"Portada","item":"https:\/\/www.noticiasradioreflejos.com.ar\/2021\/"},{"@type":"ListItem","position":2,"name":"Inician el proceso de reapertura progresiva de los Parques Nacionales."}]},{"@type":"WebSite","@id":"https:\/\/www.noticiasradioreflejos.com.ar\/2021\/#website","url":"https:\/\/www.noticiasradioreflejos.com.ar\/2021\/","name":"Noticias Radio Reflejos","description":"Las noticias de mi comarca","potentialAction":[{"@type":"SearchAction","target":{"@type":"EntryPoint","urlTemplate":"https:\/\/www.noticiasradioreflejos.com.ar\/2021\/?s={search_term_string}"},"query-input":{"@type":"PropertyValueSpecification","valueRequired":true,"valueName":"search_term_string"}}],"inLanguage":"es"},{"@type":"Person","@id":"https:\/\/www.noticiasradioreflejos.com.ar\/2021\/#\/schema\/person\/ad82545263dcc5ec0996818884fd5fb1","name":"Arnaldo Botto","image":{"@type":"ImageObject","inLanguage":"es","@id":"https:\/\/www.noticiasradioreflejos.com.ar\/2021\/#\/schema\/person\/image\/","url":"https:\/\/secure.gravatar.com\/avatar\/55cb5e37c1efa326397366e6974cb338056df65cb50e7d64d1cf314e87504837?s=96&d=mm&r=g","contentUrl":"https:\/\/secure.gravatar.com\/avatar\/55cb5e37c1efa326397366e6974cb338056df65cb50e7d64d1cf314e87504837?s=96&d=mm&r=g","caption":"Arnaldo Botto"},"url":"https:\/\/www.noticiasradioreflejos.com.ar\/2021\/author\/arnaldo\/"}]}},"_links":{"self":[{"href":"https:\/\/www.noticiasradioreflejos.com.ar\/2021\/wp-json\/wp\/v2\/posts\/43222","targetHints":{"allow":["GET"]}}],"collection":[{"href":"https:\/\/www.noticiasradioreflejos.com.ar\/2021\/wp-json\/wp\/v2\/posts"}],"about":[{"href":"https:\/\/www.noticiasradioreflejos.com.ar\/2021\/wp-json\/wp\/v2\/types\/post"}],"author":[{"embeddable":true,"href":"https:\/\/www.noticiasradioreflejos.com.ar\/2021\/wp-json\/wp\/v2\/users\/3"}],"replies":[{"embeddable":true,"href":"https:\/\/www.noticiasradioreflejos.com.ar\/2021\/wp-json\/wp\/v2\/comments?post=43222"}],"version-history":[{"count":0,"href":"https:\/\/www.noticiasradioreflejos.com.ar\/2021\/wp-json\/wp\/v2\/posts\/43222\/revisions"}],"wp:attachment":[{"href":"https:\/\/www.noticiasradioreflejos.com.ar\/2021\/wp-json\/wp\/v2\/media?parent=43222"}],"wp:term":[{"taxonomy":"category","embeddable":true,"href":"https:\/\/www.noticiasradioreflejos.com.ar\/2021\/wp-json\/wp\/v2\/categories?post=43222"},{"taxonomy":"post_tag","embeddable":true,"href":"https:\/\/www.noticiasradioreflejos.com.ar\/2021\/wp-json\/wp\/v2\/tags?post=43222"}],"curies":[{"name":"wp","href":"https:\/\/api.w.org\/{rel}","templated":true}]}}