{"id":43201,"date":"2020-06-13T19:55:55","date_gmt":"2020-06-13T22:55:55","guid":{"rendered":"http:\/\/www.noticiasradioreflejos.com.ar\/noticias\/?p=43201"},"modified":"2020-06-13T19:55:55","modified_gmt":"2020-06-13T22:55:55","slug":"el-corto-12-kilometros-participa-del-festival-internacional-de-de-cine-de-huesca-espana","status":"publish","type":"post","link":"https:\/\/www.noticiasradioreflejos.com.ar\/2021\/el-corto-12-kilometros-participa-del-festival-internacional-de-de-cine-de-huesca-espana\/","title":{"rendered":"El corto \u00ab12 Kil\u00f3metros\u00bb participa del Festival Internacional de Cine de Huesca &#8211; Espa\u00f1a."},"content":{"rendered":"<p style=\"text-align: left;\">Hoy comienza el Festival de Cine de Huesca y el cortometraje \u00ab12 Kil\u00f3metros\u00bb, rodado \u00edntegramente en nuestra Comarca,\u00a0 estar\u00e1 participando de la competencia iberoamericana.<\/p>\n<p>\u00abNos quedamos con las ganas de estar presentes y vivir la experiencia en pantalla grande, pero estamos felices que, por unos d\u00edas, lo podamos compartir en la virtualidad\u00bb, nos dice Antonela Luce,\u00a0que junto a Valentina Schiaffino son las\u00a0protagonistas del film.<!--more--><\/p>\n<p>El corto tuvo la direcci\u00f3n de <strong>Mar\u00eda Soledad Laici<\/strong> y  <strong>Erika Vollers<\/strong> que particip\u00f3 como directora de arte<\/p>\n<p><a title=\"103076057_10163761720355394_817569424149316034_n\" href=\"http:\/\/live.staticflickr.com\/65535\/50003373387_17672867be_s.jpg\" rel=\"\"><img loading=\"lazy\" decoding=\"async\" class=\"alignleft\" style=\"float: left;\" title=\"103076057_10163761720355394_817569424149316034_n\" src=\"http:\/\/live.staticflickr.com\/65535\/50003373387_17672867be.jpg\" alt=\"103076057_10163761720355394_817569424149316034_n\" width=\"500\" height=\"500\" \/><\/a>La programaci\u00f3n para que puedan disfrutar de los cortos que participan de esta edici\u00f3n\u00a0se podr\u00e1 ver online desde :<br \/>\n<a href=\"http:\/\/www.huesca-filmfestival.com\/programacion-2020\/#\">http:\/\/www.huesca-filmfestival.com\/programacion-2020\/#<\/a><br \/>\nLas sesiones de cortometrajes a concurso y las secciones paralelas de cortometrajes, estar\u00e1n disponibles online del 13 al 20 de junio (salvo VENTANA ARAGONESA ONLINE, disponible del 12 al 20 de junio). Esta gu\u00eda sugiere un calendario de visionado que te animamos a seguir.<\/p>\n<p>Adem\u00e1s de eso, podremos disfrutar de actividades presenciales (el autocine bajo las estrellas o las sesiones de cortometrajes a concurso en el Teatro Olimpia con aforo limitado) y de otras secciones que se desarrollan a trav\u00e9s de nuestras redes sociales (los verm\u00fas con&#8230; en nuestra cuenta de Instagram; y las (ciber) veladas del Festival en esta web).<\/p>\n<div class=\"vc_row wpb_row vc_row-fluid dt-default\">\n<div class=\"wpb_column vc_column_container vc_col-sm-12\">\n<div class=\"vc_column-inner\">\n<div class=\"wpb_wrapper\">\n<div class=\"wpb_text_column wpb_content_element \">\n<div class=\"wpb_wrapper\">\n<p><strong><em>12 kil\u00f3metros<\/em><\/strong>\u00a0es la historia de dos mujeres y la naturaleza. Del devenir de la vida en el mundo rural. Del poder de la mujer, de su voluntad insoslayable. De un v\u00ednculo de una madre con su hija.<\/p>\n<p><strong>Nota a Antonela Luce:<\/strong><br \/>\n<iframe loading=\"lazy\" src=\"https:\/\/w.soundcloud.com\/player\/?url=https%3A\/\/api.soundcloud.com\/tracks\/839709544&amp;color=%23ff5500&amp;auto_play=false&amp;hide_related=false&amp;show_comments=true&amp;show_user=true&amp;show_reposts=false&amp;show_teaser=true\" width=\"100%\" height=\"166\" frameborder=\"no\" scrolling=\"no\"><\/iframe><\/p>\n<div style=\"font-size: 10px; color: #cccccc; line-break: anywhere; word-break: normal; overflow: hidden; white-space: nowrap; text-overflow: ellipsis; font-family: Interstate,Lucida Grande,Lucida Sans Unicode,Lucida Sans,Garuda,Verdana,Tahoma,sans-serif; font-weight: 100;\"><a style=\"color: #cccccc; text-decoration: none;\" title=\"fmreflejos 103.7\" href=\"https:\/\/soundcloud.com\/fmreflejos-103-7\" target=\"_blank\" rel=\"noopener\">fmreflejos 103.7<\/a> \u00b7 <a style=\"color: #cccccc; text-decoration: none;\" title=\"Antonela Luce\" href=\"https:\/\/soundcloud.com\/fmreflejos-103-7\/antonela-luce-2\" target=\"_blank\" rel=\"noopener\">Antonela Luce<\/a><\/div>\n<p>&nbsp;<\/p>\n<hr \/>\n<\/div>\n<\/div>\n<\/div>\n<\/div>\n<\/div>\n<\/div>\n<div class=\"vc_row wpb_row vc_row-fluid dt-default\">\n<div class=\"wpb_column vc_column_container vc_col-sm-12\">\n<div class=\"vc_column-inner\">\n<div class=\"wpb_wrapper\">\n<div class=\"vc_row wpb_row vc_inner vc_row-fluid\">\n<div class=\"wpb_column vc_column_container vc_col-sm-3\">\n<div class=\"vc_column-inner\">\n<div class=\"wpb_wrapper\">\n<div class=\"wpb_single_image wpb_content_element vc_align_left desaturada\">\n<figure class=\"wpb_wrapper vc_figure\">\n<div class=\"vc_single_image-wrapper vc_box_border_grey\"><img decoding=\"async\" class=\"vc_single_image-img\" src=\"http:\/\/www.huesca-filmfestival.com\/wp-content\/uploads\/_imagenes\/imagesbio\/2020\/IBERO\/12-KILOMETROS-M-Soledad-Laici.jpg\" data-dt-location=\"\/wp-content\/uploads\/_imagenes\/imagesbio\/2020\/IBERO\/12-KILOMETROS-M-Soledad-Laici.jpg\" \/><\/div>\n<\/figure>\n<\/div>\n<\/div>\n<\/div>\n<\/div>\n<div class=\"wpb_column vc_column_container vc_col-sm-9\">\n<div class=\"vc_column-inner vc_custom_1495131079159\">\n<div class=\"wpb_wrapper\">\n<div class=\"wpb_text_column wpb_content_element \">\n<div class=\"wpb_wrapper\">\n<h5><strong>DIRECCI\u00d3N:<\/strong>\u00a0Mar\u00eda Soledad Laici<\/h5>\n<\/div>\n<\/div>\n<div class=\"wpb_text_column wpb_content_element \">\n<div class=\"wpb_wrapper\">\n<p>Directora y productora ejecutiva de Orqu\u00eddea Cine, colectivo de directores y productores independientes argentinos que desarrollan proyectos audiovisuales. Sus \u00faltimos proyectos logran reconocimiento en festivales y laboratorios internacionales como\u00a0<em>Un cine en concreto,<\/em>\u00a0de Luz Ruciello, Selecci\u00f3n D\u00e9couvertes del 29.\u00ba Cin\u00e9latino Rencontres de Toulouse, Pel\u00edcula de Apertura del 21.\u00ba Festival de Cine de Lima 2017 y seleccionado en la 41.\u00ba Mostra Internacional de Cinema de S\u00e3o Paulo entre otros.\u00a0<em>Hijo Mayor,<\/em>\u00a0proyecto en desarrollo de Cecilia Kang, participa en los laboratorios BAL-Bafici 2017, Producers Workshop del March\u00e9 du film de Cannes 2017, Programa de desarrollo de gui\u00f3n de la Seoul Film Commission 2017 y BR Lab 2018, entre otros.\u00a0<em>12 Kil\u00f3metros<\/em>, su primer cortometraje como directora y guionista, fue ganador del concurso Historias Breves 2018 del Instituto de Cine y Artes Audiovisuales, INCAA.<\/p>\n<\/div>\n<\/div>\n<\/div>\n<\/div>\n<\/div>\n<\/div>\n<\/div>\n<\/div>\n<\/div>\n<\/div>\n<p>HISTORIA DEL FESTIVAL<br \/>\nDicen que la distancia m\u00e1s corta entre dos personas es una sonrisa, \u00bfy entre dos culturas? Tal vez sea la l\u00ednea que en el cine enlaza la mirada desde la butaca con la pantalla, y a partir de ah\u00ed se multiplican las posibilidades: una estrech\u00edsima relaci\u00f3n con latinoam\u00e9rica, largos europeos distintos, documentales, cineastas de culto. Y lo \u00faltimo en tecnolog\u00eda para dar vida a uno de los m\u00e1s antiguos festivales de Espa\u00f1a en el mundo del corto. Sin duda, para saber su historia nada mejor que haberla vivido; no obstante, esta breve cronolog\u00eda creemos que te ayudar\u00e1 a conocerla un poco mientras preparas la maleta para venir el pr\u00f3ximo mes de junio y protagonizarla.<\/p>\n","protected":false},"excerpt":{"rendered":"<p>Hoy comienza el Festival de Cine de Huesca y el cortometraje \u00ab12 Kil\u00f3metros\u00bb, rodado \u00edntegramente en nuestra Comarca,\u00a0 estar\u00e1 participando de la competencia iberoamericana. \u00abNos quedamos con las ganas de estar presentes y vivir la experiencia en pantalla grande, pero estamos felices que, por unos d\u00edas, lo podamos compartir en la virtualidad\u00bb, nos dice Antonela [&hellip;]<\/p>\n","protected":false},"author":3,"featured_media":0,"comment_status":"closed","ping_status":"open","sticky":false,"template":"","format":"standard","meta":{"footnotes":""},"categories":[35],"tags":[],"class_list":["post-43201","post","type-post","status-publish","format-standard","hentry","category-cultura"],"yoast_head":"<!-- This site is optimized with the Yoast SEO plugin v25.9 - https:\/\/yoast.com\/wordpress\/plugins\/seo\/ -->\n<title>El corto &quot;12 Kil\u00f3metros&quot; participa del Festival Internacional de Cine de Huesca - Espa\u00f1a. - Noticias Radio Reflejos<\/title>\n<meta name=\"robots\" content=\"index, follow, max-snippet:-1, max-image-preview:large, max-video-preview:-1\" \/>\n<link rel=\"canonical\" href=\"https:\/\/www.noticiasradioreflejos.com.ar\/2021\/el-corto-12-kilometros-participa-del-festival-internacional-de-de-cine-de-huesca-espana\/\" \/>\n<meta property=\"og:locale\" content=\"es_ES\" \/>\n<meta property=\"og:type\" content=\"article\" \/>\n<meta property=\"og:title\" content=\"El corto &quot;12 Kil\u00f3metros&quot; participa del Festival Internacional de Cine de Huesca - Espa\u00f1a. - Noticias Radio Reflejos\" \/>\n<meta property=\"og:description\" content=\"Hoy comienza el Festival de Cine de Huesca y el cortometraje \u00ab12 Kil\u00f3metros\u00bb, rodado \u00edntegramente en nuestra Comarca,\u00a0 estar\u00e1 participando de la competencia iberoamericana. \u00abNos quedamos con las ganas de estar presentes y vivir la experiencia en pantalla grande, pero estamos felices que, por unos d\u00edas, lo podamos compartir en la virtualidad\u00bb, nos dice Antonela [&hellip;]\" \/>\n<meta property=\"og:url\" content=\"https:\/\/www.noticiasradioreflejos.com.ar\/2021\/el-corto-12-kilometros-participa-del-festival-internacional-de-de-cine-de-huesca-espana\/\" \/>\n<meta property=\"og:site_name\" content=\"Noticias Radio Reflejos\" \/>\n<meta property=\"article:published_time\" content=\"2020-06-13T22:55:55+00:00\" \/>\n<meta property=\"og:image\" content=\"http:\/\/live.staticflickr.com\/65535\/50003373387_17672867be.jpg\" \/>\n<meta name=\"author\" content=\"Arnaldo Botto\" \/>\n<meta name=\"twitter:card\" content=\"summary_large_image\" \/>\n<script type=\"application\/ld+json\" class=\"yoast-schema-graph\">{\"@context\":\"https:\/\/schema.org\",\"@graph\":[{\"@type\":\"WebPage\",\"@id\":\"https:\/\/www.noticiasradioreflejos.com.ar\/2021\/el-corto-12-kilometros-participa-del-festival-internacional-de-de-cine-de-huesca-espana\/\",\"url\":\"https:\/\/www.noticiasradioreflejos.com.ar\/2021\/el-corto-12-kilometros-participa-del-festival-internacional-de-de-cine-de-huesca-espana\/\",\"name\":\"El corto \\\"12 Kil\u00f3metros\\\" participa del Festival Internacional de Cine de Huesca - Espa\u00f1a. - Noticias Radio Reflejos\",\"isPartOf\":{\"@id\":\"https:\/\/www.noticiasradioreflejos.com.ar\/2021\/#website\"},\"primaryImageOfPage\":{\"@id\":\"https:\/\/www.noticiasradioreflejos.com.ar\/2021\/el-corto-12-kilometros-participa-del-festival-internacional-de-de-cine-de-huesca-espana\/#primaryimage\"},\"image\":{\"@id\":\"https:\/\/www.noticiasradioreflejos.com.ar\/2021\/el-corto-12-kilometros-participa-del-festival-internacional-de-de-cine-de-huesca-espana\/#primaryimage\"},\"thumbnailUrl\":\"http:\/\/live.staticflickr.com\/65535\/50003373387_17672867be.jpg\",\"datePublished\":\"2020-06-13T22:55:55+00:00\",\"author\":{\"@id\":\"https:\/\/www.noticiasradioreflejos.com.ar\/2021\/#\/schema\/person\/ad82545263dcc5ec0996818884fd5fb1\"},\"breadcrumb\":{\"@id\":\"https:\/\/www.noticiasradioreflejos.com.ar\/2021\/el-corto-12-kilometros-participa-del-festival-internacional-de-de-cine-de-huesca-espana\/#breadcrumb\"},\"inLanguage\":\"es\",\"potentialAction\":[{\"@type\":\"ReadAction\",\"target\":[\"https:\/\/www.noticiasradioreflejos.com.ar\/2021\/el-corto-12-kilometros-participa-del-festival-internacional-de-de-cine-de-huesca-espana\/\"]}]},{\"@type\":\"ImageObject\",\"inLanguage\":\"es\",\"@id\":\"https:\/\/www.noticiasradioreflejos.com.ar\/2021\/el-corto-12-kilometros-participa-del-festival-internacional-de-de-cine-de-huesca-espana\/#primaryimage\",\"url\":\"http:\/\/live.staticflickr.com\/65535\/50003373387_17672867be.jpg\",\"contentUrl\":\"http:\/\/live.staticflickr.com\/65535\/50003373387_17672867be.jpg\"},{\"@type\":\"BreadcrumbList\",\"@id\":\"https:\/\/www.noticiasradioreflejos.com.ar\/2021\/el-corto-12-kilometros-participa-del-festival-internacional-de-de-cine-de-huesca-espana\/#breadcrumb\",\"itemListElement\":[{\"@type\":\"ListItem\",\"position\":1,\"name\":\"Portada\",\"item\":\"https:\/\/www.noticiasradioreflejos.com.ar\/2021\/\"},{\"@type\":\"ListItem\",\"position\":2,\"name\":\"El corto \u00ab12 Kil\u00f3metros\u00bb participa del Festival Internacional de Cine de Huesca &#8211; Espa\u00f1a.\"}]},{\"@type\":\"WebSite\",\"@id\":\"https:\/\/www.noticiasradioreflejos.com.ar\/2021\/#website\",\"url\":\"https:\/\/www.noticiasradioreflejos.com.ar\/2021\/\",\"name\":\"Noticias Radio Reflejos\",\"description\":\"Las noticias de mi comarca\",\"potentialAction\":[{\"@type\":\"SearchAction\",\"target\":{\"@type\":\"EntryPoint\",\"urlTemplate\":\"https:\/\/www.noticiasradioreflejos.com.ar\/2021\/?s={search_term_string}\"},\"query-input\":{\"@type\":\"PropertyValueSpecification\",\"valueRequired\":true,\"valueName\":\"search_term_string\"}}],\"inLanguage\":\"es\"},{\"@type\":\"Person\",\"@id\":\"https:\/\/www.noticiasradioreflejos.com.ar\/2021\/#\/schema\/person\/ad82545263dcc5ec0996818884fd5fb1\",\"name\":\"Arnaldo Botto\",\"image\":{\"@type\":\"ImageObject\",\"inLanguage\":\"es\",\"@id\":\"https:\/\/www.noticiasradioreflejos.com.ar\/2021\/#\/schema\/person\/image\/\",\"url\":\"https:\/\/secure.gravatar.com\/avatar\/55cb5e37c1efa326397366e6974cb338056df65cb50e7d64d1cf314e87504837?s=96&d=mm&r=g\",\"contentUrl\":\"https:\/\/secure.gravatar.com\/avatar\/55cb5e37c1efa326397366e6974cb338056df65cb50e7d64d1cf314e87504837?s=96&d=mm&r=g\",\"caption\":\"Arnaldo Botto\"},\"url\":\"https:\/\/www.noticiasradioreflejos.com.ar\/2021\/author\/arnaldo\/\"}]}<\/script>\n<!-- \/ Yoast SEO plugin. -->","yoast_head_json":{"title":"El corto \"12 Kil\u00f3metros\" participa del Festival Internacional de Cine de Huesca - Espa\u00f1a. - Noticias Radio Reflejos","robots":{"index":"index","follow":"follow","max-snippet":"max-snippet:-1","max-image-preview":"max-image-preview:large","max-video-preview":"max-video-preview:-1"},"canonical":"https:\/\/www.noticiasradioreflejos.com.ar\/2021\/el-corto-12-kilometros-participa-del-festival-internacional-de-de-cine-de-huesca-espana\/","og_locale":"es_ES","og_type":"article","og_title":"El corto \"12 Kil\u00f3metros\" participa del Festival Internacional de Cine de Huesca - Espa\u00f1a. - Noticias Radio Reflejos","og_description":"Hoy comienza el Festival de Cine de Huesca y el cortometraje \u00ab12 Kil\u00f3metros\u00bb, rodado \u00edntegramente en nuestra Comarca,\u00a0 estar\u00e1 participando de la competencia iberoamericana. \u00abNos quedamos con las ganas de estar presentes y vivir la experiencia en pantalla grande, pero estamos felices que, por unos d\u00edas, lo podamos compartir en la virtualidad\u00bb, nos dice Antonela [&hellip;]","og_url":"https:\/\/www.noticiasradioreflejos.com.ar\/2021\/el-corto-12-kilometros-participa-del-festival-internacional-de-de-cine-de-huesca-espana\/","og_site_name":"Noticias Radio Reflejos","article_published_time":"2020-06-13T22:55:55+00:00","og_image":[{"url":"http:\/\/live.staticflickr.com\/65535\/50003373387_17672867be.jpg","type":"","width":"","height":""}],"author":"Arnaldo Botto","twitter_card":"summary_large_image","schema":{"@context":"https:\/\/schema.org","@graph":[{"@type":"WebPage","@id":"https:\/\/www.noticiasradioreflejos.com.ar\/2021\/el-corto-12-kilometros-participa-del-festival-internacional-de-de-cine-de-huesca-espana\/","url":"https:\/\/www.noticiasradioreflejos.com.ar\/2021\/el-corto-12-kilometros-participa-del-festival-internacional-de-de-cine-de-huesca-espana\/","name":"El corto \"12 Kil\u00f3metros\" participa del Festival Internacional de Cine de Huesca - Espa\u00f1a. - Noticias Radio Reflejos","isPartOf":{"@id":"https:\/\/www.noticiasradioreflejos.com.ar\/2021\/#website"},"primaryImageOfPage":{"@id":"https:\/\/www.noticiasradioreflejos.com.ar\/2021\/el-corto-12-kilometros-participa-del-festival-internacional-de-de-cine-de-huesca-espana\/#primaryimage"},"image":{"@id":"https:\/\/www.noticiasradioreflejos.com.ar\/2021\/el-corto-12-kilometros-participa-del-festival-internacional-de-de-cine-de-huesca-espana\/#primaryimage"},"thumbnailUrl":"http:\/\/live.staticflickr.com\/65535\/50003373387_17672867be.jpg","datePublished":"2020-06-13T22:55:55+00:00","author":{"@id":"https:\/\/www.noticiasradioreflejos.com.ar\/2021\/#\/schema\/person\/ad82545263dcc5ec0996818884fd5fb1"},"breadcrumb":{"@id":"https:\/\/www.noticiasradioreflejos.com.ar\/2021\/el-corto-12-kilometros-participa-del-festival-internacional-de-de-cine-de-huesca-espana\/#breadcrumb"},"inLanguage":"es","potentialAction":[{"@type":"ReadAction","target":["https:\/\/www.noticiasradioreflejos.com.ar\/2021\/el-corto-12-kilometros-participa-del-festival-internacional-de-de-cine-de-huesca-espana\/"]}]},{"@type":"ImageObject","inLanguage":"es","@id":"https:\/\/www.noticiasradioreflejos.com.ar\/2021\/el-corto-12-kilometros-participa-del-festival-internacional-de-de-cine-de-huesca-espana\/#primaryimage","url":"http:\/\/live.staticflickr.com\/65535\/50003373387_17672867be.jpg","contentUrl":"http:\/\/live.staticflickr.com\/65535\/50003373387_17672867be.jpg"},{"@type":"BreadcrumbList","@id":"https:\/\/www.noticiasradioreflejos.com.ar\/2021\/el-corto-12-kilometros-participa-del-festival-internacional-de-de-cine-de-huesca-espana\/#breadcrumb","itemListElement":[{"@type":"ListItem","position":1,"name":"Portada","item":"https:\/\/www.noticiasradioreflejos.com.ar\/2021\/"},{"@type":"ListItem","position":2,"name":"El corto \u00ab12 Kil\u00f3metros\u00bb participa del Festival Internacional de Cine de Huesca &#8211; Espa\u00f1a."}]},{"@type":"WebSite","@id":"https:\/\/www.noticiasradioreflejos.com.ar\/2021\/#website","url":"https:\/\/www.noticiasradioreflejos.com.ar\/2021\/","name":"Noticias Radio Reflejos","description":"Las noticias de mi comarca","potentialAction":[{"@type":"SearchAction","target":{"@type":"EntryPoint","urlTemplate":"https:\/\/www.noticiasradioreflejos.com.ar\/2021\/?s={search_term_string}"},"query-input":{"@type":"PropertyValueSpecification","valueRequired":true,"valueName":"search_term_string"}}],"inLanguage":"es"},{"@type":"Person","@id":"https:\/\/www.noticiasradioreflejos.com.ar\/2021\/#\/schema\/person\/ad82545263dcc5ec0996818884fd5fb1","name":"Arnaldo Botto","image":{"@type":"ImageObject","inLanguage":"es","@id":"https:\/\/www.noticiasradioreflejos.com.ar\/2021\/#\/schema\/person\/image\/","url":"https:\/\/secure.gravatar.com\/avatar\/55cb5e37c1efa326397366e6974cb338056df65cb50e7d64d1cf314e87504837?s=96&d=mm&r=g","contentUrl":"https:\/\/secure.gravatar.com\/avatar\/55cb5e37c1efa326397366e6974cb338056df65cb50e7d64d1cf314e87504837?s=96&d=mm&r=g","caption":"Arnaldo Botto"},"url":"https:\/\/www.noticiasradioreflejos.com.ar\/2021\/author\/arnaldo\/"}]}},"_links":{"self":[{"href":"https:\/\/www.noticiasradioreflejos.com.ar\/2021\/wp-json\/wp\/v2\/posts\/43201","targetHints":{"allow":["GET"]}}],"collection":[{"href":"https:\/\/www.noticiasradioreflejos.com.ar\/2021\/wp-json\/wp\/v2\/posts"}],"about":[{"href":"https:\/\/www.noticiasradioreflejos.com.ar\/2021\/wp-json\/wp\/v2\/types\/post"}],"author":[{"embeddable":true,"href":"https:\/\/www.noticiasradioreflejos.com.ar\/2021\/wp-json\/wp\/v2\/users\/3"}],"replies":[{"embeddable":true,"href":"https:\/\/www.noticiasradioreflejos.com.ar\/2021\/wp-json\/wp\/v2\/comments?post=43201"}],"version-history":[{"count":0,"href":"https:\/\/www.noticiasradioreflejos.com.ar\/2021\/wp-json\/wp\/v2\/posts\/43201\/revisions"}],"wp:attachment":[{"href":"https:\/\/www.noticiasradioreflejos.com.ar\/2021\/wp-json\/wp\/v2\/media?parent=43201"}],"wp:term":[{"taxonomy":"category","embeddable":true,"href":"https:\/\/www.noticiasradioreflejos.com.ar\/2021\/wp-json\/wp\/v2\/categories?post=43201"},{"taxonomy":"post_tag","embeddable":true,"href":"https:\/\/www.noticiasradioreflejos.com.ar\/2021\/wp-json\/wp\/v2\/tags?post=43201"}],"curies":[{"name":"wp","href":"https:\/\/api.w.org\/{rel}","templated":true}]}}