{"id":43194,"date":"2020-06-13T19:01:56","date_gmt":"2020-06-13T22:01:56","guid":{"rendered":"http:\/\/www.noticiasradioreflejos.com.ar\/noticias\/?p=43194"},"modified":"2020-06-13T19:01:56","modified_gmt":"2020-06-13T22:01:56","slug":"impulsan-el-plan-de-eficiencia-energetica-y-generacion-renovable-en-las-escuelas-bonaerenses","status":"publish","type":"post","link":"https:\/\/www.noticiasradioreflejos.com.ar\/2021\/impulsan-el-plan-de-eficiencia-energetica-y-generacion-renovable-en-las-escuelas-bonaerenses\/","title":{"rendered":"Impulsan el Plan de Eficiencia Energ\u00e9tica y Generaci\u00f3n Renovable en las escuelas bonaerenses"},"content":{"rendered":"<p>La directora general de Cultura y Educaci\u00f3n, Agustina Vila y el ministro de Infraestructura, Agust\u00edn Simone, firmaron hoy un convenio para impulsar el Plan de Eficiencia Energ\u00e9tica y Generaci\u00f3n Renovable en las escuelas de la Provincia. Como parte de las acciones involucradas, en las escuelas que tienen comedores se instalar\u00e1n termotanques solares para la provisi\u00f3n de agua caliente y cocinas el\u00e9ctricas con sistemas de generaci\u00f3n solar.<!--more--><br \/>\nTambi\u00e9n la iluminaci\u00f3n convencional se reemplazar\u00e1 con luminarias LED y se colocar\u00e1n fotoc\u00e9lulas en los exteriores y sensores en los espacios comunes.<\/p>\n<p>Asimismo, se desarrollar\u00e1n protocolos para la optimizaci\u00f3n de los recursos y actividades educativas para que las comunidades tengan un mayor conocimiento de los usos y beneficios de la generaci\u00f3n renovable.<\/p>\n<p>Esta iniciativa conjunta contempla una inversi\u00f3n de 200 millones de pesos, que surgen de un fondo financiado con el aporte de los usuarios del servicio el\u00e9ctrico de 69 distritos de la Provincia. El mejoramiento del consumo energ\u00e9tico en los edificios escolares es un elemento m\u00e1s para alcanzar escuelas habitables, funcionales y seguras; tres condiciones necesarias para una escolarizaci\u00f3n plena y de calidad.<\/p>\n<p>De la rubrica del convenio participaron tambi\u00e9n el subsecretario de Energ\u00eda, Gaston Ghioni; el representante del Programa al Incentivo de la Generaci\u00f3n Distribuida Renovable (ProInGeD), Ricardo Lospinnato y los miembros del Foro Regional El\u00e9ctrico de la Provincia (FREBA), Fernando Pini, Rogelio Pagano y Gustavo Piuma.<\/p>\n","protected":false},"excerpt":{"rendered":"<p>La directora general de Cultura y Educaci\u00f3n, Agustina Vila y el ministro de Infraestructura, Agust\u00edn Simone, firmaron hoy un convenio para impulsar el Plan de Eficiencia Energ\u00e9tica y Generaci\u00f3n Renovable en las escuelas de la Provincia. Como parte de las acciones involucradas, en las escuelas que tienen comedores se instalar\u00e1n termotanques solares para la provisi\u00f3n [&hellip;]<\/p>\n","protected":false},"author":3,"featured_media":0,"comment_status":"closed","ping_status":"open","sticky":false,"template":"","format":"standard","meta":{"footnotes":""},"categories":[34],"tags":[],"class_list":["post-43194","post","type-post","status-publish","format-standard","hentry","category-educacion"],"yoast_head":"<!-- This site is optimized with the Yoast SEO plugin v25.9 - https:\/\/yoast.com\/wordpress\/plugins\/seo\/ -->\n<title>Impulsan el Plan de Eficiencia Energ\u00e9tica y Generaci\u00f3n Renovable en las escuelas bonaerenses - Noticias Radio Reflejos<\/title>\n<meta name=\"robots\" content=\"index, follow, max-snippet:-1, max-image-preview:large, max-video-preview:-1\" \/>\n<link rel=\"canonical\" href=\"https:\/\/www.noticiasradioreflejos.com.ar\/2021\/impulsan-el-plan-de-eficiencia-energetica-y-generacion-renovable-en-las-escuelas-bonaerenses\/\" \/>\n<meta property=\"og:locale\" content=\"es_ES\" \/>\n<meta property=\"og:type\" content=\"article\" \/>\n<meta property=\"og:title\" content=\"Impulsan el Plan de Eficiencia Energ\u00e9tica y Generaci\u00f3n Renovable en las escuelas bonaerenses - Noticias Radio Reflejos\" \/>\n<meta property=\"og:description\" content=\"La directora general de Cultura y Educaci\u00f3n, Agustina Vila y el ministro de Infraestructura, Agust\u00edn Simone, firmaron hoy un convenio para impulsar el Plan de Eficiencia Energ\u00e9tica y Generaci\u00f3n Renovable en las escuelas de la Provincia. Como parte de las acciones involucradas, en las escuelas que tienen comedores se instalar\u00e1n termotanques solares para la provisi\u00f3n [&hellip;]\" \/>\n<meta property=\"og:url\" content=\"https:\/\/www.noticiasradioreflejos.com.ar\/2021\/impulsan-el-plan-de-eficiencia-energetica-y-generacion-renovable-en-las-escuelas-bonaerenses\/\" \/>\n<meta property=\"og:site_name\" content=\"Noticias Radio Reflejos\" \/>\n<meta property=\"article:published_time\" content=\"2020-06-13T22:01:56+00:00\" \/>\n<meta property=\"og:image\" content=\"https:\/\/www.noticiasradioreflejos.com.ar\/2021\/wp-content\/uploads\/2021\/07\/logosol300x200.png\" \/>\n\t<meta property=\"og:image:width\" content=\"300\" \/>\n\t<meta property=\"og:image:height\" content=\"200\" \/>\n\t<meta property=\"og:image:type\" content=\"image\/png\" \/>\n<meta name=\"author\" content=\"Arnaldo Botto\" \/>\n<meta name=\"twitter:card\" content=\"summary_large_image\" \/>\n<script type=\"application\/ld+json\" class=\"yoast-schema-graph\">{\"@context\":\"https:\/\/schema.org\",\"@graph\":[{\"@type\":\"WebPage\",\"@id\":\"https:\/\/www.noticiasradioreflejos.com.ar\/2021\/impulsan-el-plan-de-eficiencia-energetica-y-generacion-renovable-en-las-escuelas-bonaerenses\/\",\"url\":\"https:\/\/www.noticiasradioreflejos.com.ar\/2021\/impulsan-el-plan-de-eficiencia-energetica-y-generacion-renovable-en-las-escuelas-bonaerenses\/\",\"name\":\"Impulsan el Plan de Eficiencia Energ\u00e9tica y Generaci\u00f3n Renovable en las escuelas bonaerenses - Noticias Radio Reflejos\",\"isPartOf\":{\"@id\":\"https:\/\/www.noticiasradioreflejos.com.ar\/2021\/#website\"},\"datePublished\":\"2020-06-13T22:01:56+00:00\",\"author\":{\"@id\":\"https:\/\/www.noticiasradioreflejos.com.ar\/2021\/#\/schema\/person\/ad82545263dcc5ec0996818884fd5fb1\"},\"breadcrumb\":{\"@id\":\"https:\/\/www.noticiasradioreflejos.com.ar\/2021\/impulsan-el-plan-de-eficiencia-energetica-y-generacion-renovable-en-las-escuelas-bonaerenses\/#breadcrumb\"},\"inLanguage\":\"es\",\"potentialAction\":[{\"@type\":\"ReadAction\",\"target\":[\"https:\/\/www.noticiasradioreflejos.com.ar\/2021\/impulsan-el-plan-de-eficiencia-energetica-y-generacion-renovable-en-las-escuelas-bonaerenses\/\"]}]},{\"@type\":\"BreadcrumbList\",\"@id\":\"https:\/\/www.noticiasradioreflejos.com.ar\/2021\/impulsan-el-plan-de-eficiencia-energetica-y-generacion-renovable-en-las-escuelas-bonaerenses\/#breadcrumb\",\"itemListElement\":[{\"@type\":\"ListItem\",\"position\":1,\"name\":\"Portada\",\"item\":\"https:\/\/www.noticiasradioreflejos.com.ar\/2021\/\"},{\"@type\":\"ListItem\",\"position\":2,\"name\":\"Impulsan el Plan de Eficiencia Energ\u00e9tica y Generaci\u00f3n Renovable en las escuelas bonaerenses\"}]},{\"@type\":\"WebSite\",\"@id\":\"https:\/\/www.noticiasradioreflejos.com.ar\/2021\/#website\",\"url\":\"https:\/\/www.noticiasradioreflejos.com.ar\/2021\/\",\"name\":\"Noticias Radio Reflejos\",\"description\":\"Las noticias de mi comarca\",\"potentialAction\":[{\"@type\":\"SearchAction\",\"target\":{\"@type\":\"EntryPoint\",\"urlTemplate\":\"https:\/\/www.noticiasradioreflejos.com.ar\/2021\/?s={search_term_string}\"},\"query-input\":{\"@type\":\"PropertyValueSpecification\",\"valueRequired\":true,\"valueName\":\"search_term_string\"}}],\"inLanguage\":\"es\"},{\"@type\":\"Person\",\"@id\":\"https:\/\/www.noticiasradioreflejos.com.ar\/2021\/#\/schema\/person\/ad82545263dcc5ec0996818884fd5fb1\",\"name\":\"Arnaldo Botto\",\"image\":{\"@type\":\"ImageObject\",\"inLanguage\":\"es\",\"@id\":\"https:\/\/www.noticiasradioreflejos.com.ar\/2021\/#\/schema\/person\/image\/\",\"url\":\"https:\/\/secure.gravatar.com\/avatar\/55cb5e37c1efa326397366e6974cb338056df65cb50e7d64d1cf314e87504837?s=96&d=mm&r=g\",\"contentUrl\":\"https:\/\/secure.gravatar.com\/avatar\/55cb5e37c1efa326397366e6974cb338056df65cb50e7d64d1cf314e87504837?s=96&d=mm&r=g\",\"caption\":\"Arnaldo Botto\"},\"url\":\"https:\/\/www.noticiasradioreflejos.com.ar\/2021\/author\/arnaldo\/\"}]}<\/script>\n<!-- \/ Yoast SEO plugin. -->","yoast_head_json":{"title":"Impulsan el Plan de Eficiencia Energ\u00e9tica y Generaci\u00f3n Renovable en las escuelas bonaerenses - Noticias Radio Reflejos","robots":{"index":"index","follow":"follow","max-snippet":"max-snippet:-1","max-image-preview":"max-image-preview:large","max-video-preview":"max-video-preview:-1"},"canonical":"https:\/\/www.noticiasradioreflejos.com.ar\/2021\/impulsan-el-plan-de-eficiencia-energetica-y-generacion-renovable-en-las-escuelas-bonaerenses\/","og_locale":"es_ES","og_type":"article","og_title":"Impulsan el Plan de Eficiencia Energ\u00e9tica y Generaci\u00f3n Renovable en las escuelas bonaerenses - Noticias Radio Reflejos","og_description":"La directora general de Cultura y Educaci\u00f3n, Agustina Vila y el ministro de Infraestructura, Agust\u00edn Simone, firmaron hoy un convenio para impulsar el Plan de Eficiencia Energ\u00e9tica y Generaci\u00f3n Renovable en las escuelas de la Provincia. Como parte de las acciones involucradas, en las escuelas que tienen comedores se instalar\u00e1n termotanques solares para la provisi\u00f3n [&hellip;]","og_url":"https:\/\/www.noticiasradioreflejos.com.ar\/2021\/impulsan-el-plan-de-eficiencia-energetica-y-generacion-renovable-en-las-escuelas-bonaerenses\/","og_site_name":"Noticias Radio Reflejos","article_published_time":"2020-06-13T22:01:56+00:00","og_image":[{"width":300,"height":200,"url":"https:\/\/www.noticiasradioreflejos.com.ar\/2021\/wp-content\/uploads\/2021\/07\/logosol300x200.png","type":"image\/png"}],"author":"Arnaldo Botto","twitter_card":"summary_large_image","schema":{"@context":"https:\/\/schema.org","@graph":[{"@type":"WebPage","@id":"https:\/\/www.noticiasradioreflejos.com.ar\/2021\/impulsan-el-plan-de-eficiencia-energetica-y-generacion-renovable-en-las-escuelas-bonaerenses\/","url":"https:\/\/www.noticiasradioreflejos.com.ar\/2021\/impulsan-el-plan-de-eficiencia-energetica-y-generacion-renovable-en-las-escuelas-bonaerenses\/","name":"Impulsan el Plan de Eficiencia Energ\u00e9tica y Generaci\u00f3n Renovable en las escuelas bonaerenses - Noticias Radio Reflejos","isPartOf":{"@id":"https:\/\/www.noticiasradioreflejos.com.ar\/2021\/#website"},"datePublished":"2020-06-13T22:01:56+00:00","author":{"@id":"https:\/\/www.noticiasradioreflejos.com.ar\/2021\/#\/schema\/person\/ad82545263dcc5ec0996818884fd5fb1"},"breadcrumb":{"@id":"https:\/\/www.noticiasradioreflejos.com.ar\/2021\/impulsan-el-plan-de-eficiencia-energetica-y-generacion-renovable-en-las-escuelas-bonaerenses\/#breadcrumb"},"inLanguage":"es","potentialAction":[{"@type":"ReadAction","target":["https:\/\/www.noticiasradioreflejos.com.ar\/2021\/impulsan-el-plan-de-eficiencia-energetica-y-generacion-renovable-en-las-escuelas-bonaerenses\/"]}]},{"@type":"BreadcrumbList","@id":"https:\/\/www.noticiasradioreflejos.com.ar\/2021\/impulsan-el-plan-de-eficiencia-energetica-y-generacion-renovable-en-las-escuelas-bonaerenses\/#breadcrumb","itemListElement":[{"@type":"ListItem","position":1,"name":"Portada","item":"https:\/\/www.noticiasradioreflejos.com.ar\/2021\/"},{"@type":"ListItem","position":2,"name":"Impulsan el Plan de Eficiencia Energ\u00e9tica y Generaci\u00f3n Renovable en las escuelas bonaerenses"}]},{"@type":"WebSite","@id":"https:\/\/www.noticiasradioreflejos.com.ar\/2021\/#website","url":"https:\/\/www.noticiasradioreflejos.com.ar\/2021\/","name":"Noticias Radio Reflejos","description":"Las noticias de mi comarca","potentialAction":[{"@type":"SearchAction","target":{"@type":"EntryPoint","urlTemplate":"https:\/\/www.noticiasradioreflejos.com.ar\/2021\/?s={search_term_string}"},"query-input":{"@type":"PropertyValueSpecification","valueRequired":true,"valueName":"search_term_string"}}],"inLanguage":"es"},{"@type":"Person","@id":"https:\/\/www.noticiasradioreflejos.com.ar\/2021\/#\/schema\/person\/ad82545263dcc5ec0996818884fd5fb1","name":"Arnaldo Botto","image":{"@type":"ImageObject","inLanguage":"es","@id":"https:\/\/www.noticiasradioreflejos.com.ar\/2021\/#\/schema\/person\/image\/","url":"https:\/\/secure.gravatar.com\/avatar\/55cb5e37c1efa326397366e6974cb338056df65cb50e7d64d1cf314e87504837?s=96&d=mm&r=g","contentUrl":"https:\/\/secure.gravatar.com\/avatar\/55cb5e37c1efa326397366e6974cb338056df65cb50e7d64d1cf314e87504837?s=96&d=mm&r=g","caption":"Arnaldo Botto"},"url":"https:\/\/www.noticiasradioreflejos.com.ar\/2021\/author\/arnaldo\/"}]}},"_links":{"self":[{"href":"https:\/\/www.noticiasradioreflejos.com.ar\/2021\/wp-json\/wp\/v2\/posts\/43194","targetHints":{"allow":["GET"]}}],"collection":[{"href":"https:\/\/www.noticiasradioreflejos.com.ar\/2021\/wp-json\/wp\/v2\/posts"}],"about":[{"href":"https:\/\/www.noticiasradioreflejos.com.ar\/2021\/wp-json\/wp\/v2\/types\/post"}],"author":[{"embeddable":true,"href":"https:\/\/www.noticiasradioreflejos.com.ar\/2021\/wp-json\/wp\/v2\/users\/3"}],"replies":[{"embeddable":true,"href":"https:\/\/www.noticiasradioreflejos.com.ar\/2021\/wp-json\/wp\/v2\/comments?post=43194"}],"version-history":[{"count":0,"href":"https:\/\/www.noticiasradioreflejos.com.ar\/2021\/wp-json\/wp\/v2\/posts\/43194\/revisions"}],"wp:attachment":[{"href":"https:\/\/www.noticiasradioreflejos.com.ar\/2021\/wp-json\/wp\/v2\/media?parent=43194"}],"wp:term":[{"taxonomy":"category","embeddable":true,"href":"https:\/\/www.noticiasradioreflejos.com.ar\/2021\/wp-json\/wp\/v2\/categories?post=43194"},{"taxonomy":"post_tag","embeddable":true,"href":"https:\/\/www.noticiasradioreflejos.com.ar\/2021\/wp-json\/wp\/v2\/tags?post=43194"}],"curies":[{"name":"wp","href":"https:\/\/api.w.org\/{rel}","templated":true}]}}