{"id":43185,"date":"2020-06-13T14:45:58","date_gmt":"2020-06-13T17:45:58","guid":{"rendered":"http:\/\/www.noticiasradioreflejos.com.ar\/noticias\/?p=43185"},"modified":"2020-06-13T14:45:58","modified_gmt":"2020-06-13T17:45:58","slug":"miedo-no-hay-solo-pensamos-en-ayudar-dicen-quienes-cuidan-a-los-enfermos-de-coronavirus","status":"publish","type":"post","link":"https:\/\/www.noticiasradioreflejos.com.ar\/2021\/miedo-no-hay-solo-pensamos-en-ayudar-dicen-quienes-cuidan-a-los-enfermos-de-coronavirus\/","title":{"rendered":"\u00abMiedo no hay, solo pensamos en ayudar\u00bb, dicen quienes cuidan a los enfermos de coronavirus"},"content":{"rendered":"<p><a title=\"buenos-aires-el-centro-d_678088\" href=\"http:\/\/live.staticflickr.com\/65535\/50001732803_493756b6da_s.jpg\" rel=\"\"><img loading=\"lazy\" decoding=\"async\" class=\"alignleft\" style=\"float: left;\" title=\"buenos-aires-el-centro-d_678088\" src=\"http:\/\/live.staticflickr.com\/65535\/50001732803_493756b6da.jpg\" alt=\"buenos-aires-el-centro-d_678088\" width=\"500\" height=\"332\" \/><\/a>El Centro de Aislamiento para pacientes con Covid-19 de la ciudad de Berisso comenz\u00f3 a funcionar con el ingreso de nueve enfermos, entre ellos un ni\u00f1o, que son atendidos las 24 horas por m\u00e9dicos, enfermeras y voluntarios que afirman: \u00abMiedo ac\u00e1 no hay, solo pensamos en ayudar\u00bb.<!--more--><br \/>\n\u00ab\u00a1Chicos, se viene el almuerzo!\u00bb, anuncia Yanina Quetti con voz alegre, pero no se trata de una escena hogare\u00f1a: Yanina es una de las 15 enfermeras que trabaja en el Centro de Aislamiento y as\u00ed avisa a los pacientes que ingresar\u00e1 al sector donde se alojan para llevarles su comida.<\/p>\n<p>Minutos despu\u00e9s, la enfermera les recuerda:\u00bbP\u00f3nganse los barbijos\u00bb, y aguarda en un extremo del pasillo que conduce a las habitaciones de los pacientes a que estos se asomen, lo que ocurre poco despu\u00e9s cuando saludan animosos detr\u00e1s de sus tapabocas.<\/p>\n<p>Yanina entrega la bandeja con la comida y los pacientes reingresan a sus habitaciones para que la exposici\u00f3n de la enfermera con ellos sea m\u00ednima.<\/p>\n<p>\u00abNo trabaj\u00e1s con miedo, el miedo te juega en contra porque te paraliza. Se trabaja de manera consciente, usando las herramientas que ten\u00e9s para cuidarte\u00bb, cont\u00f3 Yanina a T\u00e9lam despu\u00e9s de quitarse el equipo de protecci\u00f3n que debe colocarse para acceder al sector de los pacientes: cofia, antiparras, barbijo, m\u00e1scara, camisol\u00edn, cubrebotas y varios guantes.<\/p>\n<p>La enfermera explic\u00f3 que \u00abel equipo sofoca, marea, y apenas se atraviesa el separador de nylon grueso (que divide el &#8216;sector limpio&#8217; del sector de los pacientes), una quiere sacarse todo r\u00e1pido y es ah\u00ed que se puede tocar algo contaminado. Por eso, una compa\u00f1era que no entra te va guiando y recordando el modo de retiro de cada prenda\u00bb.<\/p>\n<p>La escena se repite en las cuatro comidas que se brindan en el Centro de Aislamiento montado en el Albergue Estudiantil de la Universidad Nacional de La Plata, ubicado en las calles 127 y 61 de Berisso, donde hasta mediados de marzo se alojaban unos 150 estudiantes universitarios de todo el pa\u00eds.<\/p>\n<p>Cuando se dispuso el aislamiento social y obligatorio, el Albergue qued\u00f3 vaci\u00f3 de estudiantes y se lo acondicion\u00f3 como Centro de Aislamiento para casos positivos de coronavirus.<\/p>\n<p>As\u00ed, el 3 de junio llegaron los primeros pacientes, todos vecinos del barrio popular \u00abJos\u00e9 Luis Cabezas\u00bb, que se extiende entre las ciudades de Berisso y Ensenada y en el que se declar\u00f3 un brote con m\u00e1s de 50 contagios de coronavirus.<\/p>\n<p>En el Centro est\u00e1 alojada una familia compuesta por cuatro hombres y una mujer; otra mujer y su hijo de 11 a\u00f1os; y dos hombres j\u00f3venes sin v\u00ednculo entre s\u00ed.<\/p>\n<p>\u00abSon muy respetuosos, tranquilos, ni siquiera deambulan por el pasillo, est\u00e1n siempre en sus habitaciones\u00bb, cont\u00f3 la enfermera Mariana Lezcano, que con Cristina Jara comparten turno laboral con Yanina.<\/p>\n<p>No fue f\u00e1cil para las enfermeras contarles a sus familias que iban a trabajar atendiendo pacientes con coronavirus.<\/p>\n<p>\u00abMi pap\u00e1 tiene 89 a\u00f1os y se larg\u00f3 a llorar; a mi mam\u00e1 le tuve que describir todas las medidas de protecci\u00f3n que tenemos; y a mi pareja no hizo falta porque \u00e9l tambi\u00e9n es trabajador de la salud\u00bb, dijo Jara.<\/p>\n<p><a title=\"buenos-aires-el-centro-d_678091\" href=\"http:\/\/live.staticflickr.com\/65535\/50001732678_64abd158ea_s.jpg\" rel=\"\"><img loading=\"lazy\" decoding=\"async\" class=\"alignleft\" style=\"float: left;\" title=\"buenos-aires-el-centro-d_678091\" src=\"http:\/\/live.staticflickr.com\/65535\/50001732678_64abd158ea.jpg\" alt=\"buenos-aires-el-centro-d_678091\" width=\"500\" height=\"332\" \/><\/a>Mariana tuvo que tomar una decisi\u00f3n muy dif\u00edcil: la de alejar de su lado a su hija de 9 a\u00f1os.<\/p>\n<p>\u00abCuando a\u00fan no hab\u00eda pacientes ac\u00e1, un d\u00eda llegu\u00e9 a casa y mi hija corri\u00f3 a abrazarme antes que pudiera quitarme la ropa y ahi pens\u00e9 qu\u00e9 iba a pasar cuando llegaran los pacientes. \u00bfY si, a pesar de mis cuidados, mi hija resultaba contagiada?\u00bb, relat\u00f3 la enfermera, que debi\u00f3 pedir a su hermano que se llevara a su hija a vivir con su familia mientras dure la pandemia.<\/p>\n<p>Uno de los siete m\u00e9dicos del lugar, llamado Mateo Carzolio, cont\u00f3 a esta agencia que tampoco fue f\u00e1cil manejar con su entorno su trabajo en el Centro.<\/p>\n<p>\u00abMi familia est\u00e1 en la ciudad de Dolores, no los veo desde el inicio de la cuarentena pero est\u00e1n muy orgullosos de mi\u00bb, dijo emocionado aunque su mirada se ensombreci\u00f3 al recordar: \u00abCuando arranqu\u00e9 a trabajar ac\u00e1, mi novia se fue a vivir con sus padres. Lo acordamos as\u00ed porque ella trabaja con ellos y era riesgoso para estos\u00bb.<\/p>\n<p>Carzolio explic\u00f3: \u00abLos pacientes est\u00e1n bien, no tienen complicaciones respiratorias, me encargo de auscultarlos, tomarles la temperatura y, en esos momentos, suelen preguntarme cu\u00e1nto durar\u00e1 la enfermedad o qu\u00e9 s\u00edntomas pueden aparecerles. Adem\u00e1s, tenemos un grupo de Whatsapp con ellos por el que me avisan, por ejemplo, si les duele la cabeza\u00bb.<\/p>\n<p>El m\u00e9dico tambi\u00e9n se se encarga de recibir y descontaminar los bolsos con ropa que los familiares de los pacientes alcanzan hasta la puerta del Centro, ya que no pueden ingresar al lugar.<\/p>\n<p>Los pacientes comen en sus habitaciones y se encargan tambi\u00e9n de la limpieza de estas: \u00abSaben que no deben barrer, por eso se les dio un trapeador, balde y lavandina\u00bb, retom\u00f3 la enfermera Mariana Lezcano.<\/p>\n<p>El m\u00e9dico y las tres enfermeras coinciden en que genera stress estar alerta para no tocar nada contaminado pero, como sintetiza Lezcano: \u00abLa inseguridad y el miedo son el peor enemigo; ac\u00e1, no lo permitimos, solo pensamos en ayudar a los pacientes\u00bb.<\/p>\n","protected":false},"excerpt":{"rendered":"<p>El Centro de Aislamiento para pacientes con Covid-19 de la ciudad de Berisso comenz\u00f3 a funcionar con el ingreso de nueve enfermos, entre ellos un ni\u00f1o, que son atendidos las 24 horas por m\u00e9dicos, enfermeras y voluntarios que afirman: \u00abMiedo ac\u00e1 no hay, solo pensamos en ayudar\u00bb.<\/p>\n","protected":false},"author":3,"featured_media":0,"comment_status":"closed","ping_status":"open","sticky":false,"template":"","format":"standard","meta":{"footnotes":""},"categories":[30],"tags":[],"class_list":["post-43185","post","type-post","status-publish","format-standard","hentry","category-salud"],"yoast_head":"<!-- This site is optimized with the Yoast SEO plugin v25.9 - https:\/\/yoast.com\/wordpress\/plugins\/seo\/ -->\n<title>&quot;Miedo no hay, solo pensamos en ayudar&quot;, dicen quienes cuidan a los enfermos de coronavirus - Noticias Radio Reflejos<\/title>\n<meta name=\"robots\" content=\"index, follow, max-snippet:-1, max-image-preview:large, max-video-preview:-1\" \/>\n<link rel=\"canonical\" href=\"https:\/\/www.noticiasradioreflejos.com.ar\/2021\/miedo-no-hay-solo-pensamos-en-ayudar-dicen-quienes-cuidan-a-los-enfermos-de-coronavirus\/\" \/>\n<meta property=\"og:locale\" content=\"es_ES\" \/>\n<meta property=\"og:type\" content=\"article\" \/>\n<meta property=\"og:title\" content=\"&quot;Miedo no hay, solo pensamos en ayudar&quot;, dicen quienes cuidan a los enfermos de coronavirus - Noticias Radio Reflejos\" \/>\n<meta property=\"og:description\" content=\"El Centro de Aislamiento para pacientes con Covid-19 de la ciudad de Berisso comenz\u00f3 a funcionar con el ingreso de nueve enfermos, entre ellos un ni\u00f1o, que son atendidos las 24 horas por m\u00e9dicos, enfermeras y voluntarios que afirman: \u00abMiedo ac\u00e1 no hay, solo pensamos en ayudar\u00bb.\" \/>\n<meta property=\"og:url\" content=\"https:\/\/www.noticiasradioreflejos.com.ar\/2021\/miedo-no-hay-solo-pensamos-en-ayudar-dicen-quienes-cuidan-a-los-enfermos-de-coronavirus\/\" \/>\n<meta property=\"og:site_name\" content=\"Noticias Radio Reflejos\" \/>\n<meta property=\"article:published_time\" content=\"2020-06-13T17:45:58+00:00\" \/>\n<meta property=\"og:image\" content=\"http:\/\/live.staticflickr.com\/65535\/50001732803_493756b6da.jpg\" \/>\n<meta name=\"author\" content=\"Arnaldo Botto\" \/>\n<meta name=\"twitter:card\" content=\"summary_large_image\" \/>\n<script type=\"application\/ld+json\" class=\"yoast-schema-graph\">{\"@context\":\"https:\/\/schema.org\",\"@graph\":[{\"@type\":\"WebPage\",\"@id\":\"https:\/\/www.noticiasradioreflejos.com.ar\/2021\/miedo-no-hay-solo-pensamos-en-ayudar-dicen-quienes-cuidan-a-los-enfermos-de-coronavirus\/\",\"url\":\"https:\/\/www.noticiasradioreflejos.com.ar\/2021\/miedo-no-hay-solo-pensamos-en-ayudar-dicen-quienes-cuidan-a-los-enfermos-de-coronavirus\/\",\"name\":\"\\\"Miedo no hay, solo pensamos en ayudar\\\", dicen quienes cuidan a los enfermos de coronavirus - Noticias Radio Reflejos\",\"isPartOf\":{\"@id\":\"https:\/\/www.noticiasradioreflejos.com.ar\/2021\/#website\"},\"primaryImageOfPage\":{\"@id\":\"https:\/\/www.noticiasradioreflejos.com.ar\/2021\/miedo-no-hay-solo-pensamos-en-ayudar-dicen-quienes-cuidan-a-los-enfermos-de-coronavirus\/#primaryimage\"},\"image\":{\"@id\":\"https:\/\/www.noticiasradioreflejos.com.ar\/2021\/miedo-no-hay-solo-pensamos-en-ayudar-dicen-quienes-cuidan-a-los-enfermos-de-coronavirus\/#primaryimage\"},\"thumbnailUrl\":\"http:\/\/live.staticflickr.com\/65535\/50001732803_493756b6da.jpg\",\"datePublished\":\"2020-06-13T17:45:58+00:00\",\"author\":{\"@id\":\"https:\/\/www.noticiasradioreflejos.com.ar\/2021\/#\/schema\/person\/ad82545263dcc5ec0996818884fd5fb1\"},\"breadcrumb\":{\"@id\":\"https:\/\/www.noticiasradioreflejos.com.ar\/2021\/miedo-no-hay-solo-pensamos-en-ayudar-dicen-quienes-cuidan-a-los-enfermos-de-coronavirus\/#breadcrumb\"},\"inLanguage\":\"es\",\"potentialAction\":[{\"@type\":\"ReadAction\",\"target\":[\"https:\/\/www.noticiasradioreflejos.com.ar\/2021\/miedo-no-hay-solo-pensamos-en-ayudar-dicen-quienes-cuidan-a-los-enfermos-de-coronavirus\/\"]}]},{\"@type\":\"ImageObject\",\"inLanguage\":\"es\",\"@id\":\"https:\/\/www.noticiasradioreflejos.com.ar\/2021\/miedo-no-hay-solo-pensamos-en-ayudar-dicen-quienes-cuidan-a-los-enfermos-de-coronavirus\/#primaryimage\",\"url\":\"http:\/\/live.staticflickr.com\/65535\/50001732803_493756b6da.jpg\",\"contentUrl\":\"http:\/\/live.staticflickr.com\/65535\/50001732803_493756b6da.jpg\"},{\"@type\":\"BreadcrumbList\",\"@id\":\"https:\/\/www.noticiasradioreflejos.com.ar\/2021\/miedo-no-hay-solo-pensamos-en-ayudar-dicen-quienes-cuidan-a-los-enfermos-de-coronavirus\/#breadcrumb\",\"itemListElement\":[{\"@type\":\"ListItem\",\"position\":1,\"name\":\"Portada\",\"item\":\"https:\/\/www.noticiasradioreflejos.com.ar\/2021\/\"},{\"@type\":\"ListItem\",\"position\":2,\"name\":\"\u00abMiedo no hay, solo pensamos en ayudar\u00bb, dicen quienes cuidan a los enfermos de coronavirus\"}]},{\"@type\":\"WebSite\",\"@id\":\"https:\/\/www.noticiasradioreflejos.com.ar\/2021\/#website\",\"url\":\"https:\/\/www.noticiasradioreflejos.com.ar\/2021\/\",\"name\":\"Noticias Radio Reflejos\",\"description\":\"Las noticias de mi comarca\",\"potentialAction\":[{\"@type\":\"SearchAction\",\"target\":{\"@type\":\"EntryPoint\",\"urlTemplate\":\"https:\/\/www.noticiasradioreflejos.com.ar\/2021\/?s={search_term_string}\"},\"query-input\":{\"@type\":\"PropertyValueSpecification\",\"valueRequired\":true,\"valueName\":\"search_term_string\"}}],\"inLanguage\":\"es\"},{\"@type\":\"Person\",\"@id\":\"https:\/\/www.noticiasradioreflejos.com.ar\/2021\/#\/schema\/person\/ad82545263dcc5ec0996818884fd5fb1\",\"name\":\"Arnaldo Botto\",\"image\":{\"@type\":\"ImageObject\",\"inLanguage\":\"es\",\"@id\":\"https:\/\/www.noticiasradioreflejos.com.ar\/2021\/#\/schema\/person\/image\/\",\"url\":\"https:\/\/secure.gravatar.com\/avatar\/55cb5e37c1efa326397366e6974cb338056df65cb50e7d64d1cf314e87504837?s=96&d=mm&r=g\",\"contentUrl\":\"https:\/\/secure.gravatar.com\/avatar\/55cb5e37c1efa326397366e6974cb338056df65cb50e7d64d1cf314e87504837?s=96&d=mm&r=g\",\"caption\":\"Arnaldo Botto\"},\"url\":\"https:\/\/www.noticiasradioreflejos.com.ar\/2021\/author\/arnaldo\/\"}]}<\/script>\n<!-- \/ Yoast SEO plugin. -->","yoast_head_json":{"title":"\"Miedo no hay, solo pensamos en ayudar\", dicen quienes cuidan a los enfermos de coronavirus - Noticias Radio Reflejos","robots":{"index":"index","follow":"follow","max-snippet":"max-snippet:-1","max-image-preview":"max-image-preview:large","max-video-preview":"max-video-preview:-1"},"canonical":"https:\/\/www.noticiasradioreflejos.com.ar\/2021\/miedo-no-hay-solo-pensamos-en-ayudar-dicen-quienes-cuidan-a-los-enfermos-de-coronavirus\/","og_locale":"es_ES","og_type":"article","og_title":"\"Miedo no hay, solo pensamos en ayudar\", dicen quienes cuidan a los enfermos de coronavirus - Noticias Radio Reflejos","og_description":"El Centro de Aislamiento para pacientes con Covid-19 de la ciudad de Berisso comenz\u00f3 a funcionar con el ingreso de nueve enfermos, entre ellos un ni\u00f1o, que son atendidos las 24 horas por m\u00e9dicos, enfermeras y voluntarios que afirman: \u00abMiedo ac\u00e1 no hay, solo pensamos en ayudar\u00bb.","og_url":"https:\/\/www.noticiasradioreflejos.com.ar\/2021\/miedo-no-hay-solo-pensamos-en-ayudar-dicen-quienes-cuidan-a-los-enfermos-de-coronavirus\/","og_site_name":"Noticias Radio Reflejos","article_published_time":"2020-06-13T17:45:58+00:00","og_image":[{"url":"http:\/\/live.staticflickr.com\/65535\/50001732803_493756b6da.jpg","type":"","width":"","height":""}],"author":"Arnaldo Botto","twitter_card":"summary_large_image","schema":{"@context":"https:\/\/schema.org","@graph":[{"@type":"WebPage","@id":"https:\/\/www.noticiasradioreflejos.com.ar\/2021\/miedo-no-hay-solo-pensamos-en-ayudar-dicen-quienes-cuidan-a-los-enfermos-de-coronavirus\/","url":"https:\/\/www.noticiasradioreflejos.com.ar\/2021\/miedo-no-hay-solo-pensamos-en-ayudar-dicen-quienes-cuidan-a-los-enfermos-de-coronavirus\/","name":"\"Miedo no hay, solo pensamos en ayudar\", dicen quienes cuidan a los enfermos de coronavirus - Noticias Radio Reflejos","isPartOf":{"@id":"https:\/\/www.noticiasradioreflejos.com.ar\/2021\/#website"},"primaryImageOfPage":{"@id":"https:\/\/www.noticiasradioreflejos.com.ar\/2021\/miedo-no-hay-solo-pensamos-en-ayudar-dicen-quienes-cuidan-a-los-enfermos-de-coronavirus\/#primaryimage"},"image":{"@id":"https:\/\/www.noticiasradioreflejos.com.ar\/2021\/miedo-no-hay-solo-pensamos-en-ayudar-dicen-quienes-cuidan-a-los-enfermos-de-coronavirus\/#primaryimage"},"thumbnailUrl":"http:\/\/live.staticflickr.com\/65535\/50001732803_493756b6da.jpg","datePublished":"2020-06-13T17:45:58+00:00","author":{"@id":"https:\/\/www.noticiasradioreflejos.com.ar\/2021\/#\/schema\/person\/ad82545263dcc5ec0996818884fd5fb1"},"breadcrumb":{"@id":"https:\/\/www.noticiasradioreflejos.com.ar\/2021\/miedo-no-hay-solo-pensamos-en-ayudar-dicen-quienes-cuidan-a-los-enfermos-de-coronavirus\/#breadcrumb"},"inLanguage":"es","potentialAction":[{"@type":"ReadAction","target":["https:\/\/www.noticiasradioreflejos.com.ar\/2021\/miedo-no-hay-solo-pensamos-en-ayudar-dicen-quienes-cuidan-a-los-enfermos-de-coronavirus\/"]}]},{"@type":"ImageObject","inLanguage":"es","@id":"https:\/\/www.noticiasradioreflejos.com.ar\/2021\/miedo-no-hay-solo-pensamos-en-ayudar-dicen-quienes-cuidan-a-los-enfermos-de-coronavirus\/#primaryimage","url":"http:\/\/live.staticflickr.com\/65535\/50001732803_493756b6da.jpg","contentUrl":"http:\/\/live.staticflickr.com\/65535\/50001732803_493756b6da.jpg"},{"@type":"BreadcrumbList","@id":"https:\/\/www.noticiasradioreflejos.com.ar\/2021\/miedo-no-hay-solo-pensamos-en-ayudar-dicen-quienes-cuidan-a-los-enfermos-de-coronavirus\/#breadcrumb","itemListElement":[{"@type":"ListItem","position":1,"name":"Portada","item":"https:\/\/www.noticiasradioreflejos.com.ar\/2021\/"},{"@type":"ListItem","position":2,"name":"\u00abMiedo no hay, solo pensamos en ayudar\u00bb, dicen quienes cuidan a los enfermos de coronavirus"}]},{"@type":"WebSite","@id":"https:\/\/www.noticiasradioreflejos.com.ar\/2021\/#website","url":"https:\/\/www.noticiasradioreflejos.com.ar\/2021\/","name":"Noticias Radio Reflejos","description":"Las noticias de mi comarca","potentialAction":[{"@type":"SearchAction","target":{"@type":"EntryPoint","urlTemplate":"https:\/\/www.noticiasradioreflejos.com.ar\/2021\/?s={search_term_string}"},"query-input":{"@type":"PropertyValueSpecification","valueRequired":true,"valueName":"search_term_string"}}],"inLanguage":"es"},{"@type":"Person","@id":"https:\/\/www.noticiasradioreflejos.com.ar\/2021\/#\/schema\/person\/ad82545263dcc5ec0996818884fd5fb1","name":"Arnaldo Botto","image":{"@type":"ImageObject","inLanguage":"es","@id":"https:\/\/www.noticiasradioreflejos.com.ar\/2021\/#\/schema\/person\/image\/","url":"https:\/\/secure.gravatar.com\/avatar\/55cb5e37c1efa326397366e6974cb338056df65cb50e7d64d1cf314e87504837?s=96&d=mm&r=g","contentUrl":"https:\/\/secure.gravatar.com\/avatar\/55cb5e37c1efa326397366e6974cb338056df65cb50e7d64d1cf314e87504837?s=96&d=mm&r=g","caption":"Arnaldo Botto"},"url":"https:\/\/www.noticiasradioreflejos.com.ar\/2021\/author\/arnaldo\/"}]}},"_links":{"self":[{"href":"https:\/\/www.noticiasradioreflejos.com.ar\/2021\/wp-json\/wp\/v2\/posts\/43185","targetHints":{"allow":["GET"]}}],"collection":[{"href":"https:\/\/www.noticiasradioreflejos.com.ar\/2021\/wp-json\/wp\/v2\/posts"}],"about":[{"href":"https:\/\/www.noticiasradioreflejos.com.ar\/2021\/wp-json\/wp\/v2\/types\/post"}],"author":[{"embeddable":true,"href":"https:\/\/www.noticiasradioreflejos.com.ar\/2021\/wp-json\/wp\/v2\/users\/3"}],"replies":[{"embeddable":true,"href":"https:\/\/www.noticiasradioreflejos.com.ar\/2021\/wp-json\/wp\/v2\/comments?post=43185"}],"version-history":[{"count":0,"href":"https:\/\/www.noticiasradioreflejos.com.ar\/2021\/wp-json\/wp\/v2\/posts\/43185\/revisions"}],"wp:attachment":[{"href":"https:\/\/www.noticiasradioreflejos.com.ar\/2021\/wp-json\/wp\/v2\/media?parent=43185"}],"wp:term":[{"taxonomy":"category","embeddable":true,"href":"https:\/\/www.noticiasradioreflejos.com.ar\/2021\/wp-json\/wp\/v2\/categories?post=43185"},{"taxonomy":"post_tag","embeddable":true,"href":"https:\/\/www.noticiasradioreflejos.com.ar\/2021\/wp-json\/wp\/v2\/tags?post=43185"}],"curies":[{"name":"wp","href":"https:\/\/api.w.org\/{rel}","templated":true}]}}